{"id":409,"date":"2013-06-07T09:00:00","date_gmt":"2013-06-07T08:00:00","guid":{"rendered":"http:\/\/www.gestoresalicante.org\/blog\/index.php\/2013\/06\/07\/resumen-de-prensa-07-06-2013\/"},"modified":"-0001-11-30T00:00:00","modified_gmt":"-0001-11-29T22:00:00","slug":"resumen-de-prensa-07-06-2013","status":"publish","type":"post","link":"https:\/\/www.gestoresalicante.org\/blog\/index.php\/2013\/06\/07\/resumen-de-prensa-07-06-2013\/","title":{"rendered":"Resumen de Prensa 07-06-2013"},"content":{"rendered":"<div class=\"nboletin\">\n<table width=\"90%\" cellpadding=\"4\">\n<tr>\n<td colspan=\"3\">\n<div style=\"background-color: #CCCCCC;padding: 4px 10px 4px 10px;width: 100%;border: 1px #414141 solid;\"><img decoding=\"async\" alt=\"Consejo de Gestores\" src=\"http:\/\/www.gestoresalicante.org\/img\/newsletter\/conges.jpg\" width=226 height=70><\/div>\n<\/td>\n<\/tr>\n<tr>\n<td align=\"right\" colspan=\"3\"><strong>07\/06\/2013 <\/strong><\/td>\n<\/tr>\n<tr>\n<td colspan=\"3\">&nbsp;<\/td>\n<\/tr>\n<tr>\n<td colspan=\"3\" class=\"tgrupo\"><img loading=\"lazy\" decoding=\"async\" src=\"http:\/\/www.gestoresalicante.org\/img\/newsletter\/picto.jpg\" width=\"20\" height=\"18\" align=\"absmiddle\" style=\"margin-right: 4px;\"> <strong>Consejo General de los Colegios de Gestores Administrativos<\/strong><\/td>\n<\/tr>\n<tr>\n<td class=\"tfecha\">07\/06\/2013 &#8211;<\/td>\n<td class=\"titem\"><a href=\"http:\/\/www.clipmedia.net\/ficheros\/2013\/06_jun\/dz564.pdf\" target=\"_blank\">Gestores Administrativos y Registradores facilitan la compra de inmuebles<\/a><\/td>\n<td align=\"right\" class=\"tfuente\">El Economista &#8211; Iuris&amp;Lex<\/td>\n<\/tr>\n<tr>\n<td class=\"tfecha\">06\/06\/2013 &#8211;<\/td>\n<td class=\"titem\"><a href=\"http:\/\/www.clipmedia.net\/ficheros\/2013\/06_jun\/dz567.pdf\" target=\"_blank\">Gestores Administrativos y Registradores facilitar\u00e1n la compraventa &#8216;online&#8217; de inmuebles por extranjeros<\/a><\/td>\n<td align=\"right\" class=\"tfuente\">Telecinco<\/td>\n<\/tr>\n<tr>\n<td class=\"tfecha\">06\/06\/2013 &#8211;<\/td>\n<td class=\"titem\"><a href=\"http:\/\/www.clipmedia.net\/ficheros\/2013\/06_jun\/dz568.pdf\" target=\"_blank\">Gestores Administrativos y Registradores facilitar\u00e1n la compraventa &#8216;online&#8217; de inmuebles por extranjeros<\/a><\/td>\n<td align=\"right\" class=\"tfuente\">Diario Siglo XXI<\/td>\n<\/tr>\n<tr>\n<td class=\"tfecha\">06\/06\/2013 &#8211;<\/td>\n<td class=\"titem\"><a href=\"http:\/\/www.clipmedia.net\/ficheros\/2013\/06_jun\/dz569.pdf\" target=\"_blank\">Gestores Administrativos y Registradores facilitar\u00e1n la compraventa &#8216;online&#8217; de inmuebles por extranjeros<\/a><\/td>\n<td align=\"right\" class=\"tfuente\">Expansi\u00f3n (digital)<\/td>\n<\/tr>\n<tr>\n<td class=\"tfecha\">06\/06\/2013 &#8211;<\/td>\n<td class=\"titem\"><a href=\"http:\/\/www.clipmedia.net\/ficheros\/2013\/06_jun\/dz570.pdf\" target=\"_blank\">Gestores Administrativos y Registradores facilitar\u00e1n la compraventa &#8216;online&#8217; de inmuebles por extranjeros<\/a><\/td>\n<td align=\"right\" class=\"tfuente\">Globedia<\/td>\n<\/tr>\n<tr>\n<td class=\"tfecha\">06\/06\/2013 &#8211;<\/td>\n<td class=\"titem\"><a href=\"http:\/\/www.clipmedia.net\/ficheros\/2013\/06_jun\/dz571.pdf\" target=\"_blank\">Gestores Administrativos y Registradores facilitar\u00e1n la compraventa &#8216;online&#8217; de inmuebles por extranjeros<\/a><\/td>\n<td align=\"right\" class=\"tfuente\">El Confidencial<\/td>\n<\/tr>\n<tr>\n<td class=\"tfecha\">06\/06\/2013 &#8211;<\/td>\n<td class=\"titem\"><a href=\"http:\/\/www.clipmedia.net\/ficheros\/2013\/06_jun\/dz572.pdf\" target=\"_blank\">Gestores Administrativos y Registradores facilitar\u00e1n la compraventa &#8216;online&#8217; de inmuebles por extranjeros<\/a><\/td>\n<td align=\"right\" class=\"tfuente\">Cr\u00f3nica de Cantabria.com<\/td>\n<\/tr>\n<tr>\n<td class=\"tfecha\">06\/06\/2013 &#8211;<\/td>\n<td class=\"titem\"><a href=\"http:\/\/www.clipmedia.net\/ficheros\/2013\/06_jun\/dz573.pdf\" target=\"_blank\">Registradores y gestores facilitan la compra de inmuebles a los extranjeros<\/a><\/td>\n<td align=\"right\" class=\"tfuente\">Invertia.com<\/td>\n<\/tr>\n<tr>\n<td class=\"tfecha\">06\/06\/2013 &#8211;<\/td>\n<td class=\"titem\"><a href=\"http:\/\/www.clipmedia.net\/ficheros\/2013\/06_jun\/dz574.pdf\" target=\"_blank\">Firman un convenio para facilitar a los extranjeros la compraventa de inmuebles por v\u00eda electr\u00f3nica<\/a><\/td>\n<td align=\"right\" class=\"tfuente\">Diario Jur\u00eddico<\/td>\n<\/tr>\n<tr>\n<td class=\"tfecha\">06\/06\/2013 &#8211;<\/td>\n<td class=\"titem\"><a href=\"http:\/\/www.clipmedia.net\/ficheros\/2013\/06_jun\/dz575.pdf\" target=\"_blank\">Los extranjeros podr\u00e1n tramitar la compra de inmuebles de forma telem\u00e1tica <\/a><\/td>\n<td align=\"right\" class=\"tfuente\">Discapnet<\/td>\n<\/tr>\n<tr>\n<td class=\"tfecha\">06\/06\/2013 &#8211;<\/td>\n<td class=\"titem\"><a href=\"http:\/\/www.clipmedia.net\/ficheros\/2013\/06_jun\/dz576.pdf\" target=\"_blank\">Los registradores de Espa\u00f1a y Portugal facilitar\u00e1n la compra a extranjeros<\/a><\/td>\n<td align=\"right\" class=\"tfuente\">El Mundo (digital)<\/td>\n<\/tr>\n<tr>\n<td class=\"tfecha\">06\/06\/2013 &#8211;<\/td>\n<td class=\"titem\"><a href=\"http:\/\/www.clipmedia.net\/ficheros\/2013\/06_jun\/dz577.pdf\" target=\"_blank\">Los extranjeros ya pueden comprar de forma online viviendas en Espa\u00f1a<\/a><\/td>\n<td align=\"right\" class=\"tfuente\">Valenciaplaza.com<\/td>\n<\/tr>\n<tr>\n<td class=\"tfecha\">07\/06\/2013 &#8211;<\/td>\n<td class=\"titem\"><a href=\"http:\/\/www.clipmedia.net\/ficheros\/2013\/06_jun\/dz545.pdf\" target=\"_blank\">\u00bfSubida del IVA sin elevar los tipos?<\/a><\/td>\n<td align=\"right\" class=\"tfuente\">Expansi\u00f3n<\/td>\n<\/tr>\n<tr>\n<td class=\"tfecha\">07\/06\/2013 &#8211;<\/td>\n<td class=\"titem\"><a href=\"http:\/\/www.clipmedia.net\/ficheros\/2013\/06_jun\/dz566.pdf\" target=\"_blank\">La \u00faltima reforma Penal y la &#8216;fabulosa&#8217; escalera de impunidad para el defraudador<\/a><\/td>\n<td align=\"right\" class=\"tfuente\">El Economista &#8211; Iuris&amp;Lex<\/td>\n<\/tr>\n<tr>\n<td class=\"tfecha\">07\/06\/2013 &#8211;<\/td>\n<td class=\"titem\"><a href=\"http:\/\/www.clipmedia.net\/ficheros\/2013\/06_jun\/dz583.pdf\" target=\"_blank\">Los notarios eligen Barcelona como sede de su comisi\u00f3n europea<\/a><\/td>\n<td align=\"right\" class=\"tfuente\">La Vanguardia<\/td>\n<\/tr>\n<tr>\n<td class=\"tfecha\">07\/06\/2013 &#8211;<\/td>\n<td class=\"titem\"><a href=\"http:\/\/www.clipmedia.net\/ficheros\/2013\/06_jun\/dz592.pdf\" target=\"_blank\">Gobierno y Poder Judicial cierran hoy el vuelco conservador del TC <\/a><\/td>\n<td align=\"right\" class=\"tfuente\">La Vanguardia<\/td>\n<\/tr>\n<tr>\n<td class=\"tfecha\">07\/06\/2013 &#8211;<\/td>\n<td class=\"titem\"><a href=\"http:\/\/www.clipmedia.net\/ficheros\/2013\/06_jun\/dz543.pdf\" target=\"_blank\">Draghi: Hay que bajar los impuestos<\/a><\/td>\n<td align=\"right\" class=\"tfuente\">El Mundo<\/td>\n<\/tr>\n<tr>\n<td class=\"tfecha\">07\/06\/2013 &#8211;<\/td>\n<td class=\"titem\"><a href=\"http:\/\/www.clipmedia.net\/ficheros\/2013\/06_jun\/dz542.pdf\" target=\"_blank\">Reino Unido no basta para levantar las ventas de coches en Europa<\/a><\/td>\n<td align=\"right\" class=\"tfuente\">El Mundo<\/td>\n<\/tr>\n<tr>\n<td class=\"tfecha\">07\/06\/2013 &#8211;<\/td>\n<td class=\"titem\"><a href=\"http:\/\/www.clipmedia.net\/ficheros\/2013\/06_jun\/dz588.pdf\" target=\"_blank\">\u00bfCu\u00e1nto consume su coche?<\/a><\/td>\n<td align=\"right\" class=\"tfuente\">Expansi\u00f3n<\/td>\n<\/tr>\n<tr>\n<td colspan=\"3\">&nbsp;<\/td>\n<\/tr>\n<tr>\n<td colspan=\"3\" class=\"tgrupo\"><img loading=\"lazy\" decoding=\"async\" src=\"http:\/\/www.gestoresalicante.org\/img\/newsletter\/picto.jpg\" width=\"20\" height=\"18\" align=\"absmiddle\" style=\"margin-right: 4px;\"> <strong>Ventana Telem\u00e1tica<\/strong><\/td>\n<\/tr>\n<tr>\n<td colspan=\"3\">(No hay registros)<\/td>\n<\/tr>\n<tr>\n<td colspan=\"3\">&nbsp;<\/td>\n<\/tr>\n<tr>\n<td colspan=\"3\" class=\"tgrupo\"><img loading=\"lazy\" decoding=\"async\" src=\"http:\/\/www.gestoresalicante.org\/img\/newsletter\/picto.jpg\" width=\"20\" height=\"18\" align=\"absmiddle\" style=\"margin-right: 4px;\"> <strong> Sector de la formaci\u00f3n<\/strong><\/td>\n<\/tr>\n<tr>\n<td class=\"tfecha\">07\/06\/2013 &#8211;<\/td>\n<td class=\"titem\"><a href=\"http:\/\/www.clipmedia.net\/ficheros\/2013\/06_jun\/dz538.pdf\" target=\"_blank\">Un nuevo sistema de becas favorecer\u00e1 a las menores rentas y las mejores notas<\/a><\/td>\n<td align=\"right\" class=\"tfuente\">ABC<\/td>\n<\/tr>\n<tr>\n<td class=\"tfecha\">07\/06\/2013 &#8211;<\/td>\n<td class=\"titem\"><a href=\"http:\/\/www.clipmedia.net\/ficheros\/2013\/06_jun\/dz546.pdf\" target=\"_blank\">Nueva sanidad, nuevos gestores<\/a><\/td>\n<td align=\"right\" class=\"tfuente\">Expansi\u00f3n<\/td>\n<\/tr>\n<tr>\n<td class=\"tfecha\">07\/06\/2013 &#8211;<\/td>\n<td class=\"titem\"><a href=\"http:\/\/www.clipmedia.net\/ficheros\/2013\/06_jun\/dz582.pdf\" target=\"_blank\">M\u00e1sters hipotecados<\/a><\/td>\n<td align=\"right\" class=\"tfuente\">La Vanguardia<\/td>\n<\/tr>\n<tr>\n<td class=\"tfecha\">07\/06\/2013 &#8211;<\/td>\n<td class=\"titem\"><a href=\"http:\/\/www.clipmedia.net\/ficheros\/2013\/06_jun\/dz539.pdf\" target=\"_blank\">El Gobierno no adelantar\u00e1 la jubilaci\u00f3n a los 67<\/a><\/td>\n<td align=\"right\" class=\"tfuente\">La Raz\u00f3n<\/td>\n<\/tr>\n<tr>\n<td class=\"tfecha\">07\/06\/2013 &#8211;<\/td>\n<td class=\"titem\"><a href=\"http:\/\/www.clipmedia.net\/ficheros\/2013\/06_jun\/dz562.pdf\" target=\"_blank\">Pensiones m\u00e1s bajas en tiempos de crisis<\/a><\/td>\n<td align=\"right\" class=\"tfuente\">El Pa\u00eds<\/td>\n<\/tr>\n<tr>\n<td class=\"tfecha\">07\/06\/2013 &#8211;<\/td>\n<td class=\"titem\"><a href=\"http:\/\/www.clipmedia.net\/ficheros\/2013\/06_jun\/dz565.pdf\" target=\"_blank\">Los becarios en pr\u00e1cticas recuperan el derecho a cotizar gracias al Supremo<\/a><\/td>\n<td align=\"right\" class=\"tfuente\">El Economista<\/td>\n<\/tr>\n<tr>\n<td class=\"tfecha\">07\/06\/2013 &#8211;<\/td>\n<td class=\"titem\"><a href=\"http:\/\/www.clipmedia.net\/ficheros\/2013\/06_jun\/dz584.pdf\" target=\"_blank\">Mentalidad en positivo<\/a><\/td>\n<td align=\"right\" class=\"tfuente\">La Vanguardia<\/td>\n<\/tr>\n<tr>\n<td class=\"tfecha\">07\/06\/2013 &#8211;<\/td>\n<td class=\"titem\"><a href=\"http:\/\/www.clipmedia.net\/ficheros\/2013\/06_jun\/dz591.pdf\" target=\"_blank\">La mayor\u00eda de los pa\u00edses sin salario m\u00ednimo tiene m\u00e1s empleo juvenil<\/a><\/td>\n<td align=\"right\" class=\"tfuente\">Cinco D\u00edas<\/td>\n<\/tr>\n<tr>\n<td class=\"tfecha\">07\/06\/2013 &#8211;<\/td>\n<td class=\"titem\"><a href=\"http:\/\/www.clipmedia.net\/ficheros\/2013\/06_jun\/dz585.pdf\" target=\"_blank\">Colonial dice que no negocia con Juan Abell\u00f3&#8230; de momento<\/a><\/td>\n<td align=\"right\" class=\"tfuente\">El Economista<\/td>\n<\/tr>\n<tr>\n<td class=\"tfecha\">07\/06\/2013 &#8211;<\/td>\n<td class=\"titem\"><a href=\"http:\/\/www.clipmedia.net\/ficheros\/2013\/06_jun\/dz586.pdf\" target=\"_blank\">El Santander prestar\u00e1 1.000 millones para pisos de Sareb<\/a><\/td>\n<td align=\"right\" class=\"tfuente\">El Economista<\/td>\n<\/tr>\n<tr>\n<td class=\"tfecha\">07\/06\/2013 &#8211;<\/td>\n<td class=\"titem\"><a href=\"http:\/\/www.clipmedia.net\/ficheros\/2013\/06_jun\/dz587.pdf\" target=\"_blank\">Nuevo fallo a favor de devolver el dinero de una &#8216;cl\u00e1usula suelo&#8217;<\/a><\/td>\n<td align=\"right\" class=\"tfuente\">El Economista<\/td>\n<\/tr>\n<tr>\n<td class=\"tfecha\">07\/06\/2013 &#8211;<\/td>\n<td class=\"titem\"><a href=\"http:\/\/www.clipmedia.net\/ficheros\/2013\/06_jun\/dz589.pdf\" target=\"_blank\">Primeras impresiones sobre la reforma de la ley del alquiler<\/a><\/td>\n<td align=\"right\" class=\"tfuente\">Cinco D\u00edas<\/td>\n<\/tr>\n<tr>\n<td colspan=\"3\">&nbsp;<\/td>\n<\/tr>\n<tr>\n<td colspan=\"3\" class=\"tgrupo\"><img loading=\"lazy\" decoding=\"async\" src=\"http:\/\/www.gestoresalicante.org\/img\/newsletter\/picto.jpg\" width=\"20\" height=\"18\" align=\"absmiddle\" style=\"margin-right: 4px;\"> <strong>B.O.E<\/strong><\/td>\n<\/tr>\n<tr>\n<td colspan=\"3\">(No hay registros)<\/td>\n<\/tr>\n<\/table>\n<\/div>\n","protected":false},"excerpt":{"rendered":"<p>07\/06\/2013 &nbsp; Consejo General de los Colegios de Gestores Administrativos 07\/06\/2013 &#8211; Gestores Administrativos y Registradores facilitan la compra de inmuebles El Economista &#8211; Iuris&amp;Lex 06\/06\/2013 &#8211; Gestores Administrativos y Registradores facilitar\u00e1n la compraventa &#8216;online&#8217; de inmuebles por extranjeros Telecinco &hellip; <a href=\"https:\/\/www.gestoresalicante.org\/blog\/index.php\/2013\/06\/07\/resumen-de-prensa-07-06-2013\/\">Sigue leyendo <span class=\"meta-nav\">&rarr;<\/span><\/a><\/p>\n","protected":false},"author":4,"featured_media":0,"comment_status":"closed","ping_status":"closed","sticky":false,"template":"","format":"standard","meta":{"footnotes":""},"categories":[6],"tags":[],"class_list":["post-409","post","type-post","status-publish","format-standard","hentry","category-resumendeprensa"],"_links":{"self":[{"href":"https:\/\/www.gestoresalicante.org\/blog\/index.php\/wp-json\/wp\/v2\/posts\/409","targetHints":{"allow":["GET"]}}],"collection":[{"href":"https:\/\/www.gestoresalicante.org\/blog\/index.php\/wp-json\/wp\/v2\/posts"}],"about":[{"href":"https:\/\/www.gestoresalicante.org\/blog\/index.php\/wp-json\/wp\/v2\/types\/post"}],"author":[{"embeddable":true,"href":"https:\/\/www.gestoresalicante.org\/blog\/index.php\/wp-json\/wp\/v2\/users\/4"}],"replies":[{"embeddable":true,"href":"https:\/\/www.gestoresalicante.org\/blog\/index.php\/wp-json\/wp\/v2\/comments?post=409"}],"version-history":[{"count":0,"href":"https:\/\/www.gestoresalicante.org\/blog\/index.php\/wp-json\/wp\/v2\/posts\/409\/revisions"}],"wp:attachment":[{"href":"https:\/\/www.gestoresalicante.org\/blog\/index.php\/wp-json\/wp\/v2\/media?parent=409"}],"wp:term":[{"taxonomy":"category","embeddable":true,"href":"https:\/\/www.gestoresalicante.org\/blog\/index.php\/wp-json\/wp\/v2\/categories?post=409"},{"taxonomy":"post_tag","embeddable":true,"href":"https:\/\/www.gestoresalicante.org\/blog\/index.php\/wp-json\/wp\/v2\/tags?post=409"}],"curies":[{"name":"wp","href":"https:\/\/api.w.org\/{rel}","templated":true}]}}