{"id":41,"date":"2011-11-27T11:03:21","date_gmt":"2011-11-27T10:03:21","guid":{"rendered":"http:\/\/www.gestoresalicante.org\/blog\/?p=41"},"modified":"2018-04-11T14:10:27","modified_gmt":"2018-04-11T12:10:27","slug":"presentacion-web-extranjeria-2","status":"publish","type":"post","link":"https:\/\/www.gestoresalicante.org\/blog\/index.php\/2011\/11\/27\/presentacion-web-extranjeria-2\/","title":{"rendered":"Presentaci\u00f3n web extranjer\u00eda"},"content":{"rendered":"<p>Ayer, lunes, tuvo lugar en el Sal\u00f3n de Actos del Colegio de Gestores Administrativos de Alicante el ACTO P\u00daBLICO DE PRESENTACI\u00d3N DE LA NUEVA P\u00c1GINA WEB DE LA OFICINA DE EXTRANJER\u00cdA EN ALICANTE, que cont\u00f3 con la intervenci\u00f3n del subdelegado del Gobierno, Jos\u00e9 P\u00e9rez Grau, del Jefe del \u00c1rea de Trabajo e Inmigraci\u00f3n, Juan Antonio G\u00f3mez Rodr\u00edguez, del Jefe de la Oficina de Extranjeros de Alicante, Jorge Gorge Fern\u00e1ndez, del Vicepresidente del Colegio de Gestores Administrativos, Jos\u00e9 Luis Tonda Mart\u00ednez, y personal t\u00e9cnico de las entidades participantes.<\/p>\n<p><a href=\"http:\/\/www.gestoresalicante.org\/blog\/wp-content\/uploads\/2012\/06\/webextranjeria-e1338805184598.jpg\"><img loading=\"lazy\" decoding=\"async\" class=\"aligncenter\" title=\"Web Extranjeria\" src=\"http:\/\/www.gestoresalicante.org\/blog\/wp-content\/uploads\/2012\/06\/webextranjeria-300x220.jpg\" alt=\"\" width=\"300\" height=\"220\" \/><\/a><\/p>\n<p>La p\u00e1gina web es accesible desde la direcci\u00f3n <a href=\"http:\/\/www.consultorga.com\" target=\"_blank\" rel=\"noopener\">www.consultorga.com<\/a> y constituye una potente herramienta de ayuda para la gesti\u00f3n y la realizaci\u00f3n de tr\u00e1mites relativos a la Dependencia del \u00c1rea de Trabajo e Inmigraci\u00f3n de la Subdelegaci\u00f3n del Gobierno en Alicante: Procedimientos e Impresos, Petici\u00f3n de Cita Previa, Legislaci\u00f3n, Otra Informaci\u00f3n de inter\u00e9s (tasa, informaci\u00f3n y enlaces de inter\u00e9s,&#8230;), Listado de Actividades de la Dependencia del \u00c1rea de Trabajo e Inmigraci\u00f3n, Gesti\u00f3n de Ofertas de empleo y otros servicios de inter\u00e9s.<\/p>\n<p>El <strong>Gestor Administrativo<\/strong> tiene a su disposici\u00f3n un portal en materia de extranjer\u00eda de primera mano y de una calidad excepcional, del que tanto los profesionales como sus clientes y, en general, la ciudadan\u00eda afectada, obtendr\u00e1n grandes beneficios en la gesti\u00f3n de sus asuntos, en tanto que la Administraci\u00f3n P\u00fablica gana en proximidad y accesibilidad, en reducci\u00f3n de tiempos de espera y costes indirectos, evitando la personaci\u00f3n obligatoria en sus oficinas para multitud de tr\u00e1mites.<\/p>\n<p>Los intervinientes pusieron de manifiesto que iniciativas como esta, enmarcadas en el desarrollo de la <em>Ley de Administraci\u00f3n Electr\u00f3nica<\/em>, contribuyen a prestar m\u00e1s y mejores servicios p\u00fablicos, en calidad y en cantidad, en un entorno de austeridad y control del gasto p\u00fablico, sin incremento de los costes directos o indirectos a los ciudadanos.<\/p>\n","protected":false},"excerpt":{"rendered":"<p>Ayer, lunes, tuvo lugar en el Sal\u00f3n de Actos del Colegio de Gestores Administrativos de Alicante el ACTO P\u00daBLICO DE PRESENTACI\u00d3N DE LA NUEVA P\u00c1GINA WEB DE LA OFICINA DE EXTRANJER\u00cdA EN ALICANTE, que cont\u00f3 con la intervenci\u00f3n del subdelegado &hellip; <a href=\"https:\/\/www.gestoresalicante.org\/blog\/index.php\/2011\/11\/27\/presentacion-web-extranjeria-2\/\">Sigue leyendo <span class=\"meta-nav\">&rarr;<\/span><\/a><\/p>\n","protected":false},"author":4,"featured_media":0,"comment_status":"closed","ping_status":"closed","sticky":false,"template":"","format":"standard","meta":{"footnotes":""},"categories":[3],"tags":[],"class_list":["post-41","post","type-post","status-publish","format-standard","hentry","category-noticias-de-interes"],"_links":{"self":[{"href":"https:\/\/www.gestoresalicante.org\/blog\/index.php\/wp-json\/wp\/v2\/posts\/41","targetHints":{"allow":["GET"]}}],"collection":[{"href":"https:\/\/www.gestoresalicante.org\/blog\/index.php\/wp-json\/wp\/v2\/posts"}],"about":[{"href":"https:\/\/www.gestoresalicante.org\/blog\/index.php\/wp-json\/wp\/v2\/types\/post"}],"author":[{"embeddable":true,"href":"https:\/\/www.gestoresalicante.org\/blog\/index.php\/wp-json\/wp\/v2\/users\/4"}],"replies":[{"embeddable":true,"href":"https:\/\/www.gestoresalicante.org\/blog\/index.php\/wp-json\/wp\/v2\/comments?post=41"}],"version-history":[{"count":4,"href":"https:\/\/www.gestoresalicante.org\/blog\/index.php\/wp-json\/wp\/v2\/posts\/41\/revisions"}],"predecessor-version":[{"id":1209,"href":"https:\/\/www.gestoresalicante.org\/blog\/index.php\/wp-json\/wp\/v2\/posts\/41\/revisions\/1209"}],"wp:attachment":[{"href":"https:\/\/www.gestoresalicante.org\/blog\/index.php\/wp-json\/wp\/v2\/media?parent=41"}],"wp:term":[{"taxonomy":"category","embeddable":true,"href":"https:\/\/www.gestoresalicante.org\/blog\/index.php\/wp-json\/wp\/v2\/categories?post=41"},{"taxonomy":"post_tag","embeddable":true,"href":"https:\/\/www.gestoresalicante.org\/blog\/index.php\/wp-json\/wp\/v2\/tags?post=41"}],"curies":[{"name":"wp","href":"https:\/\/api.w.org\/{rel}","templated":true}]}}