{"id":410,"date":"2013-06-10T09:00:00","date_gmt":"2013-06-10T08:00:00","guid":{"rendered":"http:\/\/www.gestoresalicante.org\/blog\/index.php\/2013\/06\/10\/resumen-de-prensa-08-06-2013\/"},"modified":"-0001-11-30T00:00:00","modified_gmt":"-0001-11-29T22:00:00","slug":"resumen-de-prensa-08-06-2013","status":"publish","type":"post","link":"https:\/\/www.gestoresalicante.org\/blog\/index.php\/2013\/06\/10\/resumen-de-prensa-08-06-2013\/","title":{"rendered":"Resumen de Prensa 08-06-2013"},"content":{"rendered":"<div class=\"nboletin\">\n<table width=\"90%\" cellpadding=\"4\">\n<tr>\n<td colspan=\"3\">\n<div style=\"background-color: #CCCCCC;padding: 4px 10px 4px 10px;width: 100%;border: 1px #414141 solid;\"><img decoding=\"async\" alt=\"Consejo de Gestores\" src=\"http:\/\/www.gestoresalicante.org\/img\/newsletter\/conges.jpg\" width=226 height=70><\/div>\n<\/td>\n<\/tr>\n<tr>\n<td align=\"right\" colspan=\"3\"><strong>08\/06\/2013 &#8211; 10\/06\/2013 <\/strong><\/td>\n<\/tr>\n<tr>\n<td colspan=\"3\">&nbsp;<\/td>\n<\/tr>\n<tr>\n<td colspan=\"3\" class=\"tgrupo\"><img loading=\"lazy\" decoding=\"async\" src=\"http:\/\/www.gestoresalicante.org\/img\/newsletter\/picto.jpg\" width=\"20\" height=\"18\" align=\"absmiddle\" style=\"margin-right: 4px;\"> <strong>Consejo General de los Colegios de Gestores Administrativos<\/strong><\/td>\n<\/tr>\n<tr>\n<td class=\"tfecha\">07\/06\/2013 &#8211;<\/td>\n<td class=\"titem\"><a href=\"http:\/\/www.clipmedia.net\/ficheros\/2013\/06_jun\/dz660.pdf\" target=\"_blank\">Los registradores formalizar\u00e1n la compraventa de casas en Espa\u00f1a por extranjeros v\u00eda internet<\/a><\/td>\n<td align=\"right\" class=\"tfuente\">Idealista.com<\/td>\n<\/tr>\n<tr>\n<td class=\"tfecha\">07\/06\/2013 &#8211;<\/td>\n<td class=\"titem\"><a href=\"http:\/\/www.clipmedia.net\/ficheros\/2013\/06_jun\/dz663.pdf\" target=\"_blank\">Los registradores formalizar\u00e1n la compraventa de casas en Espa\u00f1a por extranjeros v\u00eda internet<\/a><\/td>\n<td align=\"right\" class=\"tfuente\">Fotocasa.es<\/td>\n<\/tr>\n<tr>\n<td class=\"tfecha\">07\/06\/2013 &#8211;<\/td>\n<td class=\"titem\"><a href=\"http:\/\/www.clipmedia.net\/ficheros\/2013\/06_jun\/dz664.pdf\" target=\"_blank\">Club de emprendedores &#8216;Ruta al 2020&#8217;: ya somos m\u00e1s de mil miembros. \u00a1\u00danete!<\/a><\/td>\n<td align=\"right\" class=\"tfuente\">Diario Cr\u00edtico<\/td>\n<\/tr>\n<tr>\n<td class=\"tfecha\">07\/06\/2013 &#8211;<\/td>\n<td class=\"titem\"><a href=\"http:\/\/www.clipmedia.net\/ficheros\/2013\/06_jun\/dz665.pdf\" target=\"_blank\">Portugal, banco de ensayos<\/a><\/td>\n<td align=\"right\" class=\"tfuente\">El Pa\u00eds (digital)<\/td>\n<\/tr>\n<tr>\n<td class=\"tfecha\">07\/06\/2013 &#8211;<\/td>\n<td class=\"titem\"><a href=\"http:\/\/www.clipmedia.net\/ficheros\/2013\/06_jun\/dz666.pdf\" target=\"_blank\">Portugal, banco de ensayos<\/a><\/td>\n<td align=\"right\" class=\"tfuente\">45minutos.net<\/td>\n<\/tr>\n<tr>\n<td class=\"tfecha\">07\/06\/2013 &#8211;<\/td>\n<td class=\"titem\"><a href=\"http:\/\/www.clipmedia.net\/ficheros\/2013\/06_jun\/dz667.pdf\" target=\"_blank\">Gestores Administrativos y Registradores facilitar\u00e1n la compraventa &#8216;online&#8217; de inmuebles por extranjeros<\/a><\/td>\n<td align=\"right\" class=\"tfuente\">informativojuridico.com<\/td>\n<\/tr>\n<tr>\n<td class=\"tfecha\">09\/06\/2013 &#8211;<\/td>\n<td class=\"titem\"><a href=\"http:\/\/www.clipmedia.net\/ficheros\/2013\/06_jun\/dz668.pdf\" target=\"_blank\">Registradores de la propiedad y Gestores firman un convenio para facilitar la venta online de inmuebles a extranjeros<\/a><\/td>\n<td align=\"right\" class=\"tfuente\">Real Estate Press<\/td>\n<\/tr>\n<tr>\n<td class=\"tfecha\">08\/06\/2013 &#8211;<\/td>\n<td class=\"titem\"><a href=\"http:\/\/www.clipmedia.net\/ficheros\/2013\/06_jun\/dz632.pdf\" target=\"_blank\">La &quot;licencia expr\u00e9s&quot; se podr\u00eda ampliar a locales de mil metros<\/a><\/td>\n<td align=\"right\" class=\"tfuente\">ABC<\/td>\n<\/tr>\n<tr>\n<td class=\"tfecha\">10\/06\/2013 &#8211;<\/td>\n<td class=\"titem\"><a href=\"http:\/\/www.clipmedia.net\/ficheros\/2013\/06_jun\/dz638.pdf\" target=\"_blank\">Rajoy har\u00e1 hasta siete alzas fiscales con la excusa de cumplir con Bruselas<\/a><\/td>\n<td align=\"right\" class=\"tfuente\">El Economista<\/td>\n<\/tr>\n<tr>\n<td class=\"tfecha\">10\/06\/2013 &#8211;<\/td>\n<td class=\"titem\"><a href=\"http:\/\/www.clipmedia.net\/ficheros\/2013\/06_jun\/dz641.pdf\" target=\"_blank\">El TS condena a Repsol por dos contratos de suministro<\/a><\/td>\n<td align=\"right\" class=\"tfuente\">El Economista<\/td>\n<\/tr>\n<tr>\n<td class=\"tfecha\">10\/06\/2013 &#8211;<\/td>\n<td class=\"titem\"><a href=\"http:\/\/www.clipmedia.net\/ficheros\/2013\/06_jun\/dz642.pdf\" target=\"_blank\">Arbitraje. La soluci\u00f3n expr\u00e9s se impone<\/a><\/td>\n<td align=\"right\" class=\"tfuente\">El Economista<\/td>\n<\/tr>\n<tr>\n<td class=\"tfecha\">10\/06\/2013 &#8211;<\/td>\n<td class=\"titem\"><a href=\"http:\/\/www.clipmedia.net\/ficheros\/2013\/06_jun\/dz650.pdf\" target=\"_blank\">Manuel Lagare, Catedr\u00e1tico de Hacienda P\u00fablica: &quot;Si los pol\u00edticos nos hacen caso, habr\u00e1 pensiones para d\u00e9cadas&quot;<\/a><\/td>\n<td align=\"right\" class=\"tfuente\">El Mundo<\/td>\n<\/tr>\n<tr>\n<td class=\"tfecha\">10\/06\/2013 &#8211;<\/td>\n<td class=\"titem\"><a href=\"http:\/\/www.clipmedia.net\/ficheros\/2013\/06_jun\/dz651.pdf\" target=\"_blank\">El CES critica con dureza la Ley de Emprendedores<\/a><\/td>\n<td align=\"right\" class=\"tfuente\">El Mundo<\/td>\n<\/tr>\n<tr>\n<td class=\"tfecha\">08\/06\/2013 &#8211;<\/td>\n<td class=\"titem\"><a href=\"http:\/\/www.clipmedia.net\/ficheros\/2013\/06_jun\/qh782.pdf\" target=\"_blank\">El informe sobre pensiones se queda sin el apoyo de PSOE y UGT<\/a><\/td>\n<td align=\"right\" class=\"tfuente\">La Vanguardia<\/td>\n<\/tr>\n<tr>\n<td class=\"tfecha\">08\/06\/2013 &#8211;<\/td>\n<td class=\"titem\"><a href=\"http:\/\/www.clipmedia.net\/ficheros\/2013\/06_jun\/qh783.pdf\" target=\"_blank\">Montoro anuncia otro grupo de expertos para la reforma fiscal<\/a><\/td>\n<td align=\"right\" class=\"tfuente\">La Vanguardia<\/td>\n<\/tr>\n<tr>\n<td class=\"tfecha\">08\/06\/2013 &#8211;<\/td>\n<td class=\"titem\"><a href=\"http:\/\/www.clipmedia.net\/ficheros\/2013\/06_jun\/qh785.pdf\" target=\"_blank\">El informe sobre pensiones prev\u00e9 que caiga su poder adquisitivo desde 2014<\/a><\/td>\n<td align=\"right\" class=\"tfuente\">El Economista<\/td>\n<\/tr>\n<tr>\n<td class=\"tfecha\">08\/06\/2013 &#8211;<\/td>\n<td class=\"titem\"><a href=\"http:\/\/www.clipmedia.net\/ficheros\/2013\/06_jun\/qh787.pdf\" target=\"_blank\">Los expertos aconsejan bajar IRPF y reformar Sociedades para recaudar&#8230;<\/a><\/td>\n<td align=\"right\" class=\"tfuente\">El Economista<\/td>\n<\/tr>\n<tr>\n<td class=\"tfecha\">08\/06\/2013 &#8211;<\/td>\n<td class=\"titem\"><a href=\"http:\/\/www.clipmedia.net\/ficheros\/2013\/06_jun\/qh789.pdf\" target=\"_blank\">La actualizaci\u00f3n de las pensiones podr\u00e1 congelarlas pero no bajarlas<\/a><\/td>\n<td align=\"right\" class=\"tfuente\">Cinco D\u00edas<\/td>\n<\/tr>\n<tr>\n<td class=\"tfecha\">08\/06\/2013 &#8211;<\/td>\n<td class=\"titem\"><a href=\"http:\/\/www.clipmedia.net\/ficheros\/2013\/06_jun\/qh790.pdf\" target=\"_blank\">La reforma de pensiones que viene<\/a><\/td>\n<td align=\"right\" class=\"tfuente\">Expansi\u00f3n<\/td>\n<\/tr>\n<tr>\n<td class=\"tfecha\">08\/06\/2013 &#8211;<\/td>\n<td class=\"titem\"><a href=\"http:\/\/www.clipmedia.net\/ficheros\/2013\/06_jun\/qh792.pdf\" target=\"_blank\">Los expertos dejan el dise\u00f1o de las pensiones en manos de la pol\u00edtica<\/a><\/td>\n<td align=\"right\" class=\"tfuente\">El Pa\u00eds<\/td>\n<\/tr>\n<tr>\n<td class=\"tfecha\">08\/06\/2013 &#8211;<\/td>\n<td class=\"titem\"><a href=\"http:\/\/www.clipmedia.net\/ficheros\/2013\/06_jun\/qh793.pdf\" target=\"_blank\">Las ecuaciones del recorte<\/a><\/td>\n<td align=\"right\" class=\"tfuente\">El Pa\u00eds<\/td>\n<\/tr>\n<tr>\n<td class=\"tfecha\">08\/06\/2013 &#8211;<\/td>\n<td class=\"titem\"><a href=\"http:\/\/www.clipmedia.net\/ficheros\/2013\/06_jun\/qh794.pdf\" target=\"_blank\">Montoro crear\u00e1 un grupo de sabios para la reforma fiscal<\/a><\/td>\n<td align=\"right\" class=\"tfuente\">El Pa\u00eds<\/td>\n<\/tr>\n<tr>\n<td class=\"tfecha\">09\/06\/2013 &#8211;<\/td>\n<td class=\"titem\"><a href=\"http:\/\/www.clipmedia.net\/ficheros\/2013\/06_jun\/qh796.pdf\" target=\"_blank\">Los pensionistas reciben cuatro veces m\u00e1s de media de lo que aportan<\/a><\/td>\n<td align=\"right\" class=\"tfuente\">La Vanguardia<\/td>\n<\/tr>\n<tr>\n<td class=\"tfecha\">10\/06\/2013 &#8211;<\/td>\n<td class=\"titem\"><a href=\"http:\/\/www.clipmedia.net\/ficheros\/2013\/06_jun\/qh797.pdf\" target=\"_blank\">El estado del bienestar, m\u00e1s all\u00e1 de las pensiones<\/a><\/td>\n<td align=\"right\" class=\"tfuente\">La Vanguardia<\/td>\n<\/tr>\n<tr>\n<td class=\"tfecha\">09\/06\/2013 &#8211;<\/td>\n<td class=\"titem\"><a href=\"http:\/\/www.clipmedia.net\/ficheros\/2013\/06_jun\/qh798.pdf\" target=\"_blank\">Los sabios ponen a Espa\u00f1a a la cabeza de Europa en los ajustes de pensiones<\/a><\/td>\n<td align=\"right\" class=\"tfuente\">El Pa\u00eds<\/td>\n<\/tr>\n<tr>\n<td class=\"tfecha\">10\/06\/2013 &#8211;<\/td>\n<td class=\"titem\"><a href=\"http:\/\/www.clipmedia.net\/ficheros\/2013\/06_jun\/dz635.pdf\" target=\"_blank\">Competencia investiga a los distribuidores de autom\u00f3viles<\/a><\/td>\n<td align=\"right\" class=\"tfuente\">El Economista<\/td>\n<\/tr>\n<tr>\n<td class=\"tfecha\">08\/06\/2013 &#8211;<\/td>\n<td class=\"titem\"><a href=\"http:\/\/www.clipmedia.net\/ficheros\/2013\/06_jun\/dz647.pdf\" target=\"_blank\">Competencia investiga la venta de coches<\/a><\/td>\n<td align=\"right\" class=\"tfuente\">El Mundo<\/td>\n<\/tr>\n<tr>\n<td class=\"tfecha\">10\/06\/2013 &#8211;<\/td>\n<td class=\"titem\"><a href=\"http:\/\/www.clipmedia.net\/ficheros\/2013\/06_jun\/dz653.pdf\" target=\"_blank\">Jos\u00e9 Vicente de los mozos, presidente de Renault Espa\u00f1a: &quot;El mercado espa\u00f1ol es ahora secundario&quot;<\/a><\/td>\n<td align=\"right\" class=\"tfuente\">El Mundo<\/td>\n<\/tr>\n<tr>\n<td class=\"tfecha\">07\/06\/2013 &#8211;<\/td>\n<td class=\"titem\"><a href=\"http:\/\/www.clipmedia.net\/ficheros\/2013\/06_jun\/dz617.pdf\" target=\"_blank\">Sobrevivir y reciclarse gracias a una buena estrategia digital<\/a><\/td>\n<td align=\"right\" class=\"tfuente\">Expansi\u00f3n<\/td>\n<\/tr>\n<tr>\n<td class=\"tfecha\">07\/06\/2013 &#8211;<\/td>\n<td class=\"titem\"><a href=\"http:\/\/www.clipmedia.net\/ficheros\/2013\/06_jun\/dz616.pdf\" target=\"_blank\">Un modelo educativo que sigue el ritmo de la econom\u00eda global<\/a><\/td>\n<td align=\"right\" class=\"tfuente\">Expansi\u00f3n<\/td>\n<\/tr>\n<tr>\n<td class=\"tfecha\">07\/06\/2013 &#8211;<\/td>\n<td class=\"titem\"><a href=\"http:\/\/www.clipmedia.net\/ficheros\/2013\/06_jun\/dz618.pdf\" target=\"_blank\">Educar el esp\u00edritu emprendedor, una baza para empezar de nuevo<\/a><\/td>\n<td align=\"right\" class=\"tfuente\">Expansi\u00f3n<\/td>\n<\/tr>\n<tr>\n<td class=\"tfecha\">10\/06\/2013 &#8211;<\/td>\n<td class=\"titem\"><a href=\"http:\/\/www.clipmedia.net\/ficheros\/2013\/06_jun\/dz634.pdf\" target=\"_blank\">Dominic Barton, Director General de McKinsey: &quot;La educaci\u00f3n no ha cambiado al mismo ritmo que el mundo&quot;<\/a><\/td>\n<td align=\"right\" class=\"tfuente\">El Economista<\/td>\n<\/tr>\n<tr>\n<td class=\"tfecha\">10\/06\/2013 &#8211;<\/td>\n<td class=\"titem\"><a href=\"http:\/\/www.clipmedia.net\/ficheros\/2013\/06_jun\/dz673.pdf\" target=\"_blank\">Nace la &#8216;Red Alumni&#8217; del M\u00e1ster en Comunicaci\u00f3n Corporativa<\/a><\/td>\n<td align=\"right\" class=\"tfuente\">Expansi\u00f3n<\/td>\n<\/tr>\n<tr>\n<td class=\"tfecha\">10\/06\/2013 &#8211;<\/td>\n<td class=\"titem\"><a href=\"http:\/\/www.clipmedia.net\/ficheros\/2013\/06_jun\/cz022.pdf\" target=\"_blank\">Algo m\u00e1s que buenas notas<\/a><\/td>\n<td align=\"right\" class=\"tfuente\">La Vanguardia<\/td>\n<\/tr>\n<tr>\n<td class=\"tfecha\">10\/06\/2013 &#8211;<\/td>\n<td class=\"titem\"><a href=\"http:\/\/www.clipmedia.net\/ficheros\/2013\/06_jun\/dz639.pdf\" target=\"_blank\">Rubalcaba exige para pactar la reforma de las pensiones que est\u00e9n UGT y CCOO<\/a><\/td>\n<td align=\"right\" class=\"tfuente\">El Economista<\/td>\n<\/tr>\n<tr>\n<td class=\"tfecha\">10\/06\/2013 &#8211;<\/td>\n<td class=\"titem\"><a href=\"http:\/\/www.clipmedia.net\/ficheros\/2013\/06_jun\/dz640.pdf\" target=\"_blank\">El Banco de Espa\u00f1a acotar\u00e1 los salarios en el sector financiero<\/a><\/td>\n<td align=\"right\" class=\"tfuente\">El Economista<\/td>\n<\/tr>\n<tr>\n<td class=\"tfecha\">10\/06\/2013 &#8211;<\/td>\n<td class=\"titem\"><a href=\"http:\/\/www.clipmedia.net\/ficheros\/2013\/06_jun\/dz643.pdf\" target=\"_blank\">Ceaje impulsa una nueva l\u00ednea con 100 millones para emprendedores <\/a><\/td>\n<td align=\"right\" class=\"tfuente\">El Economista<\/td>\n<\/tr>\n<tr>\n<td class=\"tfecha\">10\/06\/2013 &#8211;<\/td>\n<td class=\"titem\"><a href=\"http:\/\/www.clipmedia.net\/ficheros\/2013\/06_jun\/dz644.pdf\" target=\"_blank\">La edad, una barrera para emprender<\/a><\/td>\n<td align=\"right\" class=\"tfuente\">El Economista<\/td>\n<\/tr>\n<tr>\n<td class=\"tfecha\">10\/06\/2013 &#8211;<\/td>\n<td class=\"titem\"><a href=\"http:\/\/www.clipmedia.net\/ficheros\/2013\/06_jun\/dz646.pdf\" target=\"_blank\">Tenerife obliga a la contrataci\u00f3n de mano de obra canaria<\/a><\/td>\n<td align=\"right\" class=\"tfuente\">El Economista<\/td>\n<\/tr>\n<tr>\n<td class=\"tfecha\">08\/06\/2013 &#8211;<\/td>\n<td class=\"titem\"><a href=\"http:\/\/www.clipmedia.net\/ficheros\/2013\/06_jun\/qh786.pdf\" target=\"_blank\">Los trabajadores no tendr\u00e1n que pagar tasas judiciales<\/a><\/td>\n<td align=\"right\" class=\"tfuente\">El Economista<\/td>\n<\/tr>\n<tr>\n<td class=\"tfecha\">08\/06\/2013 &#8211;<\/td>\n<td class=\"titem\"><a href=\"http:\/\/www.clipmedia.net\/ficheros\/2013\/06_jun\/qh791.pdf\" target=\"_blank\">\u00bfSe pierden las vacaciones cuando est\u00e1s de baja?<\/a><\/td>\n<td align=\"right\" class=\"tfuente\">Expansi\u00f3n<\/td>\n<\/tr>\n<tr>\n<td class=\"tfecha\">10\/06\/2013 &#8211;<\/td>\n<td class=\"titem\"><a href=\"http:\/\/www.clipmedia.net\/ficheros\/2013\/06_jun\/dz669.pdf\" target=\"_blank\">La creaci\u00f3n de empresas suma tres meses al alza hasta abril<\/a><\/td>\n<td align=\"right\" class=\"tfuente\">La Vanguardia<\/td>\n<\/tr>\n<tr>\n<td class=\"tfecha\">10\/06\/2013 &#8211;<\/td>\n<td class=\"titem\"><a href=\"http:\/\/www.clipmedia.net\/ficheros\/2013\/06_jun\/dz670.pdf\" target=\"_blank\">Un 22% de los alemanes percibe sueldos m\u00ednimos <\/a><\/td>\n<td align=\"right\" class=\"tfuente\">La Vanguardia<\/td>\n<\/tr>\n<tr>\n<td class=\"tfecha\">10\/06\/2013 &#8211;<\/td>\n<td class=\"titem\"><a href=\"http:\/\/www.clipmedia.net\/ficheros\/2013\/06_jun\/dz671.pdf\" target=\"_blank\">La subida salarial media hasta mayo es del 0,63%<\/a><\/td>\n<td align=\"right\" class=\"tfuente\">La Vanguardia<\/td>\n<\/tr>\n<tr>\n<td class=\"tfecha\">10\/06\/2013 &#8211;<\/td>\n<td class=\"titem\"><a href=\"http:\/\/www.clipmedia.net\/ficheros\/2013\/06_jun\/dz649.pdf\" target=\"_blank\">Varapalo al plan contra el paro juvenil<\/a><\/td>\n<td align=\"right\" class=\"tfuente\">El Mundo<\/td>\n<\/tr>\n<tr>\n<td class=\"tfecha\">10\/06\/2013 &#8211;<\/td>\n<td class=\"titem\"><a href=\"http:\/\/www.clipmedia.net\/ficheros\/2013\/06_jun\/dz656.pdf\" target=\"_blank\">Diecis\u00e9is empresas anuncian la creaci\u00f3n de 4.000 nuevos empleos<\/a><\/td>\n<td align=\"right\" class=\"tfuente\">Expansi\u00f3n<\/td>\n<\/tr>\n<tr>\n<td class=\"tfecha\">08\/06\/2013 &#8211;<\/td>\n<td class=\"titem\"><a href=\"http:\/\/www.clipmedia.net\/ficheros\/2013\/06_jun\/dz633.pdf\" target=\"_blank\">Inmuebles en venta y alquiler ya necesitan certificado energ\u00e9tico<\/a><\/td>\n<td align=\"right\" class=\"tfuente\">ABC<\/td>\n<\/tr>\n<tr>\n<td class=\"tfecha\">10\/06\/2013 &#8211;<\/td>\n<td class=\"titem\"><a href=\"http:\/\/www.clipmedia.net\/ficheros\/2013\/06_jun\/dz636.pdf\" target=\"_blank\">Vendo bol\u00edgrafo verde y regalo un piso en la playa<\/a><\/td>\n<td align=\"right\" class=\"tfuente\">El Economista<\/td>\n<\/tr>\n<tr>\n<td class=\"tfecha\">09\/06\/2013 &#8211;<\/td>\n<td class=\"titem\"><a href=\"http:\/\/www.clipmedia.net\/ficheros\/2013\/06_jun\/qh795.pdf\" target=\"_blank\">Se acaba el tiempo de reclamar<\/a><\/td>\n<td align=\"right\" class=\"tfuente\">La Vanguardia<\/td>\n<\/tr>\n<tr>\n<td class=\"tfecha\">10\/06\/2013 &#8211;<\/td>\n<td class=\"titem\"><a href=\"http:\/\/www.clipmedia.net\/ficheros\/2013\/06_jun\/dz672.pdf\" target=\"_blank\">Los expertos auguran un &#8216;boom&#8217; de pisos en alquiler con precios bajos<\/a><\/td>\n<td align=\"right\" class=\"tfuente\">Expansi\u00f3n<\/td>\n<\/tr>\n<tr>\n<td colspan=\"3\">&nbsp;<\/td>\n<\/tr>\n<tr>\n<td colspan=\"3\" class=\"tgrupo\"><img loading=\"lazy\" decoding=\"async\" src=\"http:\/\/www.gestoresalicante.org\/img\/newsletter\/picto.jpg\" width=\"20\" height=\"18\" align=\"absmiddle\" style=\"margin-right: 4px;\"> <strong>B.O.E<\/strong><\/td>\n<\/tr>\n<tr>\n<td colspan=\"3\">(No hay registros)<\/td>\n<\/tr>\n<\/table>\n<\/div>\n","protected":false},"excerpt":{"rendered":"<p>08\/06\/2013 &#8211; 10\/06\/2013 &nbsp; Consejo General de los Colegios de Gestores Administrativos 07\/06\/2013 &#8211; Los registradores formalizar\u00e1n la compraventa de casas en Espa\u00f1a por extranjeros v\u00eda internet Idealista.com 07\/06\/2013 &#8211; Los registradores formalizar\u00e1n la compraventa de casas en Espa\u00f1a por &hellip; <a href=\"https:\/\/www.gestoresalicante.org\/blog\/index.php\/2013\/06\/10\/resumen-de-prensa-08-06-2013\/\">Sigue leyendo <span class=\"meta-nav\">&rarr;<\/span><\/a><\/p>\n","protected":false},"author":4,"featured_media":0,"comment_status":"closed","ping_status":"closed","sticky":false,"template":"","format":"standard","meta":{"footnotes":""},"categories":[6],"tags":[],"class_list":["post-410","post","type-post","status-publish","format-standard","hentry","category-resumendeprensa"],"_links":{"self":[{"href":"https:\/\/www.gestoresalicante.org\/blog\/index.php\/wp-json\/wp\/v2\/posts\/410","targetHints":{"allow":["GET"]}}],"collection":[{"href":"https:\/\/www.gestoresalicante.org\/blog\/index.php\/wp-json\/wp\/v2\/posts"}],"about":[{"href":"https:\/\/www.gestoresalicante.org\/blog\/index.php\/wp-json\/wp\/v2\/types\/post"}],"author":[{"embeddable":true,"href":"https:\/\/www.gestoresalicante.org\/blog\/index.php\/wp-json\/wp\/v2\/users\/4"}],"replies":[{"embeddable":true,"href":"https:\/\/www.gestoresalicante.org\/blog\/index.php\/wp-json\/wp\/v2\/comments?post=410"}],"version-history":[{"count":0,"href":"https:\/\/www.gestoresalicante.org\/blog\/index.php\/wp-json\/wp\/v2\/posts\/410\/revisions"}],"wp:attachment":[{"href":"https:\/\/www.gestoresalicante.org\/blog\/index.php\/wp-json\/wp\/v2\/media?parent=410"}],"wp:term":[{"taxonomy":"category","embeddable":true,"href":"https:\/\/www.gestoresalicante.org\/blog\/index.php\/wp-json\/wp\/v2\/categories?post=410"},{"taxonomy":"post_tag","embeddable":true,"href":"https:\/\/www.gestoresalicante.org\/blog\/index.php\/wp-json\/wp\/v2\/tags?post=410"}],"curies":[{"name":"wp","href":"https:\/\/api.w.org\/{rel}","templated":true}]}}