{"id":418,"date":"2013-06-26T11:36:43","date_gmt":"2013-06-26T09:36:43","guid":{"rendered":"http:\/\/www.gestoresalicante.org\/blog\/?p=418"},"modified":"2013-06-26T11:37:22","modified_gmt":"2013-06-26T09:37:22","slug":"bit-156","status":"publish","type":"post","link":"https:\/\/www.gestoresalicante.org\/blog\/index.php\/2013\/06\/26\/bit-156\/","title":{"rendered":"BIT 156"},"content":{"rendered":"<p><a href=\"http:\/\/www.gestoresalicante.org\/blog\/wp-content\/uploads\/2013\/06\/BIT-156.pdf\">Adjunto se remite el n\u00famero <strong>156<\/strong> del <strong>Bolet\u00edn Informativo Tributario (BIT)<\/strong>, correspondiente a la segunda quincena del mes de junio.<\/a><\/p>\n<p>El pr\u00f3ximo n\u00famero del <strong>BIT <\/strong>ser\u00e1 el correspondiente a la primera quincena del mes de julio.<\/p>\n","protected":false},"excerpt":{"rendered":"<p>Adjunto se remite el n\u00famero 156 del Bolet\u00edn Informativo Tributario (BIT), correspondiente a la segunda quincena del mes de junio. El pr\u00f3ximo n\u00famero del BIT ser\u00e1 el correspondiente a la primera quincena del mes de julio.<\/p>\n","protected":false},"author":4,"featured_media":0,"comment_status":"closed","ping_status":"closed","sticky":false,"template":"","format":"standard","meta":{"footnotes":""},"categories":[7],"tags":[],"class_list":["post-418","post","type-post","status-publish","format-standard","hentry","category-bit"],"_links":{"self":[{"href":"https:\/\/www.gestoresalicante.org\/blog\/index.php\/wp-json\/wp\/v2\/posts\/418","targetHints":{"allow":["GET"]}}],"collection":[{"href":"https:\/\/www.gestoresalicante.org\/blog\/index.php\/wp-json\/wp\/v2\/posts"}],"about":[{"href":"https:\/\/www.gestoresalicante.org\/blog\/index.php\/wp-json\/wp\/v2\/types\/post"}],"author":[{"embeddable":true,"href":"https:\/\/www.gestoresalicante.org\/blog\/index.php\/wp-json\/wp\/v2\/users\/4"}],"replies":[{"embeddable":true,"href":"https:\/\/www.gestoresalicante.org\/blog\/index.php\/wp-json\/wp\/v2\/comments?post=418"}],"version-history":[{"count":3,"href":"https:\/\/www.gestoresalicante.org\/blog\/index.php\/wp-json\/wp\/v2\/posts\/418\/revisions"}],"predecessor-version":[{"id":421,"href":"https:\/\/www.gestoresalicante.org\/blog\/index.php\/wp-json\/wp\/v2\/posts\/418\/revisions\/421"}],"wp:attachment":[{"href":"https:\/\/www.gestoresalicante.org\/blog\/index.php\/wp-json\/wp\/v2\/media?parent=418"}],"wp:term":[{"taxonomy":"category","embeddable":true,"href":"https:\/\/www.gestoresalicante.org\/blog\/index.php\/wp-json\/wp\/v2\/categories?post=418"},{"taxonomy":"post_tag","embeddable":true,"href":"https:\/\/www.gestoresalicante.org\/blog\/index.php\/wp-json\/wp\/v2\/tags?post=418"}],"curies":[{"name":"wp","href":"https:\/\/api.w.org\/{rel}","templated":true}]}}