{"id":429,"date":"2013-07-05T09:00:00","date_gmt":"2013-07-05T08:00:00","guid":{"rendered":"http:\/\/www.gestoresalicante.org\/blog\/index.php\/2013\/07\/05\/resumen-de-prensa-05-07-2013-2\/"},"modified":"-0001-11-30T00:00:00","modified_gmt":"-0001-11-29T22:00:00","slug":"resumen-de-prensa-05-07-2013-2","status":"publish","type":"post","link":"https:\/\/www.gestoresalicante.org\/blog\/index.php\/2013\/07\/05\/resumen-de-prensa-05-07-2013-2\/","title":{"rendered":"Resumen de Prensa 05-07-2013 (2)"},"content":{"rendered":"<div class=\"nboletin\">\n<table width=\"90%\" cellpadding=\"4\">\n<tr>\n<td colspan=\"3\">\n<div style=\"background-color: #CCCCCC;padding: 4px 10px 4px 10px;width: 100%;border: 1px #414141 solid;\"><img decoding=\"async\" alt=\"Consejo de Gestores\" src=\"http:\/\/www.gestoresalicante.org\/img\/newsletter\/conges.jpg\" width=226 height=70><\/div>\n<\/td>\n<\/tr>\n<tr>\n<td align=\"right\" colspan=\"3\"><strong>05\/07\/2013 <\/strong><\/td>\n<\/tr>\n<tr>\n<td colspan=\"3\">&nbsp;<\/td>\n<\/tr>\n<tr>\n<td colspan=\"3\" class=\"tgrupo\"><img loading=\"lazy\" decoding=\"async\" src=\"http:\/\/www.gestoresalicante.org\/img\/newsletter\/picto.jpg\" width=\"20\" height=\"18\" align=\"absmiddle\" style=\"margin-right: 4px;\"> <strong>Consejo General de los Colegios de Gestores Administrativos<\/strong><\/td>\n<\/tr>\n<tr>\n<td class=\"tfecha\">04\/07\/2013 &#8211;<\/td>\n<td class=\"titem\"><a href=\"http:\/\/www.clipmedia.net\/ficheros\/2013\/07_jul\/dx079.pdf\" target=\"_blank\">La C\u00e1mara de Comercio potenciar\u00e1 actividades de mediaci\u00f3n<\/a><\/td>\n<td align=\"right\" class=\"tfuente\">El Mundo<\/td>\n<\/tr>\n<tr>\n<td class=\"tfecha\">04\/07\/2013 &#8211;<\/td>\n<td class=\"titem\"><a href=\"http:\/\/www.clipmedia.net\/ficheros\/2013\/07_jul\/dx078.pdf\" target=\"_blank\">La C\u00e1mara de Valladolid y el Colegio Oficial de Gestores Administrativos unen fuerzas<\/a><\/td>\n<td align=\"right\" class=\"tfuente\">La Raz\u00f3n<\/td>\n<\/tr>\n<tr>\n<td class=\"tfecha\">04\/07\/2013 &#8211;<\/td>\n<td class=\"titem\"><a href=\"http:\/\/www.clipmedia.net\/ficheros\/2013\/07_jul\/dx074.pdf\" target=\"_blank\">La C\u00e1mara y los gestores administrativos fomentar\u00e1n la mediaci\u00f3n<\/a><\/td>\n<td align=\"right\" class=\"tfuente\">El D\u00eda de Valladolid<\/td>\n<\/tr>\n<tr>\n<td class=\"tfecha\">03\/07\/2013 &#8211;<\/td>\n<td class=\"titem\"><a href=\"http:\/\/www.clipmedia.net\/ficheros\/2013\/07_jul\/dx075.pdf\" target=\"_blank\">La C\u00e1mara y el Colegio de Gestores Administrativos promover\u00e1n actividades de mediaci\u00f3n y arbitraje mercantil<\/a><\/td>\n<td align=\"right\" class=\"tfuente\">Tribuna Valladolid.com<\/td>\n<\/tr>\n<tr>\n<td class=\"tfecha\">03\/07\/2013 &#8211;<\/td>\n<td class=\"titem\"><a href=\"http:\/\/www.clipmedia.net\/ficheros\/2013\/07_jul\/dx076.pdf\" target=\"_blank\">Acuerdo entre la C\u00e1mara de Valladolid y el Colegio de Gestores Administrativos para promover el liderazgo<\/a><\/td>\n<td align=\"right\" class=\"tfuente\">castillayleoneconomica.es<\/td>\n<\/tr>\n<tr>\n<td class=\"tfecha\">03\/07\/2013 &#8211;<\/td>\n<td class=\"titem\"><a href=\"http:\/\/www.clipmedia.net\/ficheros\/2013\/07_jul\/dx077.pdf\" target=\"_blank\">El ICOGAM asesora a m\u00e1s de 700 personas con pocos recursos en la declaraci\u00f3n de la renta<\/a><\/td>\n<td align=\"right\" class=\"tfuente\">Compromiso RSE<\/td>\n<\/tr>\n<tr>\n<td class=\"tfecha\">04\/07\/2013 &#8211;<\/td>\n<td class=\"titem\"><a href=\"http:\/\/www.clipmedia.net\/ficheros\/2013\/07_jul\/dx083.pdf\" target=\"_blank\">Gu\u00eda legal para reclamar si le arruinan las vacaciones<\/a><\/td>\n<td align=\"right\" class=\"tfuente\">Expansi\u00f3n<\/td>\n<\/tr>\n<tr>\n<td class=\"tfecha\">04\/07\/2013 &#8211;<\/td>\n<td class=\"titem\"><a href=\"http:\/\/www.clipmedia.net\/ficheros\/2013\/07_jul\/dx087.pdf\" target=\"_blank\">&#8216;Segunda oportunidad&#8217;: s\u00f3lo los emprendedores podr\u00e1n acogerse a ella<\/a><\/td>\n<td align=\"right\" class=\"tfuente\">El Economista<\/td>\n<\/tr>\n<tr>\n<td class=\"tfecha\">04\/07\/2013 &#8211;<\/td>\n<td class=\"titem\"><a href=\"http:\/\/www.clipmedia.net\/ficheros\/2013\/07_jul\/dx054.pdf\" target=\"_blank\">Hacienda eleva el castigo a las empresas <\/a><\/td>\n<td align=\"right\" class=\"tfuente\">Expansi\u00f3n<\/td>\n<\/tr>\n<tr>\n<td class=\"tfecha\">04\/07\/2013 &#8211;<\/td>\n<td class=\"titem\"><a href=\"http:\/\/www.clipmedia.net\/ficheros\/2013\/07_jul\/dx084.pdf\" target=\"_blank\">El Parlamento europeo abre la puerta para encarecer los costes del CO2<\/a><\/td>\n<td align=\"right\" class=\"tfuente\">El Economista<\/td>\n<\/tr>\n<tr>\n<td class=\"tfecha\">04\/07\/2013 &#8211;<\/td>\n<td class=\"titem\"><a href=\"http:\/\/www.clipmedia.net\/ficheros\/2013\/07_jul\/dx047.pdf\" target=\"_blank\">Mercedes Espa\u00f1a cierra la mayor venta de camiones en Europa<\/a><\/td>\n<td align=\"right\" class=\"tfuente\">El Mundo<\/td>\n<\/tr>\n<tr>\n<td class=\"tfecha\">04\/07\/2013 &#8211;<\/td>\n<td class=\"titem\"><a href=\"http:\/\/www.clipmedia.net\/ficheros\/2013\/07_jul\/dx048.pdf\" target=\"_blank\">Los talleres pierden un 3% de empleo <\/a><\/td>\n<td align=\"right\" class=\"tfuente\">El Mundo<\/td>\n<\/tr>\n<tr>\n<td class=\"tfecha\">04\/07\/2013 &#8211;<\/td>\n<td class=\"titem\"><a href=\"http:\/\/www.clipmedia.net\/ficheros\/2013\/07_jul\/dx049.pdf\" target=\"_blank\">Tercer mes de subida del mercado de las furgonetas<\/a><\/td>\n<td align=\"right\" class=\"tfuente\">El Mundo<\/td>\n<\/tr>\n<tr>\n<td class=\"tfecha\">04\/07\/2013 &#8211;<\/td>\n<td class=\"titem\"><a href=\"http:\/\/www.clipmedia.net\/ficheros\/2013\/07_jul\/dx056.pdf\" target=\"_blank\">Los accidentes laborales de tr\u00e1fico<\/a><\/td>\n<td align=\"right\" class=\"tfuente\">El Economista &#8211; Suplementos<\/td>\n<\/tr>\n<tr>\n<td class=\"tfecha\">04\/07\/2013 &#8211;<\/td>\n<td class=\"titem\"><a href=\"http:\/\/www.clipmedia.net\/ficheros\/2013\/07_jul\/dx092.pdf\" target=\"_blank\">La automoci\u00f3n alemana cierra su peor semestre desde el inicio de la crisis<\/a><\/td>\n<td align=\"right\" class=\"tfuente\">Cinco D\u00edas<\/td>\n<\/tr>\n<tr>\n<td class=\"tfecha\">04\/07\/2013 &#8211;<\/td>\n<td class=\"titem\"><a href=\"http:\/\/www.clipmedia.net\/ficheros\/2013\/07_jul\/dx093.pdf\" target=\"_blank\">Los camioneros afrontan el peje en todas las carreteras de Francia<\/a><\/td>\n<td align=\"right\" class=\"tfuente\">Cinco D\u00edas<\/td>\n<\/tr>\n<tr>\n<td colspan=\"3\">&nbsp;<\/td>\n<\/tr>\n<tr>\n<td colspan=\"3\" class=\"tgrupo\"><img loading=\"lazy\" decoding=\"async\" src=\"http:\/\/www.gestoresalicante.org\/img\/newsletter\/picto.jpg\" width=\"20\" height=\"18\" align=\"absmiddle\" style=\"margin-right: 4px;\"> <strong>Ventana Telem\u00e1tica<\/strong><\/td>\n<\/tr>\n<tr>\n<td colspan=\"3\">(No hay registros)<\/td>\n<\/tr>\n<tr>\n<td colspan=\"3\">&nbsp;<\/td>\n<\/tr>\n<tr>\n<td colspan=\"3\" class=\"tgrupo\"><img loading=\"lazy\" decoding=\"async\" src=\"http:\/\/www.gestoresalicante.org\/img\/newsletter\/picto.jpg\" width=\"20\" height=\"18\" align=\"absmiddle\" style=\"margin-right: 4px;\"> <strong> Sector de la formaci\u00f3n<\/strong><\/td>\n<\/tr>\n<tr>\n<td class=\"tfecha\">04\/07\/2013 &#8211;<\/td>\n<td class=\"titem\"><a href=\"http:\/\/www.clipmedia.net\/ficheros\/2013\/07_jul\/dx095.pdf\" target=\"_blank\">Los ingenieros con estudios de posgrado ganan m\u00e1s y sufren menos desempleo<\/a><\/td>\n<td align=\"right\" class=\"tfuente\">Cinco D\u00edas<\/td>\n<\/tr>\n<tr>\n<td class=\"tfecha\">04\/07\/2013 &#8211;<\/td>\n<td class=\"titem\"><a href=\"http:\/\/www.clipmedia.net\/ficheros\/2013\/07_jul\/dx097.pdf\" target=\"_blank\">Llega la hora del deseado becario ( y este a\u00f1o mucho m\u00e1s)<\/a><\/td>\n<td align=\"right\" class=\"tfuente\">Cinco D\u00edas<\/td>\n<\/tr>\n<tr>\n<td class=\"tfecha\">04\/07\/2013 &#8211;<\/td>\n<td class=\"titem\"><a href=\"http:\/\/www.clipmedia.net\/ficheros\/2013\/07_jul\/dx046.pdf\" target=\"_blank\">Los rectores se oponen a que se quite la Selectividad<\/a><\/td>\n<td align=\"right\" class=\"tfuente\">El Mundo<\/td>\n<\/tr>\n<tr>\n<td class=\"tfecha\">04\/07\/2013 &#8211;<\/td>\n<td class=\"titem\"><a href=\"http:\/\/www.clipmedia.net\/ficheros\/2013\/07_jul\/dx055.pdf\" target=\"_blank\">El m\u00e9dico perder\u00e1 la mitad de la pensi\u00f3n si decide seguir en activo<\/a><\/td>\n<td align=\"right\" class=\"tfuente\">El Economista &#8211; Suplementos<\/td>\n<\/tr>\n<tr>\n<td class=\"tfecha\">04\/07\/2013 &#8211;<\/td>\n<td class=\"titem\"><a href=\"http:\/\/www.clipmedia.net\/ficheros\/2013\/07_jul\/dx057.pdf\" target=\"_blank\">M\u00e9dicos y enfermeras pol\u00edglotas<\/a><\/td>\n<td align=\"right\" class=\"tfuente\">El Economista &#8211; Suplementos<\/td>\n<\/tr>\n<tr>\n<td class=\"tfecha\">04\/07\/2013 &#8211;<\/td>\n<td class=\"titem\"><a href=\"http:\/\/www.clipmedia.net\/ficheros\/2013\/07_jul\/dx081.pdf\" target=\"_blank\">Rajoy conf\u00eda en que recibir\u00e1 m\u00e1s dinero del previsto contra el paro<\/a><\/td>\n<td align=\"right\" class=\"tfuente\">La Vanguardia<\/td>\n<\/tr>\n<tr>\n<td class=\"tfecha\">04\/07\/2013 &#8211;<\/td>\n<td class=\"titem\"><a href=\"http:\/\/www.clipmedia.net\/ficheros\/2013\/07_jul\/dx088.pdf\" target=\"_blank\">El Tribunal Supremo redefine la figura de la incapacidad<\/a><\/td>\n<td align=\"right\" class=\"tfuente\">El Economista<\/td>\n<\/tr>\n<tr>\n<td class=\"tfecha\">04\/07\/2013 &#8211;<\/td>\n<td class=\"titem\"><a href=\"http:\/\/www.clipmedia.net\/ficheros\/2013\/07_jul\/dx089.pdf\" target=\"_blank\">CCOO y UGT piden a B\u00e1\u00f1ez que salve 1.300 convenios<\/a><\/td>\n<td align=\"right\" class=\"tfuente\">El Peri\u00f3dico de Catalunya<\/td>\n<\/tr>\n<tr>\n<td class=\"tfecha\">04\/07\/2013 &#8211;<\/td>\n<td class=\"titem\"><a href=\"http:\/\/www.clipmedia.net\/ficheros\/2013\/07_jul\/dx090.pdf\" target=\"_blank\">Nace el mayor mercado virtual de Espa\u00f1a para impulsar el emprendimiento<\/a><\/td>\n<td align=\"right\" class=\"tfuente\">Cinco D\u00edas<\/td>\n<\/tr>\n<tr>\n<td class=\"tfecha\">04\/07\/2013 &#8211;<\/td>\n<td class=\"titem\"><a href=\"http:\/\/www.clipmedia.net\/ficheros\/2013\/07_jul\/dx094.pdf\" target=\"_blank\">Solo el 23% de los aut\u00f3nomos declara ganar m\u00e1s de 1.000 euros al mes<\/a><\/td>\n<td align=\"right\" class=\"tfuente\">Cinco D\u00edas<\/td>\n<\/tr>\n<tr>\n<td class=\"tfecha\">04\/07\/2013 &#8211;<\/td>\n<td class=\"titem\"><a href=\"http:\/\/www.clipmedia.net\/ficheros\/2013\/07_jul\/dx082.pdf\" target=\"_blank\">Londres se inventa un nuevo barrio<\/a><\/td>\n<td align=\"right\" class=\"tfuente\">Expansi\u00f3n<\/td>\n<\/tr>\n<tr>\n<td class=\"tfecha\">04\/07\/2013 &#8211;<\/td>\n<td class=\"titem\"><a href=\"http:\/\/www.clipmedia.net\/ficheros\/2013\/07_jul\/dx085.pdf\" target=\"_blank\">El Gobierno da el visto bueno para vender 15.000 inmuebles en tres a\u00f1os<\/a><\/td>\n<td align=\"right\" class=\"tfuente\">El Economista<\/td>\n<\/tr>\n<tr>\n<td class=\"tfecha\">04\/07\/2013 &#8211;<\/td>\n<td class=\"titem\"><a href=\"http:\/\/www.clipmedia.net\/ficheros\/2013\/07_jul\/dx086.pdf\" target=\"_blank\">El acuerdo de refinanciaci\u00f3n impide ejecutar las hipotecas<\/a><\/td>\n<td align=\"right\" class=\"tfuente\">El Economista<\/td>\n<\/tr>\n<tr>\n<td colspan=\"3\">&nbsp;<\/td>\n<\/tr>\n<tr>\n<td colspan=\"3\" class=\"tgrupo\"><img loading=\"lazy\" decoding=\"async\" src=\"http:\/\/www.gestoresalicante.org\/img\/newsletter\/picto.jpg\" width=\"20\" height=\"18\" align=\"absmiddle\" style=\"margin-right: 4px;\"> <strong>B.O.E<\/strong><\/td>\n<\/tr>\n<tr>\n<td colspan=\"3\">(No hay registros)<\/td>\n<\/tr>\n<\/table>\n<\/div>\n","protected":false},"excerpt":{"rendered":"<p>05\/07\/2013 &nbsp; Consejo General de los Colegios de Gestores Administrativos 04\/07\/2013 &#8211; La C\u00e1mara de Comercio potenciar\u00e1 actividades de mediaci\u00f3n El Mundo 04\/07\/2013 &#8211; La C\u00e1mara de Valladolid y el Colegio Oficial de Gestores Administrativos unen fuerzas La Raz\u00f3n 04\/07\/2013 &hellip; <a href=\"https:\/\/www.gestoresalicante.org\/blog\/index.php\/2013\/07\/05\/resumen-de-prensa-05-07-2013-2\/\">Sigue leyendo <span class=\"meta-nav\">&rarr;<\/span><\/a><\/p>\n","protected":false},"author":4,"featured_media":0,"comment_status":"closed","ping_status":"closed","sticky":false,"template":"","format":"standard","meta":{"footnotes":""},"categories":[6],"tags":[],"class_list":["post-429","post","type-post","status-publish","format-standard","hentry","category-resumendeprensa"],"_links":{"self":[{"href":"https:\/\/www.gestoresalicante.org\/blog\/index.php\/wp-json\/wp\/v2\/posts\/429","targetHints":{"allow":["GET"]}}],"collection":[{"href":"https:\/\/www.gestoresalicante.org\/blog\/index.php\/wp-json\/wp\/v2\/posts"}],"about":[{"href":"https:\/\/www.gestoresalicante.org\/blog\/index.php\/wp-json\/wp\/v2\/types\/post"}],"author":[{"embeddable":true,"href":"https:\/\/www.gestoresalicante.org\/blog\/index.php\/wp-json\/wp\/v2\/users\/4"}],"replies":[{"embeddable":true,"href":"https:\/\/www.gestoresalicante.org\/blog\/index.php\/wp-json\/wp\/v2\/comments?post=429"}],"version-history":[{"count":0,"href":"https:\/\/www.gestoresalicante.org\/blog\/index.php\/wp-json\/wp\/v2\/posts\/429\/revisions"}],"wp:attachment":[{"href":"https:\/\/www.gestoresalicante.org\/blog\/index.php\/wp-json\/wp\/v2\/media?parent=429"}],"wp:term":[{"taxonomy":"category","embeddable":true,"href":"https:\/\/www.gestoresalicante.org\/blog\/index.php\/wp-json\/wp\/v2\/categories?post=429"},{"taxonomy":"post_tag","embeddable":true,"href":"https:\/\/www.gestoresalicante.org\/blog\/index.php\/wp-json\/wp\/v2\/tags?post=429"}],"curies":[{"name":"wp","href":"https:\/\/api.w.org\/{rel}","templated":true}]}}