{"id":450,"date":"2013-07-24T15:05:32","date_gmt":"2013-07-24T13:05:32","guid":{"rendered":"http:\/\/www.gestoresalicante.org\/blog\/?p=450"},"modified":"2013-07-24T15:06:12","modified_gmt":"2013-07-24T13:06:12","slug":"bit-158","status":"publish","type":"post","link":"https:\/\/www.gestoresalicante.org\/blog\/index.php\/2013\/07\/24\/bit-158\/","title":{"rendered":"BIT 158"},"content":{"rendered":"<p><a href=\"http:\/\/www.gestoresalicante.org\/blog\/wp-content\/uploads\/2013\/07\/BIT-158.pdf\" target=\"_blank\">Adjunto se remite el n\u00famero <strong>158<\/strong> del <strong>Bolet\u00edn Informativo Tributario (BIT)<\/strong>, correspondiente a la segunda quincena del mes de julio.<\/a><\/p>\n<p><a href=\"http:\/\/www.gestoresalicante.org\/blog\/wp-content\/uploads\/2013\/07\/BIT-158.pdf\" target=\"_blank\">El pr\u00f3ximo n\u00famero del <strong>BIT <\/strong>ser\u00e1 el correspondiente a la primera quincena del mes de septiembre.<\/a><\/p>\n","protected":false},"excerpt":{"rendered":"<p>Adjunto se remite el n\u00famero 158 del Bolet\u00edn Informativo Tributario (BIT), correspondiente a la segunda quincena del mes de julio. El pr\u00f3ximo n\u00famero del BIT ser\u00e1 el correspondiente a la primera quincena del mes de septiembre.<\/p>\n","protected":false},"author":4,"featured_media":0,"comment_status":"closed","ping_status":"closed","sticky":false,"template":"","format":"standard","meta":{"footnotes":""},"categories":[7],"tags":[],"class_list":["post-450","post","type-post","status-publish","format-standard","hentry","category-bit"],"_links":{"self":[{"href":"https:\/\/www.gestoresalicante.org\/blog\/index.php\/wp-json\/wp\/v2\/posts\/450","targetHints":{"allow":["GET"]}}],"collection":[{"href":"https:\/\/www.gestoresalicante.org\/blog\/index.php\/wp-json\/wp\/v2\/posts"}],"about":[{"href":"https:\/\/www.gestoresalicante.org\/blog\/index.php\/wp-json\/wp\/v2\/types\/post"}],"author":[{"embeddable":true,"href":"https:\/\/www.gestoresalicante.org\/blog\/index.php\/wp-json\/wp\/v2\/users\/4"}],"replies":[{"embeddable":true,"href":"https:\/\/www.gestoresalicante.org\/blog\/index.php\/wp-json\/wp\/v2\/comments?post=450"}],"version-history":[{"count":2,"href":"https:\/\/www.gestoresalicante.org\/blog\/index.php\/wp-json\/wp\/v2\/posts\/450\/revisions"}],"predecessor-version":[{"id":453,"href":"https:\/\/www.gestoresalicante.org\/blog\/index.php\/wp-json\/wp\/v2\/posts\/450\/revisions\/453"}],"wp:attachment":[{"href":"https:\/\/www.gestoresalicante.org\/blog\/index.php\/wp-json\/wp\/v2\/media?parent=450"}],"wp:term":[{"taxonomy":"category","embeddable":true,"href":"https:\/\/www.gestoresalicante.org\/blog\/index.php\/wp-json\/wp\/v2\/categories?post=450"},{"taxonomy":"post_tag","embeddable":true,"href":"https:\/\/www.gestoresalicante.org\/blog\/index.php\/wp-json\/wp\/v2\/tags?post=450"}],"curies":[{"name":"wp","href":"https:\/\/api.w.org\/{rel}","templated":true}]}}