{"id":475,"date":"2013-09-16T09:00:00","date_gmt":"2013-09-16T08:00:00","guid":{"rendered":"http:\/\/www.gestoresalicante.org\/blog\/index.php\/2013\/09\/16\/resumen-de-prensa-14-09-2013\/"},"modified":"-0001-11-30T00:00:00","modified_gmt":"-0001-11-29T22:00:00","slug":"resumen-de-prensa-14-09-2013","status":"publish","type":"post","link":"https:\/\/www.gestoresalicante.org\/blog\/index.php\/2013\/09\/16\/resumen-de-prensa-14-09-2013\/","title":{"rendered":"Resumen de Prensa 14-09-2013"},"content":{"rendered":"<div class=\"nboletin\">\n<table width=\"90%\" cellpadding=\"4\">\n<tr>\n<td colspan=\"3\">\n<div style=\"background-color: #CCCCCC;padding: 4px 10px 4px 10px;width: 100%;border: 1px #414141 solid;\"><img decoding=\"async\" alt=\"Consejo de Gestores\" src=\"http:\/\/www.gestoresalicante.org\/img\/newsletter\/conges.jpg\" width=226 height=70><\/div>\n<\/td>\n<\/tr>\n<tr>\n<td align=\"right\" colspan=\"3\"><strong>14\/09\/2013 &#8211; 16\/09\/2013 <\/strong><\/td>\n<\/tr>\n<tr>\n<td colspan=\"3\">&nbsp;<\/td>\n<\/tr>\n<tr>\n<td colspan=\"3\" class=\"tgrupo\"><img loading=\"lazy\" decoding=\"async\" src=\"http:\/\/www.gestoresalicante.org\/img\/newsletter\/picto.jpg\" width=\"20\" height=\"18\" align=\"absmiddle\" style=\"margin-right: 4px;\"> <strong>Consejo General de los Colegios de Gestores Administrativos<\/strong><\/td>\n<\/tr>\n<tr>\n<td class=\"tfecha\">16\/09\/2013 &#8211;<\/td>\n<td class=\"titem\"><a href=\"http:\/\/www.clipmedia.net\/ficheros\/2013\/09_sep\/dv326.pdf\" target=\"_blank\">Ge\u00f3logos emprendedores<\/a><\/td>\n<td align=\"right\" class=\"tfuente\">Cinco D\u00edas<\/td>\n<\/tr>\n<tr>\n<td class=\"tfecha\">14\/09\/2013 &#8211;<\/td>\n<td class=\"titem\"><a href=\"http:\/\/www.clipmedia.net\/ficheros\/2013\/09_sep\/dv341.pdf\" target=\"_blank\">El ICOG organiza una jornada de emprendimiento<\/a><\/td>\n<td align=\"right\" class=\"tfuente\">Infocalidad.net<\/td>\n<\/tr>\n<tr>\n<td class=\"tfecha\">16\/09\/2013 &#8211;<\/td>\n<td class=\"titem\"><a href=\"http:\/\/www.clipmedia.net\/ficheros\/2013\/09_sep\/dv342.pdf\" target=\"_blank\">Ge\u00f3logos emprendedores<\/a><\/td>\n<td align=\"right\" class=\"tfuente\">Noticias.com<\/td>\n<\/tr>\n<tr>\n<td class=\"tfecha\">16\/09\/2013 &#8211;<\/td>\n<td class=\"titem\"><a href=\"http:\/\/www.clipmedia.net\/ficheros\/2013\/09_sep\/dv343.pdf\" target=\"_blank\">Ge\u00f3logos emprendedores<\/a><\/td>\n<td align=\"right\" class=\"tfuente\">Periodico.com<\/td>\n<\/tr>\n<tr>\n<td class=\"tfecha\">13\/09\/2013 &#8211;<\/td>\n<td class=\"titem\"><a href=\"http:\/\/www.clipmedia.net\/ficheros\/2013\/09_sep\/dv327.pdf\" target=\"_blank\">El Colegio de Ge\u00f3logos organiza una jornada sobre emprendimiento<\/a><\/td>\n<td align=\"right\" class=\"tfuente\">Europa Press<\/td>\n<\/tr>\n<tr>\n<td class=\"tfecha\">13\/09\/2013 &#8211;<\/td>\n<td class=\"titem\"><a href=\"http:\/\/www.clipmedia.net\/ficheros\/2013\/09_sep\/dv328.pdf\" target=\"_blank\">El Colegio de Gestores Administrativos de Castilla y Le\u00f3n se suma al programa &#8216;Yo Soy Empleo&#8217; de BBVA<\/a><\/td>\n<td align=\"right\" class=\"tfuente\">El Norte de Castilla Digital<\/td>\n<\/tr>\n<tr>\n<td class=\"tfecha\">14\/09\/2013 &#8211;<\/td>\n<td class=\"titem\"><a href=\"http:\/\/www.clipmedia.net\/ficheros\/2013\/09_sep\/dv329.pdf\" target=\"_blank\">El Colegio de Ge\u00f3logos organiza una jornada sobre emprendimiento<\/a><\/td>\n<td align=\"right\" class=\"tfuente\">El Economista (digital)<\/td>\n<\/tr>\n<tr>\n<td class=\"tfecha\">13\/09\/2013 &#8211;<\/td>\n<td class=\"titem\"><a href=\"http:\/\/www.clipmedia.net\/ficheros\/2013\/09_sep\/dv330.pdf\" target=\"_blank\">El Colegio de Gestores Administrativos de Castilla y Le\u00f3n se suma a &#8216;Yo soy empleo&#8217; de BBVA<\/a><\/td>\n<td align=\"right\" class=\"tfuente\">castillayleoneconomica.es<\/td>\n<\/tr>\n<tr>\n<td class=\"tfecha\">13\/09\/2013 &#8211;<\/td>\n<td class=\"titem\"><a href=\"http:\/\/www.clipmedia.net\/ficheros\/2013\/09_sep\/dv331.pdf\" target=\"_blank\">El Colegio de Gestores Administrativos de Castilla y Le\u00f3n apoya el programa &#8216;Yo Soy Empleo&#8217; de BBVA<\/a><\/td>\n<td align=\"right\" class=\"tfuente\">ICAL News<\/td>\n<\/tr>\n<tr>\n<td class=\"tfecha\">13\/09\/2013 &#8211;<\/td>\n<td class=\"titem\"><a href=\"http:\/\/www.clipmedia.net\/ficheros\/2013\/09_sep\/dv332.pdf\" target=\"_blank\">Un total de 212 gestores asociados al Colegio Oficial de CyL se beneficiar\u00e1 del programa &#8216;Yo soy empleo&#8217; del BBVA<\/a><\/td>\n<td align=\"right\" class=\"tfuente\">Europa Press<\/td>\n<\/tr>\n<tr>\n<td class=\"tfecha\">13\/09\/2013 &#8211;<\/td>\n<td class=\"titem\"><a href=\"http:\/\/www.clipmedia.net\/ficheros\/2013\/09_sep\/dv333.pdf\" target=\"_blank\">Un total de 212 gestores asociados al Colegio Oficial de CyL se beneficiar\u00e1 del programa &#8216;Yo soy empleo&#8217; del BBVA<\/a><\/td>\n<td align=\"right\" class=\"tfuente\">La Informaci\u00f3n Digital.com<\/td>\n<\/tr>\n<tr>\n<td class=\"tfecha\">13\/09\/2013 &#8211;<\/td>\n<td class=\"titem\"><a href=\"http:\/\/www.clipmedia.net\/ficheros\/2013\/09_sep\/dv334.pdf\" target=\"_blank\">Un total de 212 gestores asociados al Colegio Oficial de CyL se beneficiar\u00e1 del programa &#8216;Yo soy empleo&#8217; del BBVA<\/a><\/td>\n<td align=\"right\" class=\"tfuente\">El Economista (digital)<\/td>\n<\/tr>\n<tr>\n<td class=\"tfecha\">13\/09\/2013 &#8211;<\/td>\n<td class=\"titem\"><a href=\"http:\/\/www.clipmedia.net\/ficheros\/2013\/09_sep\/dv335.pdf\" target=\"_blank\">Un total de 212 gestores asociados al Colegio Oficial de CyL se beneficiar\u00e1 del programa &#8216;Yo soy empleo&#8217; del BBVA<\/a><\/td>\n<td align=\"right\" class=\"tfuente\">Gentedigital.es<\/td>\n<\/tr>\n<tr>\n<td class=\"tfecha\">13\/09\/2013 &#8211;<\/td>\n<td class=\"titem\"><a href=\"http:\/\/www.clipmedia.net\/ficheros\/2013\/09_sep\/dv336.pdf\" target=\"_blank\">Un total de 212 gestores asociados al Colegio Oficial de CyL se beneficiar\u00e1 del programa &#8216;Yo soy empleo&#8217; del BBVA<\/a><\/td>\n<td align=\"right\" class=\"tfuente\">20 minutos (digital)<\/td>\n<\/tr>\n<tr>\n<td class=\"tfecha\">13\/09\/2013 &#8211;<\/td>\n<td class=\"titem\"><a href=\"http:\/\/www.clipmedia.net\/ficheros\/2013\/09_sep\/dv337.pdf\" target=\"_blank\">Un total de 212 gestores asociados al Colegio Oficial de CyL se beneficiar\u00e1 del programa &#8216;Yo soy empleo&#8217; del BBVA<\/a><\/td>\n<td align=\"right\" class=\"tfuente\">La Vanguardia (digital)<\/td>\n<\/tr>\n<tr>\n<td class=\"tfecha\">13\/09\/2013 &#8211;<\/td>\n<td class=\"titem\"><a href=\"http:\/\/www.clipmedia.net\/ficheros\/2013\/09_sep\/dv338.pdf\" target=\"_blank\">Un total de 212 gestores asociados al Colegio Oficial de CyL se beneficiar\u00e1 del programa &#8216;Yo soy empleo&#8217; del BBVA<\/a><\/td>\n<td align=\"right\" class=\"tfuente\">Te interesa.es<\/td>\n<\/tr>\n<tr>\n<td class=\"tfecha\">13\/09\/2013 &#8211;<\/td>\n<td class=\"titem\"><a href=\"http:\/\/www.clipmedia.net\/ficheros\/2013\/09_sep\/dv339.pdf\" target=\"_blank\">La nueva Ley divide a los colegios profesionales<\/a><\/td>\n<td align=\"right\" class=\"tfuente\">Canarias Ahora .com<\/td>\n<\/tr>\n<tr>\n<td class=\"tfecha\">14\/09\/2013 &#8211;<\/td>\n<td class=\"titem\"><a href=\"http:\/\/www.clipmedia.net\/ficheros\/2013\/09_sep\/dv340.pdf\" target=\"_blank\">El Colegio de Gestores Administrativos de Castilla y Le\u00f3n apoya el programa &#8216;Yo Soy Empleo&#8217; de BBVA<\/a><\/td>\n<td align=\"right\" class=\"tfuente\">Diario de Le\u00f3n<\/td>\n<\/tr>\n<tr>\n<td class=\"tfecha\">16\/09\/2013 &#8211;<\/td>\n<td class=\"titem\"><a href=\"http:\/\/www.clipmedia.net\/ficheros\/2013\/09_sep\/dv354.pdf\" target=\"_blank\">Hacienda facilita la repatriaci\u00f3n de fondos aflorados por la amnist\u00eda<\/a><\/td>\n<td align=\"right\" class=\"tfuente\">Expansi\u00f3n<\/td>\n<\/tr>\n<tr>\n<td class=\"tfecha\">16\/09\/2013 &#8211;<\/td>\n<td class=\"titem\"><a href=\"http:\/\/www.clipmedia.net\/ficheros\/2013\/09_sep\/dv356.pdf\" target=\"_blank\">Qu\u00e9 le espera a un abogado &#8216;junior&#8217; al llegar a un despacho<\/a><\/td>\n<td align=\"right\" class=\"tfuente\">Expansi\u00f3n<\/td>\n<\/tr>\n<tr>\n<td class=\"tfecha\">14\/09\/2013 &#8211;<\/td>\n<td class=\"titem\"><a href=\"http:\/\/www.clipmedia.net\/ficheros\/2013\/09_sep\/dv364.pdf\" target=\"_blank\">Hacienda suaviza el varapalo fiscal a empresas que dieron dividendos<\/a><\/td>\n<td align=\"right\" class=\"tfuente\">Expansi\u00f3n<\/td>\n<\/tr>\n<tr>\n<td class=\"tfecha\">16\/09\/2013 &#8211;<\/td>\n<td class=\"titem\"><a href=\"http:\/\/www.clipmedia.net\/ficheros\/2013\/09_sep\/dv367.pdf\" target=\"_blank\">ERE: la informaci\u00f3n sesgada de la empresa no lo hace nulo<\/a><\/td>\n<td align=\"right\" class=\"tfuente\">El Economista<\/td>\n<\/tr>\n<tr>\n<td class=\"tfecha\">16\/09\/2013 &#8211;<\/td>\n<td class=\"titem\"><a href=\"http:\/\/www.clipmedia.net\/ficheros\/2013\/09_sep\/dv295.pdf\" target=\"_blank\">Amputaciones y falsas enfermedades para timar al seguro<\/a><\/td>\n<td align=\"right\" class=\"tfuente\">La Raz\u00f3n<\/td>\n<\/tr>\n<tr>\n<td class=\"tfecha\">14\/09\/2013 &#8211;<\/td>\n<td class=\"titem\"><a href=\"http:\/\/www.clipmedia.net\/ficheros\/2013\/09_sep\/dv297.pdf\" target=\"_blank\">PSA busca socios para poner a punto el h\u00edbrido de aire<\/a><\/td>\n<td align=\"right\" class=\"tfuente\">La Raz\u00f3n<\/td>\n<\/tr>\n<tr>\n<td class=\"tfecha\">16\/09\/2013 &#8211;<\/td>\n<td class=\"titem\"><a href=\"http:\/\/www.clipmedia.net\/ficheros\/2013\/09_sep\/dv344.pdf\" target=\"_blank\">Los coches aut\u00f3nomos aceleran<\/a><\/td>\n<td align=\"right\" class=\"tfuente\">La Vanguardia<\/td>\n<\/tr>\n<tr>\n<td class=\"tfecha\">16\/09\/2013 &#8211;<\/td>\n<td class=\"titem\"><a href=\"http:\/\/www.clipmedia.net\/ficheros\/2013\/09_sep\/dv347.pdf\" target=\"_blank\">Editorial &#8211; El autom\u00f3vil, en v\u00edas de estabilizaci\u00f3n<\/a><\/td>\n<td align=\"right\" class=\"tfuente\">La Vanguardia<\/td>\n<\/tr>\n<tr>\n<td class=\"tfecha\">16\/09\/2013 &#8211;<\/td>\n<td class=\"titem\"><a href=\"http:\/\/www.clipmedia.net\/ficheros\/2013\/09_sep\/dv349.pdf\" target=\"_blank\">Montar su negocio en un clic, \u00bfdeseo o realidad?<\/a><\/td>\n<td align=\"right\" class=\"tfuente\">Cinco D\u00edas &#8211; Pymes<\/td>\n<\/tr>\n<tr>\n<td class=\"tfecha\">16\/09\/2013 &#8211;<\/td>\n<td class=\"titem\"><a href=\"http:\/\/www.clipmedia.net\/ficheros\/2013\/09_sep\/dv351.pdf\" target=\"_blank\">IE y Esade, en el &#8216;top ten&#8217; de los m\u00e1steres de gesti\u00f3n<\/a><\/td>\n<td align=\"right\" class=\"tfuente\">Expansi\u00f3n<\/td>\n<\/tr>\n<tr>\n<td class=\"tfecha\">16\/09\/2013 &#8211;<\/td>\n<td class=\"titem\"><a href=\"http:\/\/www.clipmedia.net\/ficheros\/2013\/09_sep\/dv357.pdf\" target=\"_blank\">eNova Distribuci\u00f3n irrumpe en el sector de la formaci\u00f3n a la carta<\/a><\/td>\n<td align=\"right\" class=\"tfuente\">El Economista<\/td>\n<\/tr>\n<tr>\n<td class=\"tfecha\">15\/09\/2013 &#8211;<\/td>\n<td class=\"titem\"><a href=\"http:\/\/www.clipmedia.net\/ficheros\/2013\/09_sep\/dv358.pdf\" target=\"_blank\">El 22% de los parados tiene titulaci\u00f3n superior<\/a><\/td>\n<td align=\"right\" class=\"tfuente\">La Vanguardia<\/td>\n<\/tr>\n<tr>\n<td class=\"tfecha\">16\/09\/2013 &#8211;<\/td>\n<td class=\"titem\"><a href=\"http:\/\/www.clipmedia.net\/ficheros\/2013\/09_sep\/dv365.pdf\" target=\"_blank\">La Aut\u00f3noma de Madrid, la segunda universidad espa\u00f1ola mejor valorada<\/a><\/td>\n<td align=\"right\" class=\"tfuente\">El Economista<\/td>\n<\/tr>\n<tr>\n<td class=\"tfecha\">14\/09\/2013 &#8211;<\/td>\n<td class=\"titem\"><a href=\"http:\/\/www.clipmedia.net\/ficheros\/2013\/09_sep\/dv296.pdf\" target=\"_blank\">B\u00e1\u00f1ez se queda sola con su reforma de pensiones<\/a><\/td>\n<td align=\"right\" class=\"tfuente\">La Raz\u00f3n<\/td>\n<\/tr>\n<tr>\n<td class=\"tfecha\">16\/09\/2013 &#8211;<\/td>\n<td class=\"titem\"><a href=\"http:\/\/www.clipmedia.net\/ficheros\/2013\/09_sep\/dv346.pdf\" target=\"_blank\">La Generalitat prepara un plan de empleo juvenil<\/a><\/td>\n<td align=\"right\" class=\"tfuente\">La Vanguardia<\/td>\n<\/tr>\n<tr>\n<td class=\"tfecha\">16\/09\/2013 &#8211;<\/td>\n<td class=\"titem\"><a href=\"http:\/\/www.clipmedia.net\/ficheros\/2013\/09_sep\/dv352.pdf\" target=\"_blank\">Arabia Saud\u00ed, un &#8216;oasis&#8217; empresarial en el Golfo<\/a><\/td>\n<td align=\"right\" class=\"tfuente\">Expansi\u00f3n<\/td>\n<\/tr>\n<tr>\n<td class=\"tfecha\">15\/09\/2013 &#8211;<\/td>\n<td class=\"titem\"><a href=\"http:\/\/www.clipmedia.net\/ficheros\/2013\/09_sep\/dv359.pdf\" target=\"_blank\">El esc\u00e1ndalo de los contratos &#8216;cero&#8217;<\/a><\/td>\n<td align=\"right\" class=\"tfuente\">La Vanguardia<\/td>\n<\/tr>\n<tr>\n<td class=\"tfecha\">15\/09\/2013 &#8211;<\/td>\n<td class=\"titem\"><a href=\"http:\/\/www.clipmedia.net\/ficheros\/2013\/09_sep\/dv360.pdf\" target=\"_blank\">T\u00edtulos sin empleos<\/a><\/td>\n<td align=\"right\" class=\"tfuente\">El Peri\u00f3dico de Catalunya<\/td>\n<\/tr>\n<tr>\n<td class=\"tfecha\">14\/09\/2013 &#8211;<\/td>\n<td class=\"titem\"><a href=\"http:\/\/www.clipmedia.net\/ficheros\/2013\/09_sep\/dv361.pdf\" target=\"_blank\">UGT y CC.OO. piden al Gobierno retirar la reforma de las pensiones <\/a><\/td>\n<td align=\"right\" class=\"tfuente\">La Vanguardia<\/td>\n<\/tr>\n<tr>\n<td class=\"tfecha\">14\/09\/2013 &#8211;<\/td>\n<td class=\"titem\"><a href=\"http:\/\/www.clipmedia.net\/ficheros\/2013\/09_sep\/dv362.pdf\" target=\"_blank\">Primer paso para devaluar las pensiones<\/a><\/td>\n<td align=\"right\" class=\"tfuente\">El Pa\u00eds<\/td>\n<\/tr>\n<tr>\n<td class=\"tfecha\">14\/09\/2013 &#8211;<\/td>\n<td class=\"titem\"><a href=\"http:\/\/www.clipmedia.net\/ficheros\/2013\/09_sep\/dv363.pdf\" target=\"_blank\">Espa\u00f1a lidera el deterioro laboral en la eurozona por debajo de Chipre<\/a><\/td>\n<td align=\"right\" class=\"tfuente\">El Economista<\/td>\n<\/tr>\n<tr>\n<td class=\"tfecha\">16\/09\/2013 &#8211;<\/td>\n<td class=\"titem\"><a href=\"http:\/\/www.clipmedia.net\/ficheros\/2013\/09_sep\/dv366.pdf\" target=\"_blank\">La crisis ya se ha cobrado en Espa\u00f1a 124.000 empleos en la automoci\u00f3n<\/a><\/td>\n<td align=\"right\" class=\"tfuente\">El Economista<\/td>\n<\/tr>\n<tr>\n<td class=\"tfecha\">16\/09\/2013 &#8211;<\/td>\n<td class=\"titem\"><a href=\"http:\/\/www.clipmedia.net\/ficheros\/2013\/09_sep\/dv345.pdf\" target=\"_blank\">El ladrillo reivindica su importancia<\/a><\/td>\n<td align=\"right\" class=\"tfuente\">La Vanguardia<\/td>\n<\/tr>\n<tr>\n<td class=\"tfecha\">16\/09\/2013 &#8211;<\/td>\n<td class=\"titem\"><a href=\"http:\/\/www.clipmedia.net\/ficheros\/2013\/09_sep\/dv348.pdf\" target=\"_blank\">El m\u00e1s dif\u00edcil todav\u00eda en vivienda: vender caro y comprar barato<\/a><\/td>\n<td align=\"right\" class=\"tfuente\">Cinco D\u00edas<\/td>\n<\/tr>\n<tr>\n<td class=\"tfecha\">16\/09\/2013 &#8211;<\/td>\n<td class=\"titem\"><a href=\"http:\/\/www.clipmedia.net\/ficheros\/2013\/09_sep\/dv353.pdf\" target=\"_blank\">Sareb saca al mercado una nueva cartera con 350 millones en cr\u00e9ditos<\/a><\/td>\n<td align=\"right\" class=\"tfuente\">Expansi\u00f3n<\/td>\n<\/tr>\n<tr>\n<td class=\"tfecha\">16\/09\/2013 &#8211;<\/td>\n<td class=\"titem\"><a href=\"http:\/\/www.clipmedia.net\/ficheros\/2013\/09_sep\/dv299.pdf\" target=\"_blank\">De activos t\u00f3xicos a gangas de oro<\/a><\/td>\n<td align=\"right\" class=\"tfuente\">El Mundo<\/td>\n<\/tr>\n<tr>\n<td colspan=\"3\">&nbsp;<\/td>\n<\/tr>\n<tr>\n<td colspan=\"3\" class=\"tgrupo\"><img loading=\"lazy\" decoding=\"async\" src=\"http:\/\/www.gestoresalicante.org\/img\/newsletter\/picto.jpg\" width=\"20\" height=\"18\" align=\"absmiddle\" style=\"margin-right: 4px;\"> <strong>B.O.E<\/strong><\/td>\n<\/tr>\n<tr>\n<td colspan=\"3\">(No hay registros)<\/td>\n<\/tr>\n<\/table>\n<\/div>\n","protected":false},"excerpt":{"rendered":"<p>14\/09\/2013 &#8211; 16\/09\/2013 &nbsp; Consejo General de los Colegios de Gestores Administrativos 16\/09\/2013 &#8211; Ge\u00f3logos emprendedores Cinco D\u00edas 14\/09\/2013 &#8211; El ICOG organiza una jornada de emprendimiento Infocalidad.net 16\/09\/2013 &#8211; Ge\u00f3logos emprendedores Noticias.com 16\/09\/2013 &#8211; Ge\u00f3logos emprendedores Periodico.com 13\/09\/2013 &#8211; &hellip; <a href=\"https:\/\/www.gestoresalicante.org\/blog\/index.php\/2013\/09\/16\/resumen-de-prensa-14-09-2013\/\">Sigue leyendo <span class=\"meta-nav\">&rarr;<\/span><\/a><\/p>\n","protected":false},"author":4,"featured_media":0,"comment_status":"closed","ping_status":"closed","sticky":false,"template":"","format":"standard","meta":{"footnotes":""},"categories":[6],"tags":[],"class_list":["post-475","post","type-post","status-publish","format-standard","hentry","category-resumendeprensa"],"_links":{"self":[{"href":"https:\/\/www.gestoresalicante.org\/blog\/index.php\/wp-json\/wp\/v2\/posts\/475","targetHints":{"allow":["GET"]}}],"collection":[{"href":"https:\/\/www.gestoresalicante.org\/blog\/index.php\/wp-json\/wp\/v2\/posts"}],"about":[{"href":"https:\/\/www.gestoresalicante.org\/blog\/index.php\/wp-json\/wp\/v2\/types\/post"}],"author":[{"embeddable":true,"href":"https:\/\/www.gestoresalicante.org\/blog\/index.php\/wp-json\/wp\/v2\/users\/4"}],"replies":[{"embeddable":true,"href":"https:\/\/www.gestoresalicante.org\/blog\/index.php\/wp-json\/wp\/v2\/comments?post=475"}],"version-history":[{"count":0,"href":"https:\/\/www.gestoresalicante.org\/blog\/index.php\/wp-json\/wp\/v2\/posts\/475\/revisions"}],"wp:attachment":[{"href":"https:\/\/www.gestoresalicante.org\/blog\/index.php\/wp-json\/wp\/v2\/media?parent=475"}],"wp:term":[{"taxonomy":"category","embeddable":true,"href":"https:\/\/www.gestoresalicante.org\/blog\/index.php\/wp-json\/wp\/v2\/categories?post=475"},{"taxonomy":"post_tag","embeddable":true,"href":"https:\/\/www.gestoresalicante.org\/blog\/index.php\/wp-json\/wp\/v2\/tags?post=475"}],"curies":[{"name":"wp","href":"https:\/\/api.w.org\/{rel}","templated":true}]}}