{"id":499,"date":"2013-09-27T09:00:00","date_gmt":"2013-09-27T08:00:00","guid":{"rendered":"http:\/\/www.gestoresalicante.org\/blog\/index.php\/2013\/09\/27\/resumen-de-prensa-27-09-2013\/"},"modified":"-0001-11-30T00:00:00","modified_gmt":"-0001-11-29T22:00:00","slug":"resumen-de-prensa-27-09-2013","status":"publish","type":"post","link":"https:\/\/www.gestoresalicante.org\/blog\/index.php\/2013\/09\/27\/resumen-de-prensa-27-09-2013\/","title":{"rendered":"Resumen de Prensa 27-09-2013"},"content":{"rendered":"<div class=\"nboletin\">\n<table width=\"90%\" cellpadding=\"4\">\n<tr>\n<td colspan=\"3\">\n<div style=\"background-color: #CCCCCC;padding: 4px 10px 4px 10px;width: 100%;border: 1px #414141 solid;\"><img decoding=\"async\" alt=\"Consejo de Gestores\" src=\"http:\/\/www.gestoresalicante.org\/img\/newsletter\/conges.jpg\" width=226 height=70><\/div>\n<\/td>\n<\/tr>\n<tr>\n<td align=\"right\" colspan=\"3\"><strong>27\/09\/2013 <\/strong><\/td>\n<\/tr>\n<tr>\n<td colspan=\"3\">&nbsp;<\/td>\n<\/tr>\n<tr>\n<td colspan=\"3\" class=\"tgrupo\"><img loading=\"lazy\" decoding=\"async\" src=\"http:\/\/www.gestoresalicante.org\/img\/newsletter\/picto.jpg\" width=\"20\" height=\"18\" align=\"absmiddle\" style=\"margin-right: 4px;\"> <strong>Consejo General de los Colegios de Gestores Administrativos<\/strong><\/td>\n<\/tr>\n<tr>\n<td class=\"tfecha\">27\/09\/2013 &#8211;<\/td>\n<td class=\"titem\"><a href=\"http:\/\/www.clipmedia.net\/ficheros\/2013\/09_sep\/du142.pdf\" target=\"_blank\">V\u00edctor J. Carpintero. Presidente del Colegio de Gestores Administrativos de Cantabria <\/a><\/td>\n<td align=\"right\" class=\"tfuente\">El Economista &#8211; Iuris&amp;Lex<\/td>\n<\/tr>\n<tr>\n<td class=\"tfecha\">27\/09\/2013 &#8211;<\/td>\n<td class=\"titem\"><a href=\"http:\/\/www.clipmedia.net\/ficheros\/2013\/09_sep\/du143.pdf\" target=\"_blank\">Rebajas en Sociedades para emprendedores<\/a><\/td>\n<td align=\"right\" class=\"tfuente\">El Economista &#8211; Iuris&amp;Lex<\/td>\n<\/tr>\n<tr>\n<td class=\"tfecha\">27\/09\/2013 &#8211;<\/td>\n<td class=\"titem\"><a href=\"http:\/\/www.clipmedia.net\/ficheros\/2013\/09_sep\/du144.pdf\" target=\"_blank\">La autoridad nacional puede perseguir a una empresa extranjera que conspire para defraudarle el IVA<\/a><\/td>\n<td align=\"right\" class=\"tfuente\">El Economista &#8211; Iuris&amp;Lex<\/td>\n<\/tr>\n<tr>\n<td class=\"tfecha\">27\/09\/2013 &#8211;<\/td>\n<td class=\"titem\"><a href=\"http:\/\/www.clipmedia.net\/ficheros\/2013\/09_sep\/du146.pdf\" target=\"_blank\">IVA aplicable a una web que explota juegos &#8216;online&#8217;<\/a><\/td>\n<td align=\"right\" class=\"tfuente\">El Economista &#8211; Iuris&amp;Lex<\/td>\n<\/tr>\n<tr>\n<td class=\"tfecha\">27\/09\/2013 &#8211;<\/td>\n<td class=\"titem\"><a href=\"http:\/\/www.clipmedia.net\/ficheros\/2013\/09_sep\/du150.pdf\" target=\"_blank\">El sector hostelero solicita que no se suban m\u00e1s los impuestos<\/a><\/td>\n<td align=\"right\" class=\"tfuente\">Cinco D\u00edas<\/td>\n<\/tr>\n<tr>\n<td class=\"tfecha\">27\/09\/2013 &#8211;<\/td>\n<td class=\"titem\"><a href=\"http:\/\/www.clipmedia.net\/ficheros\/2013\/09_sep\/du155.pdf\" target=\"_blank\">Las solicitudes de patentes superar\u00e1n las 200.000 en 2013<\/a><\/td>\n<td align=\"right\" class=\"tfuente\">El Economista<\/td>\n<\/tr>\n<tr>\n<td class=\"tfecha\">27\/09\/2013 &#8211;<\/td>\n<td class=\"titem\"><a href=\"http:\/\/www.clipmedia.net\/ficheros\/2013\/09_sep\/du149.pdf\" target=\"_blank\">Antoni Poveda, vicepresidente metropolitano de Transporte y Movilidad: &quot;En el 2014 despegar\u00e1 el taxi el\u00e9ctrico metropolitano&quot;<\/a><\/td>\n<td align=\"right\" class=\"tfuente\">El Peri\u00f3dico de Catalunya<\/td>\n<\/tr>\n<tr>\n<td class=\"tfecha\">27\/09\/2013 &#8211;<\/td>\n<td class=\"titem\"><a href=\"http:\/\/www.clipmedia.net\/ficheros\/2013\/09_sep\/du152.pdf\" target=\"_blank\">PSA invierte 430 millones en Vigo para producir el nuevo C4 Picasso<\/a><\/td>\n<td align=\"right\" class=\"tfuente\">Expansi\u00f3n<\/td>\n<\/tr>\n<tr>\n<td class=\"tfecha\">27\/09\/2013 &#8211;<\/td>\n<td class=\"titem\"><a href=\"http:\/\/www.clipmedia.net\/ficheros\/2013\/09_sep\/du156.pdf\" target=\"_blank\">Suzuki opta por las tallas peque\u00f1as<\/a><\/td>\n<td align=\"right\" class=\"tfuente\">El Mundo<\/td>\n<\/tr>\n<tr>\n<td class=\"tfecha\">27\/09\/2013 &#8211;<\/td>\n<td class=\"titem\"><a href=\"http:\/\/www.clipmedia.net\/ficheros\/2013\/09_sep\/du157.pdf\" target=\"_blank\">Ficosa y Denso se al\u00edan para crear sistemas de seguridad<\/a><\/td>\n<td align=\"right\" class=\"tfuente\">El Mundo<\/td>\n<\/tr>\n<tr>\n<td class=\"tfecha\">27\/09\/2013 &#8211;<\/td>\n<td class=\"titem\"><a href=\"http:\/\/www.clipmedia.net\/ficheros\/2013\/09_sep\/du158.pdf\" target=\"_blank\">El Plan PIMA Aire ha ahorrado 21 millones<\/a><\/td>\n<td align=\"right\" class=\"tfuente\">El Mundo<\/td>\n<\/tr>\n<tr>\n<td class=\"tfecha\">26\/09\/2013 &#8211;<\/td>\n<td class=\"titem\"><a href=\"http:\/\/www.clipmedia.net\/ficheros\/2013\/09_sep\/du135.pdf\" target=\"_blank\">Cajas negras para autom\u00f3viles: en la frontera de la privacidad<\/a><\/td>\n<td align=\"right\" class=\"tfuente\">El Pa\u00eds &#8211; The New York Times<\/td>\n<\/tr>\n<tr>\n<td colspan=\"3\">&nbsp;<\/td>\n<\/tr>\n<tr>\n<td colspan=\"3\" class=\"tgrupo\"><img loading=\"lazy\" decoding=\"async\" src=\"http:\/\/www.gestoresalicante.org\/img\/newsletter\/picto.jpg\" width=\"20\" height=\"18\" align=\"absmiddle\" style=\"margin-right: 4px;\"> <strong>Ventana Telem\u00e1tica<\/strong><\/td>\n<\/tr>\n<tr>\n<td colspan=\"3\">(No hay registros)<\/td>\n<\/tr>\n<tr>\n<td colspan=\"3\">&nbsp;<\/td>\n<\/tr>\n<tr>\n<td colspan=\"3\" class=\"tgrupo\"><img loading=\"lazy\" decoding=\"async\" src=\"http:\/\/www.gestoresalicante.org\/img\/newsletter\/picto.jpg\" width=\"20\" height=\"18\" align=\"absmiddle\" style=\"margin-right: 4px;\"> <strong> Sector de la formaci\u00f3n<\/strong><\/td>\n<\/tr>\n<tr>\n<td class=\"tfecha\">27\/09\/2013 &#8211;<\/td>\n<td class=\"titem\"><a href=\"http:\/\/www.clipmedia.net\/ficheros\/2013\/09_sep\/du148.pdf\" target=\"_blank\">El PP impone una &#8216;ley Wert&#8217; a\u00fan m\u00e1s a favor de la privada y dura con el catal\u00e1n<\/a><\/td>\n<td align=\"right\" class=\"tfuente\">El Peri\u00f3dico de Catalunya<\/td>\n<\/tr>\n<tr>\n<td class=\"tfecha\">27\/09\/2013 &#8211;<\/td>\n<td class=\"titem\"><a href=\"http:\/\/www.clipmedia.net\/ficheros\/2013\/09_sep\/du159.pdf\" target=\"_blank\">La UB impartir\u00e1 m\u00e1s de 500 m\u00e1steres y posgrados<\/a><\/td>\n<td align=\"right\" class=\"tfuente\">El Peri\u00f3dico de Catalunya<\/td>\n<\/tr>\n<tr>\n<td class=\"tfecha\">27\/09\/2013 &#8211;<\/td>\n<td class=\"titem\"><a href=\"http:\/\/www.clipmedia.net\/ficheros\/2013\/09_sep\/du160.pdf\" target=\"_blank\">A clase para aprender c\u00f3mo ser m\u00e1s feliz<\/a><\/td>\n<td align=\"right\" class=\"tfuente\">El Peri\u00f3dico de Catalunya<\/td>\n<\/tr>\n<tr>\n<td class=\"tfecha\">27\/09\/2013 &#8211;<\/td>\n<td class=\"titem\"><a href=\"http:\/\/www.clipmedia.net\/ficheros\/2013\/09_sep\/du129.pdf\" target=\"_blank\">Una patronal del ocio alega contra la norma de terrazas<\/a><\/td>\n<td align=\"right\" class=\"tfuente\">El Peri\u00f3dico de Catalunya<\/td>\n<\/tr>\n<tr>\n<td class=\"tfecha\">27\/09\/2013 &#8211;<\/td>\n<td class=\"titem\"><a href=\"http:\/\/www.clipmedia.net\/ficheros\/2013\/09_sep\/du141.pdf\" target=\"_blank\">El sueldo de los funcionarios se congela en el 2014 pero mantiene las extras<\/a><\/td>\n<td align=\"right\" class=\"tfuente\">La Vanguardia<\/td>\n<\/tr>\n<tr>\n<td class=\"tfecha\">27\/09\/2013 &#8211;<\/td>\n<td class=\"titem\"><a href=\"http:\/\/www.clipmedia.net\/ficheros\/2013\/09_sep\/du147.pdf\" target=\"_blank\">Las jubilaciones sufrir\u00e1n p\u00e9rdidas bruscas del poder adquisitivo<\/a><\/td>\n<td align=\"right\" class=\"tfuente\">El Peri\u00f3dico de Catalunya<\/td>\n<\/tr>\n<tr>\n<td class=\"tfecha\">27\/09\/2013 &#8211;<\/td>\n<td class=\"titem\"><a href=\"http:\/\/www.clipmedia.net\/ficheros\/2013\/09_sep\/du110.pdf\" target=\"_blank\">&quot;En mi bar tampoco tengo crupier&quot;<\/a><\/td>\n<td align=\"right\" class=\"tfuente\">El Mundo<\/td>\n<\/tr>\n<tr>\n<td class=\"tfecha\">27\/09\/2013 &#8211;<\/td>\n<td class=\"titem\"><a href=\"http:\/\/www.clipmedia.net\/ficheros\/2013\/09_sep\/du112.pdf\" target=\"_blank\">Cuarto a\u00f1o sin subidas para los funcionarios<\/a><\/td>\n<td align=\"right\" class=\"tfuente\">El Mundo<\/td>\n<\/tr>\n<tr>\n<td class=\"tfecha\">27\/09\/2013 &#8211;<\/td>\n<td class=\"titem\"><a href=\"http:\/\/www.clipmedia.net\/ficheros\/2013\/09_sep\/du111.pdf\" target=\"_blank\">La CEOE choca con B\u00e1\u00f1ez en las pensiones<\/a><\/td>\n<td align=\"right\" class=\"tfuente\">El Mundo<\/td>\n<\/tr>\n<tr>\n<td class=\"tfecha\">27\/09\/2013 &#8211;<\/td>\n<td class=\"titem\"><a href=\"http:\/\/www.clipmedia.net\/ficheros\/2013\/09_sep\/du116.pdf\" target=\"_blank\">El Gobierno prepara m\u00e1s incentivos fiscales a la inversi\u00f3n inmobiliaria<\/a><\/td>\n<td align=\"right\" class=\"tfuente\">Expansi\u00f3n<\/td>\n<\/tr>\n<tr>\n<td class=\"tfecha\">27\/09\/2013 &#8211;<\/td>\n<td class=\"titem\"><a href=\"http:\/\/www.clipmedia.net\/ficheros\/2013\/09_sep\/du145.pdf\" target=\"_blank\">La hora de la verdad de las Socimi<\/a><\/td>\n<td align=\"right\" class=\"tfuente\">El Economista &#8211; Iuris&amp;Lex<\/td>\n<\/tr>\n<tr>\n<td class=\"tfecha\">27\/09\/2013 &#8211;<\/td>\n<td class=\"titem\"><a href=\"http:\/\/www.clipmedia.net\/ficheros\/2013\/09_sep\/du151.pdf\" target=\"_blank\">Los &#8216;fondos buitre&#8217; optan por la daci\u00f3n en pago para las hipotecas<\/a><\/td>\n<td align=\"right\" class=\"tfuente\">Cinco D\u00edas<\/td>\n<\/tr>\n<tr>\n<td class=\"tfecha\">27\/09\/2013 &#8211;<\/td>\n<td class=\"titem\"><a href=\"http:\/\/www.clipmedia.net\/ficheros\/2013\/09_sep\/du153.pdf\" target=\"_blank\">CaixaBank logra 255 millones por la venta de Servihabitat<\/a><\/td>\n<td align=\"right\" class=\"tfuente\">El Economista<\/td>\n<\/tr>\n<tr>\n<td class=\"tfecha\">27\/09\/2013 &#8211;<\/td>\n<td class=\"titem\"><a href=\"http:\/\/www.clipmedia.net\/ficheros\/2013\/09_sep\/du154.pdf\" target=\"_blank\">La concesi\u00f3n de hipotecas cay\u00f3 un 42,7% en julio a m\u00ednimos de 18 a\u00f1os<\/a><\/td>\n<td align=\"right\" class=\"tfuente\">El Economista<\/td>\n<\/tr>\n<tr>\n<td colspan=\"3\">&nbsp;<\/td>\n<\/tr>\n<tr>\n<td colspan=\"3\" class=\"tgrupo\"><img loading=\"lazy\" decoding=\"async\" src=\"http:\/\/www.gestoresalicante.org\/img\/newsletter\/picto.jpg\" width=\"20\" height=\"18\" align=\"absmiddle\" style=\"margin-right: 4px;\"> <strong>B.O.E<\/strong><\/td>\n<\/tr>\n<tr>\n<td colspan=\"3\">(No hay registros)<\/td>\n<\/tr>\n<\/table>\n<\/div>\n","protected":false},"excerpt":{"rendered":"<p>27\/09\/2013 &nbsp; Consejo General de los Colegios de Gestores Administrativos 27\/09\/2013 &#8211; V\u00edctor J. Carpintero. Presidente del Colegio de Gestores Administrativos de Cantabria El Economista &#8211; Iuris&amp;Lex 27\/09\/2013 &#8211; Rebajas en Sociedades para emprendedores El Economista &#8211; Iuris&amp;Lex 27\/09\/2013 &#8211; &hellip; <a href=\"https:\/\/www.gestoresalicante.org\/blog\/index.php\/2013\/09\/27\/resumen-de-prensa-27-09-2013\/\">Sigue leyendo <span class=\"meta-nav\">&rarr;<\/span><\/a><\/p>\n","protected":false},"author":4,"featured_media":0,"comment_status":"closed","ping_status":"closed","sticky":false,"template":"","format":"standard","meta":{"footnotes":""},"categories":[6],"tags":[],"class_list":["post-499","post","type-post","status-publish","format-standard","hentry","category-resumendeprensa"],"_links":{"self":[{"href":"https:\/\/www.gestoresalicante.org\/blog\/index.php\/wp-json\/wp\/v2\/posts\/499","targetHints":{"allow":["GET"]}}],"collection":[{"href":"https:\/\/www.gestoresalicante.org\/blog\/index.php\/wp-json\/wp\/v2\/posts"}],"about":[{"href":"https:\/\/www.gestoresalicante.org\/blog\/index.php\/wp-json\/wp\/v2\/types\/post"}],"author":[{"embeddable":true,"href":"https:\/\/www.gestoresalicante.org\/blog\/index.php\/wp-json\/wp\/v2\/users\/4"}],"replies":[{"embeddable":true,"href":"https:\/\/www.gestoresalicante.org\/blog\/index.php\/wp-json\/wp\/v2\/comments?post=499"}],"version-history":[{"count":0,"href":"https:\/\/www.gestoresalicante.org\/blog\/index.php\/wp-json\/wp\/v2\/posts\/499\/revisions"}],"wp:attachment":[{"href":"https:\/\/www.gestoresalicante.org\/blog\/index.php\/wp-json\/wp\/v2\/media?parent=499"}],"wp:term":[{"taxonomy":"category","embeddable":true,"href":"https:\/\/www.gestoresalicante.org\/blog\/index.php\/wp-json\/wp\/v2\/categories?post=499"},{"taxonomy":"post_tag","embeddable":true,"href":"https:\/\/www.gestoresalicante.org\/blog\/index.php\/wp-json\/wp\/v2\/tags?post=499"}],"curies":[{"name":"wp","href":"https:\/\/api.w.org\/{rel}","templated":true}]}}