{"id":502,"date":"2013-09-24T09:00:00","date_gmt":"2013-09-24T08:00:00","guid":{"rendered":"http:\/\/www.gestoresalicante.org\/blog\/index.php\/2013\/09\/24\/resumen-de-prensa-24-09-2013\/"},"modified":"-0001-11-30T00:00:00","modified_gmt":"-0001-11-29T22:00:00","slug":"resumen-de-prensa-24-09-2013","status":"publish","type":"post","link":"https:\/\/www.gestoresalicante.org\/blog\/index.php\/2013\/09\/24\/resumen-de-prensa-24-09-2013\/","title":{"rendered":"Resumen de Prensa 24-09-2013"},"content":{"rendered":"<div class=\"nboletin\">\n<table width=\"90%\" cellpadding=\"4\">\n<tr>\n<td colspan=\"3\">\n<div style=\"background-color: #CCCCCC;padding: 4px 10px 4px 10px;width: 100%;border: 1px #414141 solid;\"><img decoding=\"async\" alt=\"Consejo de Gestores\" src=\"http:\/\/www.gestoresalicante.org\/img\/newsletter\/conges.jpg\" width=226 height=70><\/div>\n<\/td>\n<\/tr>\n<tr>\n<td align=\"right\" colspan=\"3\"><strong>24\/09\/2013 <\/strong><\/td>\n<\/tr>\n<tr>\n<td colspan=\"3\">&nbsp;<\/td>\n<\/tr>\n<tr>\n<td colspan=\"3\" class=\"tgrupo\"><img loading=\"lazy\" decoding=\"async\" src=\"http:\/\/www.gestoresalicante.org\/img\/newsletter\/picto.jpg\" width=\"20\" height=\"18\" align=\"absmiddle\" style=\"margin-right: 4px;\"> <strong>Consejo General de los Colegios de Gestores Administrativos<\/strong><\/td>\n<\/tr>\n<tr>\n<td class=\"tfecha\">24\/09\/2013 &#8211;<\/td>\n<td class=\"titem\"><a href=\"http:\/\/www.clipmedia.net\/ficheros\/2013\/09_sep\/dv896.pdf\" target=\"_blank\">La &#8216;no&#8217; colegiaci\u00f3n costar\u00e1 3.318 millones de euros al PIB<\/a><\/td>\n<td align=\"right\" class=\"tfuente\">El Economista<\/td>\n<\/tr>\n<tr>\n<td class=\"tfecha\">23\/09\/2013 &#8211;<\/td>\n<td class=\"titem\"><a href=\"http:\/\/www.clipmedia.net\/ficheros\/2013\/09_sep\/dv878.pdf\" target=\"_blank\">El Ayuntamiento de M\u00e1laga constituye el Comit\u00e9 de Expertos para Asuntos Tributarios<\/a><\/td>\n<td align=\"right\" class=\"tfuente\">andaluciadehoy.com<\/td>\n<\/tr>\n<tr>\n<td class=\"tfecha\">23\/09\/2013 &#8211;<\/td>\n<td class=\"titem\"><a href=\"http:\/\/www.clipmedia.net\/ficheros\/2013\/09_sep\/dv879.pdf\" target=\"_blank\">Gestores administrativos remiten alegaciones al anteproyecto de Ley de Colegios y Servicios Profesionales<\/a><\/td>\n<td align=\"right\" class=\"tfuente\">La Informaci\u00f3n Digital.com<\/td>\n<\/tr>\n<tr>\n<td class=\"tfecha\">23\/09\/2013 &#8211;<\/td>\n<td class=\"titem\"><a href=\"http:\/\/www.clipmedia.net\/ficheros\/2013\/09_sep\/dv880.pdf\" target=\"_blank\">Gestores administrativos remiten alegaciones al anteproyecto de Ley de Colegios y Servicios Profesionales<\/a><\/td>\n<td align=\"right\" class=\"tfuente\">Finanzas.com<\/td>\n<\/tr>\n<tr>\n<td class=\"tfecha\">23\/09\/2013 &#8211;<\/td>\n<td class=\"titem\"><a href=\"http:\/\/www.clipmedia.net\/ficheros\/2013\/09_sep\/dv881.pdf\" target=\"_blank\">Gestores administrativos remiten alegaciones al anteproyecto de Ley de Colegios y Servicios Profesionales<\/a><\/td>\n<td align=\"right\" class=\"tfuente\">Invertia.com<\/td>\n<\/tr>\n<tr>\n<td class=\"tfecha\">23\/09\/2013 &#8211;<\/td>\n<td class=\"titem\"><a href=\"http:\/\/www.clipmedia.net\/ficheros\/2013\/09_sep\/dv882.pdf\" target=\"_blank\">Gestores administrativos remiten alegaciones al anteproyecto de Ley de Colegios y Servicios Profesionales<\/a><\/td>\n<td align=\"right\" class=\"tfuente\">Europa Press<\/td>\n<\/tr>\n<tr>\n<td class=\"tfecha\">23\/09\/2013 &#8211;<\/td>\n<td class=\"titem\"><a href=\"http:\/\/www.clipmedia.net\/ficheros\/2013\/09_sep\/dv883.pdf\" target=\"_blank\">Gestores administrativos remiten alegaciones al anteproyecto de Ley de Colegios y Servicios Profesionales<\/a><\/td>\n<td align=\"right\" class=\"tfuente\">Yahoo! Not\u00edcies<\/td>\n<\/tr>\n<tr>\n<td class=\"tfecha\">23\/09\/2013 &#8211;<\/td>\n<td class=\"titem\"><a href=\"http:\/\/www.clipmedia.net\/ficheros\/2013\/09_sep\/dv884.pdf\" target=\"_blank\">Gestores administrativos remiten alegaciones al anteproyecto de Ley de Colegios y Servicios Profesionales<\/a><\/td>\n<td align=\"right\" class=\"tfuente\">Telecinco<\/td>\n<\/tr>\n<tr>\n<td class=\"tfecha\">23\/09\/2013 &#8211;<\/td>\n<td class=\"titem\"><a href=\"http:\/\/www.clipmedia.net\/ficheros\/2013\/09_sep\/dv885.pdf\" target=\"_blank\">Gestores administrativos remiten alegaciones al anteproyecto de Ley de Colegios y Servicios Profesionales<\/a><\/td>\n<td align=\"right\" class=\"tfuente\">La Bolsa .com<\/td>\n<\/tr>\n<tr>\n<td class=\"tfecha\">23\/09\/2013 &#8211;<\/td>\n<td class=\"titem\"><a href=\"http:\/\/www.clipmedia.net\/ficheros\/2013\/09_sep\/dv886.pdf\" target=\"_blank\">Gestores administrativos remiten alegaciones al anteproyecto de Ley de Colegios y Servicios Profesionales<\/a><\/td>\n<td align=\"right\" class=\"tfuente\">Diario Siglo XXI<\/td>\n<\/tr>\n<tr>\n<td class=\"tfecha\">23\/09\/2013 &#8211;<\/td>\n<td class=\"titem\"><a href=\"http:\/\/www.clipmedia.net\/ficheros\/2013\/09_sep\/dv887.pdf\" target=\"_blank\">Gestores administrativos remiten alegaciones al anteproyecto de Ley de Colegios y Servicios Profesionales<\/a><\/td>\n<td align=\"right\" class=\"tfuente\">La Voz Libre<\/td>\n<\/tr>\n<tr>\n<td class=\"tfecha\">23\/09\/2013 &#8211;<\/td>\n<td class=\"titem\"><a href=\"http:\/\/www.clipmedia.net\/ficheros\/2013\/09_sep\/dv888.pdf\" target=\"_blank\">Gestores administrativos remiten alegaciones al anteproyecto de Ley de Colegios y Servicios Profesionales<\/a><\/td>\n<td align=\"right\" class=\"tfuente\">Expansi\u00f3n (digital)<\/td>\n<\/tr>\n<tr>\n<td class=\"tfecha\">23\/09\/2013 &#8211;<\/td>\n<td class=\"titem\"><a href=\"http:\/\/www.clipmedia.net\/ficheros\/2013\/09_sep\/dv889.pdf\" target=\"_blank\">Gestores administrativos remiten alegaciones al anteproyecto de Ley de Colegios y Servicios Profesionales<\/a><\/td>\n<td align=\"right\" class=\"tfuente\">Norbolsa.es<\/td>\n<\/tr>\n<tr>\n<td class=\"tfecha\">23\/09\/2013 &#8211;<\/td>\n<td class=\"titem\"><a href=\"http:\/\/www.clipmedia.net\/ficheros\/2013\/09_sep\/dv890.pdf\" target=\"_blank\">Gestores administrativos remiten alegaciones al anteproyecto de Ley de Colegios y Servicios Profesionales<\/a><\/td>\n<td align=\"right\" class=\"tfuente\">Globedia<\/td>\n<\/tr>\n<tr>\n<td class=\"tfecha\">24\/09\/2013 &#8211;<\/td>\n<td class=\"titem\"><a href=\"http:\/\/www.clipmedia.net\/ficheros\/2013\/09_sep\/dv892.pdf\" target=\"_blank\">As\u00ed ser\u00e1 la abogac\u00eda de los negocios dentro de cinco a\u00f1os<\/a><\/td>\n<td align=\"right\" class=\"tfuente\">Expansi\u00f3n<\/td>\n<\/tr>\n<tr>\n<td class=\"tfecha\">24\/09\/2013 &#8211;<\/td>\n<td class=\"titem\"><a href=\"http:\/\/www.clipmedia.net\/ficheros\/2013\/09_sep\/dv893.pdf\" target=\"_blank\">Habr\u00e1 m\u00e1s fusiones de firmas en el mercado espa\u00f1ol<\/a><\/td>\n<td align=\"right\" class=\"tfuente\">Expansi\u00f3n<\/td>\n<\/tr>\n<tr>\n<td class=\"tfecha\">24\/09\/2013 &#8211;<\/td>\n<td class=\"titem\"><a href=\"http:\/\/www.clipmedia.net\/ficheros\/2013\/09_sep\/dv898.pdf\" target=\"_blank\">El C\u00f3digo Penal &#8216;rebaja&#8217; a 4 a\u00f1os la pena m\u00e1xima para las webs de enlaces<\/a><\/td>\n<td align=\"right\" class=\"tfuente\">El Economista<\/td>\n<\/tr>\n<tr>\n<td class=\"tfecha\">24\/09\/2013 &#8211;<\/td>\n<td class=\"titem\"><a href=\"http:\/\/www.clipmedia.net\/ficheros\/2013\/09_sep\/dv903.pdf\" target=\"_blank\">La fusi\u00f3n Fiat-Chrysler pasa por salir a Bolsa<\/a><\/td>\n<td align=\"right\" class=\"tfuente\">El Mundo<\/td>\n<\/tr>\n<tr>\n<td class=\"tfecha\">24\/09\/2013 &#8211;<\/td>\n<td class=\"titem\"><a href=\"http:\/\/www.clipmedia.net\/ficheros\/2013\/09_sep\/dv904.pdf\" target=\"_blank\">Madrid, en el plan Frevue de veh\u00edculos el\u00e9ctricos <\/a><\/td>\n<td align=\"right\" class=\"tfuente\">El Mundo<\/td>\n<\/tr>\n<tr>\n<td class=\"tfecha\">24\/09\/2013 &#8211;<\/td>\n<td class=\"titem\"><a href=\"http:\/\/www.clipmedia.net\/ficheros\/2013\/09_sep\/dv905.pdf\" target=\"_blank\">El super\u00e1vit del autom\u00f3vil creci\u00f3 un 20% hasta agosto<\/a><\/td>\n<td align=\"right\" class=\"tfuente\">El Mundo<\/td>\n<\/tr>\n<tr>\n<td class=\"tfecha\">24\/09\/2013 &#8211;<\/td>\n<td class=\"titem\"><a href=\"http:\/\/www.clipmedia.net\/ficheros\/2013\/09_sep\/dv906.pdf\" target=\"_blank\">Carmelo Sanz de Barros, presidente del RACE: &quot;Queremos que nuestros socios nunca sientan que est\u00e1n solos&quot;<\/a><\/td>\n<td align=\"right\" class=\"tfuente\">ABC<\/td>\n<\/tr>\n<tr>\n<td colspan=\"3\">&nbsp;<\/td>\n<\/tr>\n<tr>\n<td colspan=\"3\" class=\"tgrupo\"><img loading=\"lazy\" decoding=\"async\" src=\"http:\/\/www.gestoresalicante.org\/img\/newsletter\/picto.jpg\" width=\"20\" height=\"18\" align=\"absmiddle\" style=\"margin-right: 4px;\"> <strong>Ventana Telem\u00e1tica<\/strong><\/td>\n<\/tr>\n<tr>\n<td colspan=\"3\">(No hay registros)<\/td>\n<\/tr>\n<tr>\n<td colspan=\"3\">&nbsp;<\/td>\n<\/tr>\n<tr>\n<td colspan=\"3\" class=\"tgrupo\"><img loading=\"lazy\" decoding=\"async\" src=\"http:\/\/www.gestoresalicante.org\/img\/newsletter\/picto.jpg\" width=\"20\" height=\"18\" align=\"absmiddle\" style=\"margin-right: 4px;\"> <strong> Sector de la formaci\u00f3n<\/strong><\/td>\n<\/tr>\n<tr>\n<td class=\"tfecha\">24\/09\/2013 &#8211;<\/td>\n<td class=\"titem\"><a href=\"http:\/\/www.clipmedia.net\/ficheros\/2013\/09_sep\/dv897.pdf\" target=\"_blank\">El ICAC homologa la ense\u00f1anza para auditores <\/a><\/td>\n<td align=\"right\" class=\"tfuente\">El Economista<\/td>\n<\/tr>\n<tr>\n<td class=\"tfecha\">24\/09\/2013 &#8211;<\/td>\n<td class=\"titem\"><a href=\"http:\/\/www.clipmedia.net\/ficheros\/2013\/09_sep\/dv891.pdf\" target=\"_blank\">Descubre los mejores pa\u00edses para hacer realidad tu empresa <\/a><\/td>\n<td align=\"right\" class=\"tfuente\">Expansi\u00f3n<\/td>\n<\/tr>\n<tr>\n<td class=\"tfecha\">24\/09\/2013 &#8211;<\/td>\n<td class=\"titem\"><a href=\"http:\/\/www.clipmedia.net\/ficheros\/2013\/09_sep\/dv899.pdf\" target=\"_blank\">El 70% de las mujeres prefiere tener un empleo a tiempo parcial<\/a><\/td>\n<td align=\"right\" class=\"tfuente\">El Economista<\/td>\n<\/tr>\n<tr>\n<td class=\"tfecha\">24\/09\/2013 &#8211;<\/td>\n<td class=\"titem\"><a href=\"http:\/\/www.clipmedia.net\/ficheros\/2013\/09_sep\/dv900.pdf\" target=\"_blank\">Art\u00edculo de opini\u00f3n: Jes\u00fas Lahera Forteza &#8211; La verdad sospechosa en los contratos de trabajo<\/a><\/td>\n<td align=\"right\" class=\"tfuente\">Cinco D\u00edas<\/td>\n<\/tr>\n<tr>\n<td class=\"tfecha\">22\/09\/2013 &#8211;<\/td>\n<td class=\"titem\"><a href=\"http:\/\/www.clipmedia.net\/ficheros\/2013\/09_sep\/dv907.pdf\" target=\"_blank\">Voluntarios contra el desempleo<\/a><\/td>\n<td align=\"right\" class=\"tfuente\">La Vanguardia &#8211; Dinero<\/td>\n<\/tr>\n<tr>\n<td class=\"tfecha\">24\/09\/2013 &#8211;<\/td>\n<td class=\"titem\"><a href=\"http:\/\/www.clipmedia.net\/ficheros\/2013\/09_sep\/dv849.pdf\" target=\"_blank\">M\u00e1s cotizaciones para pagar las pensiones<\/a><\/td>\n<td align=\"right\" class=\"tfuente\">El Mundo<\/td>\n<\/tr>\n<tr>\n<td class=\"tfecha\">24\/09\/2013 &#8211;<\/td>\n<td class=\"titem\"><a href=\"http:\/\/www.clipmedia.net\/ficheros\/2013\/09_sep\/dv852.pdf\" target=\"_blank\">La Seguridad Social plantea que los sueldos altos paguen m\u00e1s cotizaciones<\/a><\/td>\n<td align=\"right\" class=\"tfuente\">Expansi\u00f3n<\/td>\n<\/tr>\n<tr>\n<td class=\"tfecha\">24\/09\/2013 &#8211;<\/td>\n<td class=\"titem\"><a href=\"http:\/\/www.clipmedia.net\/ficheros\/2013\/09_sep\/dv894.pdf\" target=\"_blank\">Editorial &#8211; Bal\u00f3n de ox\u00edgeno a las inmobiliarias<\/a><\/td>\n<td align=\"right\" class=\"tfuente\">El Economista<\/td>\n<\/tr>\n<tr>\n<td class=\"tfecha\">24\/09\/2013 &#8211;<\/td>\n<td class=\"titem\"><a href=\"http:\/\/www.clipmedia.net\/ficheros\/2013\/09_sep\/dv895.pdf\" target=\"_blank\">El &#8216;bancomalo&#8217; se dispone a aplicar quitas a la deuda de las inmobiliarias<\/a><\/td>\n<td align=\"right\" class=\"tfuente\">El Economista<\/td>\n<\/tr>\n<tr>\n<td class=\"tfecha\">24\/09\/2013 &#8211;<\/td>\n<td class=\"titem\"><a href=\"http:\/\/www.clipmedia.net\/ficheros\/2013\/09_sep\/dv901.pdf\" target=\"_blank\">\u00bfDe nuevo el &#8216;todo urbanizable&#8217;?<\/a><\/td>\n<td align=\"right\" class=\"tfuente\">Cinco D\u00edas<\/td>\n<\/tr>\n<tr>\n<td class=\"tfecha\">24\/09\/2013 &#8211;<\/td>\n<td class=\"titem\"><a href=\"http:\/\/www.clipmedia.net\/ficheros\/2013\/09_sep\/dv902.pdf\" target=\"_blank\">Art\u00edculo de opini\u00f3n: M\u00f3nica Liu &#8211; Fiebre amarilla por los inmuebles en Espa\u00f1a<\/a><\/td>\n<td align=\"right\" class=\"tfuente\">Cinco D\u00edas<\/td>\n<\/tr>\n<tr>\n<td colspan=\"3\">&nbsp;<\/td>\n<\/tr>\n<tr>\n<td colspan=\"3\" class=\"tgrupo\"><img loading=\"lazy\" decoding=\"async\" src=\"http:\/\/www.gestoresalicante.org\/img\/newsletter\/picto.jpg\" width=\"20\" height=\"18\" align=\"absmiddle\" style=\"margin-right: 4px;\"> <strong>B.O.E<\/strong><\/td>\n<\/tr>\n<tr>\n<td colspan=\"3\">(No hay registros)<\/td>\n<\/tr>\n<\/table>\n<\/div>\n","protected":false},"excerpt":{"rendered":"<p>24\/09\/2013 &nbsp; Consejo General de los Colegios de Gestores Administrativos 24\/09\/2013 &#8211; La &#8216;no&#8217; colegiaci\u00f3n costar\u00e1 3.318 millones de euros al PIB El Economista 23\/09\/2013 &#8211; El Ayuntamiento de M\u00e1laga constituye el Comit\u00e9 de Expertos para Asuntos Tributarios andaluciadehoy.com 23\/09\/2013 &hellip; <a href=\"https:\/\/www.gestoresalicante.org\/blog\/index.php\/2013\/09\/24\/resumen-de-prensa-24-09-2013\/\">Sigue leyendo <span class=\"meta-nav\">&rarr;<\/span><\/a><\/p>\n","protected":false},"author":4,"featured_media":0,"comment_status":"closed","ping_status":"closed","sticky":false,"template":"","format":"standard","meta":{"footnotes":""},"categories":[6],"tags":[],"class_list":["post-502","post","type-post","status-publish","format-standard","hentry","category-resumendeprensa"],"_links":{"self":[{"href":"https:\/\/www.gestoresalicante.org\/blog\/index.php\/wp-json\/wp\/v2\/posts\/502","targetHints":{"allow":["GET"]}}],"collection":[{"href":"https:\/\/www.gestoresalicante.org\/blog\/index.php\/wp-json\/wp\/v2\/posts"}],"about":[{"href":"https:\/\/www.gestoresalicante.org\/blog\/index.php\/wp-json\/wp\/v2\/types\/post"}],"author":[{"embeddable":true,"href":"https:\/\/www.gestoresalicante.org\/blog\/index.php\/wp-json\/wp\/v2\/users\/4"}],"replies":[{"embeddable":true,"href":"https:\/\/www.gestoresalicante.org\/blog\/index.php\/wp-json\/wp\/v2\/comments?post=502"}],"version-history":[{"count":0,"href":"https:\/\/www.gestoresalicante.org\/blog\/index.php\/wp-json\/wp\/v2\/posts\/502\/revisions"}],"wp:attachment":[{"href":"https:\/\/www.gestoresalicante.org\/blog\/index.php\/wp-json\/wp\/v2\/media?parent=502"}],"wp:term":[{"taxonomy":"category","embeddable":true,"href":"https:\/\/www.gestoresalicante.org\/blog\/index.php\/wp-json\/wp\/v2\/categories?post=502"},{"taxonomy":"post_tag","embeddable":true,"href":"https:\/\/www.gestoresalicante.org\/blog\/index.php\/wp-json\/wp\/v2\/tags?post=502"}],"curies":[{"name":"wp","href":"https:\/\/api.w.org\/{rel}","templated":true}]}}