{"id":517,"date":"2013-10-04T09:00:00","date_gmt":"2013-10-04T08:00:00","guid":{"rendered":"http:\/\/www.gestoresalicante.org\/blog\/index.php\/2013\/10\/04\/resumen-de-prensa-04-10-2013\/"},"modified":"-0001-11-30T00:00:00","modified_gmt":"-0001-11-29T22:00:00","slug":"resumen-de-prensa-04-10-2013","status":"publish","type":"post","link":"https:\/\/www.gestoresalicante.org\/blog\/index.php\/2013\/10\/04\/resumen-de-prensa-04-10-2013\/","title":{"rendered":"Resumen de Prensa 04-10-2013"},"content":{"rendered":"<div class=\"nboletin\">\n<table width=\"90%\" cellpadding=\"4\">\n<tr>\n<td colspan=\"3\">\n<div style=\"background-color: #CCCCCC;padding: 4px 10px 4px 10px;width: 100%;border: 1px #414141 solid;\"><img decoding=\"async\" alt=\"Consejo de Gestores\" src=\"http:\/\/www.gestoresalicante.org\/img\/newsletter\/conges.jpg\" width=226 height=70><\/div>\n<\/td>\n<\/tr>\n<tr>\n<td align=\"right\" colspan=\"3\"><strong>04\/10\/2013 <\/strong><\/td>\n<\/tr>\n<tr>\n<td class=\"tfecha\">04\/10\/2013 &#8211;<\/td>\n<td class=\"titem\"><a href=\"http:\/\/www.clipmedia.net\/ficheros\/2013\/10_oct\/du613.pdf\" target=\"_blank\">Curs als gestors de tr\u00e0mits telem\u00e0tics de vehicles<\/a>Curso a los gestores<\/td>\n<td align=\"right\" class=\"tfuente\">de tr\u00e1mites telem\u00e1ticos de veh\u00edculosBondia<\/td>\n<\/tr>\n<tr>\n<td class=\"tfecha\">03\/10\/2013 &#8211;<\/td>\n<td class=\"titem\"><a href=\"http:\/\/www.clipmedia.net\/ficheros\/2013\/10_oct\/du629.pdf\" target=\"_blank\">GANVAM renueva su Junta Directiva para &#8216;bajar a la arena&#8217; del sector automoci\u00f3n<\/a><\/td>\n<td align=\"right\" class=\"tfuente\">mundorecambioytaller.com<\/td>\n<\/tr>\n<tr>\n<td class=\"tfecha\">03\/10\/2013 &#8211;<\/td>\n<td class=\"titem\"><a href=\"http:\/\/www.clipmedia.net\/ficheros\/2013\/10_oct\/du630.pdf\" target=\"_blank\">Ganvam renueva su Junta Directiva con el objetivo de revitalizar el mercado<\/a><\/td>\n<td align=\"right\" class=\"tfuente\">autopos.es<\/td>\n<\/tr>\n<tr>\n<td class=\"tfecha\">03\/10\/2013 &#8211;<\/td>\n<td class=\"titem\"><a href=\"http:\/\/www.clipmedia.net\/ficheros\/2013\/10_oct\/du631.pdf\" target=\"_blank\">GANVAM renueva su Junta Directiva para &#8216;bajar a la arena&#8217; del sector automoci\u00f3n<\/a><\/td>\n<td align=\"right\" class=\"tfuente\">Economiadehoy.com<\/td>\n<\/tr>\n<tr>\n<td class=\"tfecha\">04\/10\/2013 &#8211;<\/td>\n<td class=\"titem\"><a href=\"http:\/\/www.clipmedia.net\/ficheros\/2013\/10_oct\/du615.pdf\" target=\"_blank\">Hacienda apuesta por elevar la tributaci\u00f3n de la gran empresa<\/a><\/td>\n<td align=\"right\" class=\"tfuente\">Cinco D\u00edas<\/td>\n<\/tr>\n<tr>\n<td class=\"tfecha\">04\/10\/2013 &#8211;<\/td>\n<td class=\"titem\"><a href=\"http:\/\/www.clipmedia.net\/ficheros\/2013\/10_oct\/du616.pdf\" target=\"_blank\">Primer rev\u00e9s judicial a Catalu\u00f1a por la libertad de horarios comerciales<\/a><\/td>\n<td align=\"right\" class=\"tfuente\">Cinco D\u00edas<\/td>\n<\/tr>\n<tr>\n<td class=\"tfecha\">04\/10\/2013 &#8211;<\/td>\n<td class=\"titem\"><a href=\"http:\/\/www.clipmedia.net\/ficheros\/2013\/10_oct\/du617.pdf\" target=\"_blank\">&#8216;S\u00ed&#8217; condicional de los aut\u00f3nomos al cambio en m\u00f3dulos<\/a><\/td>\n<td align=\"right\" class=\"tfuente\">El Economista<\/td>\n<\/tr>\n<tr>\n<td class=\"tfecha\">04\/10\/2013 &#8211;<\/td>\n<td class=\"titem\"><a href=\"http:\/\/www.clipmedia.net\/ficheros\/2013\/10_oct\/du618.pdf\" target=\"_blank\">El TJUE pide a Espa\u00f1a m\u00e1s protecci\u00f3n a los consumidores <\/a><\/td>\n<td align=\"right\" class=\"tfuente\">El Economista<\/td>\n<\/tr>\n<tr>\n<td class=\"tfecha\">04\/10\/2013 &#8211;<\/td>\n<td class=\"titem\"><a href=\"http:\/\/www.clipmedia.net\/ficheros\/2013\/10_oct\/du625.pdf\" target=\"_blank\">El Gobierno ampliar\u00e1 la licencia expr\u00e9s a comercios de hasta 750m2<\/a><\/td>\n<td align=\"right\" class=\"tfuente\">Expansi\u00f3n<\/td>\n<\/tr>\n<tr>\n<td class=\"tfecha\">04\/10\/2013 &#8211;<\/td>\n<td class=\"titem\"><a href=\"http:\/\/www.clipmedia.net\/ficheros\/2013\/10_oct\/du611.pdf\" target=\"_blank\">Mercedes quiere adelantar a BMW<\/a><\/td>\n<td align=\"right\" class=\"tfuente\">El Mundo<\/td>\n<\/tr>\n<tr>\n<td class=\"tfecha\">04\/10\/2013 &#8211;<\/td>\n<td class=\"titem\"><a href=\"http:\/\/www.clipmedia.net\/ficheros\/2013\/10_oct\/du612.pdf\" target=\"_blank\">La reforma de la Ley de Tr\u00e1fico, lista para aprobar<\/a><\/td>\n<td align=\"right\" class=\"tfuente\">El Mundo<\/td>\n<\/tr>\n<tr>\n<td class=\"tfecha\">04\/10\/2013 &#8211;<\/td>\n<td class=\"titem\"><a href=\"http:\/\/www.clipmedia.net\/ficheros\/2013\/10_oct\/du622.pdf\" target=\"_blank\">Compartir una casa o un coche, el \u00faltimo \u00e9xito de Internet<\/a><\/td>\n<td align=\"right\" class=\"tfuente\">Expansi\u00f3n<\/td>\n<\/tr>\n<tr>\n<td class=\"tfecha\">04\/10\/2013 &#8211;<\/td>\n<td class=\"titem\"><a href=\"http:\/\/www.clipmedia.net\/ficheros\/2013\/10_oct\/du620.pdf\" target=\"_blank\">La demanda de formaci\u00f3n &#8216;eLearning&#8217; de las empresas sube por la crisis<\/a><\/td>\n<td align=\"right\" class=\"tfuente\">El Economista<\/td>\n<\/tr>\n<tr>\n<td class=\"tfecha\">04\/10\/2013 &#8211;<\/td>\n<td class=\"titem\"><a href=\"http:\/\/www.clipmedia.net\/ficheros\/2013\/10_oct\/du614.pdf\" target=\"_blank\">La reforma del SOC pretende unificar toda la gesti\u00f3n de los parados<\/a><\/td>\n<td align=\"right\" class=\"tfuente\">La Vanguardia<\/td>\n<\/tr>\n<tr>\n<td class=\"tfecha\">04\/10\/2013 &#8211;<\/td>\n<td class=\"titem\"><a href=\"http:\/\/www.clipmedia.net\/ficheros\/2013\/10_oct\/du619.pdf\" target=\"_blank\">Un empleado con guarda legal puede ser obligado a trabajar en domingo<\/a><\/td>\n<td align=\"right\" class=\"tfuente\">El Economista<\/td>\n<\/tr>\n<tr>\n<td class=\"tfecha\">04\/10\/2013 &#8211;<\/td>\n<td class=\"titem\"><a href=\"http:\/\/www.clipmedia.net\/ficheros\/2013\/10_oct\/du621.pdf\" target=\"_blank\">Madrid acoger\u00e1 el 24 de octubre la V edici\u00f3n del &#8216;Foro Capital Pymes&#8217;<\/a><\/td>\n<td align=\"right\" class=\"tfuente\">El Economista<\/td>\n<\/tr>\n<tr>\n<td class=\"tfecha\">04\/10\/2013 &#8211;<\/td>\n<td class=\"titem\"><a href=\"http:\/\/www.clipmedia.net\/ficheros\/2013\/10_oct\/du623.pdf\" target=\"_blank\">&#8216;Start up&#8217; de \u00e9xito que nacieron al calor del &#8216;coworking&#8217;<\/a><\/td>\n<td align=\"right\" class=\"tfuente\">Expansi\u00f3n<\/td>\n<\/tr>\n<tr>\n<td class=\"tfecha\">04\/10\/2013 &#8211;<\/td>\n<td class=\"titem\"><a href=\"http:\/\/www.clipmedia.net\/ficheros\/2013\/10_oct\/du627.pdf\" target=\"_blank\">Los parados catalanes tendr\u00e1n una historia laboral unificada<\/a><\/td>\n<td align=\"right\" class=\"tfuente\">El Peri\u00f3dico de Catalunya<\/td>\n<\/tr>\n<tr>\n<td class=\"tfecha\">04\/10\/2013 &#8211;<\/td>\n<td class=\"titem\"><a href=\"http:\/\/www.clipmedia.net\/ficheros\/2013\/10_oct\/du590.pdf\" target=\"_blank\">Un &#8216;manguerazo&#8217; de 70.000 millones<\/a><\/td>\n<td align=\"right\" class=\"tfuente\">El Mundo<\/td>\n<\/tr>\n<tr>\n<td class=\"tfecha\">04\/10\/2013 &#8211;<\/td>\n<td class=\"titem\"><a href=\"http:\/\/www.clipmedia.net\/ficheros\/2013\/10_oct\/du606.pdf\" target=\"_blank\">B\u00e1\u00f1ez pretende suprimir la prestaci\u00f3n a 400.000 desempleados por fraude<\/a><\/td>\n<td align=\"right\" class=\"tfuente\">Expansi\u00f3n<\/td>\n<\/tr>\n<tr>\n<td class=\"tfecha\">04\/10\/2013 &#8211;<\/td>\n<td class=\"titem\"><a href=\"http:\/\/www.clipmedia.net\/ficheros\/2013\/10_oct\/du609.pdf\" target=\"_blank\">&#8216;Se vende&#8217; o &#8216;Se alquila&#8217;, sin complejos<\/a><\/td>\n<td align=\"right\" class=\"tfuente\">El Mundo<\/td>\n<\/tr>\n<tr>\n<td class=\"tfecha\">04\/10\/2013 &#8211;<\/td>\n<td class=\"titem\"><a href=\"http:\/\/www.clipmedia.net\/ficheros\/2013\/10_oct\/du610.pdf\" target=\"_blank\">57.000 etiquetas energ\u00e9ticas en cuatro meses<\/a><\/td>\n<td align=\"right\" class=\"tfuente\">El Mundo<\/td>\n<\/tr>\n<tr>\n<td class=\"tfecha\">04\/10\/2013 &#8211;<\/td>\n<td class=\"titem\"><a href=\"http:\/\/www.clipmedia.net\/ficheros\/2013\/10_oct\/du626.pdf\" target=\"_blank\">El TS castiga a las aseguradoras en casos de fraude inmobiliario<\/a><\/td>\n<td align=\"right\" class=\"tfuente\">Expansi\u00f3n<\/td>\n<\/tr>\n<tr>\n<td class=\"tfecha\">04\/10\/2013 &#8211;<\/td>\n<td class=\"titem\"><a href=\"http:\/\/www.clipmedia.net\/ficheros\/2013\/10_oct\/du624.pdf\" target=\"_blank\">Rajoy subvencionar\u00e1 con 200 euros al mes el alquiler de 48.000 familias<\/a><\/td>\n<td align=\"right\" class=\"tfuente\">Expansi\u00f3n<\/td>\n<\/tr>\n<tr>\n<td colspan=\"3\">(No hay registros)<\/td>\n<\/tr>\n<\/table>\n<\/div>\n","protected":false},"excerpt":{"rendered":"<p>04\/10\/2013 04\/10\/2013 &#8211; Curs als gestors de tr\u00e0mits telem\u00e0tics de vehiclesCurso a los gestores de tr\u00e1mites telem\u00e1ticos de veh\u00edculosBondia 03\/10\/2013 &#8211; GANVAM renueva su Junta Directiva para &#8216;bajar a la arena&#8217; del sector automoci\u00f3n mundorecambioytaller.com 03\/10\/2013 &#8211; Ganvam renueva su &hellip; <a href=\"https:\/\/www.gestoresalicante.org\/blog\/index.php\/2013\/10\/04\/resumen-de-prensa-04-10-2013\/\">Sigue leyendo <span class=\"meta-nav\">&rarr;<\/span><\/a><\/p>\n","protected":false},"author":4,"featured_media":0,"comment_status":"closed","ping_status":"closed","sticky":false,"template":"","format":"standard","meta":{"footnotes":""},"categories":[6],"tags":[],"class_list":["post-517","post","type-post","status-publish","format-standard","hentry","category-resumendeprensa"],"_links":{"self":[{"href":"https:\/\/www.gestoresalicante.org\/blog\/index.php\/wp-json\/wp\/v2\/posts\/517","targetHints":{"allow":["GET"]}}],"collection":[{"href":"https:\/\/www.gestoresalicante.org\/blog\/index.php\/wp-json\/wp\/v2\/posts"}],"about":[{"href":"https:\/\/www.gestoresalicante.org\/blog\/index.php\/wp-json\/wp\/v2\/types\/post"}],"author":[{"embeddable":true,"href":"https:\/\/www.gestoresalicante.org\/blog\/index.php\/wp-json\/wp\/v2\/users\/4"}],"replies":[{"embeddable":true,"href":"https:\/\/www.gestoresalicante.org\/blog\/index.php\/wp-json\/wp\/v2\/comments?post=517"}],"version-history":[{"count":0,"href":"https:\/\/www.gestoresalicante.org\/blog\/index.php\/wp-json\/wp\/v2\/posts\/517\/revisions"}],"wp:attachment":[{"href":"https:\/\/www.gestoresalicante.org\/blog\/index.php\/wp-json\/wp\/v2\/media?parent=517"}],"wp:term":[{"taxonomy":"category","embeddable":true,"href":"https:\/\/www.gestoresalicante.org\/blog\/index.php\/wp-json\/wp\/v2\/categories?post=517"},{"taxonomy":"post_tag","embeddable":true,"href":"https:\/\/www.gestoresalicante.org\/blog\/index.php\/wp-json\/wp\/v2\/tags?post=517"}],"curies":[{"name":"wp","href":"https:\/\/api.w.org\/{rel}","templated":true}]}}