{"id":518,"date":"2013-10-03T09:00:00","date_gmt":"2013-10-03T08:00:00","guid":{"rendered":"http:\/\/www.gestoresalicante.org\/blog\/index.php\/2013\/10\/03\/resumen-de-prensa-03-10-2013\/"},"modified":"-0001-11-30T00:00:00","modified_gmt":"-0001-11-29T22:00:00","slug":"resumen-de-prensa-03-10-2013","status":"publish","type":"post","link":"https:\/\/www.gestoresalicante.org\/blog\/index.php\/2013\/10\/03\/resumen-de-prensa-03-10-2013\/","title":{"rendered":"Resumen de Prensa 03-10-2013"},"content":{"rendered":"<div class=\"nboletin\">\n<table width=\"90%\" cellpadding=\"4\">\n<tr>\n<td colspan=\"3\">\n<div style=\"background-color: #CCCCCC;padding: 4px 10px 4px 10px;width: 100%;border: 1px #414141 solid;\"><img decoding=\"async\" alt=\"Consejo de Gestores\" src=\"http:\/\/www.gestoresalicante.org\/img\/newsletter\/conges.jpg\" width=226 height=70><\/div>\n<\/td>\n<\/tr>\n<tr>\n<td align=\"right\" colspan=\"3\"><strong>03\/10\/2013 <\/strong><\/td>\n<\/tr>\n<tr>\n<td class=\"tfecha\">02\/10\/2013 &#8211;<\/td>\n<td class=\"titem\"><a href=\"http:\/\/www.clipmedia.net\/ficheros\/2013\/10_oct\/du526.pdf\" target=\"_blank\">Ganvam renueva su junta directiva e incorpora perfiles t\u00e9cnicos<\/a><\/td>\n<td align=\"right\" class=\"tfuente\">Europa Press<\/td>\n<\/tr>\n<tr>\n<td class=\"tfecha\">02\/10\/2013 &#8211;<\/td>\n<td class=\"titem\"><a href=\"http:\/\/www.clipmedia.net\/ficheros\/2013\/10_oct\/du527.pdf\" target=\"_blank\">Ganvam renueva su Junta Directiva para &#8216;bajar a la arena&#8217; del sector automoci\u00f3n<\/a><\/td>\n<td align=\"right\" class=\"tfuente\">andaluciadehoy.com<\/td>\n<\/tr>\n<tr>\n<td class=\"tfecha\">02\/10\/2013 &#8211;<\/td>\n<td class=\"titem\"><a href=\"http:\/\/www.clipmedia.net\/ficheros\/2013\/10_oct\/du528.pdf\" target=\"_blank\">Ganvam renueva su Junta Directiva para &#8216;bajar a la arena&#8217; del sector automoci\u00f3n<\/a><\/td>\n<td align=\"right\" class=\"tfuente\">posventa.info<\/td>\n<\/tr>\n<tr>\n<td class=\"tfecha\">02\/10\/2013 &#8211;<\/td>\n<td class=\"titem\"><a href=\"http:\/\/www.clipmedia.net\/ficheros\/2013\/10_oct\/du529.pdf\" target=\"_blank\">La asociaci\u00f3n de vendedores Ganvam renueva la Junta Directiva<\/a><\/td>\n<td align=\"right\" class=\"tfuente\">La voz digital<\/td>\n<\/tr>\n<tr>\n<td class=\"tfecha\">02\/10\/2013 &#8211;<\/td>\n<td class=\"titem\"><a href=\"http:\/\/www.clipmedia.net\/ficheros\/2013\/10_oct\/du530.pdf\" target=\"_blank\">La asociaci\u00f3n de vendedores Ganvam renueva la Junta Directiva<\/a><\/td>\n<td align=\"right\" class=\"tfuente\">El Norte de Castilla Digital<\/td>\n<\/tr>\n<tr>\n<td class=\"tfecha\">02\/10\/2013 &#8211;<\/td>\n<td class=\"titem\"><a href=\"http:\/\/www.clipmedia.net\/ficheros\/2013\/10_oct\/du531.pdf\" target=\"_blank\">La asociaci\u00f3n de vendedores Ganvam renueva la Junta Directiva<\/a><\/td>\n<td align=\"right\" class=\"tfuente\">Ideal<\/td>\n<\/tr>\n<tr>\n<td class=\"tfecha\">02\/10\/2013 &#8211;<\/td>\n<td class=\"titem\"><a href=\"http:\/\/www.clipmedia.net\/ficheros\/2013\/10_oct\/du532.pdf\" target=\"_blank\">La asociaci\u00f3n de vendedores Ganvam renueva la Junta Directiva<\/a><\/td>\n<td align=\"right\" class=\"tfuente\">La Verdad Digital<\/td>\n<\/tr>\n<tr>\n<td class=\"tfecha\">02\/10\/2013 &#8211;<\/td>\n<td class=\"titem\"><a href=\"http:\/\/www.clipmedia.net\/ficheros\/2013\/10_oct\/du533.pdf\" target=\"_blank\">La asociaci\u00f3n de vendedores Ganvam renueva la Junta Directiva<\/a><\/td>\n<td align=\"right\" class=\"tfuente\">Hoy<\/td>\n<\/tr>\n<tr>\n<td class=\"tfecha\">02\/10\/2013 &#8211;<\/td>\n<td class=\"titem\"><a href=\"http:\/\/www.clipmedia.net\/ficheros\/2013\/10_oct\/du534.pdf\" target=\"_blank\">La asociaci\u00f3n de vendedores Ganvam renueva la Junta Directiva<\/a><\/td>\n<td align=\"right\" class=\"tfuente\">Finanzas.com<\/td>\n<\/tr>\n<tr>\n<td class=\"tfecha\">02\/10\/2013 &#8211;<\/td>\n<td class=\"titem\"><a href=\"http:\/\/www.clipmedia.net\/ficheros\/2013\/10_oct\/du535.pdf\" target=\"_blank\">La asociaci\u00f3n de vendedores Ganvam renueva la Junta Directiva<\/a><\/td>\n<td align=\"right\" class=\"tfuente\">Diario Vasco<\/td>\n<\/tr>\n<tr>\n<td class=\"tfecha\">02\/10\/2013 &#8211;<\/td>\n<td class=\"titem\"><a href=\"http:\/\/www.clipmedia.net\/ficheros\/2013\/10_oct\/du536.pdf\" target=\"_blank\">La asociaci\u00f3n de vendedores Ganvam renueva la Junta Directiva<\/a><\/td>\n<td align=\"right\" class=\"tfuente\">La Rioja<\/td>\n<\/tr>\n<tr>\n<td class=\"tfecha\">02\/10\/2013 &#8211;<\/td>\n<td class=\"titem\"><a href=\"http:\/\/www.clipmedia.net\/ficheros\/2013\/10_oct\/du537.pdf\" target=\"_blank\">La asociaci\u00f3n de vendedores de veh\u00edculos Ganvam renueva la Junta Directiva<\/a><\/td>\n<td align=\"right\" class=\"tfuente\">Invertia.com<\/td>\n<\/tr>\n<tr>\n<td class=\"tfecha\">02\/10\/2013 &#8211;<\/td>\n<td class=\"titem\"><a href=\"http:\/\/www.clipmedia.net\/ficheros\/2013\/10_oct\/du538.pdf\" target=\"_blank\">La asociaci\u00f3n de vendedores Ganvam renueva la Junta Directiva<\/a><\/td>\n<td align=\"right\" class=\"tfuente\">Diario Sur.es<\/td>\n<\/tr>\n<tr>\n<td class=\"tfecha\">02\/10\/2013 &#8211;<\/td>\n<td class=\"titem\"><a href=\"http:\/\/www.clipmedia.net\/ficheros\/2013\/10_oct\/du539.pdf\" target=\"_blank\">La asociaci\u00f3n de vendedores Ganvam renueva la Junta Directiva<\/a><\/td>\n<td align=\"right\" class=\"tfuente\">El Correo Digital<\/td>\n<\/tr>\n<tr>\n<td class=\"tfecha\">02\/10\/2013 &#8211;<\/td>\n<td class=\"titem\"><a href=\"http:\/\/www.clipmedia.net\/ficheros\/2013\/10_oct\/du540.pdf\" target=\"_blank\">La asociaci\u00f3n de vendedores Ganvam renueva la Junta Directiva<\/a><\/td>\n<td align=\"right\" class=\"tfuente\">Las Provincias<\/td>\n<\/tr>\n<tr>\n<td class=\"tfecha\">02\/10\/2013 &#8211;<\/td>\n<td class=\"titem\"><a href=\"http:\/\/www.clipmedia.net\/ficheros\/2013\/10_oct\/du541.pdf\" target=\"_blank\">La asociaci\u00f3n de vendedores Ganvam renueva la Junta Directiva<\/a><\/td>\n<td align=\"right\" class=\"tfuente\">Expansi\u00f3n (digital)<\/td>\n<\/tr>\n<tr>\n<td class=\"tfecha\">02\/10\/2013 &#8211;<\/td>\n<td class=\"titem\"><a href=\"http:\/\/www.clipmedia.net\/ficheros\/2013\/10_oct\/du542.pdf\" target=\"_blank\">La asociaci\u00f3n de vendedores de veh\u00edculos Ganvam renueva la Junta Directiva<\/a><\/td>\n<td align=\"right\" class=\"tfuente\">La Informaci\u00f3n Digital.com<\/td>\n<\/tr>\n<tr>\n<td class=\"tfecha\">02\/10\/2013 &#8211;<\/td>\n<td class=\"titem\"><a href=\"http:\/\/www.clipmedia.net\/ficheros\/2013\/10_oct\/du543.pdf\" target=\"_blank\">Ganvam renueva su Junta Directiva para &#8216;bajar a la arena&#8217; del sector automoci\u00f3n<\/a><\/td>\n<td align=\"right\" class=\"tfuente\">Regiondigital.com<\/td>\n<\/tr>\n<tr>\n<td class=\"tfecha\">02\/10\/2013 &#8211;<\/td>\n<td class=\"titem\"><a href=\"http:\/\/www.clipmedia.net\/ficheros\/2013\/10_oct\/du544.pdf\" target=\"_blank\">La asociaci\u00f3n de vendedores Ganvam renueva la Junta Directiva<\/a><\/td>\n<td align=\"right\" class=\"tfuente\">Ibercajamotor.com<\/td>\n<\/tr>\n<tr>\n<td class=\"tfecha\">02\/10\/2013 &#8211;<\/td>\n<td class=\"titem\"><a href=\"http:\/\/www.clipmedia.net\/ficheros\/2013\/10_oct\/du545.pdf\" target=\"_blank\">La asociaci\u00f3n de vendedores Ganvam renueva la Junta Directiva<\/a><\/td>\n<td align=\"right\" class=\"tfuente\">Motorcanario.com<\/td>\n<\/tr>\n<tr>\n<td class=\"tfecha\">02\/10\/2013 &#8211;<\/td>\n<td class=\"titem\"><a href=\"http:\/\/www.clipmedia.net\/ficheros\/2013\/10_oct\/du525.pdf\" target=\"_blank\">Ganvam renueva su junta directiva e incorpora perfiles t\u00e9cnicos<\/a><\/td>\n<td align=\"right\" class=\"tfuente\">El Economista (digital)<\/td>\n<\/tr>\n<tr>\n<td class=\"tfecha\">02\/10\/2013 &#8211;<\/td>\n<td class=\"titem\"><a href=\"http:\/\/www.clipmedia.net\/ficheros\/2013\/10_oct\/du547.pdf\" target=\"_blank\">Ganvam renueva su junta directiva e incorpora perfiles t\u00e9cnicos<\/a><\/td>\n<td align=\"right\" class=\"tfuente\">autocasion.com<\/td>\n<\/tr>\n<tr>\n<td class=\"tfecha\">02\/10\/2013 &#8211;<\/td>\n<td class=\"titem\"><a href=\"http:\/\/www.clipmedia.net\/ficheros\/2013\/10_oct\/du546.pdf\" target=\"_blank\">Agenda informativa de Europa Press para hoy, 3 de octubre de 2013<\/a><\/td>\n<td align=\"right\" class=\"tfuente\">noticias21.com<\/td>\n<\/tr>\n<tr>\n<td class=\"tfecha\">03\/10\/2013 &#8211;<\/td>\n<td class=\"titem\"><a href=\"http:\/\/www.clipmedia.net\/ficheros\/2013\/10_oct\/du552.pdf\" target=\"_blank\">Hacienda detecta 1.700 millones en deduccioes &#8216;ficticias&#8217; de las empresas<\/a><\/td>\n<td align=\"right\" class=\"tfuente\">Cinco D\u00edas<\/td>\n<\/tr>\n<tr>\n<td class=\"tfecha\">03\/10\/2013 &#8211;<\/td>\n<td class=\"titem\"><a href=\"http:\/\/www.clipmedia.net\/ficheros\/2013\/10_oct\/du556.pdf\" target=\"_blank\">Hacienda prepara una supresi\u00f3n parcial de la tributaci\u00f3n por m\u00f3dulos<\/a><\/td>\n<td align=\"right\" class=\"tfuente\">El Economista<\/td>\n<\/tr>\n<tr>\n<td class=\"tfecha\">03\/10\/2013 &#8211;<\/td>\n<td class=\"titem\"><a href=\"http:\/\/www.clipmedia.net\/ficheros\/2013\/10_oct\/du558.pdf\" target=\"_blank\">La abogac\u00eda catalana critica la futura Ley de Colegios<\/a><\/td>\n<td align=\"right\" class=\"tfuente\">El Economista<\/td>\n<\/tr>\n<tr>\n<td class=\"tfecha\">03\/10\/2013 &#8211;<\/td>\n<td class=\"titem\"><a href=\"http:\/\/www.clipmedia.net\/ficheros\/2013\/10_oct\/du504.pdf\" target=\"_blank\">La gran empresa s\u00f3lo paga un 4% a Hacienda a pesar de las alzas fiscales<\/a><\/td>\n<td align=\"right\" class=\"tfuente\">Expansi\u00f3n<\/td>\n<\/tr>\n<tr>\n<td class=\"tfecha\">03\/10\/2013 &#8211;<\/td>\n<td class=\"titem\"><a href=\"http:\/\/www.clipmedia.net\/ficheros\/2013\/10_oct\/du502.pdf\" target=\"_blank\">&#8216;Divorcio&#8217; de Citro\u00ebn y su gama DS en China<\/a><\/td>\n<td align=\"right\" class=\"tfuente\">El Mundo<\/td>\n<\/tr>\n<tr>\n<td colspan=\"3\">(No hay registros)<\/td>\n<\/tr>\n<tr>\n<td class=\"tfecha\">02\/10\/2013 &#8211;<\/td>\n<td class=\"titem\"><a href=\"http:\/\/www.clipmedia.net\/ficheros\/2013\/10_oct\/du561.pdf\" target=\"_blank\">Las privadas suspenden en transparencia<\/a><\/td>\n<td align=\"right\" class=\"tfuente\">El Mundo &#8211; Campus<\/td>\n<\/tr>\n<tr>\n<td class=\"tfecha\">02\/10\/2013 &#8211;<\/td>\n<td class=\"titem\"><a href=\"http:\/\/www.clipmedia.net\/ficheros\/2013\/10_oct\/du562.pdf\" target=\"_blank\">Un negocio al alza<\/a><\/td>\n<td align=\"right\" class=\"tfuente\">El Mundo &#8211; Campus<\/td>\n<\/tr>\n<tr>\n<td class=\"tfecha\">03\/10\/2013 &#8211;<\/td>\n<td class=\"titem\"><a href=\"http:\/\/www.clipmedia.net\/ficheros\/2013\/10_oct\/du523.pdf\" target=\"_blank\">El paro sube en 25.000 personas y cae la afiliaci\u00f3n<\/a><\/td>\n<td align=\"right\" class=\"tfuente\">La Vanguardia<\/td>\n<\/tr>\n<tr>\n<td class=\"tfecha\">03\/10\/2013 &#8211;<\/td>\n<td class=\"titem\"><a href=\"http:\/\/www.clipmedia.net\/ficheros\/2013\/10_oct\/du550.pdf\" target=\"_blank\">Madrid pagar\u00e1 a las empresas que contraten parados de larga duraci\u00f3n<\/a><\/td>\n<td align=\"right\" class=\"tfuente\">Cinco D\u00edas<\/td>\n<\/tr>\n<tr>\n<td class=\"tfecha\">03\/10\/2013 &#8211;<\/td>\n<td class=\"titem\"><a href=\"http:\/\/www.clipmedia.net\/ficheros\/2013\/10_oct\/du553.pdf\" target=\"_blank\">La destrucci\u00f3n de empleo se frena gracias a contratos m\u00e1s precarios<\/a><\/td>\n<td align=\"right\" class=\"tfuente\">El Pa\u00eds<\/td>\n<\/tr>\n<tr>\n<td class=\"tfecha\">03\/10\/2013 &#8211;<\/td>\n<td class=\"titem\"><a href=\"http:\/\/www.clipmedia.net\/ficheros\/2013\/10_oct\/du554.pdf\" target=\"_blank\">El recorte de salarios hunde la renta de las familias a su nivel m\u00e1s bajo desde 2005<\/a><\/td>\n<td align=\"right\" class=\"tfuente\">El Pa\u00eds<\/td>\n<\/tr>\n<tr>\n<td class=\"tfecha\">03\/10\/2013 &#8211;<\/td>\n<td class=\"titem\"><a href=\"http:\/\/www.clipmedia.net\/ficheros\/2013\/10_oct\/du557.pdf\" target=\"_blank\">San Mart\u00edn cree un error la anulaci\u00f3n del &#8216;despido expr\u00e9s&#8217;<\/a><\/td>\n<td align=\"right\" class=\"tfuente\">El Economista<\/td>\n<\/tr>\n<tr>\n<td class=\"tfecha\">03\/10\/2013 &#8211;<\/td>\n<td class=\"titem\"><a href=\"http:\/\/www.clipmedia.net\/ficheros\/2013\/10_oct\/du559.pdf\" target=\"_blank\">Escoge la mejor v\u00eda para acceder a un empleo<\/a><\/td>\n<td align=\"right\" class=\"tfuente\">Expansi\u00f3n<\/td>\n<\/tr>\n<tr>\n<td class=\"tfecha\">03\/10\/2013 &#8211;<\/td>\n<td class=\"titem\"><a href=\"http:\/\/www.clipmedia.net\/ficheros\/2013\/10_oct\/du501.pdf\" target=\"_blank\">Cuatro de cada 10 contratos son por unas horas<\/a><\/td>\n<td align=\"right\" class=\"tfuente\">El Mundo<\/td>\n<\/tr>\n<tr>\n<td class=\"tfecha\">03\/10\/2013 &#8211;<\/td>\n<td class=\"titem\"><a href=\"http:\/\/www.clipmedia.net\/ficheros\/2013\/10_oct\/du548.pdf\" target=\"_blank\">Editorial &#8211; El dato del paro tampoco es de recuperaci\u00f3n<\/a><\/td>\n<td align=\"right\" class=\"tfuente\">La Vanguardia<\/td>\n<\/tr>\n<tr>\n<td class=\"tfecha\">03\/10\/2013 &#8211;<\/td>\n<td class=\"titem\"><a href=\"http:\/\/www.clipmedia.net\/ficheros\/2013\/10_oct\/du551.pdf\" target=\"_blank\">La inversi\u00f3n extranjera en vivienda se dispara un 33% en el a\u00f1o<\/a><\/td>\n<td align=\"right\" class=\"tfuente\">Cinco D\u00edas<\/td>\n<\/tr>\n<tr>\n<td class=\"tfecha\">03\/10\/2013 &#8211;<\/td>\n<td class=\"titem\"><a href=\"http:\/\/www.clipmedia.net\/ficheros\/2013\/10_oct\/du555.pdf\" target=\"_blank\">El &#8216;bancomalo&#8217; incumplir\u00e1 este a\u00f1o sus objetivos de venta de viviendas<\/a><\/td>\n<td align=\"right\" class=\"tfuente\">El Economista<\/td>\n<\/tr>\n<tr>\n<td class=\"tfecha\">03\/10\/2013 &#8211;<\/td>\n<td class=\"titem\"><a href=\"http:\/\/www.clipmedia.net\/ficheros\/2013\/10_oct\/du560.pdf\" target=\"_blank\">El fondo inmobiliario de Catalunya Banc tiene 391 pisos<\/a><\/td>\n<td align=\"right\" class=\"tfuente\">Expansi\u00f3n<\/td>\n<\/tr>\n<tr>\n<td colspan=\"3\">(No hay registros)<\/td>\n<\/tr>\n<\/table>\n<\/div>\n","protected":false},"excerpt":{"rendered":"<p>03\/10\/2013 02\/10\/2013 &#8211; Ganvam renueva su junta directiva e incorpora perfiles t\u00e9cnicos Europa Press 02\/10\/2013 &#8211; Ganvam renueva su Junta Directiva para &#8216;bajar a la arena&#8217; del sector automoci\u00f3n andaluciadehoy.com 02\/10\/2013 &#8211; Ganvam renueva su Junta Directiva para &#8216;bajar a &hellip; <a href=\"https:\/\/www.gestoresalicante.org\/blog\/index.php\/2013\/10\/03\/resumen-de-prensa-03-10-2013\/\">Sigue leyendo <span class=\"meta-nav\">&rarr;<\/span><\/a><\/p>\n","protected":false},"author":4,"featured_media":0,"comment_status":"closed","ping_status":"closed","sticky":false,"template":"","format":"standard","meta":{"footnotes":""},"categories":[6],"tags":[],"class_list":["post-518","post","type-post","status-publish","format-standard","hentry","category-resumendeprensa"],"_links":{"self":[{"href":"https:\/\/www.gestoresalicante.org\/blog\/index.php\/wp-json\/wp\/v2\/posts\/518","targetHints":{"allow":["GET"]}}],"collection":[{"href":"https:\/\/www.gestoresalicante.org\/blog\/index.php\/wp-json\/wp\/v2\/posts"}],"about":[{"href":"https:\/\/www.gestoresalicante.org\/blog\/index.php\/wp-json\/wp\/v2\/types\/post"}],"author":[{"embeddable":true,"href":"https:\/\/www.gestoresalicante.org\/blog\/index.php\/wp-json\/wp\/v2\/users\/4"}],"replies":[{"embeddable":true,"href":"https:\/\/www.gestoresalicante.org\/blog\/index.php\/wp-json\/wp\/v2\/comments?post=518"}],"version-history":[{"count":0,"href":"https:\/\/www.gestoresalicante.org\/blog\/index.php\/wp-json\/wp\/v2\/posts\/518\/revisions"}],"wp:attachment":[{"href":"https:\/\/www.gestoresalicante.org\/blog\/index.php\/wp-json\/wp\/v2\/media?parent=518"}],"wp:term":[{"taxonomy":"category","embeddable":true,"href":"https:\/\/www.gestoresalicante.org\/blog\/index.php\/wp-json\/wp\/v2\/categories?post=518"},{"taxonomy":"post_tag","embeddable":true,"href":"https:\/\/www.gestoresalicante.org\/blog\/index.php\/wp-json\/wp\/v2\/tags?post=518"}],"curies":[{"name":"wp","href":"https:\/\/api.w.org\/{rel}","templated":true}]}}