{"id":527,"date":"2013-11-05T14:15:27","date_gmt":"2013-11-05T13:15:27","guid":{"rendered":"http:\/\/www.gestoresalicante.org\/blog\/?p=527"},"modified":"2013-11-05T14:15:50","modified_gmt":"2013-11-05T13:15:50","slug":"bit-163","status":"publish","type":"post","link":"https:\/\/www.gestoresalicante.org\/blog\/index.php\/2013\/11\/05\/bit-163\/","title":{"rendered":"BIT 163"},"content":{"rendered":"<p><a href=\"http:\/\/www.gestoresalicante.org\/blog\/wp-content\/uploads\/2013\/11\/BIT-163.pdf\" target=\"_blank\">Adjunto se remite el n\u00famero <strong>163<\/strong> del <strong>Bolet\u00edn Informativo Tributario (BIT)<\/strong>, correspondiente a la primera quincena del mes de noviembre.<\/a><\/p>\n<p><a href=\"http:\/\/www.gestoresalicante.org\/blog\/wp-content\/uploads\/2013\/11\/BIT-163.pdf\" target=\"_blank\">El pr\u00f3ximo n\u00famero del <strong>BIT <\/strong>ser\u00e1 el correspondiente a la segunda quincena del mes de noviembre.<\/a><\/p>\n","protected":false},"excerpt":{"rendered":"<p>Adjunto se remite el n\u00famero 163 del Bolet\u00edn Informativo Tributario (BIT), correspondiente a la primera quincena del mes de noviembre. El pr\u00f3ximo n\u00famero del BIT ser\u00e1 el correspondiente a la segunda quincena del mes de noviembre.<\/p>\n","protected":false},"author":4,"featured_media":0,"comment_status":"closed","ping_status":"closed","sticky":false,"template":"","format":"standard","meta":{"footnotes":""},"categories":[7,3],"tags":[],"class_list":["post-527","post","type-post","status-publish","format-standard","hentry","category-bit","category-noticias-de-interes"],"_links":{"self":[{"href":"https:\/\/www.gestoresalicante.org\/blog\/index.php\/wp-json\/wp\/v2\/posts\/527","targetHints":{"allow":["GET"]}}],"collection":[{"href":"https:\/\/www.gestoresalicante.org\/blog\/index.php\/wp-json\/wp\/v2\/posts"}],"about":[{"href":"https:\/\/www.gestoresalicante.org\/blog\/index.php\/wp-json\/wp\/v2\/types\/post"}],"author":[{"embeddable":true,"href":"https:\/\/www.gestoresalicante.org\/blog\/index.php\/wp-json\/wp\/v2\/users\/4"}],"replies":[{"embeddable":true,"href":"https:\/\/www.gestoresalicante.org\/blog\/index.php\/wp-json\/wp\/v2\/comments?post=527"}],"version-history":[{"count":2,"href":"https:\/\/www.gestoresalicante.org\/blog\/index.php\/wp-json\/wp\/v2\/posts\/527\/revisions"}],"predecessor-version":[{"id":530,"href":"https:\/\/www.gestoresalicante.org\/blog\/index.php\/wp-json\/wp\/v2\/posts\/527\/revisions\/530"}],"wp:attachment":[{"href":"https:\/\/www.gestoresalicante.org\/blog\/index.php\/wp-json\/wp\/v2\/media?parent=527"}],"wp:term":[{"taxonomy":"category","embeddable":true,"href":"https:\/\/www.gestoresalicante.org\/blog\/index.php\/wp-json\/wp\/v2\/categories?post=527"},{"taxonomy":"post_tag","embeddable":true,"href":"https:\/\/www.gestoresalicante.org\/blog\/index.php\/wp-json\/wp\/v2\/tags?post=527"}],"curies":[{"name":"wp","href":"https:\/\/api.w.org\/{rel}","templated":true}]}}