{"id":533,"date":"2013-11-08T09:00:00","date_gmt":"2013-11-08T08:00:00","guid":{"rendered":"http:\/\/www.gestoresalicante.org\/blog\/index.php\/2013\/11\/08\/resumen-de-prensa-08-11-2013\/"},"modified":"-0001-11-30T00:00:00","modified_gmt":"-0001-11-29T22:00:00","slug":"resumen-de-prensa-08-11-2013","status":"publish","type":"post","link":"https:\/\/www.gestoresalicante.org\/blog\/index.php\/2013\/11\/08\/resumen-de-prensa-08-11-2013\/","title":{"rendered":"Resumen de Prensa 08-11-2013"},"content":{"rendered":"<div class=\"nboletin\">\n<table width=\"90%\" cellpadding=\"4\">\n<tr>\n<td colspan=\"3\">\n<div style=\"background-color: #CCCCCC;padding: 4px 10px 4px 10px;width: 100%;border: 1px #414141 solid;\"><img decoding=\"async\" alt=\"Consejo de Gestores\" src=\"http:\/\/www.gestoresalicante.org\/img\/newsletter\/conges.jpg\" width=226 height=70><\/div>\n<\/td>\n<\/tr>\n<tr>\n<td align=\"right\" colspan=\"3\"><strong>08\/11\/2013 <\/strong><\/td>\n<\/tr>\n<tr>\n<td colspan=\"3\">&nbsp;<\/td>\n<\/tr>\n<tr>\n<td colspan=\"3\" class=\"tgrupo\"><img loading=\"lazy\" decoding=\"async\" src=\"http:\/\/www.gestoresalicante.org\/img\/newsletter\/picto.jpg\" width=\"20\" height=\"18\" align=\"absmiddle\" style=\"margin-right: 4px;\"> <strong>Consejo General de los Colegios de Gestores Administrativos<\/strong><\/td>\n<\/tr>\n<tr>\n<td class=\"tfecha\">08\/11\/2013 &#8211;<\/td>\n<td class=\"titem\"><a href=\"http:\/\/www.clipmedia.net\/ficheros\/2013\/11_nov\/er672.pdf\" target=\"_blank\">Los asesores fiscales pelean un cambio en la tributaci\u00f3n<\/a><\/td>\n<td align=\"right\" class=\"tfuente\">El Economista &#8211; Iuris&amp;Lex<\/td>\n<\/tr>\n<tr>\n<td class=\"tfecha\">08\/11\/2013 &#8211;<\/td>\n<td class=\"titem\"><a href=\"http:\/\/www.clipmedia.net\/ficheros\/2013\/11_nov\/er653.pdf\" target=\"_blank\">Las empresas deben entrar en el IVA de caja en diciembre<\/a><\/td>\n<td align=\"right\" class=\"tfuente\">Expansi\u00f3n<\/td>\n<\/tr>\n<tr>\n<td class=\"tfecha\">08\/11\/2013 &#8211;<\/td>\n<td class=\"titem\"><a href=\"http:\/\/www.clipmedia.net\/ficheros\/2013\/11_nov\/er679.pdf\" target=\"_blank\">Control sobre datos personales para la percepci\u00f3n de ayudas<\/a><\/td>\n<td align=\"right\" class=\"tfuente\">La Vanguardia<\/td>\n<\/tr>\n<tr>\n<td class=\"tfecha\">08\/11\/2013 &#8211;<\/td>\n<td class=\"titem\"><a href=\"http:\/\/www.clipmedia.net\/ficheros\/2013\/11_nov\/er685.pdf\" target=\"_blank\">Los nuevos testamentos cerrados y ol\u00f3grafos<\/a><\/td>\n<td align=\"right\" class=\"tfuente\">El Economista &#8211; Iuris&amp;Lex<\/td>\n<\/tr>\n<tr>\n<td class=\"tfecha\">08\/11\/2013 &#8211;<\/td>\n<td class=\"titem\"><a href=\"http:\/\/www.clipmedia.net\/ficheros\/2013\/11_nov\/er652.pdf\" target=\"_blank\">Fomento y la C\u00e1mara de Barcelona cargan contra el alza de impuestos<\/a><\/td>\n<td align=\"right\" class=\"tfuente\">Expansi\u00f3n<\/td>\n<\/tr>\n<tr>\n<td class=\"tfecha\">08\/11\/2013 &#8211;<\/td>\n<td class=\"titem\"><a href=\"http:\/\/www.clipmedia.net\/ficheros\/2013\/11_nov\/er651.pdf\" target=\"_blank\">Nissan aplica un nuevo plan de ajuste en Barcelona<\/a><\/td>\n<td align=\"right\" class=\"tfuente\">Expansi\u00f3n<\/td>\n<\/tr>\n<tr>\n<td class=\"tfecha\">08\/11\/2013 &#8211;<\/td>\n<td class=\"titem\"><a href=\"http:\/\/www.clipmedia.net\/ficheros\/2013\/11_nov\/er673.pdf\" target=\"_blank\">Nissan intenta repetir el \u00e9xito de ventas alcanzado con el Qashqai<\/a><\/td>\n<td align=\"right\" class=\"tfuente\">El Mundo<\/td>\n<\/tr>\n<tr>\n<td class=\"tfecha\">08\/11\/2013 &#8211;<\/td>\n<td class=\"titem\"><a href=\"http:\/\/www.clipmedia.net\/ficheros\/2013\/11_nov\/er677.pdf\" target=\"_blank\">Anfac ve 2,2 millones de coches a punto de renovarse<\/a><\/td>\n<td align=\"right\" class=\"tfuente\">El Economista<\/td>\n<\/tr>\n<tr>\n<td class=\"tfecha\">08\/11\/2013 &#8211;<\/td>\n<td class=\"titem\"><a href=\"http:\/\/www.clipmedia.net\/ficheros\/2013\/11_nov\/er684.pdf\" target=\"_blank\">El fraude en los seguros de auto se duplica durante la crisis<\/a><\/td>\n<td align=\"right\" class=\"tfuente\">Cinco D\u00edas<\/td>\n<\/tr>\n<tr>\n<td class=\"tfecha\">08\/11\/2013 &#8211;<\/td>\n<td class=\"titem\"><a href=\"http:\/\/www.clipmedia.net\/ficheros\/2013\/11_nov\/er654.pdf\" target=\"_blank\">Entrar en el correo electr\u00f3nico de tu expareja es delito<\/a><\/td>\n<td align=\"right\" class=\"tfuente\">Expansi\u00f3n<\/td>\n<\/tr>\n<tr>\n<td class=\"tfecha\">08\/11\/2013 &#8211;<\/td>\n<td class=\"titem\"><a href=\"http:\/\/www.clipmedia.net\/ficheros\/2013\/11_nov\/er649.pdf\" target=\"_blank\">Gu\u00eda para ascender en tu empresa sin hacer la pelota al jefe<\/a><\/td>\n<td align=\"right\" class=\"tfuente\">Expansi\u00f3n<\/td>\n<\/tr>\n<tr>\n<td class=\"tfecha\">08\/11\/2013 &#8211;<\/td>\n<td class=\"titem\"><a href=\"http:\/\/www.clipmedia.net\/ficheros\/2013\/11_nov\/er682.pdf\" target=\"_blank\">El PP beneficia de nuevo a la educaci\u00f3n separada por sexos<\/a><\/td>\n<td align=\"right\" class=\"tfuente\">El Pa\u00eds<\/td>\n<\/tr>\n<tr>\n<td class=\"tfecha\">08\/11\/2013 &#8211;<\/td>\n<td class=\"titem\"><a href=\"http:\/\/www.clipmedia.net\/ficheros\/2013\/11_nov\/er656.pdf\" target=\"_blank\">La producci\u00f3n industrial espa\u00f1ola vuelve a crecer<\/a><\/td>\n<td align=\"right\" class=\"tfuente\">Expansi\u00f3n<\/td>\n<\/tr>\n<tr>\n<td class=\"tfecha\">08\/11\/2013 &#8211;<\/td>\n<td class=\"titem\"><a href=\"http:\/\/www.clipmedia.net\/ficheros\/2013\/11_nov\/er678.pdf\" target=\"_blank\">Rajoy ampl\u00eda al trabajo parcial las exenciones de los emprendedores<\/a><\/td>\n<td align=\"right\" class=\"tfuente\">El Economista<\/td>\n<\/tr>\n<tr>\n<td class=\"tfecha\">08\/11\/2013 &#8211;<\/td>\n<td class=\"titem\"><a href=\"http:\/\/www.clipmedia.net\/ficheros\/2013\/11_nov\/er681.pdf\" target=\"_blank\">El contrato sin indemnizaci\u00f3n el primer a\u00f1o se ampl\u00eda al empleo parcial<\/a><\/td>\n<td align=\"right\" class=\"tfuente\">El Pa\u00eds<\/td>\n<\/tr>\n<tr>\n<td class=\"tfecha\">08\/11\/2013 &#8211;<\/td>\n<td class=\"titem\"><a href=\"http:\/\/www.clipmedia.net\/ficheros\/2013\/11_nov\/er683.pdf\" target=\"_blank\">Pymes y aut\u00f3nomos podr\u00e1n contratar fijos a tiempo parcial con un a\u00f1o de prueba<\/a><\/td>\n<td align=\"right\" class=\"tfuente\">Cinco D\u00edas<\/td>\n<\/tr>\n<tr>\n<td class=\"tfecha\">08\/11\/2013 &#8211;<\/td>\n<td class=\"titem\"><a href=\"http:\/\/www.clipmedia.net\/ficheros\/2013\/11_nov\/er686.pdf\" target=\"_blank\">\u00bfC\u00f3mo promover la integraci\u00f3n del trabajador dom\u00e9stico?<\/a><\/td>\n<td align=\"right\" class=\"tfuente\">El Economista &#8211; Iuris&amp;Lex<\/td>\n<\/tr>\n<tr>\n<td class=\"tfecha\">08\/11\/2013 &#8211;<\/td>\n<td class=\"titem\"><a href=\"http:\/\/www.clipmedia.net\/ficheros\/2013\/11_nov\/er646.pdf\" target=\"_blank\">Dinero barato para combatir el paro<\/a><\/td>\n<td align=\"right\" class=\"tfuente\">El Mundo<\/td>\n<\/tr>\n<tr>\n<td class=\"tfecha\">08\/11\/2013 &#8211;<\/td>\n<td class=\"titem\"><a href=\"http:\/\/www.clipmedia.net\/ficheros\/2013\/11_nov\/er650.pdf\" target=\"_blank\">Santander recibir\u00e1 hoy ofertas de m\u00e1s de 600 millones por su inmobiliaria<\/a><\/td>\n<td align=\"right\" class=\"tfuente\">Expansi\u00f3n<\/td>\n<\/tr>\n<tr>\n<td class=\"tfecha\">08\/11\/2013 &#8211;<\/td>\n<td class=\"titem\"><a href=\"http:\/\/www.clipmedia.net\/ficheros\/2013\/11_nov\/er674.pdf\" target=\"_blank\">De todo y para todos en la Sareb<\/a><\/td>\n<td align=\"right\" class=\"tfuente\">El Mundo &#8211; Suplemento especial<\/td>\n<\/tr>\n<tr>\n<td class=\"tfecha\">08\/11\/2013 &#8211;<\/td>\n<td class=\"titem\"><a href=\"http:\/\/www.clipmedia.net\/ficheros\/2013\/11_nov\/er675.pdf\" target=\"_blank\">C\u00f3mo atenuar el desplome de precios<\/a><\/td>\n<td align=\"right\" class=\"tfuente\">El Mundo &#8211; Suplemento especial<\/td>\n<\/tr>\n<tr>\n<td class=\"tfecha\">08\/11\/2013 &#8211;<\/td>\n<td class=\"titem\"><a href=\"http:\/\/www.clipmedia.net\/ficheros\/2013\/11_nov\/er676.pdf\" target=\"_blank\">La calidad de las viviendas, un factor clave para su depreciaci\u00f3n<\/a><\/td>\n<td align=\"right\" class=\"tfuente\">El Mundo<\/td>\n<\/tr>\n<tr>\n<td class=\"tfecha\">08\/11\/2013 &#8211;<\/td>\n<td class=\"titem\"><a href=\"http:\/\/www.clipmedia.net\/ficheros\/2013\/11_nov\/er680.pdf\" target=\"_blank\">Micropisos a la carta<\/a><\/td>\n<td align=\"right\" class=\"tfuente\">La Vanguardia<\/td>\n<\/tr>\n<tr>\n<td colspan=\"3\">&nbsp;<\/td>\n<\/tr>\n<tr>\n<td colspan=\"3\" class=\"tgrupo\"><img loading=\"lazy\" decoding=\"async\" src=\"http:\/\/www.gestoresalicante.org\/img\/newsletter\/picto.jpg\" width=\"20\" height=\"18\" align=\"absmiddle\" style=\"margin-right: 4px;\"> <strong>B.O.E<\/strong><\/td>\n<\/tr>\n<tr>\n<td colspan=\"3\">(No hay registros)<\/td>\n<\/tr>\n<\/table>\n<\/div>\n","protected":false},"excerpt":{"rendered":"<p>08\/11\/2013 &nbsp; Consejo General de los Colegios de Gestores Administrativos 08\/11\/2013 &#8211; Los asesores fiscales pelean un cambio en la tributaci\u00f3n El Economista &#8211; Iuris&amp;Lex 08\/11\/2013 &#8211; Las empresas deben entrar en el IVA de caja en diciembre Expansi\u00f3n 08\/11\/2013 &hellip; <a href=\"https:\/\/www.gestoresalicante.org\/blog\/index.php\/2013\/11\/08\/resumen-de-prensa-08-11-2013\/\">Sigue leyendo <span class=\"meta-nav\">&rarr;<\/span><\/a><\/p>\n","protected":false},"author":4,"featured_media":0,"comment_status":"closed","ping_status":"closed","sticky":false,"template":"","format":"standard","meta":{"footnotes":""},"categories":[6],"tags":[],"class_list":["post-533","post","type-post","status-publish","format-standard","hentry","category-resumendeprensa"],"_links":{"self":[{"href":"https:\/\/www.gestoresalicante.org\/blog\/index.php\/wp-json\/wp\/v2\/posts\/533","targetHints":{"allow":["GET"]}}],"collection":[{"href":"https:\/\/www.gestoresalicante.org\/blog\/index.php\/wp-json\/wp\/v2\/posts"}],"about":[{"href":"https:\/\/www.gestoresalicante.org\/blog\/index.php\/wp-json\/wp\/v2\/types\/post"}],"author":[{"embeddable":true,"href":"https:\/\/www.gestoresalicante.org\/blog\/index.php\/wp-json\/wp\/v2\/users\/4"}],"replies":[{"embeddable":true,"href":"https:\/\/www.gestoresalicante.org\/blog\/index.php\/wp-json\/wp\/v2\/comments?post=533"}],"version-history":[{"count":0,"href":"https:\/\/www.gestoresalicante.org\/blog\/index.php\/wp-json\/wp\/v2\/posts\/533\/revisions"}],"wp:attachment":[{"href":"https:\/\/www.gestoresalicante.org\/blog\/index.php\/wp-json\/wp\/v2\/media?parent=533"}],"wp:term":[{"taxonomy":"category","embeddable":true,"href":"https:\/\/www.gestoresalicante.org\/blog\/index.php\/wp-json\/wp\/v2\/categories?post=533"},{"taxonomy":"post_tag","embeddable":true,"href":"https:\/\/www.gestoresalicante.org\/blog\/index.php\/wp-json\/wp\/v2\/tags?post=533"}],"curies":[{"name":"wp","href":"https:\/\/api.w.org\/{rel}","templated":true}]}}