{"id":535,"date":"2013-11-12T09:00:00","date_gmt":"2013-11-12T08:00:00","guid":{"rendered":"http:\/\/www.gestoresalicante.org\/blog\/index.php\/2013\/11\/12\/resumen-de-prensa-12-11-2013\/"},"modified":"-0001-11-30T00:00:00","modified_gmt":"-0001-11-29T22:00:00","slug":"resumen-de-prensa-12-11-2013","status":"publish","type":"post","link":"https:\/\/www.gestoresalicante.org\/blog\/index.php\/2013\/11\/12\/resumen-de-prensa-12-11-2013\/","title":{"rendered":"Resumen de Prensa 12-11-2013"},"content":{"rendered":"<div class=\"nboletin\">\n<table width=\"90%\" cellpadding=\"4\">\n<tr>\n<td colspan=\"3\">\n<div style=\"background-color: #CCCCCC;padding: 4px 10px 4px 10px;width: 100%;border: 1px #414141 solid;\"><img decoding=\"async\" alt=\"Consejo de Gestores\" src=\"http:\/\/www.gestoresalicante.org\/img\/newsletter\/conges.jpg\" width=226 height=70><\/div>\n<\/td>\n<\/tr>\n<tr>\n<td align=\"right\" colspan=\"3\"><strong>12\/11\/2013 <\/strong><\/td>\n<\/tr>\n<tr>\n<td colspan=\"3\">&nbsp;<\/td>\n<\/tr>\n<tr>\n<td colspan=\"3\" class=\"tgrupo\"><img loading=\"lazy\" decoding=\"async\" src=\"http:\/\/www.gestoresalicante.org\/img\/newsletter\/picto.jpg\" width=\"20\" height=\"18\" align=\"absmiddle\" style=\"margin-right: 4px;\"> <strong>Consejo General de los Colegios de Gestores Administrativos<\/strong><\/td>\n<\/tr>\n<tr>\n<td class=\"tfecha\">12\/11\/2013 &#8211;<\/td>\n<td class=\"titem\"><a href=\"http:\/\/www.clipmedia.net\/ficheros\/2013\/11_nov\/er881.pdf\" target=\"_blank\">Convocadas las pruebas para el t\u00edtulo de gestor administrativo<\/a><\/td>\n<td align=\"right\" class=\"tfuente\">Diario de Ferrol<\/td>\n<\/tr>\n<tr>\n<td class=\"tfecha\">12\/11\/2013 &#8211;<\/td>\n<td class=\"titem\"><a href=\"http:\/\/www.clipmedia.net\/ficheros\/2013\/11_nov\/er882.pdf\" target=\"_blank\">Los gestores preparan un curso para los futuros profesionales<\/a><\/td>\n<td align=\"right\" class=\"tfuente\">El Ideal Gallego<\/td>\n<\/tr>\n<tr>\n<td class=\"tfecha\">12\/11\/2013 &#8211;<\/td>\n<td class=\"titem\"><a href=\"http:\/\/www.clipmedia.net\/ficheros\/2013\/11_nov\/er876.pdf\" target=\"_blank\">Taller sobre discapacidad en el Colegio de Gestores Administrativos<\/a><\/td>\n<td align=\"right\" class=\"tfuente\">La Opini\u00f3n de Coru\u00f1a (digital)<\/td>\n<\/tr>\n<tr>\n<td class=\"tfecha\">11\/11\/2013 &#8211;<\/td>\n<td class=\"titem\"><a href=\"http:\/\/www.clipmedia.net\/ficheros\/2013\/11_nov\/er879.pdf\" target=\"_blank\">Creada la Uni\u00f3n de Colectivos de Profesionales Tributarios (UCPT)<\/a><\/td>\n<td align=\"right\" class=\"tfuente\">abogacia.es<\/td>\n<\/tr>\n<tr>\n<td class=\"tfecha\">12\/11\/2013 &#8211;<\/td>\n<td class=\"titem\"><a href=\"http:\/\/www.clipmedia.net\/ficheros\/2013\/11_nov\/er822.pdf\" target=\"_blank\">Hacienda vigila el uso de tarjetas ligadas a cuentas en el extranjero<\/a><\/td>\n<td align=\"right\" class=\"tfuente\">ABC<\/td>\n<\/tr>\n<tr>\n<td class=\"tfecha\">12\/11\/2013 &#8211;<\/td>\n<td class=\"titem\"><a href=\"http:\/\/www.clipmedia.net\/ficheros\/2013\/11_nov\/er858.pdf\" target=\"_blank\">Los contribuyentes declaran hasta octubre 87.698 millones en bienes en el extranjero<\/a><\/td>\n<td align=\"right\" class=\"tfuente\">El Economista<\/td>\n<\/tr>\n<tr>\n<td class=\"tfecha\">12\/11\/2013 &#8211;<\/td>\n<td class=\"titem\"><a href=\"http:\/\/www.clipmedia.net\/ficheros\/2013\/11_nov\/er866.pdf\" target=\"_blank\">Hacienda no subir\u00e1 la tributaci\u00f3n de las sicav en la reforma fiscal<\/a><\/td>\n<td align=\"right\" class=\"tfuente\">Expansi\u00f3n<\/td>\n<\/tr>\n<tr>\n<td class=\"tfecha\">12\/11\/2013 &#8211;<\/td>\n<td class=\"titem\"><a href=\"http:\/\/www.clipmedia.net\/ficheros\/2013\/11_nov\/er870.pdf\" target=\"_blank\">Los bufetes &#8216;pagan&#8217; a la universidad para fichar a los mejores abogados<\/a><\/td>\n<td align=\"right\" class=\"tfuente\">Expansi\u00f3n<\/td>\n<\/tr>\n<tr>\n<td class=\"tfecha\">12\/11\/2013 &#8211;<\/td>\n<td class=\"titem\"><a href=\"http:\/\/www.clipmedia.net\/ficheros\/2013\/11_nov\/er864.pdf\" target=\"_blank\">Art\u00edculo de opini\u00f3n: Javier Montalvo &#8211; Las creativas tasas de Catalu\u00f1a a las empresas<\/a><\/td>\n<td align=\"right\" class=\"tfuente\">Expansi\u00f3n<\/td>\n<\/tr>\n<tr>\n<td class=\"tfecha\">12\/11\/2013 &#8211;<\/td>\n<td class=\"titem\"><a href=\"http:\/\/www.clipmedia.net\/ficheros\/2013\/11_nov\/er849.pdf\" target=\"_blank\">J\u00fcrgen Stackmann, presidente de Seat: &quot;VW tiene dudas sobre el SUV porque Europa no crece&quot;<\/a><\/td>\n<td align=\"right\" class=\"tfuente\">La Vanguardia<\/td>\n<\/tr>\n<tr>\n<td class=\"tfecha\">12\/11\/2013 &#8211;<\/td>\n<td class=\"titem\"><a href=\"http:\/\/www.clipmedia.net\/ficheros\/2013\/11_nov\/er871.pdf\" target=\"_blank\">Un mercado dominado por los extremos<\/a><\/td>\n<td align=\"right\" class=\"tfuente\">Expansi\u00f3n<\/td>\n<\/tr>\n<tr>\n<td class=\"tfecha\">12\/11\/2013 &#8211;<\/td>\n<td class=\"titem\"><a href=\"http:\/\/www.clipmedia.net\/ficheros\/2013\/11_nov\/er873.pdf\" target=\"_blank\">Esquive los atascos<\/a><\/td>\n<td align=\"right\" class=\"tfuente\">Expansi\u00f3n<\/td>\n<\/tr>\n<tr>\n<td class=\"tfecha\">12\/11\/2013 &#8211;<\/td>\n<td class=\"titem\"><a href=\"http:\/\/www.clipmedia.net\/ficheros\/2013\/11_nov\/er823.pdf\" target=\"_blank\">La venta de camiones creci\u00f3 un 7,4%<\/a><\/td>\n<td align=\"right\" class=\"tfuente\">ABC<\/td>\n<\/tr>\n<tr>\n<td class=\"tfecha\">12\/11\/2013 &#8211;<\/td>\n<td class=\"titem\"><a href=\"http:\/\/www.clipmedia.net\/ficheros\/2013\/11_nov\/er824.pdf\" target=\"_blank\">Faconauto celebra el Congreso de la Distribuci\u00f3n de Automoci\u00f3n<\/a><\/td>\n<td align=\"right\" class=\"tfuente\">ABC<\/td>\n<\/tr>\n<tr>\n<td colspan=\"3\">&nbsp;<\/td>\n<\/tr>\n<tr>\n<td colspan=\"3\" class=\"tgrupo\"><img loading=\"lazy\" decoding=\"async\" src=\"http:\/\/www.gestoresalicante.org\/img\/newsletter\/picto.jpg\" width=\"20\" height=\"18\" align=\"absmiddle\" style=\"margin-right: 4px;\"> <strong>Ventana Telem\u00e1tica<\/strong><\/td>\n<\/tr>\n<tr>\n<td colspan=\"3\">(No hay registros)<\/td>\n<\/tr>\n<tr>\n<td colspan=\"3\">&nbsp;<\/td>\n<\/tr>\n<tr>\n<td colspan=\"3\" class=\"tgrupo\"><img loading=\"lazy\" decoding=\"async\" src=\"http:\/\/www.gestoresalicante.org\/img\/newsletter\/picto.jpg\" width=\"20\" height=\"18\" align=\"absmiddle\" style=\"margin-right: 4px;\"> <strong> Sector de la formaci\u00f3n<\/strong><\/td>\n<\/tr>\n<tr>\n<td class=\"tfecha\">12\/11\/2013 &#8211;<\/td>\n<td class=\"titem\"><a href=\"http:\/\/www.clipmedia.net\/ficheros\/2013\/11_nov\/er827.pdf\" target=\"_blank\">Wert se\u00f1ala a la UE por las Erasmus<\/a><\/td>\n<td align=\"right\" class=\"tfuente\">El Mundo<\/td>\n<\/tr>\n<tr>\n<td class=\"tfecha\">12\/11\/2013 &#8211;<\/td>\n<td class=\"titem\"><a href=\"http:\/\/www.clipmedia.net\/ficheros\/2013\/11_nov\/er861.pdf\" target=\"_blank\">Matem\u00e1ticos contra Wert por relegar su asignatura<\/a><\/td>\n<td align=\"right\" class=\"tfuente\">La Vanguardia<\/td>\n<\/tr>\n<tr>\n<td class=\"tfecha\">12\/11\/2013 &#8211;<\/td>\n<td class=\"titem\"><a href=\"http:\/\/www.clipmedia.net\/ficheros\/2013\/11_nov\/er862.pdf\" target=\"_blank\">La LOMCE deja estudiar Econom\u00eda sin cursar mates en el bachillerato<\/a><\/td>\n<td align=\"right\" class=\"tfuente\">El Peri\u00f3dico de Catalunya<\/td>\n<\/tr>\n<tr>\n<td class=\"tfecha\">12\/11\/2013 &#8211;<\/td>\n<td class=\"titem\"><a href=\"http:\/\/www.clipmedia.net\/ficheros\/2013\/11_nov\/er863.pdf\" target=\"_blank\">Wert prev\u00e9 la mitad de &#8216;erasmus&#8217; en 2014 por los ajustes de la UE<\/a><\/td>\n<td align=\"right\" class=\"tfuente\">El Pa\u00eds<\/td>\n<\/tr>\n<tr>\n<td class=\"tfecha\">12\/11\/2013 &#8211;<\/td>\n<td class=\"titem\"><a href=\"http:\/\/www.clipmedia.net\/ficheros\/2013\/11_nov\/er872.pdf\" target=\"_blank\">Esade, IE, Isde e Icade, en la \u00e9lite de la formaci\u00f3n jur\u00eddica<\/a><\/td>\n<td align=\"right\" class=\"tfuente\">Expansi\u00f3n<\/td>\n<\/tr>\n<tr>\n<td class=\"tfecha\">12\/11\/2013 &#8211;<\/td>\n<td class=\"titem\"><a href=\"http:\/\/www.clipmedia.net\/ficheros\/2013\/11_nov\/er834.pdf\" target=\"_blank\">La congelaci\u00f3n salarial gana terreno<\/a><\/td>\n<td align=\"right\" class=\"tfuente\">El Pa\u00eds<\/td>\n<\/tr>\n<tr>\n<td class=\"tfecha\">12\/11\/2013 &#8211;<\/td>\n<td class=\"titem\"><a href=\"http:\/\/www.clipmedia.net\/ficheros\/2013\/11_nov\/er857.pdf\" target=\"_blank\">CEOE y Funcas certifican que el sector privado ya empieza a crear empleo<\/a><\/td>\n<td align=\"right\" class=\"tfuente\">El Economista<\/td>\n<\/tr>\n<tr>\n<td class=\"tfecha\">12\/11\/2013 &#8211;<\/td>\n<td class=\"titem\"><a href=\"http:\/\/www.clipmedia.net\/ficheros\/2013\/11_nov\/er860.pdf\" target=\"_blank\">Nacionalizados ante notario<\/a><\/td>\n<td align=\"right\" class=\"tfuente\">La Vanguardia<\/td>\n<\/tr>\n<tr>\n<td class=\"tfecha\">12\/11\/2013 &#8211;<\/td>\n<td class=\"titem\"><a href=\"http:\/\/www.clipmedia.net\/ficheros\/2013\/11_nov\/er865.pdf\" target=\"_blank\">Qu\u00e9 ocurre cuando es el inversor quien convence al emprendedor<\/a><\/td>\n<td align=\"right\" class=\"tfuente\">Expansi\u00f3n<\/td>\n<\/tr>\n<tr>\n<td class=\"tfecha\">12\/11\/2013 &#8211;<\/td>\n<td class=\"titem\"><a href=\"http:\/\/www.clipmedia.net\/ficheros\/2013\/11_nov\/er867.pdf\" target=\"_blank\">Primera devoluci\u00f3n \u00edntegra de la extra a un funcionario<\/a><\/td>\n<td align=\"right\" class=\"tfuente\">Expansi\u00f3n<\/td>\n<\/tr>\n<tr>\n<td class=\"tfecha\">12\/11\/2013 &#8211;<\/td>\n<td class=\"titem\"><a href=\"http:\/\/www.clipmedia.net\/ficheros\/2013\/11_nov\/er868.pdf\" target=\"_blank\">CEOE reclama subir las cuotas de los empleados para bajar a las empresas<\/a><\/td>\n<td align=\"right\" class=\"tfuente\">Expansi\u00f3n<\/td>\n<\/tr>\n<tr>\n<td class=\"tfecha\">12\/11\/2013 &#8211;<\/td>\n<td class=\"titem\"><a href=\"http:\/\/www.clipmedia.net\/ficheros\/2013\/11_nov\/er829.pdf\" target=\"_blank\">Rehn pide a Berl\u00edn mejores salarios<\/a><\/td>\n<td align=\"right\" class=\"tfuente\">El Mundo<\/td>\n<\/tr>\n<tr>\n<td class=\"tfecha\">12\/11\/2013 &#8211;<\/td>\n<td class=\"titem\"><a href=\"http:\/\/www.clipmedia.net\/ficheros\/2013\/11_nov\/er825.pdf\" target=\"_blank\">La vivienda registra su mejor septiembre desde 2009<\/a><\/td>\n<td align=\"right\" class=\"tfuente\">La Raz\u00f3n<\/td>\n<\/tr>\n<tr>\n<td class=\"tfecha\">12\/11\/2013 &#8211;<\/td>\n<td class=\"titem\"><a href=\"http:\/\/www.clipmedia.net\/ficheros\/2013\/11_nov\/er828.pdf\" target=\"_blank\">Inspecci\u00f3n a comunidades de vecinos y subarriendos<\/a><\/td>\n<td align=\"right\" class=\"tfuente\">El Mundo<\/td>\n<\/tr>\n<tr>\n<td class=\"tfecha\">12\/11\/2013 &#8211;<\/td>\n<td class=\"titem\"><a href=\"http:\/\/www.clipmedia.net\/ficheros\/2013\/11_nov\/er859.pdf\" target=\"_blank\">La compra de vivienda crece respecto a agosto por primera vez desde 2009<\/a><\/td>\n<td align=\"right\" class=\"tfuente\">El Economista<\/td>\n<\/tr>\n<tr>\n<td class=\"tfecha\">12\/11\/2013 &#8211;<\/td>\n<td class=\"titem\"><a href=\"http:\/\/www.clipmedia.net\/ficheros\/2013\/11_nov\/er869.pdf\" target=\"_blank\">La venta de viviendas sube en Canarias, Catalu\u00f1a y Andaluc\u00eda<\/a><\/td>\n<td align=\"right\" class=\"tfuente\">Expansi\u00f3n<\/td>\n<\/tr>\n<tr>\n<td class=\"tfecha\">12\/11\/2013 &#8211;<\/td>\n<td class=\"titem\"><a href=\"http:\/\/www.clipmedia.net\/ficheros\/2013\/11_nov\/er875.pdf\" target=\"_blank\">Los pisos embargados se venden un 72% m\u00e1s baratos que al hipotecarse<\/a><\/td>\n<td align=\"right\" class=\"tfuente\">Cinco D\u00edas<\/td>\n<\/tr>\n<tr>\n<td colspan=\"3\">&nbsp;<\/td>\n<\/tr>\n<tr>\n<td colspan=\"3\" class=\"tgrupo\"><img loading=\"lazy\" decoding=\"async\" src=\"http:\/\/www.gestoresalicante.org\/img\/newsletter\/picto.jpg\" width=\"20\" height=\"18\" align=\"absmiddle\" style=\"margin-right: 4px;\"> <strong>B.O.E<\/strong><\/td>\n<\/tr>\n<tr>\n<td colspan=\"3\">(No hay registros)<\/td>\n<\/tr>\n<\/table>\n<\/div>\n","protected":false},"excerpt":{"rendered":"<p>12\/11\/2013 &nbsp; Consejo General de los Colegios de Gestores Administrativos 12\/11\/2013 &#8211; Convocadas las pruebas para el t\u00edtulo de gestor administrativo Diario de Ferrol 12\/11\/2013 &#8211; Los gestores preparan un curso para los futuros profesionales El Ideal Gallego 12\/11\/2013 &#8211; &hellip; <a href=\"https:\/\/www.gestoresalicante.org\/blog\/index.php\/2013\/11\/12\/resumen-de-prensa-12-11-2013\/\">Sigue leyendo <span class=\"meta-nav\">&rarr;<\/span><\/a><\/p>\n","protected":false},"author":4,"featured_media":0,"comment_status":"closed","ping_status":"closed","sticky":false,"template":"","format":"standard","meta":{"footnotes":""},"categories":[6],"tags":[],"class_list":["post-535","post","type-post","status-publish","format-standard","hentry","category-resumendeprensa"],"_links":{"self":[{"href":"https:\/\/www.gestoresalicante.org\/blog\/index.php\/wp-json\/wp\/v2\/posts\/535","targetHints":{"allow":["GET"]}}],"collection":[{"href":"https:\/\/www.gestoresalicante.org\/blog\/index.php\/wp-json\/wp\/v2\/posts"}],"about":[{"href":"https:\/\/www.gestoresalicante.org\/blog\/index.php\/wp-json\/wp\/v2\/types\/post"}],"author":[{"embeddable":true,"href":"https:\/\/www.gestoresalicante.org\/blog\/index.php\/wp-json\/wp\/v2\/users\/4"}],"replies":[{"embeddable":true,"href":"https:\/\/www.gestoresalicante.org\/blog\/index.php\/wp-json\/wp\/v2\/comments?post=535"}],"version-history":[{"count":0,"href":"https:\/\/www.gestoresalicante.org\/blog\/index.php\/wp-json\/wp\/v2\/posts\/535\/revisions"}],"wp:attachment":[{"href":"https:\/\/www.gestoresalicante.org\/blog\/index.php\/wp-json\/wp\/v2\/media?parent=535"}],"wp:term":[{"taxonomy":"category","embeddable":true,"href":"https:\/\/www.gestoresalicante.org\/blog\/index.php\/wp-json\/wp\/v2\/categories?post=535"},{"taxonomy":"post_tag","embeddable":true,"href":"https:\/\/www.gestoresalicante.org\/blog\/index.php\/wp-json\/wp\/v2\/tags?post=535"}],"curies":[{"name":"wp","href":"https:\/\/api.w.org\/{rel}","templated":true}]}}