{"id":544,"date":"2013-11-22T09:11:24","date_gmt":"2013-11-22T08:11:24","guid":{"rendered":"http:\/\/www.gestoresalicante.org\/blog\/?p=544"},"modified":"2013-11-22T09:11:45","modified_gmt":"2013-11-22T08:11:45","slug":"bit-164","status":"publish","type":"post","link":"https:\/\/www.gestoresalicante.org\/blog\/index.php\/2013\/11\/22\/bit-164\/","title":{"rendered":"BIT 164"},"content":{"rendered":"<p><a href=\"http:\/\/www.gestoresalicante.org\/blog\/wp-content\/uploads\/2013\/11\/BIT-164.pdf\" target=\"_blank\">Adjunto se remite el n\u00famero <strong>164<\/strong> del <strong>Bolet\u00edn Informativo Tributario (BIT)<\/strong>, correspondiente a la segunda quincena del mes de noviembre.<\/a><\/p>\n<p><a href=\"http:\/\/www.gestoresalicante.org\/blog\/wp-content\/uploads\/2013\/11\/BIT-164.pdf\" target=\"_blank\">El pr\u00f3ximo n\u00famero del <strong>BIT <\/strong>ser\u00e1 el correspondiente a la primera quincena del mes de diciembre<\/a><\/p>\n","protected":false},"excerpt":{"rendered":"<p>Adjunto se remite el n\u00famero 164 del Bolet\u00edn Informativo Tributario (BIT), correspondiente a la segunda quincena del mes de noviembre. El pr\u00f3ximo n\u00famero del BIT ser\u00e1 el correspondiente a la primera quincena del mes de diciembre<\/p>\n","protected":false},"author":4,"featured_media":0,"comment_status":"closed","ping_status":"closed","sticky":false,"template":"","format":"standard","meta":{"footnotes":""},"categories":[7],"tags":[],"class_list":["post-544","post","type-post","status-publish","format-standard","hentry","category-bit"],"_links":{"self":[{"href":"https:\/\/www.gestoresalicante.org\/blog\/index.php\/wp-json\/wp\/v2\/posts\/544","targetHints":{"allow":["GET"]}}],"collection":[{"href":"https:\/\/www.gestoresalicante.org\/blog\/index.php\/wp-json\/wp\/v2\/posts"}],"about":[{"href":"https:\/\/www.gestoresalicante.org\/blog\/index.php\/wp-json\/wp\/v2\/types\/post"}],"author":[{"embeddable":true,"href":"https:\/\/www.gestoresalicante.org\/blog\/index.php\/wp-json\/wp\/v2\/users\/4"}],"replies":[{"embeddable":true,"href":"https:\/\/www.gestoresalicante.org\/blog\/index.php\/wp-json\/wp\/v2\/comments?post=544"}],"version-history":[{"count":4,"href":"https:\/\/www.gestoresalicante.org\/blog\/index.php\/wp-json\/wp\/v2\/posts\/544\/revisions"}],"predecessor-version":[{"id":549,"href":"https:\/\/www.gestoresalicante.org\/blog\/index.php\/wp-json\/wp\/v2\/posts\/544\/revisions\/549"}],"wp:attachment":[{"href":"https:\/\/www.gestoresalicante.org\/blog\/index.php\/wp-json\/wp\/v2\/media?parent=544"}],"wp:term":[{"taxonomy":"category","embeddable":true,"href":"https:\/\/www.gestoresalicante.org\/blog\/index.php\/wp-json\/wp\/v2\/categories?post=544"},{"taxonomy":"post_tag","embeddable":true,"href":"https:\/\/www.gestoresalicante.org\/blog\/index.php\/wp-json\/wp\/v2\/tags?post=544"}],"curies":[{"name":"wp","href":"https:\/\/api.w.org\/{rel}","templated":true}]}}