{"id":555,"date":"2013-12-02T09:00:00","date_gmt":"2013-12-02T08:00:00","guid":{"rendered":"http:\/\/www.gestoresalicante.org\/blog\/index.php\/2013\/12\/02\/resumen-de-prensa-30-11-2013\/"},"modified":"-0001-11-30T00:00:00","modified_gmt":"-0001-11-29T22:00:00","slug":"resumen-de-prensa-30-11-2013","status":"publish","type":"post","link":"https:\/\/www.gestoresalicante.org\/blog\/index.php\/2013\/12\/02\/resumen-de-prensa-30-11-2013\/","title":{"rendered":"Resumen de Prensa 30-11-2013"},"content":{"rendered":"<div class=\"nboletin\">\n<table width=\"90%\" cellpadding=\"4\">\n<tr>\n<td colspan=\"3\">\n<div style=\"background-color: #CCCCCC;padding: 4px 10px 4px 10px;width: 100%;border: 1px #414141 solid;\"><img decoding=\"async\" alt=\"Consejo de Gestores\" src=\"http:\/\/www.gestoresalicante.org\/img\/newsletter\/conges.jpg\" width=226 height=70><\/div>\n<\/td>\n<\/tr>\n<tr>\n<td align=\"right\" colspan=\"3\"><strong>30\/11\/2013 &#8211; 02\/12\/2013 <\/strong><\/td>\n<\/tr>\n<tr>\n<td colspan=\"3\">&nbsp;<\/td>\n<\/tr>\n<tr>\n<td colspan=\"3\" class=\"tgrupo\"><img loading=\"lazy\" decoding=\"async\" src=\"http:\/\/www.gestoresalicante.org\/img\/newsletter\/picto.jpg\" width=\"20\" height=\"18\" align=\"absmiddle\" style=\"margin-right: 4px;\"> <strong>Consejo General de los Colegios de Gestores Administrativos<\/strong><\/td>\n<\/tr>\n<tr>\n<td class=\"tfecha\">02\/12\/2013 &#8211;<\/td>\n<td class=\"titem\"><a href=\"http:\/\/www.clipmedia.net\/ficheros\/2013\/12_dic\/et169.pdf\" target=\"_blank\">Jornada sobre la nova Llei d&#8217;Emprenedors<\/a>Jornada sobre la nueva Ley de Emprendedores<\/td>\n<td align=\"right\" class=\"tfuente\">Diari de Girona<\/td>\n<\/tr>\n<tr>\n<td class=\"tfecha\">02\/12\/2013 &#8211;<\/td>\n<td class=\"titem\"><a href=\"http:\/\/www.clipmedia.net\/ficheros\/2013\/12_dic\/et150.pdf\" target=\"_blank\">El Pasado sigue en el Poder Judicial<\/a><\/td>\n<td align=\"right\" class=\"tfuente\">El Pa\u00eds<\/td>\n<\/tr>\n<tr>\n<td class=\"tfecha\">02\/12\/2013 &#8211;<\/td>\n<td class=\"titem\"><a href=\"http:\/\/www.clipmedia.net\/ficheros\/2013\/12_dic\/et168.pdf\" target=\"_blank\">El impuesto a la plusval\u00eda no se paga si la casa pierde valor<\/a><\/td>\n<td align=\"right\" class=\"tfuente\">El Economista<\/td>\n<\/tr>\n<tr>\n<td class=\"tfecha\">02\/12\/2013 &#8211;<\/td>\n<td class=\"titem\"><a href=\"http:\/\/www.clipmedia.net\/ficheros\/2013\/12_dic\/et174.pdf\" target=\"_blank\">Art\u00edculo de opini\u00f3n: \u00c1ngel S\u00e1ez &#8211; Inexplicable<\/a><\/td>\n<td align=\"right\" class=\"tfuente\">La Vanguardia<\/td>\n<\/tr>\n<tr>\n<td class=\"tfecha\">01\/12\/2013 &#8211;<\/td>\n<td class=\"titem\"><a href=\"http:\/\/www.clipmedia.net\/ficheros\/2013\/12_dic\/et182.pdf\" target=\"_blank\">Las medidas fiscales contra el d\u00e9ficit recaudan 11.089 millones hasta octubre<\/a><\/td>\n<td align=\"right\" class=\"tfuente\">La Vanguardia<\/td>\n<\/tr>\n<tr>\n<td class=\"tfecha\">30\/11\/2013 &#8211;<\/td>\n<td class=\"titem\"><a href=\"http:\/\/www.clipmedia.net\/ficheros\/2013\/12_dic\/et191.pdf\" target=\"_blank\">Multas de 30.000 euros por reventar un desahucio<\/a><\/td>\n<td align=\"right\" class=\"tfuente\">Expansi\u00f3n<\/td>\n<\/tr>\n<tr>\n<td class=\"tfecha\">01\/12\/2013 &#8211;<\/td>\n<td class=\"titem\"><a href=\"http:\/\/www.clipmedia.net\/ficheros\/2013\/12_dic\/et138.pdf\" target=\"_blank\">El alcance la la ley de protecci\u00f3n de datos<\/a><\/td>\n<td align=\"right\" class=\"tfuente\">El Mundo &#8211; Mercados<\/td>\n<\/tr>\n<tr>\n<td class=\"tfecha\">02\/12\/2013 &#8211;<\/td>\n<td class=\"titem\"><a href=\"http:\/\/www.clipmedia.net\/ficheros\/2013\/12_dic\/et131.pdf\" target=\"_blank\">Renovar y aumentar las ventas en concesionarios, retos del autom\u00f3vil<\/a><\/td>\n<td align=\"right\" class=\"tfuente\">El Mundo<\/td>\n<\/tr>\n<tr>\n<td class=\"tfecha\">01\/12\/2013 &#8211;<\/td>\n<td class=\"titem\"><a href=\"http:\/\/www.clipmedia.net\/ficheros\/2013\/12_dic\/et140.pdf\" target=\"_blank\">Los utilitarios de menos de 10.000 euros ganan terreno a la crisis<\/a><\/td>\n<td align=\"right\" class=\"tfuente\">El Mundo<\/td>\n<\/tr>\n<tr>\n<td class=\"tfecha\">30\/11\/2013 &#8211;<\/td>\n<td class=\"titem\"><a href=\"http:\/\/www.clipmedia.net\/ficheros\/2013\/12_dic\/et141.pdf\" target=\"_blank\">&#8216;Rebajas&#8217; en 2.000 coches seminuevos<\/a><\/td>\n<td align=\"right\" class=\"tfuente\">El Mundo<\/td>\n<\/tr>\n<tr>\n<td class=\"tfecha\">30\/11\/2013 &#8211;<\/td>\n<td class=\"titem\"><a href=\"http:\/\/www.clipmedia.net\/ficheros\/2013\/12_dic\/et142.pdf\" target=\"_blank\">Renace la posibilidad de que Fiat pueda comprar el 100% de Chrysler<\/a><\/td>\n<td align=\"right\" class=\"tfuente\">El Mundo<\/td>\n<\/tr>\n<tr>\n<td class=\"tfecha\">30\/11\/2013 &#8211;<\/td>\n<td class=\"titem\"><a href=\"http:\/\/www.clipmedia.net\/ficheros\/2013\/12_dic\/et143.pdf\" target=\"_blank\">La venta de veh\u00edculos crece un 2%<\/a><\/td>\n<td align=\"right\" class=\"tfuente\">El Mundo<\/td>\n<\/tr>\n<tr>\n<td class=\"tfecha\">02\/12\/2013 &#8211;<\/td>\n<td class=\"titem\"><a href=\"http:\/\/www.clipmedia.net\/ficheros\/2013\/12_dic\/et165.pdf\" target=\"_blank\">Las 20 mayores empresas espa\u00f1olas eval\u00faan sistemas de biometr\u00eda de voz <\/a><\/td>\n<td align=\"right\" class=\"tfuente\">El Economista<\/td>\n<\/tr>\n<tr>\n<td class=\"tfecha\">02\/12\/2013 &#8211;<\/td>\n<td class=\"titem\"><a href=\"http:\/\/www.clipmedia.net\/ficheros\/2013\/12_dic\/et176.pdf\" target=\"_blank\">Las carreras t\u00e9cnicas pierden atractivo<\/a><\/td>\n<td align=\"right\" class=\"tfuente\">El Pa\u00eds<\/td>\n<\/tr>\n<tr>\n<td class=\"tfecha\">02\/12\/2013 &#8211;<\/td>\n<td class=\"titem\"><a href=\"http:\/\/www.clipmedia.net\/ficheros\/2013\/12_dic\/et177.pdf\" target=\"_blank\">&quot;Los titulados antiguos perdemos competitividad en el extranjero&quot;<\/a><\/td>\n<td align=\"right\" class=\"tfuente\">El Pa\u00eds<\/td>\n<\/tr>\n<tr>\n<td class=\"tfecha\">02\/12\/2013 &#8211;<\/td>\n<td class=\"titem\"><a href=\"http:\/\/www.clipmedia.net\/ficheros\/2013\/12_dic\/et178.pdf\" target=\"_blank\">IE lidera el r\u00e1nking europeo de escuelas de negocios<\/a><\/td>\n<td align=\"right\" class=\"tfuente\">Expansi\u00f3n<\/td>\n<\/tr>\n<tr>\n<td class=\"tfecha\">01\/12\/2013 &#8211;<\/td>\n<td class=\"titem\"><a href=\"http:\/\/www.clipmedia.net\/ficheros\/2013\/12_dic\/et135.pdf\" target=\"_blank\">\u00c9ste es el empleo que triunfa en las escuelas de negocios<\/a><\/td>\n<td align=\"right\" class=\"tfuente\">El Mundo &#8211; Mercados<\/td>\n<\/tr>\n<tr>\n<td class=\"tfecha\">02\/12\/2013 &#8211;<\/td>\n<td class=\"titem\"><a href=\"http:\/\/www.clipmedia.net\/ficheros\/2013\/12_dic\/et170.pdf\" target=\"_blank\">C\u00f3mo &#8216;ganar&#8217; en PISA<\/a><\/td>\n<td align=\"right\" class=\"tfuente\">La Vanguardia<\/td>\n<\/tr>\n<tr>\n<td class=\"tfecha\">02\/12\/2013 &#8211;<\/td>\n<td class=\"titem\"><a href=\"http:\/\/www.clipmedia.net\/ficheros\/2013\/12_dic\/et179.pdf\" target=\"_blank\">Qu\u00e9 le falta a Espa\u00f1a para ser una potencia emprendedora<\/a><\/td>\n<td align=\"right\" class=\"tfuente\">Expansi\u00f3n<\/td>\n<\/tr>\n<tr>\n<td class=\"tfecha\">01\/12\/2013 &#8211;<\/td>\n<td class=\"titem\"><a href=\"http:\/\/www.clipmedia.net\/ficheros\/2013\/12_dic\/et181.pdf\" target=\"_blank\">La nueva reforma laboral simplificar\u00e1 la contrataci\u00f3n<\/a><\/td>\n<td align=\"right\" class=\"tfuente\">La Vanguardia<\/td>\n<\/tr>\n<tr>\n<td class=\"tfecha\">01\/12\/2013 &#8211;<\/td>\n<td class=\"titem\"><a href=\"http:\/\/www.clipmedia.net\/ficheros\/2013\/12_dic\/et183.pdf\" target=\"_blank\">El Gobierno gastar\u00e1 2,5 millones para publicitar su reforma laboral<\/a><\/td>\n<td align=\"right\" class=\"tfuente\">El Pa\u00eds<\/td>\n<\/tr>\n<tr>\n<td class=\"tfecha\">30\/11\/2013 &#8211;<\/td>\n<td class=\"titem\"><a href=\"http:\/\/www.clipmedia.net\/ficheros\/2013\/12_dic\/et184.pdf\" target=\"_blank\">Convenio con m\u00e1s empleo<\/a><\/td>\n<td align=\"right\" class=\"tfuente\">El Peri\u00f3dico de Catalunya<\/td>\n<\/tr>\n<tr>\n<td class=\"tfecha\">30\/11\/2013 &#8211;<\/td>\n<td class=\"titem\"><a href=\"http:\/\/www.clipmedia.net\/ficheros\/2013\/12_dic\/et185.pdf\" target=\"_blank\">CCOO y UGT censuran la poca subida de la pensi\u00f3n m\u00ednima<\/a><\/td>\n<td align=\"right\" class=\"tfuente\">El Peri\u00f3dico de Catalunya<\/td>\n<\/tr>\n<tr>\n<td class=\"tfecha\">30\/11\/2013 &#8211;<\/td>\n<td class=\"titem\"><a href=\"http:\/\/www.clipmedia.net\/ficheros\/2013\/12_dic\/et186.pdf\" target=\"_blank\">Mas-Colell pide f\u00f3rmulas para revitalizar el mercado laboral<\/a><\/td>\n<td align=\"right\" class=\"tfuente\">La Vanguardia<\/td>\n<\/tr>\n<tr>\n<td class=\"tfecha\">30\/11\/2013 &#8211;<\/td>\n<td class=\"titem\"><a href=\"http:\/\/www.clipmedia.net\/ficheros\/2013\/12_dic\/et187.pdf\" target=\"_blank\">La empresa p\u00fablica Tragsa despide a 1.336 empleados con 20 d\u00edas por a\u00f1o<\/a><\/td>\n<td align=\"right\" class=\"tfuente\">El Pa\u00eds<\/td>\n<\/tr>\n<tr>\n<td class=\"tfecha\">30\/11\/2013 &#8211;<\/td>\n<td class=\"titem\"><a href=\"http:\/\/www.clipmedia.net\/ficheros\/2013\/12_dic\/et188.pdf\" target=\"_blank\">Pensiones: la comisi\u00f3n media de las grandes gestoras cumple la norma<\/a><\/td>\n<td align=\"right\" class=\"tfuente\">Expansi\u00f3n<\/td>\n<\/tr>\n<tr>\n<td class=\"tfecha\">30\/11\/2013 &#8211;<\/td>\n<td class=\"titem\"><a href=\"http:\/\/www.clipmedia.net\/ficheros\/2013\/12_dic\/et189.pdf\" target=\"_blank\">Cien banqueros espa\u00f1oles cobran m\u00e1s de un mill\u00f3n<\/a><\/td>\n<td align=\"right\" class=\"tfuente\">Expansi\u00f3n<\/td>\n<\/tr>\n<tr>\n<td class=\"tfecha\">30\/11\/2013 &#8211;<\/td>\n<td class=\"titem\"><a href=\"http:\/\/www.clipmedia.net\/ficheros\/2013\/12_dic\/et190.pdf\" target=\"_blank\">El paro juvenil bate otro r\u00e9cord con el 57,4%<\/a><\/td>\n<td align=\"right\" class=\"tfuente\">Expansi\u00f3n<\/td>\n<\/tr>\n<tr>\n<td class=\"tfecha\">01\/12\/2013 &#8211;<\/td>\n<td class=\"titem\"><a href=\"http:\/\/www.clipmedia.net\/ficheros\/2013\/12_dic\/et129.pdf\" target=\"_blank\">Menos tipos de contratos y m\u00e1s flexibles<\/a><\/td>\n<td align=\"right\" class=\"tfuente\">La Raz\u00f3n<\/td>\n<\/tr>\n<tr>\n<td class=\"tfecha\">01\/12\/2013 &#8211;<\/td>\n<td class=\"titem\"><a href=\"http:\/\/www.clipmedia.net\/ficheros\/2013\/12_dic\/et137.pdf\" target=\"_blank\">\u00bfMerece la pena expatriarse?<\/a><\/td>\n<td align=\"right\" class=\"tfuente\">El Mundo &#8211; Mercados<\/td>\n<\/tr>\n<tr>\n<td class=\"tfecha\">02\/12\/2013 &#8211;<\/td>\n<td class=\"titem\"><a href=\"http:\/\/www.clipmedia.net\/ficheros\/2013\/12_dic\/et167.pdf\" target=\"_blank\">El paro finalizar\u00e1 el a\u00f1o por debajo de la l\u00ednea cr\u00edtica del 27%, seg\u00fan las previsiones<\/a><\/td>\n<td align=\"right\" class=\"tfuente\">El Economista<\/td>\n<\/tr>\n<tr>\n<td class=\"tfecha\">02\/12\/2013 &#8211;<\/td>\n<td class=\"titem\"><a href=\"http:\/\/www.clipmedia.net\/ficheros\/2013\/12_dic\/et171.pdf\" target=\"_blank\">El negocio del hada madrina del paro<\/a><\/td>\n<td align=\"right\" class=\"tfuente\">La Vanguardia<\/td>\n<\/tr>\n<tr>\n<td class=\"tfecha\">02\/12\/2013 &#8211;<\/td>\n<td class=\"titem\"><a href=\"http:\/\/www.clipmedia.net\/ficheros\/2013\/12_dic\/et173.pdf\" target=\"_blank\">Los aut\u00f3nomos pagan el doble de intereses que las grandes empresas<\/a><\/td>\n<td align=\"right\" class=\"tfuente\">La Vanguardia<\/td>\n<\/tr>\n<tr>\n<td class=\"tfecha\">02\/12\/2013 &#8211;<\/td>\n<td class=\"titem\"><a href=\"http:\/\/www.clipmedia.net\/ficheros\/2013\/12_dic\/et175.pdf\" target=\"_blank\">Los afectados por ERE bajan un 16,7%<\/a><\/td>\n<td align=\"right\" class=\"tfuente\">La Vanguardia<\/td>\n<\/tr>\n<tr>\n<td class=\"tfecha\">02\/12\/2013 &#8211;<\/td>\n<td class=\"titem\"><a href=\"http:\/\/www.clipmedia.net\/ficheros\/2013\/12_dic\/et148.pdf\" target=\"_blank\">Soros y Pimco aterrizan en Espa\u00f1a para comprar activos inmobiliarios<\/a><\/td>\n<td align=\"right\" class=\"tfuente\">Expansi\u00f3n<\/td>\n<\/tr>\n<tr>\n<td class=\"tfecha\">02\/12\/2013 &#8211;<\/td>\n<td class=\"titem\"><a href=\"http:\/\/www.clipmedia.net\/ficheros\/2013\/12_dic\/et172.pdf\" target=\"_blank\">Inversores y promotores critican la opacidad y el bloqueo de la Sareb <\/a><\/td>\n<td align=\"right\" class=\"tfuente\">La Vanguardia<\/td>\n<\/tr>\n<tr>\n<td class=\"tfecha\">29\/11\/2013 &#8211;<\/td>\n<td class=\"titem\"><a href=\"http:\/\/www.clipmedia.net\/ficheros\/2013\/12_dic\/et192.pdf\" target=\"_blank\">El ser o no ser de la vivienda protegida<\/a><\/td>\n<td align=\"right\" class=\"tfuente\">El Mundo &#8211; Suplemento especial<\/td>\n<\/tr>\n<tr>\n<td class=\"tfecha\">29\/11\/2013 &#8211;<\/td>\n<td class=\"titem\"><a href=\"http:\/\/www.clipmedia.net\/ficheros\/2013\/12_dic\/et193.pdf\" target=\"_blank\">&quot;Hay que desistir de urbanizar muchos suelos&quot;<\/a><\/td>\n<td align=\"right\" class=\"tfuente\">El Mundo &#8211; Suplemento especial<\/td>\n<\/tr>\n<tr>\n<td class=\"tfecha\">02\/12\/2013 &#8211;<\/td>\n<td class=\"titem\"><a href=\"http:\/\/www.clipmedia.net\/ficheros\/2013\/12_dic\/et164.pdf\" target=\"_blank\">El &#8216;bancomalo&#8217; analiza si acaba 100 promociones o las derruye <\/a><\/td>\n<td align=\"right\" class=\"tfuente\">El Economista<\/td>\n<\/tr>\n<tr>\n<td class=\"tfecha\">01\/12\/2013 &#8211;<\/td>\n<td class=\"titem\"><a href=\"http:\/\/www.clipmedia.net\/ficheros\/2013\/12_dic\/et134.pdf\" target=\"_blank\">El monstruo del ladrillo empieza a soltar lastre<\/a><\/td>\n<td align=\"right\" class=\"tfuente\">El Mundo &#8211; Mercados<\/td>\n<\/tr>\n<tr>\n<td class=\"tfecha\">30\/11\/2013 &#8211;<\/td>\n<td class=\"titem\"><a href=\"http:\/\/www.clipmedia.net\/ficheros\/2013\/12_dic\/et145.pdf\" target=\"_blank\">Llega el momento de invertir en el sector inmobiliario<\/a><\/td>\n<td align=\"right\" class=\"tfuente\">Expansi\u00f3n &#8211; Suplemento Especial<\/td>\n<\/tr>\n<tr>\n<td class=\"tfecha\">02\/12\/2013 &#8211;<\/td>\n<td class=\"titem\"><a href=\"http:\/\/www.clipmedia.net\/ficheros\/2013\/12_dic\/et132.pdf\" target=\"_blank\">La ruinosa &#8216;Operaci\u00f3n los Cerditos&#8217;<\/a><\/td>\n<td align=\"right\" class=\"tfuente\">El Mundo<\/td>\n<\/tr>\n<tr>\n<td colspan=\"3\">&nbsp;<\/td>\n<\/tr>\n<tr>\n<td colspan=\"3\" class=\"tgrupo\"><img loading=\"lazy\" decoding=\"async\" src=\"http:\/\/www.gestoresalicante.org\/img\/newsletter\/picto.jpg\" width=\"20\" height=\"18\" align=\"absmiddle\" style=\"margin-right: 4px;\"> <strong>B.O.E<\/strong><\/td>\n<\/tr>\n<tr>\n<td colspan=\"3\">(No hay registros)<\/td>\n<\/tr>\n<\/table>\n<\/div>\n","protected":false},"excerpt":{"rendered":"<p>30\/11\/2013 &#8211; 02\/12\/2013 &nbsp; Consejo General de los Colegios de Gestores Administrativos 02\/12\/2013 &#8211; Jornada sobre la nova Llei d&#8217;EmprenedorsJornada sobre la nueva Ley de Emprendedores Diari de Girona 02\/12\/2013 &#8211; El Pasado sigue en el Poder Judicial El Pa\u00eds &hellip; <a href=\"https:\/\/www.gestoresalicante.org\/blog\/index.php\/2013\/12\/02\/resumen-de-prensa-30-11-2013\/\">Sigue leyendo <span class=\"meta-nav\">&rarr;<\/span><\/a><\/p>\n","protected":false},"author":4,"featured_media":0,"comment_status":"closed","ping_status":"closed","sticky":false,"template":"","format":"standard","meta":{"footnotes":""},"categories":[6],"tags":[],"class_list":["post-555","post","type-post","status-publish","format-standard","hentry","category-resumendeprensa"],"_links":{"self":[{"href":"https:\/\/www.gestoresalicante.org\/blog\/index.php\/wp-json\/wp\/v2\/posts\/555","targetHints":{"allow":["GET"]}}],"collection":[{"href":"https:\/\/www.gestoresalicante.org\/blog\/index.php\/wp-json\/wp\/v2\/posts"}],"about":[{"href":"https:\/\/www.gestoresalicante.org\/blog\/index.php\/wp-json\/wp\/v2\/types\/post"}],"author":[{"embeddable":true,"href":"https:\/\/www.gestoresalicante.org\/blog\/index.php\/wp-json\/wp\/v2\/users\/4"}],"replies":[{"embeddable":true,"href":"https:\/\/www.gestoresalicante.org\/blog\/index.php\/wp-json\/wp\/v2\/comments?post=555"}],"version-history":[{"count":0,"href":"https:\/\/www.gestoresalicante.org\/blog\/index.php\/wp-json\/wp\/v2\/posts\/555\/revisions"}],"wp:attachment":[{"href":"https:\/\/www.gestoresalicante.org\/blog\/index.php\/wp-json\/wp\/v2\/media?parent=555"}],"wp:term":[{"taxonomy":"category","embeddable":true,"href":"https:\/\/www.gestoresalicante.org\/blog\/index.php\/wp-json\/wp\/v2\/categories?post=555"},{"taxonomy":"post_tag","embeddable":true,"href":"https:\/\/www.gestoresalicante.org\/blog\/index.php\/wp-json\/wp\/v2\/tags?post=555"}],"curies":[{"name":"wp","href":"https:\/\/api.w.org\/{rel}","templated":true}]}}