{"id":580,"date":"2013-12-31T09:00:00","date_gmt":"2013-12-31T08:00:00","guid":{"rendered":"http:\/\/www.gestoresalicante.org\/blog\/index.php\/2013\/12\/31\/resumen-de-prensa-28-12-2013\/"},"modified":"-0001-11-30T00:00:00","modified_gmt":"-0001-11-29T22:00:00","slug":"resumen-de-prensa-28-12-2013","status":"publish","type":"post","link":"https:\/\/www.gestoresalicante.org\/blog\/index.php\/2013\/12\/31\/resumen-de-prensa-28-12-2013\/","title":{"rendered":"Resumen de Prensa 28-12-2013"},"content":{"rendered":"<div class=\"nboletin\">\n<table width=\"90%\" cellpadding=\"4\">\n<tr>\n<td colspan=\"3\">\n<div style=\"background-color: #CCCCCC;padding: 4px 10px 4px 10px;width: 100%;border: 1px #414141 solid;\"><img decoding=\"async\" alt=\"Consejo de Gestores\" src=\"http:\/\/www.gestoresalicante.org\/img\/newsletter\/conges.jpg\" width=226 height=70><\/div>\n<\/td>\n<\/tr>\n<tr>\n<td align=\"right\" colspan=\"3\"><strong>28\/12\/2013 &#8211; 30\/12\/2013 <\/strong><\/td>\n<\/tr>\n<tr>\n<td colspan=\"3\">&nbsp;<\/td>\n<\/tr>\n<tr>\n<td colspan=\"3\" class=\"tgrupo\"><img loading=\"lazy\" decoding=\"async\" src=\"http:\/\/www.gestoresalicante.org\/img\/newsletter\/picto.jpg\" width=\"20\" height=\"18\" align=\"absmiddle\" style=\"margin-right: 4px;\"> <strong>Consejo General de los Colegios de Gestores Administrativos<\/strong><\/td>\n<\/tr>\n<tr>\n<td class=\"tfecha\">27\/12\/2013 &#8211;<\/td>\n<td class=\"titem\"><a href=\"http:\/\/www.clipmedia.net\/ficheros\/2013\/12_dic\/eu706.pdf\" target=\"_blank\">Entrevista a Crist\u00f3bal Gonz\u00e1lez, del Colegio de Gestores de M\u00e1laga<\/a><\/td>\n<td align=\"right\" class=\"tfuente\">Cadena Ser<\/td>\n<\/tr>\n<tr>\n<td class=\"tfecha\">24\/12\/2013 &#8211;<\/td>\n<td class=\"titem\"><a href=\"http:\/\/www.clipmedia.net\/ficheros\/2013\/12_dic\/eu707.pdf\" target=\"_blank\">Los Gestores Administrativos estrenan APP y Redes Sociales<\/a><\/td>\n<td align=\"right\" class=\"tfuente\">El Mundo Financiero<\/td>\n<\/tr>\n<tr>\n<td class=\"tfecha\">30\/12\/2013 &#8211;<\/td>\n<td class=\"titem\"><a href=\"http:\/\/www.clipmedia.net\/ficheros\/2013\/12_dic\/eu680.pdf\" target=\"_blank\">Un aviso por SMS no justifica la solicitud de pago al moroso <\/a><\/td>\n<td align=\"right\" class=\"tfuente\">El Economista<\/td>\n<\/tr>\n<tr>\n<td class=\"tfecha\">30\/12\/2013 &#8211;<\/td>\n<td class=\"titem\"><a href=\"http:\/\/www.clipmedia.net\/ficheros\/2013\/12_dic\/eu692.pdf\" target=\"_blank\">El Constitucional franc\u00e9s da luz verde al &#8216;impuesto de los millonarios&#8217;<\/a><\/td>\n<td align=\"right\" class=\"tfuente\">El Pa\u00eds<\/td>\n<\/tr>\n<tr>\n<td class=\"tfecha\">30\/12\/2013 &#8211;<\/td>\n<td class=\"titem\"><a href=\"http:\/\/www.clipmedia.net\/ficheros\/2013\/12_dic\/eu708.pdf\" target=\"_blank\">Novedades fiscales para pymes<\/a><\/td>\n<td align=\"right\" class=\"tfuente\">La Vanguardia<\/td>\n<\/tr>\n<tr>\n<td class=\"tfecha\">30\/12\/2013 &#8211;<\/td>\n<td class=\"titem\"><a href=\"http:\/\/www.clipmedia.net\/ficheros\/2013\/12_dic\/eu714.pdf\" target=\"_blank\">Las pymes y los aut\u00f3nomos ante el IVA de caja<\/a><\/td>\n<td align=\"right\" class=\"tfuente\">Cinco D\u00edas<\/td>\n<\/tr>\n<tr>\n<td class=\"tfecha\">30\/12\/2013 &#8211;<\/td>\n<td class=\"titem\"><a href=\"http:\/\/www.clipmedia.net\/ficheros\/2013\/12_dic\/eu716.pdf\" target=\"_blank\">Hacienda investiga a las aseguradoras por impago de impuestos<\/a><\/td>\n<td align=\"right\" class=\"tfuente\">Expansi\u00f3n<\/td>\n<\/tr>\n<tr>\n<td class=\"tfecha\">29\/12\/2013 &#8211;<\/td>\n<td class=\"titem\"><a href=\"http:\/\/www.clipmedia.net\/ficheros\/2013\/12_dic\/eu727.pdf\" target=\"_blank\">Un juez de Avil\u00e9s encuentra un agujero en la &#8216;ley antidesahucios&#8217;<\/a><\/td>\n<td align=\"right\" class=\"tfuente\">El Pa\u00eds<\/td>\n<\/tr>\n<tr>\n<td class=\"tfecha\">28\/12\/2013 &#8211;<\/td>\n<td class=\"titem\"><a href=\"http:\/\/www.clipmedia.net\/ficheros\/2013\/12_dic\/eu730.pdf\" target=\"_blank\">\u00danicamente el 32% de los espa\u00f1oles justifica el pago de los impuestos<\/a><\/td>\n<td align=\"right\" class=\"tfuente\">El Economista<\/td>\n<\/tr>\n<tr>\n<td class=\"tfecha\">28\/12\/2013 &#8211;<\/td>\n<td class=\"titem\"><a href=\"http:\/\/www.clipmedia.net\/ficheros\/2013\/12_dic\/eu731.pdf\" target=\"_blank\">Ampliado el plazo para acogerse al IVA de caja<\/a><\/td>\n<td align=\"right\" class=\"tfuente\">El Pa\u00eds<\/td>\n<\/tr>\n<tr>\n<td class=\"tfecha\">28\/12\/2013 &#8211;<\/td>\n<td class=\"titem\"><a href=\"http:\/\/www.clipmedia.net\/ficheros\/2013\/12_dic\/eu732.pdf\" target=\"_blank\">Las l\u00edneas maestras de la reforma fiscal <\/a><\/td>\n<td align=\"right\" class=\"tfuente\">Expansi\u00f3n<\/td>\n<\/tr>\n<tr>\n<td class=\"tfecha\">30\/12\/2013 &#8211;<\/td>\n<td class=\"titem\"><a href=\"http:\/\/www.clipmedia.net\/ficheros\/2013\/12_dic\/eu672.pdf\" target=\"_blank\">Hacienda ingresa 1.500 millones tras incentivar la venta de autom\u00f3viles <\/a><\/td>\n<td align=\"right\" class=\"tfuente\">El Economista<\/td>\n<\/tr>\n<tr>\n<td class=\"tfecha\">30\/12\/2013 &#8211;<\/td>\n<td class=\"titem\"><a href=\"http:\/\/www.clipmedia.net\/ficheros\/2013\/12_dic\/eu713.pdf\" target=\"_blank\">El tr\u00e1fico en las v\u00edas de peaje cae por s\u00e9ptimo a\u00f1o<\/a><\/td>\n<td align=\"right\" class=\"tfuente\">El Pa\u00eds<\/td>\n<\/tr>\n<tr>\n<td class=\"tfecha\">28\/12\/2013 &#8211;<\/td>\n<td class=\"titem\"><a href=\"http:\/\/www.clipmedia.net\/ficheros\/2013\/12_dic\/eu723.pdf\" target=\"_blank\">A Tr\u00e1fico se le tuerce la estad\u00edstica<\/a><\/td>\n<td align=\"right\" class=\"tfuente\">El Mundo<\/td>\n<\/tr>\n<tr>\n<td class=\"tfecha\">28\/12\/2013 &#8211;<\/td>\n<td class=\"titem\"><a href=\"http:\/\/www.clipmedia.net\/ficheros\/2013\/12_dic\/eu724.pdf\" target=\"_blank\">Audi invertir\u00e1 22.000 millones de euros hasta el a\u00f1o 2018<\/a><\/td>\n<td align=\"right\" class=\"tfuente\">El Mundo<\/td>\n<\/tr>\n<tr>\n<td class=\"tfecha\">28\/12\/2013 &#8211;<\/td>\n<td class=\"titem\"><a href=\"http:\/\/www.clipmedia.net\/ficheros\/2013\/12_dic\/eu729.pdf\" target=\"_blank\">La mediaci\u00f3n electr\u00f3nica ser\u00e1 posible a partir de junio<\/a><\/td>\n<td align=\"right\" class=\"tfuente\">El Economista<\/td>\n<\/tr>\n<tr>\n<td class=\"tfecha\">30\/12\/2013 &#8211;<\/td>\n<td class=\"titem\"><a href=\"http:\/\/www.clipmedia.net\/ficheros\/2013\/12_dic\/eu682.pdf\" target=\"_blank\">Daniel Hdez. Ruip\u00e9rez, Rector de la Universidad de Salamanca:&quot; Los recortes da\u00f1ar\u00e1n al tejido productivo&quot;<\/a><\/td>\n<td align=\"right\" class=\"tfuente\">El Economista<\/td>\n<\/tr>\n<tr>\n<td class=\"tfecha\">29\/12\/2013 &#8211;<\/td>\n<td class=\"titem\"><a href=\"http:\/\/www.clipmedia.net\/ficheros\/2013\/12_dic\/eu720.pdf\" target=\"_blank\">Emprendedor, biling\u00fce y especializado<\/a><\/td>\n<td align=\"right\" class=\"tfuente\">El Mundo &#8211; Mercados<\/td>\n<\/tr>\n<tr>\n<td class=\"tfecha\">29\/12\/2013 &#8211;<\/td>\n<td class=\"titem\"><a href=\"http:\/\/www.clipmedia.net\/ficheros\/2013\/12_dic\/eu721.pdf\" target=\"_blank\">Cinco decisiones que impulsar\u00e1n tu carrera profesional en 2014<\/a><\/td>\n<td align=\"right\" class=\"tfuente\">El Mundo &#8211; Mercados<\/td>\n<\/tr>\n<tr>\n<td class=\"tfecha\">30\/12\/2013 &#8211;<\/td>\n<td class=\"titem\"><a href=\"http:\/\/www.clipmedia.net\/ficheros\/2013\/12_dic\/eu673.pdf\" target=\"_blank\">La tasa de paro de la industria ligada al ladrillo es del 27%<\/a><\/td>\n<td align=\"right\" class=\"tfuente\">El Economista<\/td>\n<\/tr>\n<tr>\n<td class=\"tfecha\">30\/12\/2013 &#8211;<\/td>\n<td class=\"titem\"><a href=\"http:\/\/www.clipmedia.net\/ficheros\/2013\/12_dic\/eu676.pdf\" target=\"_blank\">Los servicios profesionales, l\u00edderes en impagos en Europa<\/a><\/td>\n<td align=\"right\" class=\"tfuente\">El Economista<\/td>\n<\/tr>\n<tr>\n<td class=\"tfecha\">30\/12\/2013 &#8211;<\/td>\n<td class=\"titem\"><a href=\"http:\/\/www.clipmedia.net\/ficheros\/2013\/12_dic\/eu679.pdf\" target=\"_blank\">La nueva ley de mutuas recortar\u00e1 los salarios de sus gerentes hasta un 56%<\/a><\/td>\n<td align=\"right\" class=\"tfuente\">El Economista<\/td>\n<\/tr>\n<tr>\n<td class=\"tfecha\">30\/12\/2013 &#8211;<\/td>\n<td class=\"titem\"><a href=\"http:\/\/www.clipmedia.net\/ficheros\/2013\/12_dic\/eu709.pdf\" target=\"_blank\">La ca\u00edda del paro en Catalunya sigue con fuerza en diciembre<\/a><\/td>\n<td align=\"right\" class=\"tfuente\">El Peri\u00f3dico de Catalunya<\/td>\n<\/tr>\n<tr>\n<td class=\"tfecha\">30\/12\/2013 &#8211;<\/td>\n<td class=\"titem\"><a href=\"http:\/\/www.clipmedia.net\/ficheros\/2013\/12_dic\/eu718.pdf\" target=\"_blank\">El a\u00f1o cerrar\u00e1 con menos parados que el anterior por primera vez desde 2006<\/a><\/td>\n<td align=\"right\" class=\"tfuente\">a2prensa.com<\/td>\n<\/tr>\n<tr>\n<td class=\"tfecha\">28\/12\/2013 &#8211;<\/td>\n<td class=\"titem\"><a href=\"http:\/\/www.clipmedia.net\/ficheros\/2013\/12_dic\/eu719.pdf\" target=\"_blank\">Aprobada la subida de las pensiones un 0,25%<\/a><\/td>\n<td align=\"right\" class=\"tfuente\">La Raz\u00f3n<\/td>\n<\/tr>\n<tr>\n<td class=\"tfecha\">28\/12\/2013 &#8211;<\/td>\n<td class=\"titem\"><a href=\"http:\/\/www.clipmedia.net\/ficheros\/2013\/12_dic\/eu722.pdf\" target=\"_blank\">Hay vida laboral m\u00e1s all\u00e1 de los 50<\/a><\/td>\n<td align=\"right\" class=\"tfuente\">El Mundo<\/td>\n<\/tr>\n<tr>\n<td class=\"tfecha\">29\/12\/2013 &#8211;<\/td>\n<td class=\"titem\"><a href=\"http:\/\/www.clipmedia.net\/ficheros\/2013\/12_dic\/eu725.pdf\" target=\"_blank\">El paro juvenil, la amenaza de Europa<\/a><\/td>\n<td align=\"right\" class=\"tfuente\">El Peri\u00f3dico de Catalunya<\/td>\n<\/tr>\n<tr>\n<td class=\"tfecha\">29\/12\/2013 &#8211;<\/td>\n<td class=\"titem\"><a href=\"http:\/\/www.clipmedia.net\/ficheros\/2013\/12_dic\/eu726.pdf\" target=\"_blank\">\u00bfDestruye empleo el salario m\u00ednimo?<\/a><\/td>\n<td align=\"right\" class=\"tfuente\">El Pa\u00eds &#8211; Negocios<\/td>\n<\/tr>\n<tr>\n<td class=\"tfecha\">28\/12\/2013 &#8211;<\/td>\n<td class=\"titem\"><a href=\"http:\/\/www.clipmedia.net\/ficheros\/2013\/12_dic\/eu728.pdf\" target=\"_blank\">La ley de mutuas ahorrar\u00e1 511 millones en bajas temporales<\/a><\/td>\n<td align=\"right\" class=\"tfuente\">El Peri\u00f3dico de Catalunya<\/td>\n<\/tr>\n<tr>\n<td class=\"tfecha\">30\/12\/2013 &#8211;<\/td>\n<td class=\"titem\"><a href=\"http:\/\/www.clipmedia.net\/ficheros\/2013\/12_dic\/eu685.pdf\" target=\"_blank\">Una consultora privada asesorar\u00e1 la pol\u00edtica contra el fraude laboral<\/a><\/td>\n<td align=\"right\" class=\"tfuente\">El Mundo<\/td>\n<\/tr>\n<tr>\n<td class=\"tfecha\">30\/12\/2013 &#8211;<\/td>\n<td class=\"titem\"><a href=\"http:\/\/www.clipmedia.net\/ficheros\/2013\/12_dic\/eu681.pdf\" target=\"_blank\">Quien transmite un inmueble tiene que ser el titular registral<\/a><\/td>\n<td align=\"right\" class=\"tfuente\">El Economista<\/td>\n<\/tr>\n<tr>\n<td class=\"tfecha\">30\/12\/2013 &#8211;<\/td>\n<td class=\"titem\"><a href=\"http:\/\/www.clipmedia.net\/ficheros\/2013\/12_dic\/eu715.pdf\" target=\"_blank\">Editorial &#8211; Hacia una nueva etapa del ajuste inmobiliario<\/a><\/td>\n<td align=\"right\" class=\"tfuente\">Expansi\u00f3n<\/td>\n<\/tr>\n<tr>\n<td class=\"tfecha\">30\/12\/2013 &#8211;<\/td>\n<td class=\"titem\"><a href=\"http:\/\/www.clipmedia.net\/ficheros\/2013\/12_dic\/eu717.pdf\" target=\"_blank\">La vivienda tocar\u00e1 suelo en 2014<\/a><\/td>\n<td align=\"right\" class=\"tfuente\">Expansi\u00f3n<\/td>\n<\/tr>\n<tr>\n<td colspan=\"3\">&nbsp;<\/td>\n<\/tr>\n<tr>\n<td colspan=\"3\" class=\"tgrupo\"><img loading=\"lazy\" decoding=\"async\" src=\"http:\/\/www.gestoresalicante.org\/img\/newsletter\/picto.jpg\" width=\"20\" height=\"18\" align=\"absmiddle\" style=\"margin-right: 4px;\"> <strong>B.O.E<\/strong><\/td>\n<\/tr>\n<tr>\n<td colspan=\"3\">(No hay registros)<\/td>\n<\/tr>\n<\/table>\n<\/div>\n","protected":false},"excerpt":{"rendered":"<p>28\/12\/2013 &#8211; 30\/12\/2013 &nbsp; Consejo General de los Colegios de Gestores Administrativos 27\/12\/2013 &#8211; Entrevista a Crist\u00f3bal Gonz\u00e1lez, del Colegio de Gestores de M\u00e1laga Cadena Ser 24\/12\/2013 &#8211; Los Gestores Administrativos estrenan APP y Redes Sociales El Mundo Financiero 30\/12\/2013 &hellip; <a href=\"https:\/\/www.gestoresalicante.org\/blog\/index.php\/2013\/12\/31\/resumen-de-prensa-28-12-2013\/\">Sigue leyendo <span class=\"meta-nav\">&rarr;<\/span><\/a><\/p>\n","protected":false},"author":4,"featured_media":0,"comment_status":"closed","ping_status":"closed","sticky":false,"template":"","format":"standard","meta":{"footnotes":""},"categories":[6],"tags":[],"class_list":["post-580","post","type-post","status-publish","format-standard","hentry","category-resumendeprensa"],"_links":{"self":[{"href":"https:\/\/www.gestoresalicante.org\/blog\/index.php\/wp-json\/wp\/v2\/posts\/580","targetHints":{"allow":["GET"]}}],"collection":[{"href":"https:\/\/www.gestoresalicante.org\/blog\/index.php\/wp-json\/wp\/v2\/posts"}],"about":[{"href":"https:\/\/www.gestoresalicante.org\/blog\/index.php\/wp-json\/wp\/v2\/types\/post"}],"author":[{"embeddable":true,"href":"https:\/\/www.gestoresalicante.org\/blog\/index.php\/wp-json\/wp\/v2\/users\/4"}],"replies":[{"embeddable":true,"href":"https:\/\/www.gestoresalicante.org\/blog\/index.php\/wp-json\/wp\/v2\/comments?post=580"}],"version-history":[{"count":0,"href":"https:\/\/www.gestoresalicante.org\/blog\/index.php\/wp-json\/wp\/v2\/posts\/580\/revisions"}],"wp:attachment":[{"href":"https:\/\/www.gestoresalicante.org\/blog\/index.php\/wp-json\/wp\/v2\/media?parent=580"}],"wp:term":[{"taxonomy":"category","embeddable":true,"href":"https:\/\/www.gestoresalicante.org\/blog\/index.php\/wp-json\/wp\/v2\/categories?post=580"},{"taxonomy":"post_tag","embeddable":true,"href":"https:\/\/www.gestoresalicante.org\/blog\/index.php\/wp-json\/wp\/v2\/tags?post=580"}],"curies":[{"name":"wp","href":"https:\/\/api.w.org\/{rel}","templated":true}]}}