{"id":586,"date":"2014-01-09T09:00:00","date_gmt":"2014-01-09T08:00:00","guid":{"rendered":"http:\/\/www.gestoresalicante.org\/blog\/index.php\/2014\/01\/09\/resumen-de-prensa-09-01-2014\/"},"modified":"-0001-11-30T00:00:00","modified_gmt":"-0001-11-29T22:00:00","slug":"resumen-de-prensa-09-01-2014","status":"publish","type":"post","link":"https:\/\/www.gestoresalicante.org\/blog\/index.php\/2014\/01\/09\/resumen-de-prensa-09-01-2014\/","title":{"rendered":"Resumen de Prensa 09-01-2014"},"content":{"rendered":"<div class=\"nboletin\">\n<table width=\"90%\" cellpadding=\"4\">\n<tr>\n<td colspan=\"3\">\n<div style=\"background-color: #CCCCCC;padding: 4px 10px 4px 10px;width: 100%;border: 1px #414141 solid;\"><img decoding=\"async\" alt=\"Consejo de Gestores\" src=\"http:\/\/www.gestoresalicante.org\/img\/newsletter\/conges.jpg\" width=226 height=70><\/div>\n<\/td>\n<\/tr>\n<tr>\n<td align=\"right\" colspan=\"3\"><strong>09\/01\/2014 <\/strong><\/td>\n<\/tr>\n<tr>\n<td colspan=\"3\">&nbsp;<\/td>\n<\/tr>\n<tr>\n<td colspan=\"3\" class=\"tgrupo\"><img loading=\"lazy\" decoding=\"async\" src=\"http:\/\/www.gestoresalicante.org\/img\/newsletter\/picto.jpg\" width=\"20\" height=\"18\" align=\"absmiddle\" style=\"margin-right: 4px;\"> <strong>Consejo General de los Colegios de Gestores Administrativos<\/strong><\/td>\n<\/tr>\n<tr>\n<td class=\"tfecha\">09\/01\/2014 &#8211;<\/td>\n<td class=\"titem\"><a href=\"http:\/\/www.clipmedia.net\/ficheros\/2014\/01_ene\/ev051.pdf\" target=\"_blank\">El temario para el t\u00edtulo de gestor administrativo incluir\u00e1 el derecho foral<\/a><\/td>\n<td align=\"right\" class=\"tfuente\">Levante &#8211; El Mercantil Valenciano<\/td>\n<\/tr>\n<tr>\n<td class=\"tfecha\">09\/01\/2014 &#8211;<\/td>\n<td class=\"titem\"><a href=\"http:\/\/www.clipmedia.net\/ficheros\/2014\/01_ene\/ev052.pdf\" target=\"_blank\">Jornada per la reforma de la Llei d&#8217;Arrendaments<\/a>Jornada para la reforma de la Ley de Arrendamientos<\/td>\n<td align=\"right\" class=\"tfuente\">Bondia<\/td>\n<\/tr>\n<tr>\n<td class=\"tfecha\">08\/01\/2014 &#8211;<\/td>\n<td class=\"titem\"><a href=\"http:\/\/www.clipmedia.net\/ficheros\/2014\/01_ene\/ev050.pdf\" target=\"_blank\">El temario para gestor administrativo incluir\u00e1 el derecho foral valenciano<\/a><\/td>\n<td align=\"right\" class=\"tfuente\">La Vanguardia (digital)<\/td>\n<\/tr>\n<tr>\n<td class=\"tfecha\">08\/01\/2014 &#8211;<\/td>\n<td class=\"titem\"><a href=\"http:\/\/www.clipmedia.net\/ficheros\/2014\/01_ene\/ev047.pdf\" target=\"_blank\">La Generalitat incluir\u00e1 en el temario para gestor administrativo el derecho foral civil valenciano<\/a><\/td>\n<td align=\"right\" class=\"tfuente\">Las Provincias<\/td>\n<\/tr>\n<tr>\n<td class=\"tfecha\">08\/01\/2014 &#8211;<\/td>\n<td class=\"titem\"><a href=\"http:\/\/www.clipmedia.net\/ficheros\/2014\/01_ene\/ev048.pdf\" target=\"_blank\">La Generalitat incluir\u00e1 en el temario para gestor administrativo el derecho foral civil valenciano<\/a><\/td>\n<td align=\"right\" class=\"tfuente\">La Verdad Digital<\/td>\n<\/tr>\n<tr>\n<td class=\"tfecha\">08\/01\/2014 &#8211;<\/td>\n<td class=\"titem\"><a href=\"http:\/\/www.clipmedia.net\/ficheros\/2014\/01_ene\/ev049.pdf\" target=\"_blank\">La Generalitat incluir\u00e1 en el temario para gestor administrativo el derecho foral civil valenciano<\/a><\/td>\n<td align=\"right\" class=\"tfuente\">Elperiodic.com<\/td>\n<\/tr>\n<tr>\n<td class=\"tfecha\">08\/01\/2014 &#8211;<\/td>\n<td class=\"titem\"><a href=\"http:\/\/www.clipmedia.net\/ficheros\/2014\/01_ene\/ev053.pdf\" target=\"_blank\">El temario para gestor administrativo incluir\u00e1 el derecho foral valenciano<\/a><\/td>\n<td align=\"right\" class=\"tfuente\">ABC (digital)<\/td>\n<\/tr>\n<tr>\n<td class=\"tfecha\">08\/01\/2014 &#8211;<\/td>\n<td class=\"titem\"><a href=\"http:\/\/www.clipmedia.net\/ficheros\/2014\/01_ene\/ev054.pdf\" target=\"_blank\">El temario para gestor administrativo incluir\u00e1 el derecho foral valenciano<\/a><\/td>\n<td align=\"right\" class=\"tfuente\">Finanzas.com<\/td>\n<\/tr>\n<tr>\n<td class=\"tfecha\">08\/01\/2014 &#8211;<\/td>\n<td class=\"titem\"><a href=\"http:\/\/www.clipmedia.net\/ficheros\/2014\/01_ene\/ev055.pdf\" target=\"_blank\">Universitarios y mercado laboral en el XIII Foro de Empleo y Emprendimiento<\/a><\/td>\n<td align=\"right\" class=\"tfuente\">El Mundo Financiero<\/td>\n<\/tr>\n<tr>\n<td class=\"tfecha\">08\/01\/2014 &#8211;<\/td>\n<td class=\"titem\"><a href=\"http:\/\/www.clipmedia.net\/ficheros\/2014\/01_ene\/ev056.pdf\" target=\"_blank\">Un debate sobre los universitarios y el mercado laboral abrir\u00e1 el XIII Foro de Ocupaci\u00f3n y Emprendimiento de la Facultat d&#8217;Economia<\/a><\/td>\n<td align=\"right\" class=\"tfuente\">Elperiodic.com<\/td>\n<\/tr>\n<tr>\n<td class=\"tfecha\">09\/01\/2014 &#8211;<\/td>\n<td class=\"titem\"><a href=\"http:\/\/www.clipmedia.net\/ficheros\/2014\/01_ene\/ev011.pdf\" target=\"_blank\">Europa pone al juego &#8216;online&#8217; en el punto de mira contra el blanqueo<\/a><\/td>\n<td align=\"right\" class=\"tfuente\">El Economista<\/td>\n<\/tr>\n<tr>\n<td class=\"tfecha\">09\/01\/2014 &#8211;<\/td>\n<td class=\"titem\"><a href=\"http:\/\/www.clipmedia.net\/ficheros\/2014\/01_ene\/ev012.pdf\" target=\"_blank\">Reforma local: as\u00ed quedar\u00e1 el mapa de los ayuntamientos<\/a><\/td>\n<td align=\"right\" class=\"tfuente\">El Economista<\/td>\n<\/tr>\n<tr>\n<td class=\"tfecha\">09\/01\/2014 &#8211;<\/td>\n<td class=\"titem\"><a href=\"http:\/\/www.clipmedia.net\/ficheros\/2014\/01_ene\/ev059.pdf\" target=\"_blank\">Hacienda facilita la sucesi\u00f3n de la empresa familiar<\/a><\/td>\n<td align=\"right\" class=\"tfuente\">Expansi\u00f3n<\/td>\n<\/tr>\n<tr>\n<td class=\"tfecha\">09\/01\/2014 &#8211;<\/td>\n<td class=\"titem\"><a href=\"http:\/\/www.clipmedia.net\/ficheros\/2014\/01_ene\/ev042.pdf\" target=\"_blank\">Editorial &#8211; Los l\u00edmites de la presi\u00f3n fiscal al empleo<\/a><\/td>\n<td align=\"right\" class=\"tfuente\">Cinco D\u00edas<\/td>\n<\/tr>\n<tr>\n<td class=\"tfecha\">05\/01\/2014 &#8211;<\/td>\n<td class=\"titem\"><a href=\"http:\/\/www.clipmedia.net\/ficheros\/2014\/01_ene\/eu981.pdf\" target=\"_blank\">Coches que se aparcan por tel\u00e9fono<\/a><\/td>\n<td align=\"right\" class=\"tfuente\">El Pa\u00eds &#8211; Negocios<\/td>\n<\/tr>\n<tr>\n<td class=\"tfecha\">09\/01\/2014 &#8211;<\/td>\n<td class=\"titem\"><a href=\"http:\/\/www.clipmedia.net\/ficheros\/2014\/01_ene\/ev004.pdf\" target=\"_blank\">El mercado chino, tabla de salvaci\u00f3n del Grupo PSA<\/a><\/td>\n<td align=\"right\" class=\"tfuente\">El Mundo<\/td>\n<\/tr>\n<tr>\n<td class=\"tfecha\">09\/01\/2014 &#8211;<\/td>\n<td class=\"titem\"><a href=\"http:\/\/www.clipmedia.net\/ficheros\/2014\/01_ene\/ev005.pdf\" target=\"_blank\">Alan Mulally confirma que no se mover\u00e1 de Ford<\/a><\/td>\n<td align=\"right\" class=\"tfuente\">El Mundo<\/td>\n<\/tr>\n<tr>\n<td class=\"tfecha\">09\/01\/2014 &#8211;<\/td>\n<td class=\"titem\"><a href=\"http:\/\/www.clipmedia.net\/ficheros\/2014\/01_ene\/ev057.pdf\" target=\"_blank\">La venta de coches comerciales se dispara<\/a><\/td>\n<td align=\"right\" class=\"tfuente\">Cinco D\u00edas<\/td>\n<\/tr>\n<tr>\n<td class=\"tfecha\">09\/01\/2014 &#8211;<\/td>\n<td class=\"titem\"><a href=\"http:\/\/www.clipmedia.net\/ficheros\/2014\/01_ene\/ev060.pdf\" target=\"_blank\">Audi &#8211; Cierra 2013 como l\u00edder del mercado espa\u00f1ol de alta gama por vig\u00e9simo a\u00f1o consecutivo<\/a><\/td>\n<td align=\"right\" class=\"tfuente\">Expansi\u00f3n<\/td>\n<\/tr>\n<tr>\n<td colspan=\"3\">&nbsp;<\/td>\n<\/tr>\n<tr>\n<td colspan=\"3\" class=\"tgrupo\"><img loading=\"lazy\" decoding=\"async\" src=\"http:\/\/www.gestoresalicante.org\/img\/newsletter\/picto.jpg\" width=\"20\" height=\"18\" align=\"absmiddle\" style=\"margin-right: 4px;\"> <strong>Ventana Telem\u00e1tica<\/strong><\/td>\n<\/tr>\n<tr>\n<td colspan=\"3\">(No hay registros)<\/td>\n<\/tr>\n<tr>\n<td colspan=\"3\">&nbsp;<\/td>\n<\/tr>\n<tr>\n<td colspan=\"3\" class=\"tgrupo\"><img loading=\"lazy\" decoding=\"async\" src=\"http:\/\/www.gestoresalicante.org\/img\/newsletter\/picto.jpg\" width=\"20\" height=\"18\" align=\"absmiddle\" style=\"margin-right: 4px;\"> <strong> Sector de la formaci\u00f3n<\/strong><\/td>\n<\/tr>\n<tr>\n<td class=\"tfecha\">09\/01\/2014 &#8211;<\/td>\n<td class=\"titem\"><a href=\"http:\/\/www.clipmedia.net\/ficheros\/2014\/01_ene\/ev062.pdf\" target=\"_blank\">C\u00f3mo caer bien desde el primer d\u00eda en tu nuevo empleo<\/a><\/td>\n<td align=\"right\" class=\"tfuente\">Expansi\u00f3n<\/td>\n<\/tr>\n<tr>\n<td class=\"tfecha\">09\/01\/2014 &#8211;<\/td>\n<td class=\"titem\"><a href=\"http:\/\/www.clipmedia.net\/ficheros\/2014\/01_ene\/ev037.pdf\" target=\"_blank\">El a\u00f1o del empleo&#8230; aunque a tiempo parcial<\/a><\/td>\n<td align=\"right\" class=\"tfuente\">El Peri\u00f3dico de Catalunya<\/td>\n<\/tr>\n<tr>\n<td class=\"tfecha\">09\/01\/2014 &#8211;<\/td>\n<td class=\"titem\"><a href=\"http:\/\/www.clipmedia.net\/ficheros\/2014\/01_ene\/ev035.pdf\" target=\"_blank\">La tasa de ahorro de los hogares cae al nivel m\u00e1s bajo desde el 2007<\/a><\/td>\n<td align=\"right\" class=\"tfuente\">La Vanguardia<\/td>\n<\/tr>\n<tr>\n<td class=\"tfecha\">09\/01\/2014 &#8211;<\/td>\n<td class=\"titem\"><a href=\"http:\/\/www.clipmedia.net\/ficheros\/2014\/01_ene\/ev045.pdf\" target=\"_blank\">Ofensiva de la Seguridad Social para recaudar m\u00e1s a trav\u00e9s de las n\u00f3minas<\/a><\/td>\n<td align=\"right\" class=\"tfuente\">Cinco D\u00edas<\/td>\n<\/tr>\n<tr>\n<td class=\"tfecha\">09\/01\/2014 &#8211;<\/td>\n<td class=\"titem\"><a href=\"http:\/\/www.clipmedia.net\/ficheros\/2014\/01_ene\/ev002.pdf\" target=\"_blank\">El Gobierno penaliza los planes de pensiones en las empresas<\/a><\/td>\n<td align=\"right\" class=\"tfuente\">ABC<\/td>\n<\/tr>\n<tr>\n<td class=\"tfecha\">09\/01\/2014 &#8211;<\/td>\n<td class=\"titem\"><a href=\"http:\/\/www.clipmedia.net\/ficheros\/2014\/01_ene\/ev020.pdf\" target=\"_blank\">La Inspecci\u00f3n multa a Panrico por vulnerar el derecho a huelga<\/a><\/td>\n<td align=\"right\" class=\"tfuente\">El Pa\u00eds<\/td>\n<\/tr>\n<tr>\n<td class=\"tfecha\">09\/01\/2014 &#8211;<\/td>\n<td class=\"titem\"><a href=\"http:\/\/www.clipmedia.net\/ficheros\/2014\/01_ene\/ev008.pdf\" target=\"_blank\">La gran empresa aumenta al fin las ventas en Espa\u00f1a<\/a><\/td>\n<td align=\"right\" class=\"tfuente\">El Mundo<\/td>\n<\/tr>\n<tr>\n<td class=\"tfecha\">09\/01\/2014 &#8211;<\/td>\n<td class=\"titem\"><a href=\"http:\/\/www.clipmedia.net\/ficheros\/2014\/01_ene\/ev013.pdf\" target=\"_blank\">La tasa de ahorro de las familias cae al nivel m\u00e1s bajo desde 2007<\/a><\/td>\n<td align=\"right\" class=\"tfuente\">Expansi\u00f3n<\/td>\n<\/tr>\n<tr>\n<td class=\"tfecha\">09\/01\/2014 &#8211;<\/td>\n<td class=\"titem\"><a href=\"http:\/\/www.clipmedia.net\/ficheros\/2014\/01_ene\/ev058.pdf\" target=\"_blank\">El gran capital riesgo extranjero se volc\u00f3 en 2013 en el inmobiliario espa\u00f1ol<\/a><\/td>\n<td align=\"right\" class=\"tfuente\">Cinco D\u00edas<\/td>\n<\/tr>\n<tr>\n<td class=\"tfecha\">09\/01\/2014 &#8211;<\/td>\n<td class=\"titem\"><a href=\"http:\/\/www.clipmedia.net\/ficheros\/2014\/01_ene\/ev061.pdf\" target=\"_blank\">Las joyas de Colonial que sedujeron a Villar Mir<\/a><\/td>\n<td align=\"right\" class=\"tfuente\">Expansi\u00f3n<\/td>\n<\/tr>\n<tr>\n<td colspan=\"3\">&nbsp;<\/td>\n<\/tr>\n<tr>\n<td colspan=\"3\" class=\"tgrupo\"><img loading=\"lazy\" decoding=\"async\" src=\"http:\/\/www.gestoresalicante.org\/img\/newsletter\/picto.jpg\" width=\"20\" height=\"18\" align=\"absmiddle\" style=\"margin-right: 4px;\"> <strong>B.O.E<\/strong><\/td>\n<\/tr>\n<tr>\n<td colspan=\"3\">(No hay registros)<\/td>\n<\/tr>\n<\/table>\n<\/div>\n","protected":false},"excerpt":{"rendered":"<p>09\/01\/2014 &nbsp; Consejo General de los Colegios de Gestores Administrativos 09\/01\/2014 &#8211; El temario para el t\u00edtulo de gestor administrativo incluir\u00e1 el derecho foral Levante &#8211; El Mercantil Valenciano 09\/01\/2014 &#8211; Jornada per la reforma de la Llei d&#8217;ArrendamentsJornada para &hellip; <a href=\"https:\/\/www.gestoresalicante.org\/blog\/index.php\/2014\/01\/09\/resumen-de-prensa-09-01-2014\/\">Sigue leyendo <span class=\"meta-nav\">&rarr;<\/span><\/a><\/p>\n","protected":false},"author":4,"featured_media":0,"comment_status":"closed","ping_status":"closed","sticky":false,"template":"","format":"standard","meta":{"footnotes":""},"categories":[6],"tags":[],"class_list":["post-586","post","type-post","status-publish","format-standard","hentry","category-resumendeprensa"],"_links":{"self":[{"href":"https:\/\/www.gestoresalicante.org\/blog\/index.php\/wp-json\/wp\/v2\/posts\/586","targetHints":{"allow":["GET"]}}],"collection":[{"href":"https:\/\/www.gestoresalicante.org\/blog\/index.php\/wp-json\/wp\/v2\/posts"}],"about":[{"href":"https:\/\/www.gestoresalicante.org\/blog\/index.php\/wp-json\/wp\/v2\/types\/post"}],"author":[{"embeddable":true,"href":"https:\/\/www.gestoresalicante.org\/blog\/index.php\/wp-json\/wp\/v2\/users\/4"}],"replies":[{"embeddable":true,"href":"https:\/\/www.gestoresalicante.org\/blog\/index.php\/wp-json\/wp\/v2\/comments?post=586"}],"version-history":[{"count":0,"href":"https:\/\/www.gestoresalicante.org\/blog\/index.php\/wp-json\/wp\/v2\/posts\/586\/revisions"}],"wp:attachment":[{"href":"https:\/\/www.gestoresalicante.org\/blog\/index.php\/wp-json\/wp\/v2\/media?parent=586"}],"wp:term":[{"taxonomy":"category","embeddable":true,"href":"https:\/\/www.gestoresalicante.org\/blog\/index.php\/wp-json\/wp\/v2\/categories?post=586"},{"taxonomy":"post_tag","embeddable":true,"href":"https:\/\/www.gestoresalicante.org\/blog\/index.php\/wp-json\/wp\/v2\/tags?post=586"}],"curies":[{"name":"wp","href":"https:\/\/api.w.org\/{rel}","templated":true}]}}