{"id":593,"date":"2014-01-16T09:50:29","date_gmt":"2014-01-16T08:50:29","guid":{"rendered":"http:\/\/www.gestoresalicante.org\/blog\/?p=593"},"modified":"2014-01-16T09:51:17","modified_gmt":"2014-01-16T08:51:17","slug":"bit-plus-167","status":"publish","type":"post","link":"https:\/\/www.gestoresalicante.org\/blog\/index.php\/2014\/01\/16\/bit-plus-167\/","title":{"rendered":"BIT plus 167"},"content":{"rendered":"<p><a href=\"http:\/\/www.gestoresalicante.org\/blog\/wp-content\/uploads\/2014\/01\/BIT_PLUS_167.pdf\" target=\"_blank\">Adjunto se remite el n\u00famero <strong>167<\/strong> del <strong>Bolet\u00edn Informativo Tributario (BIT plus)<\/strong>, correspondiente al mes de enero de 2014.<\/a><\/p>\n<p><a href=\"http:\/\/www.gestoresalicante.org\/blog\/wp-content\/uploads\/2014\/01\/BIT_PLUS_167.pdf\" target=\"_blank\">El pr\u00f3ximo n\u00famero del <strong>BIT plus \u00a0<\/strong>ser\u00e1 el correspondiente al mes de febrero de 2014.<\/a><\/p>\n","protected":false},"excerpt":{"rendered":"<p>Adjunto se remite el n\u00famero 167 del Bolet\u00edn Informativo Tributario (BIT plus), correspondiente al mes de enero de 2014. El pr\u00f3ximo n\u00famero del BIT plus \u00a0ser\u00e1 el correspondiente al mes de febrero de 2014.<\/p>\n","protected":false},"author":4,"featured_media":0,"comment_status":"closed","ping_status":"closed","sticky":false,"template":"","format":"standard","meta":{"footnotes":""},"categories":[7],"tags":[],"class_list":["post-593","post","type-post","status-publish","format-standard","hentry","category-bit"],"_links":{"self":[{"href":"https:\/\/www.gestoresalicante.org\/blog\/index.php\/wp-json\/wp\/v2\/posts\/593","targetHints":{"allow":["GET"]}}],"collection":[{"href":"https:\/\/www.gestoresalicante.org\/blog\/index.php\/wp-json\/wp\/v2\/posts"}],"about":[{"href":"https:\/\/www.gestoresalicante.org\/blog\/index.php\/wp-json\/wp\/v2\/types\/post"}],"author":[{"embeddable":true,"href":"https:\/\/www.gestoresalicante.org\/blog\/index.php\/wp-json\/wp\/v2\/users\/4"}],"replies":[{"embeddable":true,"href":"https:\/\/www.gestoresalicante.org\/blog\/index.php\/wp-json\/wp\/v2\/comments?post=593"}],"version-history":[{"count":1,"href":"https:\/\/www.gestoresalicante.org\/blog\/index.php\/wp-json\/wp\/v2\/posts\/593\/revisions"}],"predecessor-version":[{"id":595,"href":"https:\/\/www.gestoresalicante.org\/blog\/index.php\/wp-json\/wp\/v2\/posts\/593\/revisions\/595"}],"wp:attachment":[{"href":"https:\/\/www.gestoresalicante.org\/blog\/index.php\/wp-json\/wp\/v2\/media?parent=593"}],"wp:term":[{"taxonomy":"category","embeddable":true,"href":"https:\/\/www.gestoresalicante.org\/blog\/index.php\/wp-json\/wp\/v2\/categories?post=593"},{"taxonomy":"post_tag","embeddable":true,"href":"https:\/\/www.gestoresalicante.org\/blog\/index.php\/wp-json\/wp\/v2\/tags?post=593"}],"curies":[{"name":"wp","href":"https:\/\/api.w.org\/{rel}","templated":true}]}}