{"id":600,"date":"2014-01-22T09:00:00","date_gmt":"2014-01-22T08:00:00","guid":{"rendered":"http:\/\/www.gestoresalicante.org\/blog\/index.php\/2014\/01\/22\/resumen-de-prensa-22-01-2014\/"},"modified":"-0001-11-30T00:00:00","modified_gmt":"-0001-11-29T22:00:00","slug":"resumen-de-prensa-22-01-2014","status":"publish","type":"post","link":"https:\/\/www.gestoresalicante.org\/blog\/index.php\/2014\/01\/22\/resumen-de-prensa-22-01-2014\/","title":{"rendered":"Resumen de Prensa 22-01-2014"},"content":{"rendered":"<div class=\"nboletin\">\n<table width=\"90%\" cellpadding=\"4\">\n<tr>\n<td colspan=\"3\">\n<div style=\"background-color: #CCCCCC;padding: 4px 10px 4px 10px;width: 100%;border: 1px #414141 solid;\"><img decoding=\"async\" alt=\"Consejo de Gestores\" src=\"http:\/\/www.gestoresalicante.org\/img\/newsletter\/conges.jpg\" width=226 height=70><\/div>\n<\/td>\n<\/tr>\n<tr>\n<td align=\"right\" colspan=\"3\"><strong>22\/01\/2014 <\/strong><\/td>\n<\/tr>\n<tr>\n<td colspan=\"3\">&nbsp;<\/td>\n<\/tr>\n<tr>\n<td colspan=\"3\" class=\"tgrupo\"><img loading=\"lazy\" decoding=\"async\" src=\"http:\/\/www.gestoresalicante.org\/img\/newsletter\/picto.jpg\" width=\"20\" height=\"18\" align=\"absmiddle\" style=\"margin-right: 4px;\"> <strong>Consejo General de los Colegios de Gestores Administrativos<\/strong><\/td>\n<\/tr>\n<tr>\n<td class=\"tfecha\">22\/01\/2014 &#8211;<\/td>\n<td class=\"titem\"><a href=\"http:\/\/www.clipmedia.net\/ficheros\/2014\/01_ene\/ev877.pdf\" target=\"_blank\">Campa\u00f1a para ayudar a crear una empresa<\/a><\/td>\n<td align=\"right\" class=\"tfuente\">La Opini\u00f3n de M\u00e1laga<\/td>\n<\/tr>\n<tr>\n<td class=\"tfecha\">22\/01\/2014 &#8211;<\/td>\n<td class=\"titem\"><a href=\"http:\/\/www.clipmedia.net\/ficheros\/2014\/01_ene\/ev852.pdf\" target=\"_blank\">Los &#8216;sabios&#8217; de Montoro piden eliminar deducciones en IRPF y subir IVA al 23%<\/a><\/td>\n<td align=\"right\" class=\"tfuente\">Expansi\u00f3n<\/td>\n<\/tr>\n<tr>\n<td class=\"tfecha\">22\/01\/2014 &#8211;<\/td>\n<td class=\"titem\"><a href=\"http:\/\/www.clipmedia.net\/ficheros\/2014\/01_ene\/ev891.pdf\" target=\"_blank\">La cotizaci\u00f3n de los pagos en especie se ceba en los sueldos medios y bajos<\/a><\/td>\n<td align=\"right\" class=\"tfuente\">El Economista<\/td>\n<\/tr>\n<tr>\n<td class=\"tfecha\">22\/01\/2014 &#8211;<\/td>\n<td class=\"titem\"><a href=\"http:\/\/www.clipmedia.net\/ficheros\/2014\/01_ene\/ev894.pdf\" target=\"_blank\">Plusval\u00eda municipal: Europa da la raz\u00f3n al comprador de la casa<\/a><\/td>\n<td align=\"right\" class=\"tfuente\">El Economista<\/td>\n<\/tr>\n<tr>\n<td class=\"tfecha\">22\/01\/2014 &#8211;<\/td>\n<td class=\"titem\"><a href=\"http:\/\/www.clipmedia.net\/ficheros\/2014\/01_ene\/ev898.pdf\" target=\"_blank\">Sucesiones: m\u00ednimo exento y acabar con las reducciones a las empresas<\/a><\/td>\n<td align=\"right\" class=\"tfuente\">Expansi\u00f3n<\/td>\n<\/tr>\n<tr>\n<td class=\"tfecha\">22\/01\/2014 &#8211;<\/td>\n<td class=\"titem\"><a href=\"http:\/\/www.clipmedia.net\/ficheros\/2014\/01_ene\/ev847.pdf\" target=\"_blank\">Ford Europa aplaza hasta 2015 volver a los beneficios por el cierre de Genk<\/a><\/td>\n<td align=\"right\" class=\"tfuente\">El Mundo<\/td>\n<\/tr>\n<tr>\n<td class=\"tfecha\">22\/01\/2014 &#8211;<\/td>\n<td class=\"titem\"><a href=\"http:\/\/www.clipmedia.net\/ficheros\/2014\/01_ene\/ev848.pdf\" target=\"_blank\">Rusia ofrece 6.000 millones en incentivos al autom\u00f3vil<\/a><\/td>\n<td align=\"right\" class=\"tfuente\">El Mundo<\/td>\n<\/tr>\n<tr>\n<td class=\"tfecha\">22\/01\/2014 &#8211;<\/td>\n<td class=\"titem\"><a href=\"http:\/\/www.clipmedia.net\/ficheros\/2014\/01_ene\/ev878.pdf\" target=\"_blank\">El carn\u00e9 de conducir en M\u00e1laga es un 26,8% m\u00e1s caro que en la ciudad m\u00e1s barata<\/a><\/td>\n<td align=\"right\" class=\"tfuente\">La Opini\u00f3n de M\u00e1laga<\/td>\n<\/tr>\n<tr>\n<td colspan=\"3\">&nbsp;<\/td>\n<\/tr>\n<tr>\n<td colspan=\"3\" class=\"tgrupo\"><img loading=\"lazy\" decoding=\"async\" src=\"http:\/\/www.gestoresalicante.org\/img\/newsletter\/picto.jpg\" width=\"20\" height=\"18\" align=\"absmiddle\" style=\"margin-right: 4px;\"> <strong>Ventana Telem\u00e1tica<\/strong><\/td>\n<\/tr>\n<tr>\n<td colspan=\"3\">(No hay registros)<\/td>\n<\/tr>\n<tr>\n<td colspan=\"3\">&nbsp;<\/td>\n<\/tr>\n<tr>\n<td colspan=\"3\" class=\"tgrupo\"><img loading=\"lazy\" decoding=\"async\" src=\"http:\/\/www.gestoresalicante.org\/img\/newsletter\/picto.jpg\" width=\"20\" height=\"18\" align=\"absmiddle\" style=\"margin-right: 4px;\"> <strong> Sector de la formaci\u00f3n<\/strong><\/td>\n<\/tr>\n<tr>\n<td class=\"tfecha\">22\/01\/2014 &#8211;<\/td>\n<td class=\"titem\"><a href=\"http:\/\/www.clipmedia.net\/ficheros\/2014\/01_ene\/ev846.pdf\" target=\"_blank\">Wert reduce a un semestre la duraci\u00f3n de las Erasmus<\/a><\/td>\n<td align=\"right\" class=\"tfuente\">El Mundo<\/td>\n<\/tr>\n<tr>\n<td class=\"tfecha\">22\/01\/2014 &#8211;<\/td>\n<td class=\"titem\"><a href=\"http:\/\/www.clipmedia.net\/ficheros\/2014\/01_ene\/ev855.pdf\" target=\"_blank\">M\u00e9dicos y estudiantes no quieren nuevas facultades de Medicina<\/a><\/td>\n<td align=\"right\" class=\"tfuente\">El Economista<\/td>\n<\/tr>\n<tr>\n<td class=\"tfecha\">22\/01\/2014 &#8211;<\/td>\n<td class=\"titem\"><a href=\"http:\/\/www.clipmedia.net\/ficheros\/2014\/01_ene\/ev881.pdf\" target=\"_blank\">Wert limita la duraci\u00f3n de las becas erasmus a seis meses<\/a><\/td>\n<td align=\"right\" class=\"tfuente\">El Peri\u00f3dico de Catalunya<\/td>\n<\/tr>\n<tr>\n<td class=\"tfecha\">22\/01\/2014 &#8211;<\/td>\n<td class=\"titem\"><a href=\"http:\/\/www.clipmedia.net\/ficheros\/2014\/01_ene\/ev884.pdf\" target=\"_blank\">\u00bfPor qu\u00e9 un 4 es un 5 en Selectividad?<\/a><\/td>\n<td align=\"right\" class=\"tfuente\">El Pa\u00eds<\/td>\n<\/tr>\n<tr>\n<td class=\"tfecha\">22\/01\/2014 &#8211;<\/td>\n<td class=\"titem\"><a href=\"http:\/\/www.clipmedia.net\/ficheros\/2014\/01_ene\/ev892.pdf\" target=\"_blank\">B\u00e1\u00f1ez cambiar\u00e1 el modelo de formaci\u00f3n de los parados<\/a><\/td>\n<td align=\"right\" class=\"tfuente\">El Economista<\/td>\n<\/tr>\n<tr>\n<td class=\"tfecha\">22\/01\/2014 &#8211;<\/td>\n<td class=\"titem\"><a href=\"http:\/\/www.clipmedia.net\/ficheros\/2014\/01_ene\/ev868.pdf\" target=\"_blank\">El FMI mejora el pron\u00f3stico para Espa\u00f1a pero enfr\u00eda la euforia oficial<\/a><\/td>\n<td align=\"right\" class=\"tfuente\">El Peri\u00f3dico de Catalunya<\/td>\n<\/tr>\n<tr>\n<td class=\"tfecha\">22\/01\/2014 &#8211;<\/td>\n<td class=\"titem\"><a href=\"http:\/\/www.clipmedia.net\/ficheros\/2014\/01_ene\/ev870.pdf\" target=\"_blank\">Sanidad se enroca en la retirada de la tarjeta a emigrados<\/a><\/td>\n<td align=\"right\" class=\"tfuente\">El Peri\u00f3dico de Catalunya<\/td>\n<\/tr>\n<tr>\n<td class=\"tfecha\">22\/01\/2014 &#8211;<\/td>\n<td class=\"titem\"><a href=\"http:\/\/www.clipmedia.net\/ficheros\/2014\/01_ene\/ev842.pdf\" target=\"_blank\">La edad media de jubilaci\u00f3n supera por primera vez los 64 a\u00f1os<\/a><\/td>\n<td align=\"right\" class=\"tfuente\">ABC<\/td>\n<\/tr>\n<tr>\n<td class=\"tfecha\">22\/01\/2014 &#8211;<\/td>\n<td class=\"titem\"><a href=\"http:\/\/www.clipmedia.net\/ficheros\/2014\/01_ene\/ev850.pdf\" target=\"_blank\">Empleo desoye las quejas sobre las cotizaciones<\/a><\/td>\n<td align=\"right\" class=\"tfuente\">El Mundo<\/td>\n<\/tr>\n<tr>\n<td class=\"tfecha\">22\/01\/2014 &#8211;<\/td>\n<td class=\"titem\"><a href=\"http:\/\/www.clipmedia.net\/ficheros\/2014\/01_ene\/ev862.pdf\" target=\"_blank\">Davos ve el vaso global medio lleno<\/a><\/td>\n<td align=\"right\" class=\"tfuente\">El Pa\u00eds<\/td>\n<\/tr>\n<tr>\n<td class=\"tfecha\">22\/01\/2014 &#8211;<\/td>\n<td class=\"titem\"><a href=\"http:\/\/www.clipmedia.net\/ficheros\/2014\/01_ene\/ev889.pdf\" target=\"_blank\">El seguro teme perder negocio por el alza en las cotizaciones <\/a><\/td>\n<td align=\"right\" class=\"tfuente\">El Economista<\/td>\n<\/tr>\n<tr>\n<td class=\"tfecha\">22\/01\/2014 &#8211;<\/td>\n<td class=\"titem\"><a href=\"http:\/\/www.clipmedia.net\/ficheros\/2014\/01_ene\/ev893.pdf\" target=\"_blank\">Gonz\u00e1lez de Lara logra unidad total en el empresariado para liderar la nueva CEA<\/a><\/td>\n<td align=\"right\" class=\"tfuente\">El Economista<\/td>\n<\/tr>\n<tr>\n<td class=\"tfecha\">22\/01\/2014 &#8211;<\/td>\n<td class=\"titem\"><a href=\"http:\/\/www.clipmedia.net\/ficheros\/2014\/01_ene\/ev897.pdf\" target=\"_blank\">Convierte el caos en tu mejor aliado profesional<\/a><\/td>\n<td align=\"right\" class=\"tfuente\">Expansi\u00f3n<\/td>\n<\/tr>\n<tr>\n<td class=\"tfecha\">22\/01\/2014 &#8211;<\/td>\n<td class=\"titem\"><a href=\"http:\/\/www.clipmedia.net\/ficheros\/2014\/01_ene\/ev880.pdf\" target=\"_blank\">Art\u00edculo de opini\u00f3n: Eduardo Mart\u00ednez Abascal &#8211; Emigraci\u00f3n<\/a><\/td>\n<td align=\"right\" class=\"tfuente\">El Peri\u00f3dico de Catalunya<\/td>\n<\/tr>\n<tr>\n<td class=\"tfecha\">22\/01\/2014 &#8211;<\/td>\n<td class=\"titem\"><a href=\"http:\/\/www.clipmedia.net\/ficheros\/2014\/01_ene\/ev843.pdf\" target=\"_blank\">Luz verde a la recapitalizaci\u00f3n de Colonial liderada por Villar Mir<\/a><\/td>\n<td align=\"right\" class=\"tfuente\">ABC<\/td>\n<\/tr>\n<tr>\n<td class=\"tfecha\">22\/01\/2014 &#8211;<\/td>\n<td class=\"titem\"><a href=\"http:\/\/www.clipmedia.net\/ficheros\/2014\/01_ene\/ev888.pdf\" target=\"_blank\">El n\u00famero dos de la Sareb se va por disputas con Romana<\/a><\/td>\n<td align=\"right\" class=\"tfuente\">El Economista<\/td>\n<\/tr>\n<tr>\n<td class=\"tfecha\">22\/01\/2014 &#8211;<\/td>\n<td class=\"titem\"><a href=\"http:\/\/www.clipmedia.net\/ficheros\/2014\/01_ene\/ev890.pdf\" target=\"_blank\">Con el sector inmobiliario espa\u00f1ol s\u00f3lo se puede jugar a la &#8216;ruleta rusa&#8217;<\/a><\/td>\n<td align=\"right\" class=\"tfuente\">El Economista<\/td>\n<\/tr>\n<tr>\n<td class=\"tfecha\">22\/01\/2014 &#8211;<\/td>\n<td class=\"titem\"><a href=\"http:\/\/www.clipmedia.net\/ficheros\/2014\/01_ene\/ev895.pdf\" target=\"_blank\">No es necesaria tasaci\u00f3n para constituir una hipoteca sobre VPO<\/a><\/td>\n<td align=\"right\" class=\"tfuente\">El Economista<\/td>\n<\/tr>\n<tr>\n<td class=\"tfecha\">22\/01\/2014 &#8211;<\/td>\n<td class=\"titem\"><a href=\"http:\/\/www.clipmedia.net\/ficheros\/2014\/01_ene\/ev896.pdf\" target=\"_blank\">HomeAway pide una regulaci\u00f3n \u00fanica para el alquiler vacacional<\/a><\/td>\n<td align=\"right\" class=\"tfuente\">Cinco D\u00edas<\/td>\n<\/tr>\n<tr>\n<td colspan=\"3\">&nbsp;<\/td>\n<\/tr>\n<tr>\n<td colspan=\"3\" class=\"tgrupo\"><img loading=\"lazy\" decoding=\"async\" src=\"http:\/\/www.gestoresalicante.org\/img\/newsletter\/picto.jpg\" width=\"20\" height=\"18\" align=\"absmiddle\" style=\"margin-right: 4px;\"> <strong>B.O.E<\/strong><\/td>\n<\/tr>\n<tr>\n<td colspan=\"3\">(No hay registros)<\/td>\n<\/tr>\n<\/table>\n<\/div>\n","protected":false},"excerpt":{"rendered":"<p>22\/01\/2014 &nbsp; Consejo General de los Colegios de Gestores Administrativos 22\/01\/2014 &#8211; Campa\u00f1a para ayudar a crear una empresa La Opini\u00f3n de M\u00e1laga 22\/01\/2014 &#8211; Los &#8216;sabios&#8217; de Montoro piden eliminar deducciones en IRPF y subir IVA al 23% Expansi\u00f3n &hellip; <a href=\"https:\/\/www.gestoresalicante.org\/blog\/index.php\/2014\/01\/22\/resumen-de-prensa-22-01-2014\/\">Sigue leyendo <span class=\"meta-nav\">&rarr;<\/span><\/a><\/p>\n","protected":false},"author":4,"featured_media":0,"comment_status":"closed","ping_status":"closed","sticky":false,"template":"","format":"standard","meta":{"footnotes":""},"categories":[6],"tags":[],"class_list":["post-600","post","type-post","status-publish","format-standard","hentry","category-resumendeprensa"],"_links":{"self":[{"href":"https:\/\/www.gestoresalicante.org\/blog\/index.php\/wp-json\/wp\/v2\/posts\/600","targetHints":{"allow":["GET"]}}],"collection":[{"href":"https:\/\/www.gestoresalicante.org\/blog\/index.php\/wp-json\/wp\/v2\/posts"}],"about":[{"href":"https:\/\/www.gestoresalicante.org\/blog\/index.php\/wp-json\/wp\/v2\/types\/post"}],"author":[{"embeddable":true,"href":"https:\/\/www.gestoresalicante.org\/blog\/index.php\/wp-json\/wp\/v2\/users\/4"}],"replies":[{"embeddable":true,"href":"https:\/\/www.gestoresalicante.org\/blog\/index.php\/wp-json\/wp\/v2\/comments?post=600"}],"version-history":[{"count":0,"href":"https:\/\/www.gestoresalicante.org\/blog\/index.php\/wp-json\/wp\/v2\/posts\/600\/revisions"}],"wp:attachment":[{"href":"https:\/\/www.gestoresalicante.org\/blog\/index.php\/wp-json\/wp\/v2\/media?parent=600"}],"wp:term":[{"taxonomy":"category","embeddable":true,"href":"https:\/\/www.gestoresalicante.org\/blog\/index.php\/wp-json\/wp\/v2\/categories?post=600"},{"taxonomy":"post_tag","embeddable":true,"href":"https:\/\/www.gestoresalicante.org\/blog\/index.php\/wp-json\/wp\/v2\/tags?post=600"}],"curies":[{"name":"wp","href":"https:\/\/api.w.org\/{rel}","templated":true}]}}