{"id":605,"date":"2014-01-27T09:32:58","date_gmt":"2014-01-27T08:32:58","guid":{"rendered":"http:\/\/www.gestoresalicante.org\/blog\/?p=605"},"modified":"2017-03-16T12:29:10","modified_gmt":"2017-03-16T11:29:10","slug":"campana-emprendedores","status":"publish","type":"post","link":"https:\/\/www.gestoresalicante.org\/blog\/index.php\/2014\/01\/27\/campana-emprendedores\/","title":{"rendered":"Campa\u00f1a Emprendedores"},"content":{"rendered":"<p>\u201cYo a lo m\u00edo\u201d, una campa\u00f1a de los Gestores Administrativos para ayudar<br \/>\na los emprendedores en sus tr\u00e1mites al crear su negocio<\/p>\n<p><a href=\"http:\/\/www.gestoresalicante.org\/blog\/wp-content\/uploads\/2014\/01\/027_14-01-27_Nota-prensa-campana-emprendedores.pdf\" target=\"_blank\">Nota de Prensa<\/a><br \/>\n<a href=\"http:\/\/www.gestoresalicante.org\/blog\/wp-content\/uploads\/2014\/01\/027_14-01-27_Informacion-campana-emprendedores.pdf\" target=\"_blank\">Campa\u00f1a de Comunicaci\u00f3n<\/a><br \/>\n<a href=\"http:\/\/online.gestoresalicante.org\/Documentos\/General\/00_Circulares%20y%20Notas\/027_14-01-27_Video%20Lucas%20emprendedor.mp4\" target=\"_blank\">Video de la campa\u00f1a<\/a><\/p>\n","protected":false},"excerpt":{"rendered":"<p>\u201cYo a lo m\u00edo\u201d, una campa\u00f1a de los Gestores Administrativos para ayudar a los emprendedores en sus tr\u00e1mites al crear su negocio Nota de Prensa Campa\u00f1a de Comunicaci\u00f3n Video de la campa\u00f1a<\/p>\n","protected":false},"author":4,"featured_media":0,"comment_status":"closed","ping_status":"closed","sticky":false,"template":"","format":"standard","meta":{"footnotes":""},"categories":[3],"tags":[],"class_list":["post-605","post","type-post","status-publish","format-standard","hentry","category-noticias-de-interes"],"_links":{"self":[{"href":"https:\/\/www.gestoresalicante.org\/blog\/index.php\/wp-json\/wp\/v2\/posts\/605","targetHints":{"allow":["GET"]}}],"collection":[{"href":"https:\/\/www.gestoresalicante.org\/blog\/index.php\/wp-json\/wp\/v2\/posts"}],"about":[{"href":"https:\/\/www.gestoresalicante.org\/blog\/index.php\/wp-json\/wp\/v2\/types\/post"}],"author":[{"embeddable":true,"href":"https:\/\/www.gestoresalicante.org\/blog\/index.php\/wp-json\/wp\/v2\/users\/4"}],"replies":[{"embeddable":true,"href":"https:\/\/www.gestoresalicante.org\/blog\/index.php\/wp-json\/wp\/v2\/comments?post=605"}],"version-history":[{"count":6,"href":"https:\/\/www.gestoresalicante.org\/blog\/index.php\/wp-json\/wp\/v2\/posts\/605\/revisions"}],"predecessor-version":[{"id":611,"href":"https:\/\/www.gestoresalicante.org\/blog\/index.php\/wp-json\/wp\/v2\/posts\/605\/revisions\/611"}],"wp:attachment":[{"href":"https:\/\/www.gestoresalicante.org\/blog\/index.php\/wp-json\/wp\/v2\/media?parent=605"}],"wp:term":[{"taxonomy":"category","embeddable":true,"href":"https:\/\/www.gestoresalicante.org\/blog\/index.php\/wp-json\/wp\/v2\/categories?post=605"},{"taxonomy":"post_tag","embeddable":true,"href":"https:\/\/www.gestoresalicante.org\/blog\/index.php\/wp-json\/wp\/v2\/tags?post=605"}],"curies":[{"name":"wp","href":"https:\/\/api.w.org\/{rel}","templated":true}]}}