{"id":630,"date":"2014-02-13T09:00:00","date_gmt":"2014-02-13T08:00:00","guid":{"rendered":"http:\/\/www.gestoresalicante.org\/blog\/index.php\/2014\/02\/13\/resumen-de-prensa-13-02-2014\/"},"modified":"-0001-11-30T00:00:00","modified_gmt":"-0001-11-29T22:00:00","slug":"resumen-de-prensa-13-02-2014","status":"publish","type":"post","link":"https:\/\/www.gestoresalicante.org\/blog\/index.php\/2014\/02\/13\/resumen-de-prensa-13-02-2014\/","title":{"rendered":"Resumen de Prensa 13-02-2014"},"content":{"rendered":"<div class=\"nboletin\">\n<table width=\"90%\" cellpadding=\"4\">\n<tr>\n<td colspan=\"3\">\n<div style=\"background-color: #CCCCCC;padding: 4px 10px 4px 10px;width: 100%;border: 1px #414141 solid;\"><img decoding=\"async\" alt=\"Consejo de Gestores\" src=\"http:\/\/www.gestoresalicante.org\/img\/newsletter\/conges.jpg\" width=226 height=70><\/div>\n<\/td>\n<\/tr>\n<tr>\n<td align=\"right\" colspan=\"3\"><strong>13\/02\/2014 <\/strong><\/td>\n<\/tr>\n<tr>\n<td colspan=\"3\">&nbsp;<\/td>\n<\/tr>\n<tr>\n<td colspan=\"3\" class=\"tgrupo\"><img loading=\"lazy\" decoding=\"async\" src=\"http:\/\/www.gestoresalicante.org\/img\/newsletter\/picto.jpg\" width=\"20\" height=\"18\" align=\"absmiddle\" style=\"margin-right: 4px;\"> <strong>Consejo General de los Colegios de Gestores Administrativos<\/strong><\/td>\n<\/tr>\n<tr>\n<td class=\"tfecha\">12\/02\/2014 &#8211;<\/td>\n<td class=\"titem\"><a href=\"http:\/\/www.clipmedia.net\/ficheros\/2014\/02_feb\/ex336.pdf\" target=\"_blank\">Administrativos advierten de que la Ley de Emprendedores &quot;no genera empleo y penaliza a los aut\u00f3nomos&quot;<\/a><\/td>\n<td align=\"right\" class=\"tfuente\">Europa Press<\/td>\n<\/tr>\n<tr>\n<td class=\"tfecha\">12\/02\/2014 &#8211;<\/td>\n<td class=\"titem\"><a href=\"http:\/\/www.clipmedia.net\/ficheros\/2014\/02_feb\/ex337.pdf\" target=\"_blank\">Administrativos advierten de que la Ley de Emprendedores &quot;no genera empleo y penaliza a los aut\u00f3nomos&quot;<\/a><\/td>\n<td align=\"right\" class=\"tfuente\">La Informaci\u00f3n Digital.com<\/td>\n<\/tr>\n<tr>\n<td class=\"tfecha\">12\/02\/2014 &#8211;<\/td>\n<td class=\"titem\"><a href=\"http:\/\/www.clipmedia.net\/ficheros\/2014\/02_feb\/ex338.pdf\" target=\"_blank\">Administrativos advierten de que la Ley de Emprendedores &quot;no genera empleo y penaliza a los aut\u00f3nomos&quot;<\/a><\/td>\n<td align=\"right\" class=\"tfuente\">Gentedigital.es<\/td>\n<\/tr>\n<tr>\n<td class=\"tfecha\">12\/02\/2014 &#8211;<\/td>\n<td class=\"titem\"><a href=\"http:\/\/www.clipmedia.net\/ficheros\/2014\/02_feb\/ex339.pdf\" target=\"_blank\">Administrativos advierten de que la Ley de Emprendedores &quot;no genera empleo y penaliza a los aut\u00f3nomos&quot;<\/a><\/td>\n<td align=\"right\" class=\"tfuente\">20 minutos (digital)<\/td>\n<\/tr>\n<tr>\n<td class=\"tfecha\">12\/02\/2014 &#8211;<\/td>\n<td class=\"titem\"><a href=\"http:\/\/www.clipmedia.net\/ficheros\/2014\/02_feb\/ex340.pdf\" target=\"_blank\">Administrativos advierten de que la Ley de Emprendedores &quot;no genera empleo y penaliza a los aut\u00f3nomos&quot;<\/a><\/td>\n<td align=\"right\" class=\"tfuente\">Te interesa.com<\/td>\n<\/tr>\n<tr>\n<td class=\"tfecha\">13\/02\/2014 &#8211;<\/td>\n<td class=\"titem\"><a href=\"http:\/\/www.clipmedia.net\/ficheros\/2014\/02_feb\/ex319.pdf\" target=\"_blank\">Bruselas insta a Espa\u00f1a a aumentar la recaudaci\u00f3n y los controles del IVA<\/a><\/td>\n<td align=\"right\" class=\"tfuente\">El Economista<\/td>\n<\/tr>\n<tr>\n<td class=\"tfecha\">13\/02\/2014 &#8211;<\/td>\n<td class=\"titem\"><a href=\"http:\/\/www.clipmedia.net\/ficheros\/2014\/02_feb\/ex320.pdf\" target=\"_blank\">CEOE insta a reducir las bonificaciones de IRPF y Sociedades<\/a><\/td>\n<td align=\"right\" class=\"tfuente\">El Economista<\/td>\n<\/tr>\n<tr>\n<td class=\"tfecha\">13\/02\/2014 &#8211;<\/td>\n<td class=\"titem\"><a href=\"http:\/\/www.clipmedia.net\/ficheros\/2014\/02_feb\/ex322.pdf\" target=\"_blank\">El Gobierno asigna a los registradores el Registro Civil<\/a><\/td>\n<td align=\"right\" class=\"tfuente\">El Economista<\/td>\n<\/tr>\n<tr>\n<td class=\"tfecha\">13\/02\/2014 &#8211;<\/td>\n<td class=\"titem\"><a href=\"http:\/\/www.clipmedia.net\/ficheros\/2014\/02_feb\/ex324.pdf\" target=\"_blank\">Es posible inspeccionar de nuevo un IVA si hay errores<\/a><\/td>\n<td align=\"right\" class=\"tfuente\">El Economista<\/td>\n<\/tr>\n<tr>\n<td class=\"tfecha\">13\/02\/2014 &#8211;<\/td>\n<td class=\"titem\"><a href=\"http:\/\/www.clipmedia.net\/ficheros\/2014\/02_feb\/ex325.pdf\" target=\"_blank\">La patronal pide una rebaja general de impuestos<\/a><\/td>\n<td align=\"right\" class=\"tfuente\">El Pa\u00eds<\/td>\n<\/tr>\n<tr>\n<td class=\"tfecha\">13\/02\/2014 &#8211;<\/td>\n<td class=\"titem\"><a href=\"http:\/\/www.clipmedia.net\/ficheros\/2014\/02_feb\/ex329.pdf\" target=\"_blank\">Deportistas y celebridades dan juego legal a los bufetes<\/a><\/td>\n<td align=\"right\" class=\"tfuente\">Expansi\u00f3n<\/td>\n<\/tr>\n<tr>\n<td class=\"tfecha\">13\/02\/2014 &#8211;<\/td>\n<td class=\"titem\"><a href=\"http:\/\/www.clipmedia.net\/ficheros\/2014\/02_feb\/ex331.pdf\" target=\"_blank\">CEOE quiere bajar todos los impuestos<\/a><\/td>\n<td align=\"right\" class=\"tfuente\">Cinco D\u00edas<\/td>\n<\/tr>\n<tr>\n<td class=\"tfecha\">13\/02\/2014 &#8211;<\/td>\n<td class=\"titem\"><a href=\"http:\/\/www.clipmedia.net\/ficheros\/2014\/02_feb\/ex314.pdf\" target=\"_blank\">Maserati, primera piedra para hacer m\u00e1s rentable el Grupo Fiat<\/a><\/td>\n<td align=\"right\" class=\"tfuente\">El Mundo<\/td>\n<\/tr>\n<tr>\n<td class=\"tfecha\">13\/02\/2014 &#8211;<\/td>\n<td class=\"titem\"><a href=\"http:\/\/www.clipmedia.net\/ficheros\/2014\/02_feb\/ex315.pdf\" target=\"_blank\">Lucha por la presidencia del consejo en PSA<\/a><\/td>\n<td align=\"right\" class=\"tfuente\">El Mundo<\/td>\n<\/tr>\n<tr>\n<td class=\"tfecha\">13\/02\/2014 &#8211;<\/td>\n<td class=\"titem\"><a href=\"http:\/\/www.clipmedia.net\/ficheros\/2014\/02_feb\/ex318.pdf\" target=\"_blank\">Toyota revisar\u00e1 16.000 unidades de su h\u00edbrido Prius en Espa\u00f1a<\/a><\/td>\n<td align=\"right\" class=\"tfuente\">El Economista<\/td>\n<\/tr>\n<tr>\n<td class=\"tfecha\">13\/02\/2014 &#8211;<\/td>\n<td class=\"titem\"><a href=\"http:\/\/www.clipmedia.net\/ficheros\/2014\/02_feb\/ex283.pdf\" target=\"_blank\">Por la videoconferencia, a la conquista de las pymes<\/a><\/td>\n<td align=\"right\" class=\"tfuente\">El Mundo &#8211; Ariadna<\/td>\n<\/tr>\n<tr>\n<td class=\"tfecha\">13\/02\/2014 &#8211;<\/td>\n<td class=\"titem\"><a href=\"http:\/\/www.clipmedia.net\/ficheros\/2014\/02_feb\/ex307.pdf\" target=\"_blank\">Los aspirantes a profesor interino bloquean la web de Ensenyament<\/a><\/td>\n<td align=\"right\" class=\"tfuente\">El Peri\u00f3dico de Catalunya<\/td>\n<\/tr>\n<tr>\n<td class=\"tfecha\">13\/02\/2014 &#8211;<\/td>\n<td class=\"titem\"><a href=\"http:\/\/www.clipmedia.net\/ficheros\/2014\/02_feb\/ex330.pdf\" target=\"_blank\">Esade se vuelca en la formaci\u00f3n de directivos en Am\u00e9rica Latina<\/a><\/td>\n<td align=\"right\" class=\"tfuente\">Cinco D\u00edas<\/td>\n<\/tr>\n<tr>\n<td class=\"tfecha\">12\/02\/2014 &#8211;<\/td>\n<td class=\"titem\"><a href=\"http:\/\/www.clipmedia.net\/ficheros\/2014\/02_feb\/ex333.pdf\" target=\"_blank\">M\u00e1s de 200.000 ingenieros, discriminados en el extranjero<\/a><\/td>\n<td align=\"right\" class=\"tfuente\">El Economista<\/td>\n<\/tr>\n<tr>\n<td class=\"tfecha\">13\/02\/2014 &#8211;<\/td>\n<td class=\"titem\"><a href=\"http:\/\/www.clipmedia.net\/ficheros\/2014\/02_feb\/ex334.pdf\" target=\"_blank\">Los Colegios Mayores Guadalupe y \u00c1frica se fusionan con la EOI <\/a><\/td>\n<td align=\"right\" class=\"tfuente\">El Economista<\/td>\n<\/tr>\n<tr>\n<td class=\"tfecha\">12\/02\/2014 &#8211;<\/td>\n<td class=\"titem\"><a href=\"http:\/\/www.clipmedia.net\/ficheros\/2014\/02_feb\/ex335.pdf\" target=\"_blank\">Madrid FashionWeek: &#8216;pr\u00eat-\u00e0-porter&#8217; con dise\u00f1o I+D+i en sus materiales<\/a><\/td>\n<td align=\"right\" class=\"tfuente\">El Economista<\/td>\n<\/tr>\n<tr>\n<td class=\"tfecha\">13\/02\/2014 &#8211;<\/td>\n<td class=\"titem\"><a href=\"http:\/\/www.clipmedia.net\/ficheros\/2014\/02_feb\/ex317.pdf\" target=\"_blank\">&quot;La embotelladora de Coca-Cola saldr\u00e1 a bolsa en Espa\u00f1a tras el ERE&quot;<\/a><\/td>\n<td align=\"right\" class=\"tfuente\">El Economista<\/td>\n<\/tr>\n<tr>\n<td class=\"tfecha\">13\/02\/2014 &#8211;<\/td>\n<td class=\"titem\"><a href=\"http:\/\/www.clipmedia.net\/ficheros\/2014\/02_feb\/ex326.pdf\" target=\"_blank\">Cientos de titulados en Derechos esperan un examen para poder ejercer<\/a><\/td>\n<td align=\"right\" class=\"tfuente\">El Pa\u00eds<\/td>\n<\/tr>\n<tr>\n<td class=\"tfecha\">13\/02\/2014 &#8211;<\/td>\n<td class=\"titem\"><a href=\"http:\/\/www.clipmedia.net\/ficheros\/2014\/02_feb\/ex292.pdf\" target=\"_blank\">Rosell pide a las empresas que congelen o bajen salarios hasta que se cree empleo<\/a><\/td>\n<td align=\"right\" class=\"tfuente\">Expansi\u00f3n<\/td>\n<\/tr>\n<tr>\n<td class=\"tfecha\">13\/02\/2014 &#8211;<\/td>\n<td class=\"titem\"><a href=\"http:\/\/www.clipmedia.net\/ficheros\/2014\/02_feb\/ex321.pdf\" target=\"_blank\">La compraventa de vivienda amortigu\u00f3 al 1,2% su ritmo de descenso en 2013<\/a><\/td>\n<td align=\"right\" class=\"tfuente\">El Economista<\/td>\n<\/tr>\n<tr>\n<td class=\"tfecha\">13\/02\/2014 &#8211;<\/td>\n<td class=\"titem\"><a href=\"http:\/\/www.clipmedia.net\/ficheros\/2014\/02_feb\/ex323.pdf\" target=\"_blank\">El dinero invertido para arreglar una casa para su alquiler es deducible<\/a><\/td>\n<td align=\"right\" class=\"tfuente\">El Economista<\/td>\n<\/tr>\n<tr>\n<td class=\"tfecha\">13\/02\/2014 &#8211;<\/td>\n<td class=\"titem\"><a href=\"http:\/\/www.clipmedia.net\/ficheros\/2014\/02_feb\/ex327.pdf\" target=\"_blank\">Mario Losantos regresa al ladrillo espa\u00f1ol para hacer viviendas<\/a><\/td>\n<td align=\"right\" class=\"tfuente\">Expansi\u00f3n<\/td>\n<\/tr>\n<tr>\n<td class=\"tfecha\">13\/02\/2014 &#8211;<\/td>\n<td class=\"titem\"><a href=\"http:\/\/www.clipmedia.net\/ficheros\/2014\/02_feb\/ex328.pdf\" target=\"_blank\">La venta de viviendas usadas repunta un 2,2% y anticipa la recuperaci\u00f3n<\/a><\/td>\n<td align=\"right\" class=\"tfuente\">Expansi\u00f3n<\/td>\n<\/tr>\n<tr>\n<td class=\"tfecha\">13\/02\/2014 &#8211;<\/td>\n<td class=\"titem\"><a href=\"http:\/\/www.clipmedia.net\/ficheros\/2014\/02_feb\/ex332.pdf\" target=\"_blank\">Las casas usadas se venden m\u00e1s por su mayor oferta y precios m\u00e1s bajos<\/a><\/td>\n<td align=\"right\" class=\"tfuente\">Cinco D\u00edas<\/td>\n<\/tr>\n<tr>\n<td colspan=\"3\">&nbsp;<\/td>\n<\/tr>\n<tr>\n<td colspan=\"3\" class=\"tgrupo\"><img loading=\"lazy\" decoding=\"async\" src=\"http:\/\/www.gestoresalicante.org\/img\/newsletter\/picto.jpg\" width=\"20\" height=\"18\" align=\"absmiddle\" style=\"margin-right: 4px;\"> <strong>B.O.E<\/strong><\/td>\n<\/tr>\n<tr>\n<td colspan=\"3\">(No hay registros)<\/td>\n<\/tr>\n<\/table>\n<\/div>\n","protected":false},"excerpt":{"rendered":"<p>13\/02\/2014 &nbsp; Consejo General de los Colegios de Gestores Administrativos 12\/02\/2014 &#8211; Administrativos advierten de que la Ley de Emprendedores &quot;no genera empleo y penaliza a los aut\u00f3nomos&quot; Europa Press 12\/02\/2014 &#8211; Administrativos advierten de que la Ley de Emprendedores &hellip; <a href=\"https:\/\/www.gestoresalicante.org\/blog\/index.php\/2014\/02\/13\/resumen-de-prensa-13-02-2014\/\">Sigue leyendo <span class=\"meta-nav\">&rarr;<\/span><\/a><\/p>\n","protected":false},"author":4,"featured_media":0,"comment_status":"closed","ping_status":"closed","sticky":false,"template":"","format":"standard","meta":{"footnotes":""},"categories":[6],"tags":[],"class_list":["post-630","post","type-post","status-publish","format-standard","hentry","category-resumendeprensa"],"_links":{"self":[{"href":"https:\/\/www.gestoresalicante.org\/blog\/index.php\/wp-json\/wp\/v2\/posts\/630","targetHints":{"allow":["GET"]}}],"collection":[{"href":"https:\/\/www.gestoresalicante.org\/blog\/index.php\/wp-json\/wp\/v2\/posts"}],"about":[{"href":"https:\/\/www.gestoresalicante.org\/blog\/index.php\/wp-json\/wp\/v2\/types\/post"}],"author":[{"embeddable":true,"href":"https:\/\/www.gestoresalicante.org\/blog\/index.php\/wp-json\/wp\/v2\/users\/4"}],"replies":[{"embeddable":true,"href":"https:\/\/www.gestoresalicante.org\/blog\/index.php\/wp-json\/wp\/v2\/comments?post=630"}],"version-history":[{"count":0,"href":"https:\/\/www.gestoresalicante.org\/blog\/index.php\/wp-json\/wp\/v2\/posts\/630\/revisions"}],"wp:attachment":[{"href":"https:\/\/www.gestoresalicante.org\/blog\/index.php\/wp-json\/wp\/v2\/media?parent=630"}],"wp:term":[{"taxonomy":"category","embeddable":true,"href":"https:\/\/www.gestoresalicante.org\/blog\/index.php\/wp-json\/wp\/v2\/categories?post=630"},{"taxonomy":"post_tag","embeddable":true,"href":"https:\/\/www.gestoresalicante.org\/blog\/index.php\/wp-json\/wp\/v2\/tags?post=630"}],"curies":[{"name":"wp","href":"https:\/\/api.w.org\/{rel}","templated":true}]}}