{"id":634,"date":"2014-02-15T09:00:00","date_gmt":"2014-02-15T08:00:00","guid":{"rendered":"http:\/\/www.gestoresalicante.org\/blog\/index.php\/2014\/02\/15\/resumen-de-prensa-15-02-2014\/"},"modified":"-0001-11-30T00:00:00","modified_gmt":"-0001-11-29T22:00:00","slug":"resumen-de-prensa-15-02-2014","status":"publish","type":"post","link":"https:\/\/www.gestoresalicante.org\/blog\/index.php\/2014\/02\/15\/resumen-de-prensa-15-02-2014\/","title":{"rendered":"Resumen de Prensa 15-02-2014"},"content":{"rendered":"<div class=\"nboletin\">\n<table width=\"90%\" cellpadding=\"4\">\n<tr>\n<td colspan=\"3\">\n<div style=\"background-color: #CCCCCC;padding: 4px 10px 4px 10px;width: 100%;border: 1px #414141 solid;\"><img decoding=\"async\" alt=\"Consejo de Gestores\" src=\"http:\/\/www.gestoresalicante.org\/img\/newsletter\/conges.jpg\" width=226 height=70><\/div>\n<\/td>\n<\/tr>\n<tr>\n<td align=\"right\" colspan=\"3\"><strong> 15\/02\/2014 <\/strong><\/td>\n<\/tr>\n<tr>\n<td colspan=\"3\">&nbsp;<\/td>\n<\/tr>\n<tr>\n<td colspan=\"3\" class=\"tgrupo\"><img loading=\"lazy\" decoding=\"async\" src=\"http:\/\/www.gestoresalicante.org\/img\/newsletter\/picto.jpg\" width=\"20\" height=\"18\" align=\"absmiddle\" style=\"margin-right: 4px;\"> <strong> Consejo General de los Colegios de Gestores Administrativos<\/strong><\/td>\n<\/tr>\n<tr>\n<td class=\"tfecha\">15\/02\/2014<\/td>\n<td class=\"titem\"><A href=\"http:\/\/www.clipmedia.net\/ficheros\/2014\/02_feb\/ex476.pdf\" target=_blank>Nuevo delegado del Colegio de Gestores<\/A><\/td>\n<td align=\"right\" class=\"tfuente\">Ideal<\/td>\n<\/tr>\n<tr>\n<td colspan=\"3\">&nbsp;<\/td>\n<\/tr>\n<tr>\n<td colspan=\"3\" class=\"tgrupo\"><img loading=\"lazy\" decoding=\"async\" src=\"http:\/\/www.gestoresalicante.org\/img\/newsletter\/picto.jpg\" width=\"20\" height=\"18\" align=\"absmiddle\" style=\"margin-right: 4px;\"> <strong> Sector Fiscal<\/strong><\/td>\n<\/tr>\n<tr>\n<td class=\"tfecha\">15\/02\/2014<\/td>\n<td class=\"titem\"><A href=\"http:\/\/www.clipmedia.net\/ficheros\/2014\/02_feb\/ex437.pdf\" target=_blank>Hacienda elevar\u00e1 el &#8216;bonus&#8217; de los inspectores que m\u00e1s fraude destapen<\/A><\/td>\n<td align=\"right\" class=\"tfuente\">La Raz\u00f3n<\/td>\n<\/tr>\n<tr>\n<td class=\"tfecha\">17\/02\/2014<\/td>\n<td class=\"titem\"><A href=\"http:\/\/www.clipmedia.net\/ficheros\/2014\/02_feb\/ex444.pdf\" target=_blank>La OCDE pone en la diana a 20 para\u00edsos fiscales, entre ellos Luxemburgo y Chipre<\/A><\/td>\n<td align=\"right\" class=\"tfuente\">El Economista<\/td>\n<\/tr>\n<tr>\n<td class=\"tfecha\">16\/02\/2014<\/td>\n<td class=\"titem\"><A href=\"http:\/\/www.clipmedia.net\/ficheros\/2014\/02_feb\/oa024.pdf\" target=_blank>Mas pone en marcha la hacienda propia<\/A><\/td>\n<td align=\"right\" class=\"tfuente\">La Vanguardia<\/td>\n<\/tr>\n<tr>\n<td class=\"tfecha\">17\/02\/2014<\/td>\n<td class=\"titem\"><A href=\"http:\/\/www.clipmedia.net\/ficheros\/2014\/02_feb\/ex486.pdf\" target=_blank>Las rebajas llevan el IPC al 0,2%, la tasa m\u00e1s baja en enero desde 1961<\/A><\/td>\n<td align=\"right\" class=\"tfuente\">La Vanguardia<\/td>\n<\/tr>\n<tr>\n<td class=\"tfecha\">15\/02\/2014<\/td>\n<td class=\"titem\"><A href=\"http:\/\/www.clipmedia.net\/ficheros\/2014\/02_feb\/oa031.pdf\" target=_blank>Gasolinas y tabaco llevan el IPC anual de enero al nivel m\u00e1s bajo desde 1961<\/A><\/td>\n<td align=\"right\" class=\"tfuente\">El Economista<\/td>\n<\/tr>\n<tr>\n<td class=\"tfecha\">15\/02\/2014<\/td>\n<td class=\"titem\"><A href=\"http:\/\/www.clipmedia.net\/ficheros\/2014\/02_feb\/oa035.pdf\" target=_blank>La Agencia Tributaria limitar\u00e1 el tiempo del personal de confianza en los cargos<\/A><\/td>\n<td align=\"right\" class=\"tfuente\">Cinco D\u00edas<\/td>\n<\/tr>\n<tr>\n<td colspan=\"3\">&nbsp;<\/td>\n<\/tr>\n<tr>\n<td colspan=\"3\" class=\"tgrupo\"><img loading=\"lazy\" decoding=\"async\" src=\"http:\/\/www.gestoresalicante.org\/img\/newsletter\/picto.jpg\" width=\"20\" height=\"18\" align=\"absmiddle\" style=\"margin-right: 4px;\"> <strong> Sector Veh\u00edculos<\/strong><\/td>\n<\/tr>\n<tr>\n<td class=\"tfecha\">15\/02\/2014<\/td>\n<td class=\"titem\"><A href=\"http:\/\/www.clipmedia.net\/ficheros\/2014\/02_feb\/ex438.pdf\" target=_blank>El Santander financiar\u00e1 los coches de PSA en Europa<\/A><\/td>\n<td align=\"right\" class=\"tfuente\">El Mundo<\/td>\n<\/tr>\n<tr>\n<td class=\"tfecha\">15\/02\/2014<\/td>\n<td class=\"titem\"><A href=\"http:\/\/www.clipmedia.net\/ficheros\/2014\/02_feb\/ex439.pdf\" target=_blank>Chevrolet mantendr\u00e1 su patrocinio al United<\/A><\/td>\n<td align=\"right\" class=\"tfuente\">El Mundo<\/td>\n<\/tr>\n<tr>\n<td class=\"tfecha\">15\/02\/2014<\/td>\n<td class=\"titem\"><A href=\"http:\/\/www.clipmedia.net\/ficheros\/2014\/02_feb\/ex440.pdf\" target=_blank>Ex presidente de Seat ser\u00e1 consejero de VW-Audi<\/A><\/td>\n<td align=\"right\" class=\"tfuente\">El Mundo<\/td>\n<\/tr>\n<tr>\n<td class=\"tfecha\">17\/02\/2014<\/td>\n<td class=\"titem\"><A href=\"http:\/\/www.clipmedia.net\/ficheros\/2014\/02_feb\/ex481.pdf\" target=_blank>Mercedes, GM y BMW prueban a vender m\u00e1s all\u00e1 del concesionario<\/A><\/td>\n<td align=\"right\" class=\"tfuente\">Cinco D\u00edas<\/td>\n<\/tr>\n<tr>\n<td colspan=\"3\">&nbsp;<\/td>\n<\/tr>\n<tr>\n<td colspan=\"3\" class=\"tgrupo\"><img loading=\"lazy\" decoding=\"async\" src=\"http:\/\/www.gestoresalicante.org\/img\/newsletter\/picto.jpg\" width=\"20\" height=\"18\" align=\"absmiddle\" style=\"margin-right: 4px;\"> <strong> Ventana Telem\u00e1tica<\/strong><\/td>\n<\/tr>\n<tr>\n<td colspan=\"3\">(No hay registros)<\/td>\n<\/tr>\n<tr>\n<td colspan=\"3\">&nbsp;<\/td>\n<\/tr>\n<tr>\n<td colspan=\"3\" class=\"tgrupo\"><img loading=\"lazy\" decoding=\"async\" src=\"http:\/\/www.gestoresalicante.org\/img\/newsletter\/picto.jpg\" width=\"20\" height=\"18\" align=\"absmiddle\" style=\"margin-right: 4px;\"> <strong> Sector de la formaci\u00f3n<\/strong><\/td>\n<\/tr>\n<tr>\n<td class=\"tfecha\">17\/02\/2014<\/td>\n<td class=\"titem\"><A href=\"http:\/\/www.clipmedia.net\/ficheros\/2014\/02_feb\/ex449.pdf\" target=_blank>C\u00f3mo triunfar en sectores donde otros han fracasado<\/A><\/td>\n<td align=\"right\" class=\"tfuente\">Expansi\u00f3n<\/td>\n<\/tr>\n<tr>\n<td class=\"tfecha\">17\/02\/2014<\/td>\n<td class=\"titem\"><A href=\"http:\/\/www.clipmedia.net\/ficheros\/2014\/02_feb\/ex471.pdf\" target=_blank>De la facultad a la FP<\/A><\/td>\n<td align=\"right\" class=\"tfuente\">El Pa\u00eds<\/td>\n<\/tr>\n<tr>\n<td class=\"tfecha\">17\/02\/2014<\/td>\n<td class=\"titem\"><A href=\"http:\/\/www.clipmedia.net\/ficheros\/2014\/02_feb\/ex478.pdf\" target=_blank>Eduardo Berch\u00e9, Decano de Esade Law School: \u00abNo concibo la carrera de Derecho sin conocimientos de econom\u00eda\u00bb<\/A><\/td>\n<td align=\"right\" class=\"tfuente\">Expansi\u00f3n<\/td>\n<\/tr>\n<tr>\n<td colspan=\"3\">&nbsp;<\/td>\n<\/tr>\n<tr>\n<td colspan=\"3\" class=\"tgrupo\"><img loading=\"lazy\" decoding=\"async\" src=\"http:\/\/www.gestoresalicante.org\/img\/newsletter\/picto.jpg\" width=\"20\" height=\"18\" align=\"absmiddle\" style=\"margin-right: 4px;\"> <strong> Sector Laboral<\/strong><\/td>\n<\/tr>\n<tr>\n<td class=\"tfecha\">17\/02\/2014<\/td>\n<td class=\"titem\"><A href=\"http:\/\/www.clipmedia.net\/ficheros\/2014\/02_feb\/ex455.pdf\" target=_blank>\u00bfQu\u00e9 se juega Catalunya en la crisis entre Suiza y la UE?<\/A><\/td>\n<td align=\"right\" class=\"tfuente\">Expansi\u00f3n<\/td>\n<\/tr>\n<tr>\n<td class=\"tfecha\">16\/02\/2014<\/td>\n<td class=\"titem\"><A href=\"http:\/\/www.clipmedia.net\/ficheros\/2014\/02_feb\/oa022.pdf\" target=_blank>Despidos por la puerta trasera<\/A><\/td>\n<td align=\"right\" class=\"tfuente\">La Vanguardia &#8211; Dinero<\/td>\n<\/tr>\n<tr>\n<td class=\"tfecha\">16\/02\/2014<\/td>\n<td class=\"titem\"><A href=\"http:\/\/www.clipmedia.net\/ficheros\/2014\/02_feb\/oa025.pdf\" target=_blank>Esclavos del siglo XXI<\/A><\/td>\n<td align=\"right\" class=\"tfuente\">La Vanguardia<\/td>\n<\/tr>\n<tr>\n<td class=\"tfecha\">17\/02\/2014<\/td>\n<td class=\"titem\"><A href=\"http:\/\/www.clipmedia.net\/ficheros\/2014\/02_feb\/ex480.pdf\" target=_blank>La conflictividad laboral sigue en m\u00e1ximos tras dos a\u00f1os de reforma<\/A><\/td>\n<td align=\"right\" class=\"tfuente\">La Vanguardia<\/td>\n<\/tr>\n<tr>\n<td class=\"tfecha\">15\/02\/2014<\/td>\n<td class=\"titem\"><A href=\"http:\/\/www.clipmedia.net\/ficheros\/2014\/02_feb\/ex483.pdf\" target=_blank>C\u00f3mo combatir a los ladrones de tiempo<\/A><\/td>\n<td align=\"right\" class=\"tfuente\">Expansi\u00f3n<\/td>\n<\/tr>\n<tr>\n<td class=\"tfecha\">15\/02\/2014<\/td>\n<td class=\"titem\"><A href=\"http:\/\/www.clipmedia.net\/ficheros\/2014\/02_feb\/ex485.pdf\" target=_blank>Las profesiones en las que trabajar\u00e1n los abogados<\/A><\/td>\n<td align=\"right\" class=\"tfuente\">Expansi\u00f3n<\/td>\n<\/tr>\n<tr>\n<td class=\"tfecha\">15\/02\/2014<\/td>\n<td class=\"titem\"><A href=\"http:\/\/www.clipmedia.net\/ficheros\/2014\/02_feb\/oa032.pdf\" target=_blank>Latorre prev\u00e9 que el una inflaci\u00f3n tan baja impulse el empleo y el consumo<\/A><\/td>\n<td align=\"right\" class=\"tfuente\">El Economista<\/td>\n<\/tr>\n<tr>\n<td class=\"tfecha\">15\/02\/2014<\/td>\n<td class=\"titem\"><A href=\"http:\/\/www.clipmedia.net\/ficheros\/2014\/02_feb\/oa034.pdf\" target=_blank>Justicia pone condiciones al traspaso del Registro Civil<\/A><\/td>\n<td align=\"right\" class=\"tfuente\">El Economista<\/td>\n<\/tr>\n<tr>\n<td class=\"tfecha\">16\/02\/2014<\/td>\n<td class=\"titem\"><A href=\"http:\/\/www.clipmedia.net\/ficheros\/2014\/02_feb\/oa036.pdf\" target=_blank>Dos a\u00f1os de reforma laboral: m\u00e1s competitivos para m\u00e1s precarios<\/A><\/td>\n<td align=\"right\" class=\"tfuente\">El Peri\u00f3dico de Catalunya<\/td>\n<\/tr>\n<tr>\n<td class=\"tfecha\">17\/02\/2014<\/td>\n<td class=\"titem\"><A href=\"http:\/\/www.clipmedia.net\/ficheros\/2014\/02_feb\/ex446.pdf\" target=_blank>Reforma laboral: \u00bfqu\u00e9 otros puntos podr\u00edan declararse inconstitucionales?<\/A><\/td>\n<td align=\"right\" class=\"tfuente\">El Economista<\/td>\n<\/tr>\n<tr>\n<td colspan=\"3\">&nbsp;<\/td>\n<\/tr>\n<tr>\n<td colspan=\"3\" class=\"tgrupo\"><img loading=\"lazy\" decoding=\"async\" src=\"http:\/\/www.gestoresalicante.org\/img\/newsletter\/picto.jpg\" width=\"20\" height=\"18\" align=\"absmiddle\" style=\"margin-right: 4px;\"> <strong> Sector inmobiliario<\/strong><\/td>\n<\/tr>\n<tr>\n<td class=\"tfecha\">17\/02\/2014<\/td>\n<td class=\"titem\"><A href=\"http:\/\/www.clipmedia.net\/ficheros\/2014\/02_feb\/ex443.pdf\" target=_blank>El Banco de Espa\u00f1a subcontratar\u00e1 la gesti\u00f3n de quejas por cl\u00e1usulas suelo<\/A><\/td>\n<td align=\"right\" class=\"tfuente\">El Economista<\/td>\n<\/tr>\n<tr>\n<td class=\"tfecha\">17\/02\/2014<\/td>\n<td class=\"titem\"><A href=\"http:\/\/www.clipmedia.net\/ficheros\/2014\/02_feb\/ex445.pdf\" target=_blank>La burbuja inmobiliaria en una decena de pa\u00edses amenaza la recuperaci\u00f3n mundial<\/A><\/td>\n<td align=\"right\" class=\"tfuente\">El Economista<\/td>\n<\/tr>\n<tr>\n<td class=\"tfecha\">17\/02\/2014<\/td>\n<td class=\"titem\"><A href=\"http:\/\/www.clipmedia.net\/ficheros\/2014\/02_feb\/ex460.pdf\" target=_blank>\u00abSe vende licencia de piso tur\u00edstico por 90.000 euros en Ciutat Vella\u00bb<\/A><\/td>\n<td align=\"right\" class=\"tfuente\">El Peri\u00f3dico de Catalunya<\/td>\n<\/tr>\n<tr>\n<td class=\"tfecha\">17\/02\/2014<\/td>\n<td class=\"titem\"><A href=\"http:\/\/www.clipmedia.net\/ficheros\/2014\/02_feb\/ex477.pdf\" target=_blank>CX Inmobiliaria vende a Griffin un solar en Polonia por 32 millones<\/A><\/td>\n<td align=\"right\" class=\"tfuente\">Expansi\u00f3n<\/td>\n<\/tr>\n<tr>\n<td class=\"tfecha\">17\/02\/2014<\/td>\n<td class=\"titem\"><A href=\"http:\/\/www.clipmedia.net\/ficheros\/2014\/02_feb\/ex479.pdf\" target=_blank>El 90% del parque de viviendas espa\u00f1ol derrocha energ\u00eda<\/A><\/td>\n<td align=\"right\" class=\"tfuente\">El Pa\u00eds<\/td>\n<\/tr>\n<tr>\n<td class=\"tfecha\">17\/02\/2014<\/td>\n<td class=\"titem\"><A href=\"http:\/\/www.clipmedia.net\/ficheros\/2014\/02_feb\/ex482.pdf\" target=_blank>Los espa\u00f1oles son los europeos que tienen m\u00e1s casas de vacaciones<\/A><\/td>\n<td align=\"right\" class=\"tfuente\">Cinco D\u00edas<\/td>\n<\/tr>\n<tr>\n<td colspan=\"3\">&nbsp;<\/td>\n<\/tr>\n<tr>\n<td colspan=\"3\" class=\"tgrupo\"><img loading=\"lazy\" decoding=\"async\" src=\"http:\/\/www.gestoresalicante.org\/img\/newsletter\/picto.jpg\" width=\"20\" height=\"18\" align=\"absmiddle\" style=\"margin-right: 4px;\"> <strong> B.O.E<\/strong><\/td>\n<\/tr>\n<tr>\n<td colspan=\"3\">(No hay registros)<\/td>\n<\/tr>\n<\/table>\n<\/div>\n","protected":false},"excerpt":{"rendered":"<p>15\/02\/2014 &nbsp; Consejo General de los Colegios de Gestores Administrativos 15\/02\/2014 Nuevo delegado del Colegio de Gestores Ideal &nbsp; Sector Fiscal 15\/02\/2014 Hacienda elevar\u00e1 el &#8216;bonus&#8217; de los inspectores que m\u00e1s fraude destapen La Raz\u00f3n 17\/02\/2014 La OCDE pone en &hellip; <a href=\"https:\/\/www.gestoresalicante.org\/blog\/index.php\/2014\/02\/15\/resumen-de-prensa-15-02-2014\/\">Sigue leyendo <span class=\"meta-nav\">&rarr;<\/span><\/a><\/p>\n","protected":false},"author":4,"featured_media":0,"comment_status":"closed","ping_status":"closed","sticky":false,"template":"","format":"standard","meta":{"footnotes":""},"categories":[6],"tags":[],"class_list":["post-634","post","type-post","status-publish","format-standard","hentry","category-resumendeprensa"],"_links":{"self":[{"href":"https:\/\/www.gestoresalicante.org\/blog\/index.php\/wp-json\/wp\/v2\/posts\/634","targetHints":{"allow":["GET"]}}],"collection":[{"href":"https:\/\/www.gestoresalicante.org\/blog\/index.php\/wp-json\/wp\/v2\/posts"}],"about":[{"href":"https:\/\/www.gestoresalicante.org\/blog\/index.php\/wp-json\/wp\/v2\/types\/post"}],"author":[{"embeddable":true,"href":"https:\/\/www.gestoresalicante.org\/blog\/index.php\/wp-json\/wp\/v2\/users\/4"}],"replies":[{"embeddable":true,"href":"https:\/\/www.gestoresalicante.org\/blog\/index.php\/wp-json\/wp\/v2\/comments?post=634"}],"version-history":[{"count":0,"href":"https:\/\/www.gestoresalicante.org\/blog\/index.php\/wp-json\/wp\/v2\/posts\/634\/revisions"}],"wp:attachment":[{"href":"https:\/\/www.gestoresalicante.org\/blog\/index.php\/wp-json\/wp\/v2\/media?parent=634"}],"wp:term":[{"taxonomy":"category","embeddable":true,"href":"https:\/\/www.gestoresalicante.org\/blog\/index.php\/wp-json\/wp\/v2\/categories?post=634"},{"taxonomy":"post_tag","embeddable":true,"href":"https:\/\/www.gestoresalicante.org\/blog\/index.php\/wp-json\/wp\/v2\/tags?post=634"}],"curies":[{"name":"wp","href":"https:\/\/api.w.org\/{rel}","templated":true}]}}