{"id":644,"date":"2014-02-26T09:00:00","date_gmt":"2014-02-26T08:00:00","guid":{"rendered":"http:\/\/www.gestoresalicante.org\/blog\/index.php\/2014\/02\/26\/resumen-de-prensa-26-02-2014\/"},"modified":"-0001-11-30T00:00:00","modified_gmt":"-0001-11-29T22:00:00","slug":"resumen-de-prensa-26-02-2014","status":"publish","type":"post","link":"https:\/\/www.gestoresalicante.org\/blog\/index.php\/2014\/02\/26\/resumen-de-prensa-26-02-2014\/","title":{"rendered":"Resumen de Prensa 26-02-2014"},"content":{"rendered":"<div class=\"nboletin\">\n<table width=\"90%\" cellpadding=\"4\">\n<tr>\n<td colspan=\"3\">\n<div style=\"background-color: #CCCCCC;padding: 4px 10px 4px 10px;width: 100%;border: 1px #414141 solid;\"><img decoding=\"async\" alt=\"Consejo de Gestores\" src=\"http:\/\/www.gestoresalicante.org\/img\/newsletter\/conges.jpg\" width=226 height=70><\/div>\n<\/td>\n<\/tr>\n<tr>\n<td align=\"right\" colspan=\"3\"><strong>26\/02\/2014 <\/strong><\/td>\n<\/tr>\n<tr>\n<td colspan=\"3\">&nbsp;<\/td>\n<\/tr>\n<tr>\n<td colspan=\"3\" class=\"tgrupo\"><img loading=\"lazy\" decoding=\"async\" src=\"http:\/\/www.gestoresalicante.org\/img\/newsletter\/picto.jpg\" width=\"20\" height=\"18\" align=\"absmiddle\" style=\"margin-right: 4px;\"> <strong>Consejo General de los Colegios de Gestores Administrativos<\/strong><\/td>\n<\/tr>\n<tr>\n<td class=\"tfecha\">25\/02\/2014 &#8211;<\/td>\n<td class=\"titem\"><a href=\"http:\/\/www.clipmedia.net\/ficheros\/2014\/02_feb\/ey055.pdf\" target=\"_blank\">Hacienda firma dos convenios para facilitar el pago telem\u00e1tico de impuestos<\/a><\/td>\n<td align=\"right\" class=\"tfuente\">Finanzas.com<\/td>\n<\/tr>\n<tr>\n<td class=\"tfecha\">25\/02\/2014 &#8211;<\/td>\n<td class=\"titem\"><a href=\"http:\/\/www.clipmedia.net\/ficheros\/2014\/02_feb\/ey056.pdf\" target=\"_blank\">Hacienda firma convenios para facilitar la presentaci\u00f3n y pago telem\u00e1tico de impuestos<\/a><\/td>\n<td align=\"right\" class=\"tfuente\">Noticias de La Rioja<\/td>\n<\/tr>\n<tr>\n<td class=\"tfecha\">26\/02\/2014 &#8211;<\/td>\n<td class=\"titem\"><a href=\"http:\/\/www.clipmedia.net\/ficheros\/2014\/02_feb\/ey057.pdf\" target=\"_blank\">Las rentas bajas ahorrar\u00e1n 250 euros al a\u00f1o y los contratos fijos cotizar\u00e1n el m\u00ednimo<\/a><\/td>\n<td align=\"right\" class=\"tfuente\">El Pa\u00eds<\/td>\n<\/tr>\n<tr>\n<td class=\"tfecha\">26\/02\/2014 &#8211;<\/td>\n<td class=\"titem\"><a href=\"http:\/\/www.clipmedia.net\/ficheros\/2014\/02_feb\/ey062.pdf\" target=\"_blank\">Un accidente en la empresa y en hora de comida es laboral<\/a><\/td>\n<td align=\"right\" class=\"tfuente\">El Economista<\/td>\n<\/tr>\n<tr>\n<td class=\"tfecha\">26\/02\/2014 &#8211;<\/td>\n<td class=\"titem\"><a href=\"http:\/\/www.clipmedia.net\/ficheros\/2014\/02_feb\/ey044.pdf\" target=\"_blank\">Rajoy avanza una rebaja fiscal de corto alcance que afectar\u00e1 a doce millones de contribuyentes<\/a><\/td>\n<td align=\"right\" class=\"tfuente\">Expansi\u00f3n<\/td>\n<\/tr>\n<tr>\n<td class=\"tfecha\">26\/02\/2014 &#8211;<\/td>\n<td class=\"titem\"><a href=\"http:\/\/www.clipmedia.net\/ficheros\/2014\/02_feb\/ey034.pdf\" target=\"_blank\">Telef\u00f3nica busca nuevos negocios en coches, relojes y pulseras<\/a><\/td>\n<td align=\"right\" class=\"tfuente\">Cinco D\u00edas<\/td>\n<\/tr>\n<tr>\n<td class=\"tfecha\">26\/02\/2014 &#8211;<\/td>\n<td class=\"titem\"><a href=\"http:\/\/www.clipmedia.net\/ficheros\/2014\/02_feb\/ey036.pdf\" target=\"_blank\">Peugeot lanzar\u00e1 en abril la furgoneta Partner el\u00e9ctrica<\/a><\/td>\n<td align=\"right\" class=\"tfuente\">Cinco D\u00edas<\/td>\n<\/tr>\n<tr>\n<td class=\"tfecha\">26\/02\/2014 &#8211;<\/td>\n<td class=\"titem\"><a href=\"http:\/\/www.clipmedia.net\/ficheros\/2014\/02_feb\/ey039.pdf\" target=\"_blank\">Mario Armero, vicepresidente ejecutivo de la Asociaci\u00f3n de Fabricantes de Autom\u00f3viles y Camiones: &quot;Este a\u00f1o se llegar\u00e1 a los 800.000 turismos vendidos&quot;<\/a><\/td>\n<td align=\"right\" class=\"tfuente\">El Economista<\/td>\n<\/tr>\n<tr>\n<td class=\"tfecha\">26\/02\/2014 &#8211;<\/td>\n<td class=\"titem\"><a href=\"http:\/\/www.clipmedia.net\/ficheros\/2014\/02_feb\/ey069.pdf\" target=\"_blank\">Un estudiante de la Polit\u00e9cnica de Catalu\u00f1a idea el futuro Seat Ibiza<\/a><\/td>\n<td align=\"right\" class=\"tfuente\">El Mundo &#8211; Campus<\/td>\n<\/tr>\n<tr>\n<td class=\"tfecha\">26\/02\/2014 &#8211;<\/td>\n<td class=\"titem\"><a href=\"http:\/\/www.clipmedia.net\/ficheros\/2014\/02_feb\/ey070.pdf\" target=\"_blank\">VW lanza una OPA por el 100% de Scania buscando sinergias con MAN<\/a><\/td>\n<td align=\"right\" class=\"tfuente\">El Mundo<\/td>\n<\/tr>\n<tr>\n<td class=\"tfecha\">26\/02\/2014 &#8211;<\/td>\n<td class=\"titem\"><a href=\"http:\/\/www.clipmedia.net\/ficheros\/2014\/02_feb\/ey072.pdf\" target=\"_blank\">Jos\u00e9 Luis L\u00f3pez-Schummer, presidente y consejero delegado de Daimler en Espa\u00f1a: &quot;Si las ventas crecen, el autom\u00f3vil podr\u00e1 resistir sin incentivos en 2015&quot;<\/a><\/td>\n<td align=\"right\" class=\"tfuente\">Expansi\u00f3n<\/td>\n<\/tr>\n<tr>\n<td class=\"tfecha\">26\/02\/2014 &#8211;<\/td>\n<td class=\"titem\"><a href=\"http:\/\/www.clipmedia.net\/ficheros\/2014\/02_feb\/ey060.pdf\" target=\"_blank\">Los coches ser\u00e1n m\u00e1s limpios en Europa por ley<\/a><\/td>\n<td align=\"right\" class=\"tfuente\">El Pa\u00eds<\/td>\n<\/tr>\n<tr>\n<td class=\"tfecha\">26\/02\/2014 &#8211;<\/td>\n<td class=\"titem\"><a href=\"http:\/\/www.clipmedia.net\/ficheros\/2014\/02_feb\/ey067.pdf\" target=\"_blank\">Ordenar 700 facturas por hora con el gestor \u00f3ptico Contarapid<\/a><\/td>\n<td align=\"right\" class=\"tfuente\">El Mundo<\/td>\n<\/tr>\n<tr>\n<td class=\"tfecha\">26\/02\/2014 &#8211;<\/td>\n<td class=\"titem\"><a href=\"http:\/\/www.clipmedia.net\/ficheros\/2014\/02_feb\/ey068.pdf\" target=\"_blank\">&#8216;Community manager&#8217;, la profesi\u00f3n digital l\u00edder<\/a><\/td>\n<td align=\"right\" class=\"tfuente\">El Mundo<\/td>\n<\/tr>\n<tr>\n<td class=\"tfecha\">26\/02\/2014 &#8211;<\/td>\n<td class=\"titem\"><a href=\"http:\/\/www.clipmedia.net\/ficheros\/2014\/02_feb\/ey016.pdf\" target=\"_blank\">La universidad catalana inicia el blindaje ante la reforma de Wert<\/a><\/td>\n<td align=\"right\" class=\"tfuente\">El Peri\u00f3dico de Catalunya<\/td>\n<\/tr>\n<tr>\n<td class=\"tfecha\">26\/02\/2014 &#8211;<\/td>\n<td class=\"titem\"><a href=\"http:\/\/www.clipmedia.net\/ficheros\/2014\/02_feb\/ey059.pdf\" target=\"_blank\">Las nuevas becas llegan tarde y solo con parte del dinero<\/a><\/td>\n<td align=\"right\" class=\"tfuente\">El Pa\u00eds<\/td>\n<\/tr>\n<tr>\n<td class=\"tfecha\">26\/02\/2014 &#8211;<\/td>\n<td class=\"titem\"><a href=\"http:\/\/www.clipmedia.net\/ficheros\/2014\/02_feb\/ey064.pdf\" target=\"_blank\">Crece un 10% los alumnos con discapacidad en las universidades<\/a><\/td>\n<td align=\"right\" class=\"tfuente\">El Economista<\/td>\n<\/tr>\n<tr>\n<td class=\"tfecha\">26\/02\/2014 &#8211;<\/td>\n<td class=\"titem\"><a href=\"http:\/\/www.clipmedia.net\/ficheros\/2014\/02_feb\/ey066.pdf\" target=\"_blank\">Los CFA buscan a las promesas del an\u00e1lisis burs\u00e1til<\/a><\/td>\n<td align=\"right\" class=\"tfuente\">El Economista<\/td>\n<\/tr>\n<tr>\n<td class=\"tfecha\">26\/02\/2014 &#8211;<\/td>\n<td class=\"titem\"><a href=\"http:\/\/www.clipmedia.net\/ficheros\/2014\/02_feb\/ey071.pdf\" target=\"_blank\">&#8216;Start up&#8217; que cotizan al alza en los mercados burs\u00e1tiles<\/a><\/td>\n<td align=\"right\" class=\"tfuente\">Expansi\u00f3n<\/td>\n<\/tr>\n<tr>\n<td class=\"tfecha\">26\/02\/2014 &#8211;<\/td>\n<td class=\"titem\"><a href=\"http:\/\/www.clipmedia.net\/ficheros\/2014\/02_feb\/ey032.pdf\" target=\"_blank\">Rajoy da por acabada la crisis<\/a><\/td>\n<td align=\"right\" class=\"tfuente\">El Pa\u00eds<\/td>\n<\/tr>\n<tr>\n<td class=\"tfecha\">26\/02\/2014 &#8211;<\/td>\n<td class=\"titem\"><a href=\"http:\/\/www.clipmedia.net\/ficheros\/2014\/02_feb\/ey033.pdf\" target=\"_blank\">Piden que se regule un permiso para ir a las reuniones escolares<\/a><\/td>\n<td align=\"right\" class=\"tfuente\">ABC<\/td>\n<\/tr>\n<tr>\n<td class=\"tfecha\">26\/02\/2014 &#8211;<\/td>\n<td class=\"titem\"><a href=\"http:\/\/www.clipmedia.net\/ficheros\/2014\/02_feb\/ey035.pdf\" target=\"_blank\">Las azafatas de Iberia trabajar\u00e1n m\u00e1s horas y tendr\u00e1n m\u00e1s tareas a bordo<\/a><\/td>\n<td align=\"right\" class=\"tfuente\">Cinco D\u00edas<\/td>\n<\/tr>\n<tr>\n<td class=\"tfecha\">26\/02\/2014 &#8211;<\/td>\n<td class=\"titem\"><a href=\"http:\/\/www.clipmedia.net\/ficheros\/2014\/02_feb\/ey038.pdf\" target=\"_blank\">El Gobierno ultima la reforma del MIR para permitir la reconversi\u00f3n<\/a><\/td>\n<td align=\"right\" class=\"tfuente\">El Economista<\/td>\n<\/tr>\n<tr>\n<td class=\"tfecha\">26\/02\/2014 &#8211;<\/td>\n<td class=\"titem\"><a href=\"http:\/\/www.clipmedia.net\/ficheros\/2014\/02_feb\/ey061.pdf\" target=\"_blank\">Los sindicatos rechazan salarios planos dos a\u00f1os m\u00e1s como pide CEOE<\/a><\/td>\n<td align=\"right\" class=\"tfuente\">Cinco D\u00edas<\/td>\n<\/tr>\n<tr>\n<td class=\"tfecha\">26\/02\/2014 &#8211;<\/td>\n<td class=\"titem\"><a href=\"http:\/\/www.clipmedia.net\/ficheros\/2014\/02_feb\/ey063.pdf\" target=\"_blank\">La ultraactividad sigue siendo tendencia, pese a la reforma laboral <\/a><\/td>\n<td align=\"right\" class=\"tfuente\">El Economista<\/td>\n<\/tr>\n<tr>\n<td colspan=\"3\">&nbsp;<\/td>\n<\/tr>\n<tr>\n<td colspan=\"3\" class=\"tgrupo\"><img loading=\"lazy\" decoding=\"async\" src=\"http:\/\/www.gestoresalicante.org\/img\/newsletter\/picto.jpg\" width=\"20\" height=\"18\" align=\"absmiddle\" style=\"margin-right: 4px;\"> <strong>Sector inmobiliario<\/strong><\/td>\n<\/tr>\n<tr>\n<td colspan=\"3\">(No hay registros)<\/td>\n<\/tr>\n<tr>\n<td colspan=\"3\">&nbsp;<\/td>\n<\/tr>\n<tr>\n<td colspan=\"3\" class=\"tgrupo\"><img loading=\"lazy\" decoding=\"async\" src=\"http:\/\/www.gestoresalicante.org\/img\/newsletter\/picto.jpg\" width=\"20\" height=\"18\" align=\"absmiddle\" style=\"margin-right: 4px;\"> <strong> B.O.E<\/strong><\/td>\n<\/tr>\n<tr>\n<td colspan=\"3\">(No hay registros)<\/td>\n<\/tr>\n<\/table>\n<\/div>\n","protected":false},"excerpt":{"rendered":"<p>26\/02\/2014 &nbsp; Consejo General de los Colegios de Gestores Administrativos 25\/02\/2014 &#8211; Hacienda firma dos convenios para facilitar el pago telem\u00e1tico de impuestos Finanzas.com 25\/02\/2014 &#8211; Hacienda firma convenios para facilitar la presentaci\u00f3n y pago telem\u00e1tico de impuestos Noticias de &hellip; <a href=\"https:\/\/www.gestoresalicante.org\/blog\/index.php\/2014\/02\/26\/resumen-de-prensa-26-02-2014\/\">Sigue leyendo <span class=\"meta-nav\">&rarr;<\/span><\/a><\/p>\n","protected":false},"author":4,"featured_media":0,"comment_status":"closed","ping_status":"closed","sticky":false,"template":"","format":"standard","meta":{"footnotes":""},"categories":[6],"tags":[],"class_list":["post-644","post","type-post","status-publish","format-standard","hentry","category-resumendeprensa"],"_links":{"self":[{"href":"https:\/\/www.gestoresalicante.org\/blog\/index.php\/wp-json\/wp\/v2\/posts\/644","targetHints":{"allow":["GET"]}}],"collection":[{"href":"https:\/\/www.gestoresalicante.org\/blog\/index.php\/wp-json\/wp\/v2\/posts"}],"about":[{"href":"https:\/\/www.gestoresalicante.org\/blog\/index.php\/wp-json\/wp\/v2\/types\/post"}],"author":[{"embeddable":true,"href":"https:\/\/www.gestoresalicante.org\/blog\/index.php\/wp-json\/wp\/v2\/users\/4"}],"replies":[{"embeddable":true,"href":"https:\/\/www.gestoresalicante.org\/blog\/index.php\/wp-json\/wp\/v2\/comments?post=644"}],"version-history":[{"count":0,"href":"https:\/\/www.gestoresalicante.org\/blog\/index.php\/wp-json\/wp\/v2\/posts\/644\/revisions"}],"wp:attachment":[{"href":"https:\/\/www.gestoresalicante.org\/blog\/index.php\/wp-json\/wp\/v2\/media?parent=644"}],"wp:term":[{"taxonomy":"category","embeddable":true,"href":"https:\/\/www.gestoresalicante.org\/blog\/index.php\/wp-json\/wp\/v2\/categories?post=644"},{"taxonomy":"post_tag","embeddable":true,"href":"https:\/\/www.gestoresalicante.org\/blog\/index.php\/wp-json\/wp\/v2\/tags?post=644"}],"curies":[{"name":"wp","href":"https:\/\/api.w.org\/{rel}","templated":true}]}}