{"id":648,"date":"2014-03-01T09:00:00","date_gmt":"2014-03-01T08:00:00","guid":{"rendered":"http:\/\/www.gestoresalicante.org\/blog\/index.php\/2014\/03\/01\/resumen-de-prensa-01-03-2014\/"},"modified":"-0001-11-30T00:00:00","modified_gmt":"-0001-11-29T22:00:00","slug":"resumen-de-prensa-01-03-2014","status":"publish","type":"post","link":"https:\/\/www.gestoresalicante.org\/blog\/index.php\/2014\/03\/01\/resumen-de-prensa-01-03-2014\/","title":{"rendered":"Resumen de Prensa 01-03-2014"},"content":{"rendered":"<div class=\"nboletin\">\n<table width=\"90%\" cellpadding=\"4\">\n<tr>\n<td colspan=\"3\">\n<div style=\"background-color: #CCCCCC;padding: 4px 10px 4px 10px;width: 100%;border: 1px #414141 solid;\"><img decoding=\"async\" alt=\"Consejo de Gestores\" src=\"http:\/\/www.gestoresalicante.org\/img\/newsletter\/conges.jpg\" width=226 height=70><\/div>\n<\/td>\n<\/tr>\n<tr>\n<td align=\"right\" colspan=\"3\"><strong> 01\/03\/2014 <\/strong><\/td>\n<\/tr>\n<tr>\n<td colspan=\"3\">&nbsp;<\/td>\n<\/tr>\n<tr>\n<td colspan=\"3\" class=\"tgrupo\"><img loading=\"lazy\" decoding=\"async\" src=\"http:\/\/www.gestoresalicante.org\/img\/newsletter\/picto.jpg\" width=\"20\" height=\"18\" align=\"absmiddle\" style=\"margin-right: 4px;\"> <strong> Consejo General de los Colegios de Gestores Administrativos<\/strong><\/td>\n<\/tr>\n<tr>\n<td colspan=\"3\">(No hay registros)<\/td>\n<\/tr>\n<tr>\n<td colspan=\"3\">&nbsp;<\/td>\n<\/tr>\n<tr>\n<td colspan=\"3\" class=\"tgrupo\"><img loading=\"lazy\" decoding=\"async\" src=\"http:\/\/www.gestoresalicante.org\/img\/newsletter\/picto.jpg\" width=\"20\" height=\"18\" align=\"absmiddle\" style=\"margin-right: 4px;\"> <strong> Sector Fiscal<\/strong><\/td>\n<\/tr>\n<tr>\n<td class=\"tfecha\">03\/03\/2014<\/td>\n<td class=\"titem\"><A href=\"http:\/\/www.clipmedia.net\/ficheros\/2014\/03_mar\/ey263.pdf\" target=_blank>Los ayuntamientos subir\u00e1n la tasa de basuras por el recorte a las renovables<\/A><\/td>\n<td align=\"right\" class=\"tfuente\">El Economista<\/td>\n<\/tr>\n<tr>\n<td class=\"tfecha\">03\/03\/2014<\/td>\n<td class=\"titem\"><A href=\"http:\/\/www.clipmedia.net\/ficheros\/2014\/03_mar\/ey266.pdf\" target=_blank>El regulador propone que cualquier persona pueda tumbar una patente<\/A><\/td>\n<td align=\"right\" class=\"tfuente\">El Economista<\/td>\n<\/tr>\n<tr>\n<td class=\"tfecha\">03\/03\/2014<\/td>\n<td class=\"titem\"><A href=\"http:\/\/www.clipmedia.net\/ficheros\/2014\/03_mar\/oa081.pdf\" target=_blank>Pague impuestos, aunque sea en una rifa<\/A><\/td>\n<td align=\"right\" class=\"tfuente\">El Pa\u00eds<\/td>\n<\/tr>\n<tr>\n<td class=\"tfecha\">03\/03\/2014<\/td>\n<td class=\"titem\"><A href=\"http:\/\/www.clipmedia.net\/ficheros\/2014\/03_mar\/ey267.pdf\" target=_blank>V\u00eda libre a frenar la cl\u00e1usula suelo hasta que haya sentencia<\/A><\/td>\n<td align=\"right\" class=\"tfuente\">El Economista<\/td>\n<\/tr>\n<tr>\n<td class=\"tfecha\">03\/03\/2014<\/td>\n<td class=\"titem\"><A href=\"http:\/\/www.clipmedia.net\/ficheros\/2014\/03_mar\/ey268.pdf\" target=_blank>El CGPJ demanda m\u00e1s garant\u00edas para el cliente en la subasta notarial <\/A><\/td>\n<td align=\"right\" class=\"tfuente\">El Economista<\/td>\n<\/tr>\n<tr>\n<td class=\"tfecha\">03\/03\/2014<\/td>\n<td class=\"titem\"><A href=\"http:\/\/www.clipmedia.net\/ficheros\/2014\/03_mar\/ey270.pdf\" target=_blank>S\u00f3lo 5.500 pymes y aut\u00f3nomos se han acogido al r\u00e9gimen de IVA de Caja<\/A><\/td>\n<td align=\"right\" class=\"tfuente\">El Economista<\/td>\n<\/tr>\n<tr>\n<td class=\"tfecha\">03\/03\/2014<\/td>\n<td class=\"titem\"><A href=\"http:\/\/www.clipmedia.net\/ficheros\/2014\/03_mar\/oa096.pdf\" target=_blank>El comit\u00e9 de expertos rechaza subir el IVA<\/A><\/td>\n<td align=\"right\" class=\"tfuente\">Cinco D\u00edas<\/td>\n<\/tr>\n<tr>\n<td class=\"tfecha\">03\/03\/2014<\/td>\n<td class=\"titem\"><A href=\"http:\/\/www.clipmedia.net\/ficheros\/2014\/03_mar\/ey285.pdf\" target=_blank>Hacienda negocia con Suiza que las cuentas opacas de espa\u00f1oles tributen<\/A><\/td>\n<td align=\"right\" class=\"tfuente\">Expansi\u00f3n<\/td>\n<\/tr>\n<tr>\n<td class=\"tfecha\">03\/03\/2014<\/td>\n<td class=\"titem\"><A href=\"http:\/\/www.clipmedia.net\/ficheros\/2014\/03_mar\/ey286.pdf\" target=_blank>Federico Linares, socio director de EY Abogados: \u00abLas empresas espa\u00f1olas pagan muchos impuestos\u00bb<\/A><\/td>\n<td align=\"right\" class=\"tfuente\">Expansi\u00f3n<\/td>\n<\/tr>\n<tr>\n<td class=\"tfecha\">02\/03\/2014<\/td>\n<td class=\"titem\"><A href=\"http:\/\/www.clipmedia.net\/ficheros\/2014\/03_mar\/ey290.pdf\" target=_blank>Las autonom\u00edas se anticipan al Estado con los tributos &#8216;verdes&#8217;<\/A><\/td>\n<td align=\"right\" class=\"tfuente\">El Peri\u00f3dico de Catalunya<\/td>\n<\/tr>\n<tr>\n<td class=\"tfecha\">02\/03\/2014<\/td>\n<td class=\"titem\"><A href=\"http:\/\/www.clipmedia.net\/ficheros\/2014\/03_mar\/ey296.pdf\" target=_blank>T\u00e9cnicos Tributarios &#8211; Piden una bajada general de impuestos<\/A><\/td>\n<td align=\"right\" class=\"tfuente\">La Vanguardia<\/td>\n<\/tr>\n<tr>\n<td class=\"tfecha\">01\/03\/2014<\/td>\n<td class=\"titem\"><A href=\"http:\/\/www.clipmedia.net\/ficheros\/2014\/03_mar\/oa104.pdf\" target=_blank>La presentaci\u00f3n del imputado ante el juez reduce condena<\/A><\/td>\n<td align=\"right\" class=\"tfuente\">El Economista<\/td>\n<\/tr>\n<tr>\n<td class=\"tfecha\">01\/03\/2014<\/td>\n<td class=\"titem\"><A href=\"http:\/\/www.clipmedia.net\/ficheros\/2014\/03_mar\/oa105.pdf\" target=_blank>Los expertos creen que crecer\u00e1 la presi\u00f3n fiscal en los pr\u00f3ximos 12 meses<\/A><\/td>\n<td align=\"right\" class=\"tfuente\">El Economista<\/td>\n<\/tr>\n<tr>\n<td colspan=\"3\">&nbsp;<\/td>\n<\/tr>\n<tr>\n<td colspan=\"3\" class=\"tgrupo\"><img loading=\"lazy\" decoding=\"async\" src=\"http:\/\/www.gestoresalicante.org\/img\/newsletter\/picto.jpg\" width=\"20\" height=\"18\" align=\"absmiddle\" style=\"margin-right: 4px;\"> <strong> Sector Veh\u00edculos<\/strong><\/td>\n<\/tr>\n<tr>\n<td class=\"tfecha\">03\/03\/2014<\/td>\n<td class=\"titem\"><A href=\"http:\/\/www.clipmedia.net\/ficheros\/2014\/03_mar\/oa092.pdf\" target=_blank>Europcar prev\u00e9 duplicar cada a\u00f1o el negocio de su filial &#8216;low cost&#8217;<\/A><\/td>\n<td align=\"right\" class=\"tfuente\">Cinco D\u00edas<\/td>\n<\/tr>\n<tr>\n<td class=\"tfecha\">02\/03\/2014<\/td>\n<td class=\"titem\"><A href=\"http:\/\/www.clipmedia.net\/ficheros\/2014\/03_mar\/ey259.pdf\" target=_blank>Giba montar\u00e1 una f\u00e1brica de coches \u00abbuggy\u00bb en Albacete y Tarragona<\/A><\/td>\n<td align=\"right\" class=\"tfuente\">ABC<\/td>\n<\/tr>\n<tr>\n<td class=\"tfecha\">02\/03\/2014<\/td>\n<td class=\"titem\"><A href=\"http:\/\/www.clipmedia.net\/ficheros\/2014\/03_mar\/ey289.pdf\" target=_blank>J\u00dcrgen Stackmann, presidente de Seat: \u00abLa base de Seat es ahora m\u00e1s estable y robusta\u00bb<\/A><\/td>\n<td align=\"right\" class=\"tfuente\">El Peri\u00f3dico de Catalunya<\/td>\n<\/tr>\n<tr>\n<td class=\"tfecha\">01\/03\/2014<\/td>\n<td class=\"titem\"><A href=\"http:\/\/www.clipmedia.net\/ficheros\/2014\/03_mar\/ey280.pdf\" target=_blank>Aprobado el nuevo Plan Pima Aire<\/A><\/td>\n<td align=\"right\" class=\"tfuente\">El Mundo<\/td>\n<\/tr>\n<tr>\n<td class=\"tfecha\">01\/03\/2014<\/td>\n<td class=\"titem\"><A href=\"http:\/\/www.clipmedia.net\/ficheros\/2014\/03_mar\/ey281.pdf\" target=_blank>\u00abEl mercado podr\u00e1 prescindir de las ayudas en 2016\u00bb<\/A><\/td>\n<td align=\"right\" class=\"tfuente\">El Mundo<\/td>\n<\/tr>\n<tr>\n<td class=\"tfecha\">01\/03\/2014<\/td>\n<td class=\"titem\"><A href=\"http:\/\/www.clipmedia.net\/ficheros\/2014\/03_mar\/oa107.pdf\" target=_blank>El Gobierno renueva la ayuda a la compra de coches comerciales<\/A><\/td>\n<td align=\"right\" class=\"tfuente\">Cinco D\u00edas<\/td>\n<\/tr>\n<tr>\n<td colspan=\"3\">&nbsp;<\/td>\n<\/tr>\n<tr>\n<td colspan=\"3\" class=\"tgrupo\"><img loading=\"lazy\" decoding=\"async\" src=\"http:\/\/www.gestoresalicante.org\/img\/newsletter\/picto.jpg\" width=\"20\" height=\"18\" align=\"absmiddle\" style=\"margin-right: 4px;\"> <strong> Ventana Telem\u00e1tica<\/strong><\/td>\n<\/tr>\n<tr>\n<td class=\"tfecha\">03\/03\/2014<\/td>\n<td class=\"titem\"><A href=\"http:\/\/www.clipmedia.net\/ficheros\/2014\/03_mar\/ey271.pdf\" target=_blank>Las pymes tecnol\u00f3gicas y de &#8216;e-commerce&#8217; seducen a los inversores corporativos<\/A><\/td>\n<td align=\"right\" class=\"tfuente\">El Economista<\/td>\n<\/tr>\n<tr>\n<td class=\"tfecha\">03\/03\/2014<\/td>\n<td class=\"titem\"><A href=\"http:\/\/www.clipmedia.net\/ficheros\/2014\/03_mar\/ey275.pdf\" target=_blank>El Grupo Palma subastar\u00e1 lotes de veh\u00edculos por Internet<\/A><\/td>\n<td align=\"right\" class=\"tfuente\">El Economista<\/td>\n<\/tr>\n<tr>\n<td class=\"tfecha\">01\/03\/2014<\/td>\n<td class=\"titem\"><A href=\"http:\/\/www.clipmedia.net\/ficheros\/2014\/03_mar\/oa100.pdf\" target=_blank>Guindos limita la financiaci\u00f3n colectiva a trav\u00e9s de Internet<\/A><\/td>\n<td align=\"right\" class=\"tfuente\">El Economista<\/td>\n<\/tr>\n<tr>\n<td colspan=\"3\">&nbsp;<\/td>\n<\/tr>\n<tr>\n<td colspan=\"3\" class=\"tgrupo\"><img loading=\"lazy\" decoding=\"async\" src=\"http:\/\/www.gestoresalicante.org\/img\/newsletter\/picto.jpg\" width=\"20\" height=\"18\" align=\"absmiddle\" style=\"margin-right: 4px;\"> <strong> Sector de la formaci\u00f3n<\/strong><\/td>\n<\/tr>\n<tr>\n<td class=\"tfecha\">03\/03\/2014<\/td>\n<td class=\"titem\"><A href=\"http:\/\/www.clipmedia.net\/ficheros\/2014\/03_mar\/ey261.pdf\" target=_blank>Los sindicatos y la patronal perder\u00e1n la exclusividad de los fondos de formaci\u00f3n<\/A><\/td>\n<td align=\"right\" class=\"tfuente\">ABC<\/td>\n<\/tr>\n<tr>\n<td class=\"tfecha\">03\/03\/2014<\/td>\n<td class=\"titem\"><A href=\"http:\/\/www.clipmedia.net\/ficheros\/2014\/03_mar\/qi806.pdf\" target=_blank>La &#8216;ley wert&#8217; provoca una catarata de recursos al Constitucional<\/A><\/td>\n<td align=\"right\" class=\"tfuente\">El Pa\u00eds<\/td>\n<\/tr>\n<tr>\n<td class=\"tfecha\">01\/03\/2014<\/td>\n<td class=\"titem\"><A href=\"http:\/\/www.clipmedia.net\/ficheros\/2014\/03_mar\/oa099.pdf\" target=_blank>Educaci\u00f3n dice que los insumisos de la &#8216;ley Wert&#8217; se juegan el t\u00edtulo<\/A><\/td>\n<td align=\"right\" class=\"tfuente\">El Peri\u00f3dico de Catalunya<\/td>\n<\/tr>\n<tr>\n<td class=\"tfecha\">02\/03\/2014<\/td>\n<td class=\"titem\"><A href=\"http:\/\/www.clipmedia.net\/ficheros\/2014\/03_mar\/ey291.pdf\" target=_blank>La universidad dise\u00f1a reformas para ahorrar y competir en el extranjero<\/A><\/td>\n<td align=\"right\" class=\"tfuente\">El Peri\u00f3dico de Catalunya<\/td>\n<\/tr>\n<tr>\n<td class=\"tfecha\">01\/03\/2014<\/td>\n<td class=\"titem\"><A href=\"http:\/\/www.clipmedia.net\/ficheros\/2014\/03_mar\/oa108.pdf\" target=_blank>Busco algo m\u00e1s que un buen salario<\/A><\/td>\n<td align=\"right\" class=\"tfuente\">Cinco D\u00edas<\/td>\n<\/tr>\n<tr>\n<td colspan=\"3\">&nbsp;<\/td>\n<\/tr>\n<tr>\n<td colspan=\"3\" class=\"tgrupo\"><img loading=\"lazy\" decoding=\"async\" src=\"http:\/\/www.gestoresalicante.org\/img\/newsletter\/picto.jpg\" width=\"20\" height=\"18\" align=\"absmiddle\" style=\"margin-right: 4px;\"> <strong> Sector Laboral<\/strong><\/td>\n<\/tr>\n<tr>\n<td class=\"tfecha\">03\/03\/2014<\/td>\n<td class=\"titem\"><A href=\"http:\/\/www.clipmedia.net\/ficheros\/2014\/03_mar\/oa083.pdf\" target=_blank>M\u00e9dicos espa\u00f1oles se escapan al extranjero por la precariedad laboral<\/A><\/td>\n<td align=\"right\" class=\"tfuente\">El Peri\u00f3dico de Catalunya<\/td>\n<\/tr>\n<tr>\n<td class=\"tfecha\">03\/03\/2014<\/td>\n<td class=\"titem\"><A href=\"http:\/\/www.clipmedia.net\/ficheros\/2014\/03_mar\/ey276.pdf\" target=_blank>El Gobierno vasco pide que el horario de los comercios se abran al turismo<\/A><\/td>\n<td align=\"right\" class=\"tfuente\">El Economista<\/td>\n<\/tr>\n<tr>\n<td class=\"tfecha\">03\/03\/2014<\/td>\n<td class=\"titem\"><A href=\"http:\/\/www.clipmedia.net\/ficheros\/2014\/03_mar\/qi804.pdf\" target=_blank>El riesgo de deflaci\u00f3n tensiona al BCE<\/A><\/td>\n<td align=\"right\" class=\"tfuente\">El Pa\u00eds<\/td>\n<\/tr>\n<tr>\n<td class=\"tfecha\">03\/03\/2014<\/td>\n<td class=\"titem\"><A href=\"http:\/\/www.clipmedia.net\/ficheros\/2014\/03_mar\/oa089.pdf\" target=_blank>Las entidades pondr\u00e1n en marcha un banco malo para empresas<\/A><\/td>\n<td align=\"right\" class=\"tfuente\">La Vanguardia<\/td>\n<\/tr>\n<tr>\n<td class=\"tfecha\">03\/03\/2014<\/td>\n<td class=\"titem\"><A href=\"http:\/\/www.clipmedia.net\/ficheros\/2014\/03_mar\/oa090.pdf\" target=_blank>Yo, yo y s\u00f3lo yo; el resto no importa<\/A><\/td>\n<td align=\"right\" class=\"tfuente\">La Vanguardia<\/td>\n<\/tr>\n<tr>\n<td class=\"tfecha\">03\/03\/2014<\/td>\n<td class=\"titem\"><A href=\"http:\/\/www.clipmedia.net\/ficheros\/2014\/03_mar\/ey278.pdf\" target=_blank>Las ETT ayudar\u00e1n a emplear a j\u00f3venes y mayores de 45 a\u00f1os<\/A><\/td>\n<td align=\"right\" class=\"tfuente\">La Raz\u00f3n<\/td>\n<\/tr>\n<tr>\n<td class=\"tfecha\">02\/03\/2014<\/td>\n<td class=\"titem\"><A href=\"http:\/\/www.clipmedia.net\/ficheros\/2014\/03_mar\/ey258.pdf\" target=_blank>Los hijos de aut\u00f3nomos podr\u00e1n acogerse a la tarifa plana laboral<\/A><\/td>\n<td align=\"right\" class=\"tfuente\">ABC<\/td>\n<\/tr>\n<tr>\n<td class=\"tfecha\">02\/03\/2014<\/td>\n<td class=\"titem\"><A href=\"http:\/\/www.clipmedia.net\/ficheros\/2014\/03_mar\/ey292.pdf\" target=_blank>Que hable la industria<\/A><\/td>\n<td align=\"right\" class=\"tfuente\">El Peri\u00f3dico de Catalunya<\/td>\n<\/tr>\n<tr>\n<td class=\"tfecha\">02\/03\/2014<\/td>\n<td class=\"titem\"><A href=\"http:\/\/www.clipmedia.net\/ficheros\/2014\/03_mar\/ey293.pdf\" target=_blank>Las empresas podr\u00e1n aprovechar la &#8216;tarifa plana&#8217; sin crear empleo nuevo<\/A><\/td>\n<td align=\"right\" class=\"tfuente\">El Pa\u00eds<\/td>\n<\/tr>\n<tr>\n<td class=\"tfecha\">01\/03\/2014<\/td>\n<td class=\"titem\"><A href=\"http:\/\/www.clipmedia.net\/ficheros\/2014\/03_mar\/oa098.pdf\" target=_blank>Econom\u00eda facilitar\u00e1 la refinanciaci\u00f3n de empresas para evitar su cierre<\/A><\/td>\n<td align=\"right\" class=\"tfuente\">El Peri\u00f3dico de Catalunya<\/td>\n<\/tr>\n<tr>\n<td class=\"tfecha\">01\/03\/2014<\/td>\n<td class=\"titem\"><A href=\"http:\/\/www.clipmedia.net\/ficheros\/2014\/03_mar\/oa103.pdf\" target=_blank>Rosell destituye a Banegas como administrador de CEOE internacional<\/A><\/td>\n<td align=\"right\" class=\"tfuente\">El Economista<\/td>\n<\/tr>\n<tr>\n<td class=\"tfecha\">01\/03\/2014<\/td>\n<td class=\"titem\"><A href=\"http:\/\/www.clipmedia.net\/ficheros\/2014\/03_mar\/ey295.pdf\" target=_blank>Nueve medidas para financiar las pymes<\/A><\/td>\n<td align=\"right\" class=\"tfuente\">Expansi\u00f3n<\/td>\n<\/tr>\n<tr>\n<td class=\"tfecha\">01\/03\/2014<\/td>\n<td class=\"titem\"><A href=\"http:\/\/www.clipmedia.net\/ficheros\/2014\/03_mar\/oa109.pdf\" target=_blank>Los precios vuelven a caer tras el descenso de los carburantes<\/A><\/td>\n<td align=\"right\" class=\"tfuente\">El Pa\u00eds<\/td>\n<\/tr>\n<tr>\n<td class=\"tfecha\">01\/03\/2014<\/td>\n<td class=\"titem\"><A href=\"http:\/\/www.clipmedia.net\/ficheros\/2014\/03_mar\/oa110.pdf\" target=_blank>La tarifa plana de cotizaciones oscilar\u00e1 entre 50 y 100 euros seg\u00fan la jornada<\/A><\/td>\n<td align=\"right\" class=\"tfuente\">La Vanguardia<\/td>\n<\/tr>\n<tr>\n<td colspan=\"3\">&nbsp;<\/td>\n<\/tr>\n<tr>\n<td colspan=\"3\" class=\"tgrupo\"><img loading=\"lazy\" decoding=\"async\" src=\"http:\/\/www.gestoresalicante.org\/img\/newsletter\/picto.jpg\" width=\"20\" height=\"18\" align=\"absmiddle\" style=\"margin-right: 4px;\"> <strong> Sector inmobiliario<\/strong><\/td>\n<\/tr>\n<tr>\n<td class=\"tfecha\">03\/03\/2014<\/td>\n<td class=\"titem\"><A href=\"http:\/\/www.clipmedia.net\/ficheros\/2014\/03_mar\/ey262.pdf\" target=_blank>La banca eleva sus &#8216;activos t\u00f3xicos&#8217; un 16%: suma pisos por 7.600 millones<\/A><\/td>\n<td align=\"right\" class=\"tfuente\">El Economista<\/td>\n<\/tr>\n<tr>\n<td class=\"tfecha\">03\/03\/2014<\/td>\n<td class=\"titem\"><A href=\"http:\/\/www.clipmedia.net\/ficheros\/2014\/03_mar\/ey264.pdf\" target=_blank>\u201cLas socimis van a suponer un gran impulso para el sector inmobiliario\u00bb<\/A><\/td>\n<td align=\"right\" class=\"tfuente\">El Economista<\/td>\n<\/tr>\n<tr>\n<td class=\"tfecha\">03\/03\/2014<\/td>\n<td class=\"titem\"><A href=\"http:\/\/www.clipmedia.net\/ficheros\/2014\/03_mar\/ey265.pdf\" target=_blank>La Sareb pag\u00f3 30 millones a las comunidades de vecinos en 2013<\/A><\/td>\n<td align=\"right\" class=\"tfuente\">El Economista<\/td>\n<\/tr>\n<tr>\n<td class=\"tfecha\">03\/03\/2014<\/td>\n<td class=\"titem\"><A href=\"http:\/\/www.clipmedia.net\/ficheros\/2014\/03_mar\/ey269.pdf\" target=_blank>Art\u00edculo de opini\u00f3n: Al\u00f3n Eldar &#8211; Alquilar apartamentos para estancias cortas, una tendencia en alza<\/A><\/td>\n<td align=\"right\" class=\"tfuente\">El Economista<\/td>\n<\/tr>\n<tr>\n<td class=\"tfecha\">03\/03\/2014<\/td>\n<td class=\"titem\"><A href=\"http:\/\/www.clipmedia.net\/ficheros\/2014\/03_mar\/oa093.pdf\" target=_blank>Santander, JP Morgan y Deutsche, en la mayor puja por cr\u00e9ditos inmobiliarios en Espa\u00f1a<\/A><\/td>\n<td align=\"right\" class=\"tfuente\">Cinco D\u00edas<\/td>\n<\/tr>\n<tr>\n<td class=\"tfecha\">03\/03\/2014<\/td>\n<td class=\"titem\"><A href=\"http:\/\/www.clipmedia.net\/ficheros\/2014\/03_mar\/oa094.pdf\" target=_blank>Arrecia la batalla por captar hipotecas<\/A><\/td>\n<td align=\"right\" class=\"tfuente\">Cinco D\u00edas<\/td>\n<\/tr>\n<tr>\n<td class=\"tfecha\">03\/03\/2014<\/td>\n<td class=\"titem\"><A href=\"http:\/\/www.clipmedia.net\/ficheros\/2014\/03_mar\/oa095.pdf\" target=_blank>C\u00f3mo rescatar un cr\u00e9dito moroso a un &#8216;fondo bruite&#8217;<\/A><\/td>\n<td align=\"right\" class=\"tfuente\">Cinco D\u00edas<\/td>\n<\/tr>\n<tr>\n<td class=\"tfecha\">03\/03\/2014<\/td>\n<td class=\"titem\"><A href=\"http:\/\/www.clipmedia.net\/ficheros\/2014\/03_mar\/ey287.pdf\" target=_blank>Soros y Paulson apuestan por el mercado inmobiliario espa\u00f1ol<\/A><\/td>\n<td align=\"right\" class=\"tfuente\">Expansi\u00f3n<\/td>\n<\/tr>\n<tr>\n<td class=\"tfecha\">02\/03\/2014<\/td>\n<td class=\"titem\"><A href=\"http:\/\/www.clipmedia.net\/ficheros\/2014\/03_mar\/ey288.pdf\" target=_blank>La rehabilitaci\u00f3n den los arquitectos<\/A><\/td>\n<td align=\"right\" class=\"tfuente\">La Vanguardia<\/td>\n<\/tr>\n<tr>\n<td class=\"tfecha\">01\/03\/2014<\/td>\n<td class=\"titem\"><A href=\"http:\/\/www.clipmedia.net\/ficheros\/2014\/03_mar\/oa102.pdf\" target=_blank>Reyal pierde 820 millones por la fuerte ca\u00edda de ventas<\/A><\/td>\n<td align=\"right\" class=\"tfuente\">El Economista<\/td>\n<\/tr>\n<tr>\n<td class=\"tfecha\">01\/03\/2014<\/td>\n<td class=\"titem\"><A href=\"http:\/\/www.clipmedia.net\/ficheros\/2014\/03_mar\/oa111.pdf\" target=_blank>Pimco entra en el inmobiliario espa\u00f1ol mediante el grupo Lar<\/A><\/td>\n<td align=\"right\" class=\"tfuente\">La Vanguardia<\/td>\n<\/tr>\n<tr>\n<td colspan=\"3\">&nbsp;<\/td>\n<\/tr>\n<tr>\n<td colspan=\"3\" class=\"tgrupo\"><img loading=\"lazy\" decoding=\"async\" src=\"http:\/\/www.gestoresalicante.org\/img\/newsletter\/picto.jpg\" width=\"20\" height=\"18\" align=\"absmiddle\" style=\"margin-right: 4px;\"> <strong> B.O.E<\/strong><\/td>\n<\/tr>\n<tr>\n<td colspan=\"3\">(No hay registros)<\/td>\n<\/tr>\n<\/table>\n<\/div>\n","protected":false},"excerpt":{"rendered":"<p>01\/03\/2014 &nbsp; Consejo General de los Colegios de Gestores Administrativos (No hay registros) &nbsp; Sector Fiscal 03\/03\/2014 Los ayuntamientos subir\u00e1n la tasa de basuras por el recorte a las renovables El Economista 03\/03\/2014 El regulador propone que cualquier persona pueda &hellip; <a href=\"https:\/\/www.gestoresalicante.org\/blog\/index.php\/2014\/03\/01\/resumen-de-prensa-01-03-2014\/\">Sigue leyendo <span class=\"meta-nav\">&rarr;<\/span><\/a><\/p>\n","protected":false},"author":4,"featured_media":0,"comment_status":"closed","ping_status":"closed","sticky":false,"template":"","format":"standard","meta":{"footnotes":""},"categories":[6],"tags":[],"class_list":["post-648","post","type-post","status-publish","format-standard","hentry","category-resumendeprensa"],"_links":{"self":[{"href":"https:\/\/www.gestoresalicante.org\/blog\/index.php\/wp-json\/wp\/v2\/posts\/648","targetHints":{"allow":["GET"]}}],"collection":[{"href":"https:\/\/www.gestoresalicante.org\/blog\/index.php\/wp-json\/wp\/v2\/posts"}],"about":[{"href":"https:\/\/www.gestoresalicante.org\/blog\/index.php\/wp-json\/wp\/v2\/types\/post"}],"author":[{"embeddable":true,"href":"https:\/\/www.gestoresalicante.org\/blog\/index.php\/wp-json\/wp\/v2\/users\/4"}],"replies":[{"embeddable":true,"href":"https:\/\/www.gestoresalicante.org\/blog\/index.php\/wp-json\/wp\/v2\/comments?post=648"}],"version-history":[{"count":0,"href":"https:\/\/www.gestoresalicante.org\/blog\/index.php\/wp-json\/wp\/v2\/posts\/648\/revisions"}],"wp:attachment":[{"href":"https:\/\/www.gestoresalicante.org\/blog\/index.php\/wp-json\/wp\/v2\/media?parent=648"}],"wp:term":[{"taxonomy":"category","embeddable":true,"href":"https:\/\/www.gestoresalicante.org\/blog\/index.php\/wp-json\/wp\/v2\/categories?post=648"},{"taxonomy":"post_tag","embeddable":true,"href":"https:\/\/www.gestoresalicante.org\/blog\/index.php\/wp-json\/wp\/v2\/tags?post=648"}],"curies":[{"name":"wp","href":"https:\/\/api.w.org\/{rel}","templated":true}]}}