{"id":66,"date":"2012-11-09T15:19:43","date_gmt":"2012-11-09T14:19:43","guid":{"rendered":"http:\/\/www.gestoresalicante.org\/blog\/?p=66"},"modified":"2012-11-09T15:20:26","modified_gmt":"2012-11-09T14:20:26","slug":"firma-del-convenio-entre-suma-gestion-tributaria-y-el-colegio","status":"publish","type":"post","link":"https:\/\/www.gestoresalicante.org\/blog\/index.php\/2012\/11\/09\/firma-del-convenio-entre-suma-gestion-tributaria-y-el-colegio\/","title":{"rendered":"Firma del Convenio entre Suma Gesti\u00f3n Tributaria y el Colegio"},"content":{"rendered":"<p><span style=\"text-decoration: underline;\">Convenio entre el organismo provincial y el Colegio de Gestores<\/span><\/p>\n<p><strong>Suma facilita los tr\u00e1mites para la matriculaci\u00f3n de veh\u00edculos a trav\u00e9s de la administraci\u00f3n electr\u00f3nica<\/strong><\/p>\n<p><strong>07-11-12.-<\/strong>La <strong>presidenta<\/strong> de la Diputaci\u00f3n de Alicante, <strong>Luisa Pastor<\/strong>, y el presidente del Colegio de Gestores, <strong>Francisco Candela,<\/strong> han firmado esta ma\u00f1ana un <strong>convenio <\/strong>de colaboraci\u00f3n<strong> entre SUMA y la organizaci\u00f3n colegial para <\/strong>agilizar los tr\u00e1mites de la <strong>matriculaci\u00f3n de veh\u00edculos<\/strong>, el <strong>pago<\/strong> de los diferentes <strong>impuestos y tasas<\/strong> o la obtenci\u00f3n del <strong>permiso provisional<\/strong> de circulaci\u00f3n, todo desde las <strong>gestor\u00edas y por Internet<\/strong>. Con ello, se logra un importante<strong> ahorro de recursos y de tiempo<\/strong>.<\/p>\n<p><a href=\"http:\/\/www.gestoresalicante.org\/blog\/wp-content\/uploads\/2012\/11\/121107-firma-convenio-gestores_1.jpg\"><img loading=\"lazy\" decoding=\"async\" class=\"aligncenter size-large wp-image-67\" title=\"121107 firma convenio gestores_1\" src=\"http:\/\/www.gestoresalicante.org\/blog\/wp-content\/uploads\/2012\/11\/121107-firma-convenio-gestores_1-1024x682.jpg\" alt=\"\" width=\"584\" height=\"388\" srcset=\"https:\/\/www.gestoresalicante.org\/blog\/wp-content\/uploads\/2012\/11\/121107-firma-convenio-gestores_1-1024x682.jpg 1024w, https:\/\/www.gestoresalicante.org\/blog\/wp-content\/uploads\/2012\/11\/121107-firma-convenio-gestores_1-300x199.jpg 300w, https:\/\/www.gestoresalicante.org\/blog\/wp-content\/uploads\/2012\/11\/121107-firma-convenio-gestores_1-450x300.jpg 450w\" sizes=\"auto, (max-width: 584px) 100vw, 584px\" \/><\/a><\/p>\n<p>Hasta ahora se necesitaba al menos un <strong>par de d\u00edas<\/strong> para realizar cualquier gesti\u00f3n de dar de alta a un veh\u00edculo y ahora en s\u00f3lo <strong>dos horas<\/strong> se realiza <strong>toda la tramitaci\u00f3n<\/strong>. El convenio da soporte a un <strong>nuevo servicio telem\u00e1tico<\/strong> que permite la <strong>eliminaci\u00f3n del papel<\/strong>, puesto que ya no ser\u00e1 necesario <strong>presentar f\u00edsicamente<\/strong> la documentaci\u00f3n preceptiva en las oficinas de Suma. Desde ahora, la documentaci\u00f3n se enviar\u00e1 <strong>electr\u00f3nicamente<\/strong> por cada <strong>gestor administrativo<\/strong> a trav\u00e9s de la <strong>plataforma inform\u00e1tica<\/strong> del colegio profesional.<\/p>\n<p><strong>Luisa Pastor<\/strong> ha declarado que \u201c<span style=\"text-decoration: underline;\">con este <strong>convenio<\/strong>, Suma da un\u00a0 nuevo paso en la implantaci\u00f3n de la <strong>administraci\u00f3n electr\u00f3nica<\/strong> en los municipios de la provincia. De este modo descarga a los ciudadanos de <strong>complicaciones y tr\u00e1mites<\/strong>, porque se le ofrecen medios c\u00f3modos y r\u00e1pidos para liquidar<strong> obligaciones tributarias y es un apoyo al sector <\/strong>del autom\u00f3vil<\/span><em>\u201d. <\/em><\/p>\n<p><em><\/em>El nuevo sistema permite la <strong>tramitaci\u00f3n por Internet<\/strong> de cada alta en el momento de la solicitud, mediante un <strong>servicio web de Suma<\/strong>. El convenio posibilita mayor dinamismo en la tramitaci\u00f3n administrativa, puesto que en un solo acto se abre y se cierra un expediente electr\u00f3nico en el <strong>Registro de Suma<\/strong>, con toda la <strong>informaci\u00f3n y documentos precisos<\/strong> para el alta. Un sistema de filtros valida y rechaza los expedientes con incidencias. Adem\u00e1s, tambi\u00e9n supone un importante <strong>ahorro de medios humanos<\/strong> y materiales para una administraci\u00f3n m\u00e1s \u00e1gil y barata.<\/p>\n<p>Suma est\u00e1 impulsando junto a otros colegios profesionales el desarrollo de la <strong>administraci\u00f3n electr\u00f3nica<\/strong>, un objetivo que hoy se ha concretado mediante la firma de este convenio.<\/p>\n<p>Francisco Candela ha explicado que <span style=\"text-decoration: underline;\">\u201cel acuerdo permite a los <strong>gestores colegiados convertirse en una ventanilla \u00fanica<\/strong> para la matriculaci\u00f3n de los veh\u00edculos y todo el proceso administrativo que se requiere para estas acciones, lo que facilita sobremanera este tipo de gestiones a los ciudadanos<\/span>.\u201d<\/p>\n<p>Con la puesta en marcha de este acuerdo entre el Colegio de Gestores y Suma se da un <strong>paso importante<\/strong> en la implantaci\u00f3n de la administraci\u00f3n electr\u00f3nica en los municipios que han delegado la gesti\u00f3n del IVTM en la instituci\u00f3n provincial.<\/p>\n<p>T\u00e9cnicamente, se trata de una actuaci\u00f3n basada en la interoperabilidad entre los <strong>sistemas inform\u00e1ticos<\/strong> de ambas organizaciones, que permite compartir informaci\u00f3n e intercambio de datos en tiempo real entre <strong>Suma y cualquier gestor\u00eda<\/strong> colegiada.<\/p>\n<p><a href=\"http:\/\/www.gestoresalicante.org\/blog\/wp-content\/uploads\/2012\/11\/121107-firma-convenio-gestores_2.jpg\"><img loading=\"lazy\" decoding=\"async\" class=\"aligncenter size-large wp-image-68\" title=\"121107 firma convenio gestores_2\" src=\"http:\/\/www.gestoresalicante.org\/blog\/wp-content\/uploads\/2012\/11\/121107-firma-convenio-gestores_2-1024x512.jpg\" alt=\"\" width=\"584\" height=\"292\" srcset=\"https:\/\/www.gestoresalicante.org\/blog\/wp-content\/uploads\/2012\/11\/121107-firma-convenio-gestores_2-1024x512.jpg 1024w, https:\/\/www.gestoresalicante.org\/blog\/wp-content\/uploads\/2012\/11\/121107-firma-convenio-gestores_2-300x150.jpg 300w, https:\/\/www.gestoresalicante.org\/blog\/wp-content\/uploads\/2012\/11\/121107-firma-convenio-gestores_2-500x250.jpg 500w\" sizes=\"auto, (max-width: 584px) 100vw, 584px\" \/><\/a><\/p>\n","protected":false},"excerpt":{"rendered":"<p>Convenio entre el organismo provincial y el Colegio de Gestores Suma facilita los tr\u00e1mites para la matriculaci\u00f3n de veh\u00edculos a trav\u00e9s de la administraci\u00f3n electr\u00f3nica 07-11-12.-La presidenta de la Diputaci\u00f3n de Alicante, Luisa Pastor, y el presidente del Colegio de &hellip; <a href=\"https:\/\/www.gestoresalicante.org\/blog\/index.php\/2012\/11\/09\/firma-del-convenio-entre-suma-gestion-tributaria-y-el-colegio\/\">Sigue leyendo <span class=\"meta-nav\">&rarr;<\/span><\/a><\/p>\n","protected":false},"author":4,"featured_media":0,"comment_status":"closed","ping_status":"closed","sticky":false,"template":"","format":"standard","meta":{"footnotes":""},"categories":[3],"tags":[],"class_list":["post-66","post","type-post","status-publish","format-standard","hentry","category-noticias-de-interes"],"_links":{"self":[{"href":"https:\/\/www.gestoresalicante.org\/blog\/index.php\/wp-json\/wp\/v2\/posts\/66","targetHints":{"allow":["GET"]}}],"collection":[{"href":"https:\/\/www.gestoresalicante.org\/blog\/index.php\/wp-json\/wp\/v2\/posts"}],"about":[{"href":"https:\/\/www.gestoresalicante.org\/blog\/index.php\/wp-json\/wp\/v2\/types\/post"}],"author":[{"embeddable":true,"href":"https:\/\/www.gestoresalicante.org\/blog\/index.php\/wp-json\/wp\/v2\/users\/4"}],"replies":[{"embeddable":true,"href":"https:\/\/www.gestoresalicante.org\/blog\/index.php\/wp-json\/wp\/v2\/comments?post=66"}],"version-history":[{"count":3,"href":"https:\/\/www.gestoresalicante.org\/blog\/index.php\/wp-json\/wp\/v2\/posts\/66\/revisions"}],"predecessor-version":[{"id":71,"href":"https:\/\/www.gestoresalicante.org\/blog\/index.php\/wp-json\/wp\/v2\/posts\/66\/revisions\/71"}],"wp:attachment":[{"href":"https:\/\/www.gestoresalicante.org\/blog\/index.php\/wp-json\/wp\/v2\/media?parent=66"}],"wp:term":[{"taxonomy":"category","embeddable":true,"href":"https:\/\/www.gestoresalicante.org\/blog\/index.php\/wp-json\/wp\/v2\/categories?post=66"},{"taxonomy":"post_tag","embeddable":true,"href":"https:\/\/www.gestoresalicante.org\/blog\/index.php\/wp-json\/wp\/v2\/tags?post=66"}],"curies":[{"name":"wp","href":"https:\/\/api.w.org\/{rel}","templated":true}]}}