{"id":666,"date":"2014-03-20T09:00:00","date_gmt":"2014-03-20T08:00:00","guid":{"rendered":"http:\/\/www.gestoresalicante.org\/blog\/index.php\/2014\/03\/20\/resumen-de-prensa-20-03-2014\/"},"modified":"-0001-11-30T00:00:00","modified_gmt":"-0001-11-29T22:00:00","slug":"resumen-de-prensa-20-03-2014","status":"publish","type":"post","link":"https:\/\/www.gestoresalicante.org\/blog\/index.php\/2014\/03\/20\/resumen-de-prensa-20-03-2014\/","title":{"rendered":"Resumen de Prensa 20-03-2014"},"content":{"rendered":"<div class=\"nboletin\">\n<table width=\"90%\" cellpadding=\"4\">\n<tr>\n<td colspan=\"3\">\n<div style=\"background-color: #CCCCCC;padding: 4px 10px 4px 10px;width: 100%;border: 1px #414141 solid;\"><img decoding=\"async\" alt=\"Consejo de Gestores\" src=\"http:\/\/www.gestoresalicante.org\/img\/newsletter\/conges.jpg\" width=226 height=70><\/div>\n<\/td>\n<\/tr>\n<tr>\n<td align=\"right\" colspan=\"3\"><strong>20\/03\/2014 <\/strong><\/td>\n<\/tr>\n<tr>\n<td colspan=\"3\">&nbsp;<\/td>\n<\/tr>\n<tr>\n<td colspan=\"3\" class=\"tgrupo\"><img loading=\"lazy\" decoding=\"async\" src=\"http:\/\/www.gestoresalicante.org\/img\/newsletter\/picto.jpg\" width=\"20\" height=\"18\" align=\"absmiddle\" style=\"margin-right: 4px;\"> <strong>Consejo General de los Colegios de Gestores Administrativos<\/strong><\/td>\n<\/tr>\n<tr>\n<td colspan=\"3\">(No hay registros)<\/td>\n<\/tr>\n<tr>\n<td colspan=\"3\">&nbsp;<\/td>\n<\/tr>\n<tr>\n<td colspan=\"3\" class=\"tgrupo\"><img loading=\"lazy\" decoding=\"async\" src=\"http:\/\/www.gestoresalicante.org\/img\/newsletter\/picto.jpg\" width=\"20\" height=\"18\" align=\"absmiddle\" style=\"margin-right: 4px;\"> <strong>Sector Fiscal<\/strong><\/td>\n<\/tr>\n<tr>\n<td class=\"tfecha\">20\/03\/2014 &#8211;<\/td>\n<td class=\"titem\"><a href=\"http:\/\/www.clipmedia.net\/ficheros\/2014\/03_mar\/oa317.pdf\" target=\"_blank\">La Audiencia combate el carpetazo del PP a la justicia universal<\/a><\/td>\n<td align=\"right\" class=\"tfuente\">El Pa\u00eds<\/td>\n<\/tr>\n<tr>\n<td class=\"tfecha\">20\/03\/2014 &#8211;<\/td>\n<td class=\"titem\"><a href=\"http:\/\/www.clipmedia.net\/ficheros\/2014\/03_mar\/ez286.pdf\" target=\"_blank\">Art\u00edculo de opini\u00f3n: Jos\u00e9 Garc\u00eda Montalvo &#8211; Impuesto sobre \u00bfplusval\u00edas?<\/a><\/td>\n<td align=\"right\" class=\"tfuente\">La Vanguardia<\/td>\n<\/tr>\n<tr>\n<td class=\"tfecha\">20\/03\/2014 &#8211;<\/td>\n<td class=\"titem\"><a href=\"http:\/\/www.clipmedia.net\/ficheros\/2014\/03_mar\/ez288.pdf\" target=\"_blank\">El &#8216;informe Lagares&#8217; trae un regalo de 5.000 millones para la banca<\/a><\/td>\n<td align=\"right\" class=\"tfuente\">El Peri\u00f3dico de Catalunya<\/td>\n<\/tr>\n<tr>\n<td class=\"tfecha\">20\/03\/2014 &#8211;<\/td>\n<td class=\"titem\"><a href=\"http:\/\/www.clipmedia.net\/ficheros\/2014\/03_mar\/ez289.pdf\" target=\"_blank\">La Audiencia se plantea recurrir el carpetazo a la justicia universal<\/a><\/td>\n<td align=\"right\" class=\"tfuente\">El Peri\u00f3dico de Catalunya<\/td>\n<\/tr>\n<tr>\n<td class=\"tfecha\">20\/03\/2014 &#8211;<\/td>\n<td class=\"titem\"><a href=\"http:\/\/www.clipmedia.net\/ficheros\/2014\/03_mar\/ez292.pdf\" target=\"_blank\">El TC mantiene suspendida la ley navarra que prev\u00e9 expropiar pisos a bancos<\/a><\/td>\n<td align=\"right\" class=\"tfuente\">El Peri\u00f3dico de Catalunya<\/td>\n<\/tr>\n<tr>\n<td class=\"tfecha\">20\/03\/2014 &#8211;<\/td>\n<td class=\"titem\"><a href=\"http:\/\/www.clipmedia.net\/ficheros\/2014\/03_mar\/ez299.pdf\" target=\"_blank\">Hacienda abre el proceso para pedir devoluciones por el c\u00e9ntimo sanitario<\/a><\/td>\n<td align=\"right\" class=\"tfuente\">Expansi\u00f3n<\/td>\n<\/tr>\n<tr>\n<td class=\"tfecha\">20\/03\/2014 &#8211;<\/td>\n<td class=\"titem\"><a href=\"http:\/\/www.clipmedia.net\/ficheros\/2014\/03_mar\/ez301.pdf\" target=\"_blank\">Hacienda abre la puerta al uso de sicav de Luxemburgo<\/a><\/td>\n<td align=\"right\" class=\"tfuente\">Expansi\u00f3n<\/td>\n<\/tr>\n<tr>\n<td class=\"tfecha\">20\/03\/2014 &#8211;<\/td>\n<td class=\"titem\"><a href=\"http:\/\/www.clipmedia.net\/ficheros\/2014\/03_mar\/ez259.pdf\" target=\"_blank\">Louis Gallois elegido nuevo presidente del Grupo PSA<\/a><\/td>\n<td align=\"right\" class=\"tfuente\">El Mundo<\/td>\n<\/tr>\n<tr>\n<td class=\"tfecha\">20\/03\/2014 &#8211;<\/td>\n<td class=\"titem\"><a href=\"http:\/\/www.clipmedia.net\/ficheros\/2014\/03_mar\/ez290.pdf\" target=\"_blank\">Los menores de 16 deber\u00e1n llevar casco en la bici dentro de un mes<\/a><\/td>\n<td align=\"right\" class=\"tfuente\">El Peri\u00f3dico de Catalunya<\/td>\n<\/tr>\n<tr>\n<td class=\"tfecha\">20\/03\/2014 &#8211;<\/td>\n<td class=\"titem\"><a href=\"http:\/\/www.clipmedia.net\/ficheros\/2014\/03_mar\/ez302.pdf\" target=\"_blank\">Bruselas multa con 953 millones a cinco fabricantes de piezas de coches<\/a><\/td>\n<td align=\"right\" class=\"tfuente\">Cinco D\u00edas<\/td>\n<\/tr>\n<tr>\n<td class=\"tfecha\">20\/03\/2014 &#8211;<\/td>\n<td class=\"titem\"><a href=\"http:\/\/www.clipmedia.net\/ficheros\/2014\/03_mar\/ez258.pdf\" target=\"_blank\">La nueva Ley de Tr\u00e1fico admite cortar la circulaci\u00f3n por alta contaminaci\u00f3n<\/a><\/td>\n<td align=\"right\" class=\"tfuente\">El Mundo<\/td>\n<\/tr>\n<tr>\n<td class=\"tfecha\">20\/03\/2014 &#8211;<\/td>\n<td class=\"titem\"><a href=\"http:\/\/www.clipmedia.net\/ficheros\/2014\/03_mar\/ez294.pdf\" target=\"_blank\">Los empresarios se ponen del lado de Google News<\/a><\/td>\n<td align=\"right\" class=\"tfuente\">El Pa\u00eds<\/td>\n<\/tr>\n<tr>\n<td class=\"tfecha\">19\/03\/2014 &#8211;<\/td>\n<td class=\"titem\"><a href=\"http:\/\/www.clipmedia.net\/ficheros\/2014\/03_mar\/ez228.pdf\" target=\"_blank\">El 55% de alumnos de grado no puede pagar un m\u00e1ster<\/a><\/td>\n<td align=\"right\" class=\"tfuente\">El Economista<\/td>\n<\/tr>\n<tr>\n<td class=\"tfecha\">19\/03\/2014 &#8211;<\/td>\n<td class=\"titem\"><a href=\"http:\/\/www.clipmedia.net\/ficheros\/2014\/03_mar\/ez229.pdf\" target=\"_blank\">Los nuevos contenidos de las pol\u00edticas de innovaci\u00f3n, a debate<\/a><\/td>\n<td align=\"right\" class=\"tfuente\">El Economista<\/td>\n<\/tr>\n<tr>\n<td class=\"tfecha\">19\/03\/2014 &#8211;<\/td>\n<td class=\"titem\"><a href=\"http:\/\/www.clipmedia.net\/ficheros\/2014\/03_mar\/ez230.pdf\" target=\"_blank\">Los estudiantes prefieren una universidad gratuita antes que becas<\/a><\/td>\n<td align=\"right\" class=\"tfuente\">El Economista<\/td>\n<\/tr>\n<tr>\n<td class=\"tfecha\">20\/03\/2014 &#8211;<\/td>\n<td class=\"titem\"><a href=\"http:\/\/www.clipmedia.net\/ficheros\/2014\/03_mar\/ez291.pdf\" target=\"_blank\">Wert obligar\u00e1 a los directores de colegio a sacarse un t\u00edtulo<\/a><\/td>\n<td align=\"right\" class=\"tfuente\">El Peri\u00f3dico de Catalunya<\/td>\n<\/tr>\n<tr>\n<td class=\"tfecha\">20\/03\/2014 &#8211;<\/td>\n<td class=\"titem\"><a href=\"http:\/\/www.clipmedia.net\/ficheros\/2014\/03_mar\/ez298.pdf\" target=\"_blank\">El IE construye su gran campus en pleno centro de Madrid<\/a><\/td>\n<td align=\"right\" class=\"tfuente\">Expansi\u00f3n<\/td>\n<\/tr>\n<tr>\n<td class=\"tfecha\">20\/03\/2014 &#8211;<\/td>\n<td class=\"titem\"><a href=\"http:\/\/www.clipmedia.net\/ficheros\/2014\/03_mar\/oa311.pdf\" target=\"_blank\">Lagares: Se crear\u00eda m\u00e1s empleo subiendo IVA y bajando cotizaciones<\/a><\/td>\n<td align=\"right\" class=\"tfuente\">Expansi\u00f3n<\/td>\n<\/tr>\n<tr>\n<td class=\"tfecha\">20\/03\/2014 &#8211;<\/td>\n<td class=\"titem\"><a href=\"http:\/\/www.clipmedia.net\/ficheros\/2014\/03_mar\/oa331.pdf\" target=\"_blank\">Las Pymes hacen o\u00edr su voz para exigir un mejor trato legal<\/a><\/td>\n<td align=\"right\" class=\"tfuente\">El Peri\u00f3dico de Catalunya<\/td>\n<\/tr>\n<tr>\n<td class=\"tfecha\">20\/03\/2014 &#8211;<\/td>\n<td class=\"titem\"><a href=\"http:\/\/www.clipmedia.net\/ficheros\/2014\/03_mar\/ez285.pdf\" target=\"_blank\">Rosell cree que los salarios ya han ca\u00eddo bastante y pide un SMI para j\u00f3venes<\/a><\/td>\n<td align=\"right\" class=\"tfuente\">La Vanguardia<\/td>\n<\/tr>\n<tr>\n<td class=\"tfecha\">20\/03\/2014 &#8211;<\/td>\n<td class=\"titem\"><a href=\"http:\/\/www.clipmedia.net\/ficheros\/2014\/03_mar\/ez295.pdf\" target=\"_blank\">Inditex sube un 10% el dividendo y detecta un &quot;cambio de ciclo&quot; en Espa\u00f1a<\/a><\/td>\n<td align=\"right\" class=\"tfuente\">El Economista<\/td>\n<\/tr>\n<tr>\n<td class=\"tfecha\">20\/03\/2014 &#8211;<\/td>\n<td class=\"titem\"><a href=\"http:\/\/www.clipmedia.net\/ficheros\/2014\/03_mar\/ez297.pdf\" target=\"_blank\">Los costes laborales suben en Espa\u00f1a el 3,1%, por encima de la media UE<\/a><\/td>\n<td align=\"right\" class=\"tfuente\">El Economista<\/td>\n<\/tr>\n<tr>\n<td class=\"tfecha\">20\/03\/2014 &#8211;<\/td>\n<td class=\"titem\"><a href=\"http:\/\/www.clipmedia.net\/ficheros\/2014\/03_mar\/ez300.pdf\" target=\"_blank\">Arquitectos y abogados, en contra de la Ley de Servicios Profesionales<\/a><\/td>\n<td align=\"right\" class=\"tfuente\">Expansi\u00f3n<\/td>\n<\/tr>\n<tr>\n<td class=\"tfecha\">20\/03\/2014 &#8211;<\/td>\n<td class=\"titem\"><a href=\"http:\/\/www.clipmedia.net\/ficheros\/2014\/03_mar\/ez287.pdf\" target=\"_blank\">La banca deber\u00e1 actualizar las tasaciones inmobiliarias<\/a><\/td>\n<td align=\"right\" class=\"tfuente\">La Vanguardia<\/td>\n<\/tr>\n<tr>\n<td class=\"tfecha\">20\/03\/2014 &#8211;<\/td>\n<td class=\"titem\"><a href=\"http:\/\/www.clipmedia.net\/ficheros\/2014\/03_mar\/ez293.pdf\" target=\"_blank\">La protecci\u00f3n del comercio desata una pugna legal<\/a><\/td>\n<td align=\"right\" class=\"tfuente\">El Peri\u00f3dico de Catalunya<\/td>\n<\/tr>\n<tr>\n<td class=\"tfecha\">20\/03\/2014 &#8211;<\/td>\n<td class=\"titem\"><a href=\"http:\/\/www.clipmedia.net\/ficheros\/2014\/03_mar\/ez296.pdf\" target=\"_blank\">Wang Jianlin, el multimillonario chino que quiere el madrile\u00f1o Edificio Espa\u00f1a<\/a><\/td>\n<td align=\"right\" class=\"tfuente\">El Economista<\/td>\n<\/tr>\n<tr>\n<td colspan=\"3\">&nbsp;<\/td>\n<\/tr>\n<tr>\n<td colspan=\"3\" class=\"tgrupo\"><img loading=\"lazy\" decoding=\"async\" src=\"http:\/\/www.gestoresalicante.org\/img\/newsletter\/picto.jpg\" width=\"20\" height=\"18\" align=\"absmiddle\" style=\"margin-right: 4px;\"> <strong>B.O.E<\/strong><\/td>\n<\/tr>\n<tr>\n<td colspan=\"3\">(No hay registros)<\/td>\n<\/tr>\n<\/table>\n<\/div>\n","protected":false},"excerpt":{"rendered":"<p>20\/03\/2014 &nbsp; Consejo General de los Colegios de Gestores Administrativos (No hay registros) &nbsp; Sector Fiscal 20\/03\/2014 &#8211; La Audiencia combate el carpetazo del PP a la justicia universal El Pa\u00eds 20\/03\/2014 &#8211; Art\u00edculo de opini\u00f3n: Jos\u00e9 Garc\u00eda Montalvo &#8211; &hellip; <a href=\"https:\/\/www.gestoresalicante.org\/blog\/index.php\/2014\/03\/20\/resumen-de-prensa-20-03-2014\/\">Sigue leyendo <span class=\"meta-nav\">&rarr;<\/span><\/a><\/p>\n","protected":false},"author":4,"featured_media":0,"comment_status":"closed","ping_status":"closed","sticky":false,"template":"","format":"standard","meta":{"footnotes":""},"categories":[6],"tags":[],"class_list":["post-666","post","type-post","status-publish","format-standard","hentry","category-resumendeprensa"],"_links":{"self":[{"href":"https:\/\/www.gestoresalicante.org\/blog\/index.php\/wp-json\/wp\/v2\/posts\/666","targetHints":{"allow":["GET"]}}],"collection":[{"href":"https:\/\/www.gestoresalicante.org\/blog\/index.php\/wp-json\/wp\/v2\/posts"}],"about":[{"href":"https:\/\/www.gestoresalicante.org\/blog\/index.php\/wp-json\/wp\/v2\/types\/post"}],"author":[{"embeddable":true,"href":"https:\/\/www.gestoresalicante.org\/blog\/index.php\/wp-json\/wp\/v2\/users\/4"}],"replies":[{"embeddable":true,"href":"https:\/\/www.gestoresalicante.org\/blog\/index.php\/wp-json\/wp\/v2\/comments?post=666"}],"version-history":[{"count":0,"href":"https:\/\/www.gestoresalicante.org\/blog\/index.php\/wp-json\/wp\/v2\/posts\/666\/revisions"}],"wp:attachment":[{"href":"https:\/\/www.gestoresalicante.org\/blog\/index.php\/wp-json\/wp\/v2\/media?parent=666"}],"wp:term":[{"taxonomy":"category","embeddable":true,"href":"https:\/\/www.gestoresalicante.org\/blog\/index.php\/wp-json\/wp\/v2\/categories?post=666"},{"taxonomy":"post_tag","embeddable":true,"href":"https:\/\/www.gestoresalicante.org\/blog\/index.php\/wp-json\/wp\/v2\/tags?post=666"}],"curies":[{"name":"wp","href":"https:\/\/api.w.org\/{rel}","templated":true}]}}