{"id":686,"date":"2014-04-15T09:00:00","date_gmt":"2014-04-15T08:00:00","guid":{"rendered":"http:\/\/www.gestoresalicante.org\/blog\/index.php\/2014\/04\/15\/resumen-de-prensa-15-04-2014\/"},"modified":"-0001-11-30T00:00:00","modified_gmt":"-0001-11-29T22:00:00","slug":"resumen-de-prensa-15-04-2014","status":"publish","type":"post","link":"https:\/\/www.gestoresalicante.org\/blog\/index.php\/2014\/04\/15\/resumen-de-prensa-15-04-2014\/","title":{"rendered":"Resumen de Prensa 15-04-2014"},"content":{"rendered":"<div class=\"nboletin\">\n<table width=\"90%\" cellpadding=\"4\">\n<tr>\n<td colspan=\"3\">\n<div style=\"background-color: #CCCCCC;padding: 4px 10px 4px 10px;width: 100%;border: 1px #414141 solid;\"><img decoding=\"async\" alt=\"Consejo de Gestores\" src=\"http:\/\/www.gestoresalicante.org\/img\/newsletter\/conges.jpg\" width=226 height=70><\/div>\n<\/td>\n<\/tr>\n<tr>\n<td align=\"right\" colspan=\"3\"><strong>15\/04\/2014 &#8211;<\/strong><\/td>\n<\/tr>\n<tr>\n<td colspan=\"3\">&nbsp;<\/td>\n<\/tr>\n<tr>\n<td colspan=\"3\" class=\"tgrupo\"><img loading=\"lazy\" decoding=\"async\" src=\"http:\/\/www.gestoresalicante.org\/img\/newsletter\/picto.jpg\" width=\"20\" height=\"18\" align=\"absmiddle\" style=\"margin-right: 4px;\"> <strong>El Economista <\/strong><\/td>\n<\/tr>\n<tr>\n<td colspan=\"3\">&nbsp;<\/td>\n<\/tr>\n<tr>\n<td colspan=\"3\" class=\"tgrupo\"><img loading=\"lazy\" decoding=\"async\" src=\"http:\/\/www.gestoresalicante.org\/img\/newsletter\/picto.jpg\" width=\"20\" height=\"18\" align=\"absmiddle\" style=\"margin-right: 4px;\"> <strong>Sector Fiscal<\/strong><\/td>\n<\/tr>\n<tr>\n<td class=\"tfecha\">15\/04\/2014 &#8211;<\/td>\n<td class=\"titem\"><a href=\"http:\/\/www.clipmedia.net\/ficheros\/2014\/04_abr\/cz840.pdf\" target=\"_blank\">Agust\u00edn Cord\u00f3n, director general de Fira Barcelona: &quot;El talento necesita una fiscalidad adecuada&quot;<\/a><\/td>\n<td align=\"right\" class=\"tfuente\">El Peri\u00f3dico de Catalunya<\/td>\n<\/tr>\n<tr>\n<td class=\"tfecha\">15\/04\/2014 &#8211;<\/td>\n<td class=\"titem\"><a href=\"http:\/\/www.clipmedia.net\/ficheros\/2014\/04_abr\/cz841.pdf\" target=\"_blank\">Un juez admite el derecho al honor de las empresas<\/a><\/td>\n<td align=\"right\" class=\"tfuente\">El Pa\u00eds<\/td>\n<\/tr>\n<tr>\n<td class=\"tfecha\">15\/04\/2014 &#8211;<\/td>\n<td class=\"titem\"><a href=\"http:\/\/www.clipmedia.net\/ficheros\/2014\/04_abr\/cz843.pdf\" target=\"_blank\">V\u00e9rtice 360, en concurso tras no lograr un acuerdo con Hacienda<\/a><\/td>\n<td align=\"right\" class=\"tfuente\">El Economista<\/td>\n<\/tr>\n<tr>\n<td class=\"tfecha\">15\/04\/2014 &#8211;<\/td>\n<td class=\"titem\"><a href=\"http:\/\/www.clipmedia.net\/ficheros\/2014\/04_abr\/cz845.pdf\" target=\"_blank\">Hacienda devuelve 487 millones a los contribuyentes en dos semanas<\/a><\/td>\n<td align=\"right\" class=\"tfuente\">El Economista<\/td>\n<\/tr>\n<tr>\n<td class=\"tfecha\">15\/04\/2014 &#8211;<\/td>\n<td class=\"titem\"><a href=\"http:\/\/www.clipmedia.net\/ficheros\/2014\/04_abr\/cz852.pdf\" target=\"_blank\">Suiza investiga a Salazar por blanqueo de capitales<\/a><\/td>\n<td align=\"right\" class=\"tfuente\">Expansi\u00f3n<\/td>\n<\/tr>\n<tr>\n<td class=\"tfecha\">15\/04\/2014 &#8211;<\/td>\n<td class=\"titem\"><a href=\"http:\/\/www.clipmedia.net\/ficheros\/2014\/04_abr\/cz855.pdf\" target=\"_blank\">El n\u00famero de gestoras se reduce al nivel de los a\u00f1os 80<\/a><\/td>\n<td align=\"right\" class=\"tfuente\">Expansi\u00f3n<\/td>\n<\/tr>\n<tr>\n<td class=\"tfecha\">15\/04\/2014 &#8211;<\/td>\n<td class=\"titem\"><a href=\"http:\/\/www.clipmedia.net\/ficheros\/2014\/04_abr\/cz857.pdf\" target=\"_blank\">El Fisco devolver\u00e1 el c\u00e9ntimo sanitario en seis meses<\/a><\/td>\n<td align=\"right\" class=\"tfuente\">Expansi\u00f3n<\/td>\n<\/tr>\n<tr>\n<td class=\"tfecha\">15\/04\/2014 &#8211;<\/td>\n<td class=\"titem\"><a href=\"http:\/\/www.clipmedia.net\/ficheros\/2014\/04_abr\/cz859.pdf\" target=\"_blank\">Hacienda y Fomento, entre las instituciones que m\u00e1s cumplen con el d\u00e9ficit<\/a><\/td>\n<td align=\"right\" class=\"tfuente\">La Raz\u00f3n<\/td>\n<\/tr>\n<tr>\n<td class=\"tfecha\">13\/04\/2014 &#8211;<\/td>\n<td class=\"titem\"><a href=\"http:\/\/www.clipmedia.net\/ficheros\/2014\/04_abr\/cz817.pdf\" target=\"_blank\">El autom\u00f3vil es el motor del cambio de modelo productivo<\/a><\/td>\n<td align=\"right\" class=\"tfuente\">La Vanguardia &#8211; Dinero<\/td>\n<\/tr>\n<tr>\n<td class=\"tfecha\">15\/04\/2014 &#8211;<\/td>\n<td class=\"titem\"><a href=\"http:\/\/www.clipmedia.net\/ficheros\/2014\/04_abr\/cz844.pdf\" target=\"_blank\">Mercedes Benz producir\u00e1 82.000 veh\u00edculos en Vitoria<\/a><\/td>\n<td align=\"right\" class=\"tfuente\">El Economista<\/td>\n<\/tr>\n<tr>\n<td class=\"tfecha\">15\/04\/2014 &#8211;<\/td>\n<td class=\"titem\"><a href=\"http:\/\/www.clipmedia.net\/ficheros\/2014\/04_abr\/cz850.pdf\" target=\"_blank\">Los precios de los coches suben cuatro d\u00e9cimas en marzo<\/a><\/td>\n<td align=\"right\" class=\"tfuente\">ABC<\/td>\n<\/tr>\n<tr>\n<td class=\"tfecha\">15\/04\/2014 &#8211;<\/td>\n<td class=\"titem\"><a href=\"http:\/\/www.clipmedia.net\/ficheros\/2014\/04_abr\/cz851.pdf\" target=\"_blank\">Peugeot y Citro\u00ebn eliminar\u00e1n 19 modelos para aumentar la rentabilidad<\/a><\/td>\n<td align=\"right\" class=\"tfuente\">Cinco D\u00edas<\/td>\n<\/tr>\n<tr>\n<td class=\"tfecha\">15\/04\/2014 &#8211;<\/td>\n<td class=\"titem\"><a href=\"http:\/\/www.clipmedia.net\/ficheros\/2014\/04_abr\/cz861.pdf\" target=\"_blank\">Francisco P\u00e9rez Botello, presidente de Volkswagen-Audi Espa\u00f1a: &quot;El sector del autom\u00f3vil tiene un efecto tractor sobre la econom\u00eda&quot;<\/a><\/td>\n<td align=\"right\" class=\"tfuente\">El Mundo<\/td>\n<\/tr>\n<tr>\n<td colspan=\"3\">&nbsp;<\/td>\n<\/tr>\n<tr>\n<td colspan=\"3\" class=\"tgrupo\"><img loading=\"lazy\" decoding=\"async\" src=\"http:\/\/www.gestoresalicante.org\/img\/newsletter\/picto.jpg\" width=\"20\" height=\"18\" align=\"absmiddle\" style=\"margin-right: 4px;\"> <strong>Ventana Telem\u00e1tica<\/strong><\/td>\n<\/tr>\n<tr>\n<td colspan=\"3\">(No hay registros)<\/td>\n<\/tr>\n<tr>\n<td colspan=\"3\">&nbsp;<\/td>\n<\/tr>\n<tr>\n<td colspan=\"3\" class=\"tgrupo\"><img loading=\"lazy\" decoding=\"async\" src=\"http:\/\/www.gestoresalicante.org\/img\/newsletter\/picto.jpg\" width=\"20\" height=\"18\" align=\"absmiddle\" style=\"margin-right: 4px;\"> <strong> Sector de la formaci\u00f3n<\/strong><\/td>\n<\/tr>\n<tr>\n<td class=\"tfecha\">13\/04\/2014 &#8211;<\/td>\n<td class=\"titem\"><a href=\"http:\/\/www.clipmedia.net\/ficheros\/2014\/04_abr\/cz827.pdf\" target=\"_blank\">Una inversi\u00f3n a largo plazo<\/a><\/td>\n<td align=\"right\" class=\"tfuente\">La Vanguardia &#8211; Vivir<\/td>\n<\/tr>\n<tr>\n<td class=\"tfecha\">15\/04\/2014 &#8211;<\/td>\n<td class=\"titem\"><a href=\"http:\/\/www.clipmedia.net\/ficheros\/2014\/04_abr\/cz860.pdf\" target=\"_blank\">Art\u00edculo de opini\u00f3n: Jos\u00e9 S\u00e1nchez Tortosa &#8211; PISA es solamente el s\u00edntoma<\/a><\/td>\n<td align=\"right\" class=\"tfuente\">El Mundo<\/td>\n<\/tr>\n<tr>\n<td class=\"tfecha\">15\/04\/2014 &#8211;<\/td>\n<td class=\"titem\"><a href=\"http:\/\/www.clipmedia.net\/ficheros\/2014\/04_abr\/cz837.pdf\" target=\"_blank\">La Semana Santa y el puente de mayo traer\u00e1n 350.000 empleos<\/a><\/td>\n<td align=\"right\" class=\"tfuente\">La Vanguardia<\/td>\n<\/tr>\n<tr>\n<td class=\"tfecha\">15\/04\/2014 &#8211;<\/td>\n<td class=\"titem\"><a href=\"http:\/\/www.clipmedia.net\/ficheros\/2014\/04_abr\/cz842.pdf\" target=\"_blank\">Berl\u00edn cancela su plan para j\u00f3venes parados europeos<\/a><\/td>\n<td align=\"right\" class=\"tfuente\">El Pa\u00eds<\/td>\n<\/tr>\n<tr>\n<td class=\"tfecha\">15\/04\/2014 &#8211;<\/td>\n<td class=\"titem\"><a href=\"http:\/\/www.clipmedia.net\/ficheros\/2014\/04_abr\/cz846.pdf\" target=\"_blank\">Nueva sentencia a favor de la &#8216;ultraactividad&#8217; de convenios<\/a><\/td>\n<td align=\"right\" class=\"tfuente\">El Economista<\/td>\n<\/tr>\n<tr>\n<td class=\"tfecha\">15\/04\/2014 &#8211;<\/td>\n<td class=\"titem\"><a href=\"http:\/\/www.clipmedia.net\/ficheros\/2014\/04_abr\/cz849.pdf\" target=\"_blank\">Pilar Gonz\u00e1lez de Frutos, presidenta de Unespa: &quot;El ahorro para la jubilaci\u00f3n es el que peor tratamiento fiscal tiene&quot;<\/a><\/td>\n<td align=\"right\" class=\"tfuente\">ABC<\/td>\n<\/tr>\n<tr>\n<td class=\"tfecha\">15\/04\/2014 &#8211;<\/td>\n<td class=\"titem\"><a href=\"http:\/\/www.clipmedia.net\/ficheros\/2014\/04_abr\/cz853.pdf\" target=\"_blank\">El embotellador de Coca-Cola da por terminado el ajuste<\/a><\/td>\n<td align=\"right\" class=\"tfuente\">Expansi\u00f3n<\/td>\n<\/tr>\n<tr>\n<td class=\"tfecha\">15\/04\/2014 &#8211;<\/td>\n<td class=\"titem\"><a href=\"http:\/\/www.clipmedia.net\/ficheros\/2014\/04_abr\/cz854.pdf\" target=\"_blank\">La Hacienda catalana convoca 24 plazas de gestor<\/a><\/td>\n<td align=\"right\" class=\"tfuente\">Expansi\u00f3n<\/td>\n<\/tr>\n<tr>\n<td class=\"tfecha\">15\/04\/2014 &#8211;<\/td>\n<td class=\"titem\"><a href=\"http:\/\/www.clipmedia.net\/ficheros\/2014\/04_abr\/cz856.pdf\" target=\"_blank\">Empleo incentivar\u00e1 la vuelta al mercado laboral de las madres<\/a><\/td>\n<td align=\"right\" class=\"tfuente\">Expansi\u00f3n<\/td>\n<\/tr>\n<tr>\n<td class=\"tfecha\">15\/04\/2014 &#8211;<\/td>\n<td class=\"titem\"><a href=\"http:\/\/www.clipmedia.net\/ficheros\/2014\/04_abr\/cz858.pdf\" target=\"_blank\">Madrid crea 13.000 empleos en el comercio por la libertad de horarios<\/a><\/td>\n<td align=\"right\" class=\"tfuente\">Expansi\u00f3n<\/td>\n<\/tr>\n<\/table>\n<\/div>\n","protected":false},"excerpt":{"rendered":"<p>15\/04\/2014 &#8211; &nbsp; El Economista &nbsp; Sector Fiscal 15\/04\/2014 &#8211; Agust\u00edn Cord\u00f3n, director general de Fira Barcelona: &quot;El talento necesita una fiscalidad adecuada&quot; El Peri\u00f3dico de Catalunya 15\/04\/2014 &#8211; Un juez admite el derecho al honor de las empresas El &hellip; <a href=\"https:\/\/www.gestoresalicante.org\/blog\/index.php\/2014\/04\/15\/resumen-de-prensa-15-04-2014\/\">Sigue leyendo <span class=\"meta-nav\">&rarr;<\/span><\/a><\/p>\n","protected":false},"author":4,"featured_media":0,"comment_status":"closed","ping_status":"closed","sticky":false,"template":"","format":"standard","meta":{"footnotes":""},"categories":[6],"tags":[],"class_list":["post-686","post","type-post","status-publish","format-standard","hentry","category-resumendeprensa"],"_links":{"self":[{"href":"https:\/\/www.gestoresalicante.org\/blog\/index.php\/wp-json\/wp\/v2\/posts\/686","targetHints":{"allow":["GET"]}}],"collection":[{"href":"https:\/\/www.gestoresalicante.org\/blog\/index.php\/wp-json\/wp\/v2\/posts"}],"about":[{"href":"https:\/\/www.gestoresalicante.org\/blog\/index.php\/wp-json\/wp\/v2\/types\/post"}],"author":[{"embeddable":true,"href":"https:\/\/www.gestoresalicante.org\/blog\/index.php\/wp-json\/wp\/v2\/users\/4"}],"replies":[{"embeddable":true,"href":"https:\/\/www.gestoresalicante.org\/blog\/index.php\/wp-json\/wp\/v2\/comments?post=686"}],"version-history":[{"count":0,"href":"https:\/\/www.gestoresalicante.org\/blog\/index.php\/wp-json\/wp\/v2\/posts\/686\/revisions"}],"wp:attachment":[{"href":"https:\/\/www.gestoresalicante.org\/blog\/index.php\/wp-json\/wp\/v2\/media?parent=686"}],"wp:term":[{"taxonomy":"category","embeddable":true,"href":"https:\/\/www.gestoresalicante.org\/blog\/index.php\/wp-json\/wp\/v2\/categories?post=686"},{"taxonomy":"post_tag","embeddable":true,"href":"https:\/\/www.gestoresalicante.org\/blog\/index.php\/wp-json\/wp\/v2\/tags?post=686"}],"curies":[{"name":"wp","href":"https:\/\/api.w.org\/{rel}","templated":true}]}}