{"id":707,"date":"2014-05-08T09:00:00","date_gmt":"2014-05-08T08:00:00","guid":{"rendered":"http:\/\/www.gestoresalicante.org\/blog\/index.php\/2014\/05\/08\/resumen-de-prensa-08-05-2014\/"},"modified":"-0001-11-30T00:00:00","modified_gmt":"-0001-11-29T22:00:00","slug":"resumen-de-prensa-08-05-2014","status":"publish","type":"post","link":"https:\/\/www.gestoresalicante.org\/blog\/index.php\/2014\/05\/08\/resumen-de-prensa-08-05-2014\/","title":{"rendered":"Resumen de Prensa 08-05-2014"},"content":{"rendered":"<div class=\"nboletin\">\n<table width=\"90%\" cellpadding=\"4\">\n<tr>\n<td colspan=\"3\">\n<div style=\"background-color: #CCCCCC;padding: 4px 10px 4px 10px;width: 100%;border: 1px #414141 solid;\"><img decoding=\"async\" alt=\"Consejo de Gestores\" src=\"http:\/\/www.gestoresalicante.org\/img\/newsletter\/conges.jpg\" width=226 height=70><\/div>\n<\/td>\n<\/tr>\n<tr>\n<td align=\"right\" colspan=\"3\"><strong>08\/05\/2014 <\/strong><\/td>\n<\/tr>\n<tr>\n<td colspan=\"3\">&nbsp;<\/td>\n<\/tr>\n<tr>\n<td colspan=\"3\" class=\"tgrupo\"><img loading=\"lazy\" decoding=\"async\" src=\"http:\/\/www.gestoresalicante.org\/img\/newsletter\/picto.jpg\" width=\"20\" height=\"18\" align=\"absmiddle\" style=\"margin-right: 4px;\"> <strong>Consejo General de los Colegios de Gestores Administrativos<\/strong><\/td>\n<\/tr>\n<tr>\n<td class=\"tfecha\">08\/05\/2014 &#8211;<\/td>\n<td class=\"titem\"><a href=\"http:\/\/www.clipmedia.net\/ficheros\/2014\/05_may\/dr650.pdf\" target=\"_blank\">Profesionales del &#8216;boli&#8217;<\/a><\/td>\n<td align=\"right\" class=\"tfuente\">El Peri\u00f3dico de Catalunya<\/td>\n<\/tr>\n<tr>\n<td class=\"tfecha\">08\/05\/2014 &#8211;<\/td>\n<td class=\"titem\"><a href=\"http:\/\/www.clipmedia.net\/ficheros\/2014\/05_may\/dr651.pdf\" target=\"_blank\">Profesionals del &#8216;boli&#8217;<\/a>Profesionales del &#8216;boli&#8217;<\/td>\n<td align=\"right\" class=\"tfuente\">El Peri\u00f3dico de Catalunya<\/td>\n<\/tr>\n<tr>\n<td class=\"tfecha\">08\/05\/2014 &#8211;<\/td>\n<td class=\"titem\"><a href=\"http:\/\/www.clipmedia.net\/ficheros\/2014\/05_may\/dr652.pdf\" target=\"_blank\">Augmenten les reclamacions per l&#8217;IRPF durant la crisi<\/a>Aumentan las reclamaciones por el IRPF durante la crisis<\/td>\n<td align=\"right\" class=\"tfuente\">Diari de Girona<\/td>\n<\/tr>\n<tr>\n<td class=\"tfecha\">07\/05\/2014 &#8211;<\/td>\n<td class=\"titem\"><a href=\"http:\/\/www.clipmedia.net\/ficheros\/2014\/05_may\/dr703.pdf\" target=\"_blank\">Gestores piden reformas para aumentar la recaudaci\u00f3n tributaria reduciendo la judicializaci\u00f3n<\/a><\/td>\n<td align=\"right\" class=\"tfuente\">Europa Press<\/td>\n<\/tr>\n<tr>\n<td class=\"tfecha\">07\/05\/2014 &#8211;<\/td>\n<td class=\"titem\"><a href=\"http:\/\/www.clipmedia.net\/ficheros\/2014\/05_may\/dr697.pdf\" target=\"_blank\">Colegio de Gestores hace gratis la renta a contribuyentes con pocos recursos<\/a><\/td>\n<td align=\"right\" class=\"tfuente\">ABC (digital)<\/td>\n<\/tr>\n<tr>\n<td class=\"tfecha\">07\/05\/2014 &#8211;<\/td>\n<td class=\"titem\"><a href=\"http:\/\/www.clipmedia.net\/ficheros\/2014\/05_may\/dr698.pdf\" target=\"_blank\">Colegio de Gestores hace gratis la renta a contribuyentes con pocos recursos<\/a><\/td>\n<td align=\"right\" class=\"tfuente\">Finanzas.com<\/td>\n<\/tr>\n<tr>\n<td class=\"tfecha\">07\/05\/2014 &#8211;<\/td>\n<td class=\"titem\"><a href=\"http:\/\/www.clipmedia.net\/ficheros\/2014\/05_may\/dr700.pdf\" target=\"_blank\">Gestores piden reformas para aumentar la recaudaci\u00f3n tributaria reduciendo la judicializaci\u00f3n<\/a><\/td>\n<td align=\"right\" class=\"tfuente\">La Vanguardia (digital)<\/td>\n<\/tr>\n<tr>\n<td class=\"tfecha\">07\/05\/2014 &#8211;<\/td>\n<td class=\"titem\"><a href=\"http:\/\/www.clipmedia.net\/ficheros\/2014\/05_may\/dr699.pdf\" target=\"_blank\">Los gestores piden reformar el sistema tributario para reducir los litigios<\/a><\/td>\n<td align=\"right\" class=\"tfuente\">Finanzas.com<\/td>\n<\/tr>\n<tr>\n<td class=\"tfecha\">07\/05\/2014 &#8211;<\/td>\n<td class=\"titem\"><a href=\"http:\/\/www.clipmedia.net\/ficheros\/2014\/05_may\/dr701.pdf\" target=\"_blank\">Los gestores administrativos reclaman una menor judicializaci\u00f3n del sistema tributario<\/a><\/td>\n<td align=\"right\" class=\"tfuente\">El Peri\u00f3dico de Catalunya (digital)<\/td>\n<\/tr>\n<tr>\n<td class=\"tfecha\">07\/05\/2014 &#8211;<\/td>\n<td class=\"titem\"><a href=\"http:\/\/www.clipmedia.net\/ficheros\/2014\/05_may\/dr702.pdf\" target=\"_blank\">Gestores piden reformas para aumentar la recaudaci\u00f3n tributaria reduciendo la judicializaci\u00f3n<\/a><\/td>\n<td align=\"right\" class=\"tfuente\">La Informaci\u00f3n Digital.com<\/td>\n<\/tr>\n<tr>\n<td class=\"tfecha\">07\/05\/2014 &#8211;<\/td>\n<td class=\"titem\"><a href=\"http:\/\/www.clipmedia.net\/ficheros\/2014\/05_may\/dr704.pdf\" target=\"_blank\">Gestores piden reformas para aumentar la recaudaci\u00f3n tributaria reduciendo la judicializaci\u00f3n <\/a><\/td>\n<td align=\"right\" class=\"tfuente\">Gentedigital.es<\/td>\n<\/tr>\n<tr>\n<td class=\"tfecha\">07\/05\/2014 &#8211;<\/td>\n<td class=\"titem\"><a href=\"http:\/\/www.clipmedia.net\/ficheros\/2014\/05_may\/dr705.pdf\" target=\"_blank\">Gestores piden reformas para aumentar la recaudaci\u00f3n tributaria reduciendo la judicializaci\u00f3n <\/a><\/td>\n<td align=\"right\" class=\"tfuente\">El Economista (digital)<\/td>\n<\/tr>\n<tr>\n<td class=\"tfecha\">07\/05\/2014 &#8211;<\/td>\n<td class=\"titem\"><a href=\"http:\/\/www.clipmedia.net\/ficheros\/2014\/05_may\/dr706.pdf\" target=\"_blank\">Gestores piden reformas para aumentar la recaudaci\u00f3n tributaria reduciendo la judicializaci\u00f3n<\/a><\/td>\n<td align=\"right\" class=\"tfuente\">Te interesa.com<\/td>\n<\/tr>\n<tr>\n<td class=\"tfecha\">07\/05\/2014 &#8211;<\/td>\n<td class=\"titem\"><a href=\"http:\/\/www.clipmedia.net\/ficheros\/2014\/05_may\/dr707.pdf\" target=\"_blank\">Els gestors administratius reclamen reduir la judicialitzaci\u00f3 del sistema tributari <\/a>Los gestores administrativos reclaman reducir la judicializaci\u00f3n del sistema tributario<\/td>\n<td align=\"right\" class=\"tfuente\">El Peri\u00f3dico de Catalunya (digital)<\/td>\n<\/tr>\n<tr>\n<td class=\"tfecha\">07\/05\/2014 &#8211;<\/td>\n<td class=\"titem\"><a href=\"http:\/\/www.clipmedia.net\/ficheros\/2014\/05_may\/dr708.pdf\" target=\"_blank\">Gestors demanen reformes per augmentar la recaptaci\u00f3 tribut\u00e0ria reduint la judicialitzaci\u00f3 <\/a>Gestores piden reformas para aumentar la recaudaci\u00f3n tributaria reduciendo la judicializaci\u00f3n<\/td>\n<td align=\"right\" class=\"tfuente\">Europa Press<\/td>\n<\/tr>\n<tr>\n<td class=\"tfecha\">07\/05\/2014 &#8211;<\/td>\n<td class=\"titem\"><a href=\"http:\/\/www.clipmedia.net\/ficheros\/2014\/05_may\/dr709.pdf\" target=\"_blank\">El 40% dels litigis en relaci\u00f3 amb la declaraci\u00f3 de la renda acaben donant la ra\u00f3 al contribuent, segons els gestors <\/a>El 40% de los litigios en relaci\u00f3n con la declaraci\u00f3n de la renta acaban dando la raz\u00f3n al al contribuyente, segun los gestores<\/td>\n<td align=\"right\" class=\"tfuente\">ACN<\/td>\n<\/tr>\n<tr>\n<td class=\"tfecha\">07\/05\/2014 &#8211;<\/td>\n<td class=\"titem\"><a href=\"http:\/\/www.clipmedia.net\/ficheros\/2014\/05_may\/dr710.pdf\" target=\"_blank\">El 40% dels litigis en relaci\u00f3 amb la declaraci\u00f3 de la renda acaben donant la ra\u00f3 al contribuent, segons els gestors <\/a>El 40% de los litigios en relaci\u00f3n con la declaraci\u00f3n de la renta acaban dando la raz\u00f3n al al contribuyente, segun los gestores<\/td>\n<td align=\"right\" class=\"tfuente\">Vilaweb<\/td>\n<\/tr>\n<tr>\n<td class=\"tfecha\">07\/05\/2014 &#8211;<\/td>\n<td class=\"titem\"><a href=\"http:\/\/www.clipmedia.net\/ficheros\/2014\/05_may\/dr711.pdf\" target=\"_blank\">El 40% dels litigis en relaci\u00f3 amb la declaraci\u00f3 de la renda acaben donant la ra\u00f3 al contribuent, segons els gestors <\/a>El 40% de los litigios en relaci\u00f3n con la declaraci\u00f3n de la renta acaban dando la raz\u00f3n al al contribuyente, segun los gestores<\/td>\n<td align=\"right\" class=\"tfuente\">Directe.cat<\/td>\n<\/tr>\n<tr>\n<td class=\"tfecha\">08\/05\/2014 &#8211;<\/td>\n<td class=\"titem\"><a href=\"http:\/\/www.clipmedia.net\/ficheros\/2014\/05_may\/dr689.pdf\" target=\"_blank\">C\u00f3mo detectar el fraude en la contabilidad de las empresas<\/a><\/td>\n<td align=\"right\" class=\"tfuente\">Expansi\u00f3n<\/td>\n<\/tr>\n<tr>\n<td class=\"tfecha\">08\/05\/2014 &#8211;<\/td>\n<td class=\"titem\"><a href=\"http:\/\/www.clipmedia.net\/ficheros\/2014\/05_may\/dr694.pdf\" target=\"_blank\">Los equipos de f\u00fatbol adeudan a\u00fan a Hacienda 720 millones<\/a><\/td>\n<td align=\"right\" class=\"tfuente\">El Economista<\/td>\n<\/tr>\n<tr>\n<td class=\"tfecha\">08\/05\/2014 &#8211;<\/td>\n<td class=\"titem\"><a href=\"http:\/\/www.clipmedia.net\/ficheros\/2014\/05_may\/dr695.pdf\" target=\"_blank\">El aumento de ingresos fiscales permitir\u00e1 reducir el IRPF a 12 millones de espa\u00f1oles<\/a><\/td>\n<td align=\"right\" class=\"tfuente\">El Economista<\/td>\n<\/tr>\n<tr>\n<td class=\"tfecha\">08\/05\/2014 &#8211;<\/td>\n<td class=\"titem\"><a href=\"http:\/\/www.clipmedia.net\/ficheros\/2014\/05_may\/dr696.pdf\" target=\"_blank\">La reconciliaci\u00f3n ante notario permite cobrar por viudedad<\/a><\/td>\n<td align=\"right\" class=\"tfuente\">El Economista<\/td>\n<\/tr>\n<tr>\n<td class=\"tfecha\">08\/05\/2014 &#8211;<\/td>\n<td class=\"titem\"><a href=\"http:\/\/www.clipmedia.net\/ficheros\/2014\/05_may\/dr660.pdf\" target=\"_blank\">El trucaje del cuentakil\u00f3metros es cada vez m\u00e1s f\u00e1cil y frecuente<\/a><\/td>\n<td align=\"right\" class=\"tfuente\">El Peri\u00f3dico de Catalunya<\/td>\n<\/tr>\n<tr>\n<td class=\"tfecha\">08\/05\/2014 &#8211;<\/td>\n<td class=\"titem\"><a href=\"http:\/\/www.clipmedia.net\/ficheros\/2014\/05_may\/dr682.pdf\" target=\"_blank\">Las ventas de coches comerciales encadenan un a\u00f1o de crecimiento<\/a><\/td>\n<td align=\"right\" class=\"tfuente\">Cinco D\u00edas<\/td>\n<\/tr>\n<tr>\n<td class=\"tfecha\">08\/05\/2014 &#8211;<\/td>\n<td class=\"titem\"><a href=\"http:\/\/www.clipmedia.net\/ficheros\/2014\/05_may\/dr690.pdf\" target=\"_blank\">El 40% de los concesionarios ca\u00eddos con la crisis cerraron durante 2013<\/a><\/td>\n<td align=\"right\" class=\"tfuente\">El Mundo<\/td>\n<\/tr>\n<tr>\n<td class=\"tfecha\">08\/05\/2014 &#8211;<\/td>\n<td class=\"titem\"><a href=\"http:\/\/www.clipmedia.net\/ficheros\/2014\/05_may\/dr691.pdf\" target=\"_blank\">PSA confirma la escisi\u00f3n de Citro\u00ebn y DS<\/a><\/td>\n<td align=\"right\" class=\"tfuente\">El Mundo<\/td>\n<\/tr>\n<tr>\n<td class=\"tfecha\">08\/05\/2014 &#8211;<\/td>\n<td class=\"titem\"><a href=\"http:\/\/www.clipmedia.net\/ficheros\/2014\/05_may\/dr692.pdf\" target=\"_blank\">FCA pierde 319 millones en el primer trimestre<\/a><\/td>\n<td align=\"right\" class=\"tfuente\">El Mundo<\/td>\n<\/tr>\n<tr>\n<td colspan=\"3\">&nbsp;<\/td>\n<\/tr>\n<tr>\n<td colspan=\"3\" class=\"tgrupo\"><img loading=\"lazy\" decoding=\"async\" src=\"http:\/\/www.gestoresalicante.org\/img\/newsletter\/picto.jpg\" width=\"20\" height=\"18\" align=\"absmiddle\" style=\"margin-right: 4px;\"> <strong>Ventana Telem\u00e1tica<\/strong><\/td>\n<\/tr>\n<tr>\n<td colspan=\"3\">(No hay registros)<\/td>\n<\/tr>\n<tr>\n<td colspan=\"3\">&nbsp;<\/td>\n<\/tr>\n<tr>\n<td colspan=\"3\" class=\"tgrupo\"><img loading=\"lazy\" decoding=\"async\" src=\"http:\/\/www.gestoresalicante.org\/img\/newsletter\/picto.jpg\" width=\"20\" height=\"18\" align=\"absmiddle\" style=\"margin-right: 4px;\"> <strong> Sector de la formaci\u00f3n<\/strong><\/td>\n<\/tr>\n<tr>\n<td class=\"tfecha\">07\/05\/2014 &#8211;<\/td>\n<td class=\"titem\"><a href=\"http:\/\/www.clipmedia.net\/ficheros\/2014\/05_may\/dr628.pdf\" target=\"_blank\">Espa\u00f1a recibe m\u00e1s de 3,6 millones para voluntariado en Europa<\/a><\/td>\n<td align=\"right\" class=\"tfuente\">El Economista<\/td>\n<\/tr>\n<tr>\n<td class=\"tfecha\">07\/05\/2014 &#8211;<\/td>\n<td class=\"titem\"><a href=\"http:\/\/www.clipmedia.net\/ficheros\/2014\/05_may\/dr629.pdf\" target=\"_blank\">M\u00e1s de cien cursos de verano en la UCM<\/a><\/td>\n<td align=\"right\" class=\"tfuente\">El Economista<\/td>\n<\/tr>\n<tr>\n<td class=\"tfecha\">08\/05\/2014 &#8211;<\/td>\n<td class=\"titem\"><a href=\"http:\/\/www.clipmedia.net\/ficheros\/2014\/05_may\/dr687.pdf\" target=\"_blank\">La diplomacia te ayudar\u00e1 a ascender m\u00e1s que la arrogancia<\/a><\/td>\n<td align=\"right\" class=\"tfuente\">Expansi\u00f3n<\/td>\n<\/tr>\n<tr>\n<td class=\"tfecha\">08\/05\/2014 &#8211;<\/td>\n<td class=\"titem\"><a href=\"http:\/\/www.clipmedia.net\/ficheros\/2014\/05_may\/dr662.pdf\" target=\"_blank\">Bruselas advierte a Espa\u00f1a de que debe mantener la senda del ajuste<\/a><\/td>\n<td align=\"right\" class=\"tfuente\">El Peri\u00f3dico de Catalunya<\/td>\n<\/tr>\n<tr>\n<td class=\"tfecha\">08\/05\/2014 &#8211;<\/td>\n<td class=\"titem\"><a href=\"http:\/\/www.clipmedia.net\/ficheros\/2014\/05_may\/dr677.pdf\" target=\"_blank\">Bruselas reprocha a Rajoy su lentitud en reformar los servicios de empleo <\/a><\/td>\n<td align=\"right\" class=\"tfuente\">La Vanguardia<\/td>\n<\/tr>\n<tr>\n<td class=\"tfecha\">08\/05\/2014 &#8211;<\/td>\n<td class=\"titem\"><a href=\"http:\/\/www.clipmedia.net\/ficheros\/2014\/05_may\/dr683.pdf\" target=\"_blank\">MailScanner ha detectado un posible intento de fraude desde \u00abwww.clipmedia.net\u00bb Comercial, inform\u00e1tico y atenci\u00f3n al cliente, los perfiles laborales m\u00e1s ofertados en Infojobs<\/a><\/td>\n<td align=\"right\" class=\"tfuente\">Cinco D\u00edas<\/td>\n<\/tr>\n<tr>\n<td class=\"tfecha\">08\/05\/2014 &#8211;<\/td>\n<td class=\"titem\"><a href=\"http:\/\/www.clipmedia.net\/ficheros\/2014\/05_may\/dr688.pdf\" target=\"_blank\">La UE pide acelerar la reforma del Inem y la liberalizaci\u00f3n de servicios<\/a><\/td>\n<td align=\"right\" class=\"tfuente\">Expansi\u00f3n<\/td>\n<\/tr>\n<tr>\n<td class=\"tfecha\">08\/05\/2014 &#8211;<\/td>\n<td class=\"titem\"><a href=\"http:\/\/www.clipmedia.net\/ficheros\/2014\/05_may\/dr693.pdf\" target=\"_blank\">El Ejecutivo prepara un plan para impulsar la creaci\u00f3n de 370.000 empleos hasta 2016<\/a><\/td>\n<td align=\"right\" class=\"tfuente\">El Economista<\/td>\n<\/tr>\n<tr>\n<td class=\"tfecha\">08\/05\/2014 &#8211;<\/td>\n<td class=\"titem\"><a href=\"http:\/\/www.clipmedia.net\/ficheros\/2014\/05_may\/dr684.pdf\" target=\"_blank\">Sareb deja a la inmobiliaria de BBVA fuera del concurso para la venta de sus activos<\/a><\/td>\n<td align=\"right\" class=\"tfuente\">Cinco D\u00edas<\/td>\n<\/tr>\n<tr>\n<td class=\"tfecha\">08\/05\/2014 &#8211;<\/td>\n<td class=\"titem\"><a href=\"http:\/\/www.clipmedia.net\/ficheros\/2014\/05_may\/dr685.pdf\" target=\"_blank\">El inmueble estrella de Carlyle en Madrid, en venta<\/a><\/td>\n<td align=\"right\" class=\"tfuente\">Expansi\u00f3n<\/td>\n<\/tr>\n<tr>\n<td class=\"tfecha\">08\/05\/2014 &#8211;<\/td>\n<td class=\"titem\"><a href=\"http:\/\/www.clipmedia.net\/ficheros\/2014\/05_may\/dr686.pdf\" target=\"_blank\">El imperio inmobiliario del Fondo Noruego de Pensiones<\/a><\/td>\n<td align=\"right\" class=\"tfuente\">Expansi\u00f3n<\/td>\n<\/tr>\n<tr>\n<td colspan=\"3\">&nbsp;<\/td>\n<\/tr>\n<tr>\n<td colspan=\"3\" class=\"tgrupo\"><img loading=\"lazy\" decoding=\"async\" src=\"http:\/\/www.gestoresalicante.org\/img\/newsletter\/picto.jpg\" width=\"20\" height=\"18\" align=\"absmiddle\" style=\"margin-right: 4px;\"> <strong>B.O.E<\/strong><\/td>\n<\/tr>\n<tr>\n<td colspan=\"3\">(No hay registros)<\/td>\n<\/tr>\n<\/table>\n<\/div>\n","protected":false},"excerpt":{"rendered":"<p>08\/05\/2014 &nbsp; Consejo General de los Colegios de Gestores Administrativos 08\/05\/2014 &#8211; Profesionales del &#8216;boli&#8217; El Peri\u00f3dico de Catalunya 08\/05\/2014 &#8211; Profesionals del &#8216;boli&#8217;Profesionales del &#8216;boli&#8217; El Peri\u00f3dico de Catalunya 08\/05\/2014 &#8211; Augmenten les reclamacions per l&#8217;IRPF durant la crisiAumentan &hellip; <a href=\"https:\/\/www.gestoresalicante.org\/blog\/index.php\/2014\/05\/08\/resumen-de-prensa-08-05-2014\/\">Sigue leyendo <span class=\"meta-nav\">&rarr;<\/span><\/a><\/p>\n","protected":false},"author":4,"featured_media":0,"comment_status":"closed","ping_status":"closed","sticky":false,"template":"","format":"standard","meta":{"footnotes":""},"categories":[6],"tags":[],"class_list":["post-707","post","type-post","status-publish","format-standard","hentry","category-resumendeprensa"],"_links":{"self":[{"href":"https:\/\/www.gestoresalicante.org\/blog\/index.php\/wp-json\/wp\/v2\/posts\/707","targetHints":{"allow":["GET"]}}],"collection":[{"href":"https:\/\/www.gestoresalicante.org\/blog\/index.php\/wp-json\/wp\/v2\/posts"}],"about":[{"href":"https:\/\/www.gestoresalicante.org\/blog\/index.php\/wp-json\/wp\/v2\/types\/post"}],"author":[{"embeddable":true,"href":"https:\/\/www.gestoresalicante.org\/blog\/index.php\/wp-json\/wp\/v2\/users\/4"}],"replies":[{"embeddable":true,"href":"https:\/\/www.gestoresalicante.org\/blog\/index.php\/wp-json\/wp\/v2\/comments?post=707"}],"version-history":[{"count":0,"href":"https:\/\/www.gestoresalicante.org\/blog\/index.php\/wp-json\/wp\/v2\/posts\/707\/revisions"}],"wp:attachment":[{"href":"https:\/\/www.gestoresalicante.org\/blog\/index.php\/wp-json\/wp\/v2\/media?parent=707"}],"wp:term":[{"taxonomy":"category","embeddable":true,"href":"https:\/\/www.gestoresalicante.org\/blog\/index.php\/wp-json\/wp\/v2\/categories?post=707"},{"taxonomy":"post_tag","embeddable":true,"href":"https:\/\/www.gestoresalicante.org\/blog\/index.php\/wp-json\/wp\/v2\/tags?post=707"}],"curies":[{"name":"wp","href":"https:\/\/api.w.org\/{rel}","templated":true}]}}