{"id":709,"date":"2014-05-12T09:00:00","date_gmt":"2014-05-12T08:00:00","guid":{"rendered":"http:\/\/www.gestoresalicante.org\/blog\/index.php\/2014\/05\/12\/resumen-de-prensa-10-05-2014\/"},"modified":"-0001-11-30T00:00:00","modified_gmt":"-0001-11-29T22:00:00","slug":"resumen-de-prensa-10-05-2014","status":"publish","type":"post","link":"https:\/\/www.gestoresalicante.org\/blog\/index.php\/2014\/05\/12\/resumen-de-prensa-10-05-2014\/","title":{"rendered":"Resumen de Prensa 10-05-2014"},"content":{"rendered":"<div class=\"nboletin\">\n<table width=\"90%\" cellpadding=\"4\">\n<tr>\n<td colspan=\"3\">\n<div style=\"background-color: #CCCCCC;padding: 4px 10px 4px 10px;width: 100%;border: 1px #414141 solid;\"><img decoding=\"async\" alt=\"Consejo de Gestores\" src=\"http:\/\/www.gestoresalicante.org\/img\/newsletter\/conges.jpg\" width=226 height=70><\/div>\n<\/td>\n<\/tr>\n<tr>\n<td align=\"right\" colspan=\"3\"><strong>10\/05\/2014 &#8211; 12\/05\/2014 <\/strong><\/td>\n<\/tr>\n<tr>\n<td colspan=\"3\">&nbsp;<\/td>\n<\/tr>\n<tr>\n<td colspan=\"3\" class=\"tgrupo\"><img loading=\"lazy\" decoding=\"async\" src=\"http:\/\/www.gestoresalicante.org\/img\/newsletter\/picto.jpg\" width=\"20\" height=\"18\" align=\"absmiddle\" style=\"margin-right: 4px;\"> <strong>Consejo General de los Colegios de Gestores Administrativos<\/strong><\/td>\n<\/tr>\n<tr>\n<td colspan=\"3\">(No hay registros)<\/td>\n<\/tr>\n<tr>\n<td colspan=\"3\">&nbsp;<\/td>\n<\/tr>\n<tr>\n<td colspan=\"3\" class=\"tgrupo\"><img loading=\"lazy\" decoding=\"async\" src=\"http:\/\/www.gestoresalicante.org\/img\/newsletter\/picto.jpg\" width=\"20\" height=\"18\" align=\"absmiddle\" style=\"margin-right: 4px;\"> <strong>Sector Fiscal<\/strong><\/td>\n<\/tr>\n<tr>\n<td class=\"tfecha\">12\/05\/2014 &#8211;<\/td>\n<td class=\"titem\"><a href=\"http:\/\/www.clipmedia.net\/ficheros\/2014\/05_may\/dr827.pdf\" target=\"_blank\">Los jueces tratan de blindar las ventas de negocios concursales<\/a><\/td>\n<td align=\"right\" class=\"tfuente\">La Vanguardia<\/td>\n<\/tr>\n<tr>\n<td class=\"tfecha\">12\/05\/2014 &#8211;<\/td>\n<td class=\"titem\"><a href=\"http:\/\/www.clipmedia.net\/ficheros\/2014\/05_may\/dr828.pdf\" target=\"_blank\">Hacienda inicia la atenci\u00f3n presencial para la declaraci\u00f3n de la renta<\/a><\/td>\n<td align=\"right\" class=\"tfuente\">La Vanguardia<\/td>\n<\/tr>\n<tr>\n<td class=\"tfecha\">12\/05\/2014 &#8211;<\/td>\n<td class=\"titem\"><a href=\"http:\/\/www.clipmedia.net\/ficheros\/2014\/05_may\/dr836.pdf\" target=\"_blank\">Qui\u00e9n gana y qui\u00e9n pierde con un tipo m\u00ednimo en Sucesiones<\/a><\/td>\n<td align=\"right\" class=\"tfuente\">Cinco D\u00edas<\/td>\n<\/tr>\n<tr>\n<td class=\"tfecha\">10\/05\/2014 &#8211;<\/td>\n<td class=\"titem\"><a href=\"http:\/\/www.clipmedia.net\/ficheros\/2014\/05_may\/qk096.pdf\" target=\"_blank\">Todas las nuevas leyes pasar\u00e1n por el filtro de la unidad de mercado<\/a><\/td>\n<td align=\"right\" class=\"tfuente\">La Vanguardia<\/td>\n<\/tr>\n<tr>\n<td class=\"tfecha\">10\/05\/2014 &#8211;<\/td>\n<td class=\"titem\"><a href=\"http:\/\/www.clipmedia.net\/ficheros\/2014\/05_may\/qk108.pdf\" target=\"_blank\">Hipoteca multidivisa: los jueces se dividen a la hora de fijar su nulidad<\/a><\/td>\n<td align=\"right\" class=\"tfuente\">El Economista<\/td>\n<\/tr>\n<tr>\n<td class=\"tfecha\">12\/05\/2014 &#8211;<\/td>\n<td class=\"titem\"><a href=\"http:\/\/www.clipmedia.net\/ficheros\/2014\/05_may\/qk083.pdf\" target=\"_blank\">Las ventas de coches el\u00e9ctricos se desploman por la falta de ayudas<\/a><\/td>\n<td align=\"right\" class=\"tfuente\">El Peri\u00f3dico de Catalunya<\/td>\n<\/tr>\n<tr>\n<td class=\"tfecha\">12\/05\/2014 &#8211;<\/td>\n<td class=\"titem\"><a href=\"http:\/\/www.clipmedia.net\/ficheros\/2014\/05_may\/dr833.pdf\" target=\"_blank\">La edad media de los coches en Espa\u00f1a se dispara a 11,3 a\u00f1os<\/a><\/td>\n<td align=\"right\" class=\"tfuente\">Cinco D\u00edas<\/td>\n<\/tr>\n<tr>\n<td class=\"tfecha\">12\/05\/2014 &#8211;<\/td>\n<td class=\"titem\"><a href=\"http:\/\/www.clipmedia.net\/ficheros\/2014\/05_may\/dr834.pdf\" target=\"_blank\">La reconversi\u00f3n de los talleres<\/a><\/td>\n<td align=\"right\" class=\"tfuente\">Cinco D\u00edas<\/td>\n<\/tr>\n<tr>\n<td class=\"tfecha\">10\/05\/2014 &#8211;<\/td>\n<td class=\"titem\"><a href=\"http:\/\/www.clipmedia.net\/ficheros\/2014\/05_may\/qk103.pdf\" target=\"_blank\">Competencia apunta al autom\u00f3vil<\/a><\/td>\n<td align=\"right\" class=\"tfuente\">El Pa\u00eds<\/td>\n<\/tr>\n<tr>\n<td class=\"tfecha\">10\/05\/2014 &#8211;<\/td>\n<td class=\"titem\"><a href=\"http:\/\/www.clipmedia.net\/ficheros\/2014\/05_may\/dr851.pdf\" target=\"_blank\">BMW ya tiene vendido el primer a\u00f1o de producci\u00f3n del h\u00edbrido i8<\/a><\/td>\n<td align=\"right\" class=\"tfuente\">El Mundo<\/td>\n<\/tr>\n<tr>\n<td class=\"tfecha\">10\/05\/2014 &#8211;<\/td>\n<td class=\"titem\"><a href=\"http:\/\/www.clipmedia.net\/ficheros\/2014\/05_may\/dr852.pdf\" target=\"_blank\">Competencia suma m\u00e1s marcas a su expediente<\/a><\/td>\n<td align=\"right\" class=\"tfuente\">El Mundo<\/td>\n<\/tr>\n<tr>\n<td colspan=\"3\">&nbsp;<\/td>\n<\/tr>\n<tr>\n<td colspan=\"3\" class=\"tgrupo\"><img loading=\"lazy\" decoding=\"async\" src=\"http:\/\/www.gestoresalicante.org\/img\/newsletter\/picto.jpg\" width=\"20\" height=\"18\" align=\"absmiddle\" style=\"margin-right: 4px;\"> <strong>Ventana Telem\u00e1tica<\/strong><\/td>\n<\/tr>\n<tr>\n<td colspan=\"3\">(No hay registros)<\/td>\n<\/tr>\n<tr>\n<td colspan=\"3\">&nbsp;<\/td>\n<\/tr>\n<tr>\n<td colspan=\"3\" class=\"tgrupo\"><img loading=\"lazy\" decoding=\"async\" src=\"http:\/\/www.gestoresalicante.org\/img\/newsletter\/picto.jpg\" width=\"20\" height=\"18\" align=\"absmiddle\" style=\"margin-right: 4px;\"> <strong> Sector de la formaci\u00f3n<\/strong><\/td>\n<\/tr>\n<tr>\n<td class=\"tfecha\">12\/05\/2014 &#8211;<\/td>\n<td class=\"titem\"><a href=\"http:\/\/www.clipmedia.net\/ficheros\/2014\/05_may\/dr825.pdf\" target=\"_blank\">Rebeli\u00f3n en las facultades de Econom\u00eda<\/a><\/td>\n<td align=\"right\" class=\"tfuente\">La Vanguardia<\/td>\n<\/tr>\n<tr>\n<td class=\"tfecha\">12\/05\/2014 &#8211;<\/td>\n<td class=\"titem\"><a href=\"http:\/\/www.clipmedia.net\/ficheros\/2014\/05_may\/dr840.pdf\" target=\"_blank\">IESE y Esade, en el &#8216;top 5&#8217; mundial de la educaci\u00f3n para ejecutivos<\/a><\/td>\n<td align=\"right\" class=\"tfuente\">Expansi\u00f3n<\/td>\n<\/tr>\n<tr>\n<td class=\"tfecha\">11\/05\/2014 &#8211;<\/td>\n<td class=\"titem\"><a href=\"http:\/\/www.clipmedia.net\/ficheros\/2014\/05_may\/dr846.pdf\" target=\"_blank\">El abogado sale del bufete<\/a><\/td>\n<td align=\"right\" class=\"tfuente\">La Vanguardia &#8211; Dinero<\/td>\n<\/tr>\n<tr>\n<td class=\"tfecha\">10\/05\/2014 &#8211;<\/td>\n<td class=\"titem\"><a href=\"http:\/\/www.clipmedia.net\/ficheros\/2014\/05_may\/qk131.pdf\" target=\"_blank\">C\u00f3mo seducir al gran despacho<\/a><\/td>\n<td align=\"right\" class=\"tfuente\">Expansi\u00f3n<\/td>\n<\/tr>\n<tr>\n<td class=\"tfecha\">10\/05\/2014 &#8211;<\/td>\n<td class=\"titem\"><a href=\"http:\/\/www.clipmedia.net\/ficheros\/2014\/05_may\/qk134.pdf\" target=\"_blank\">La nueva puerta de acceso para ser abogado<\/a><\/td>\n<td align=\"right\" class=\"tfuente\">Expansi\u00f3n<\/td>\n<\/tr>\n<tr>\n<td class=\"tfecha\">12\/05\/2014 &#8211;<\/td>\n<td class=\"titem\"><a href=\"http:\/\/www.clipmedia.net\/ficheros\/2014\/05_may\/dr819.pdf\" target=\"_blank\">El 63% de las empresas creen que este a\u00f1o vender\u00e1n m\u00e1s<\/a><\/td>\n<td align=\"right\" class=\"tfuente\">Expansi\u00f3n<\/td>\n<\/tr>\n<tr>\n<td class=\"tfecha\">12\/05\/2014 &#8211;<\/td>\n<td class=\"titem\"><a href=\"http:\/\/www.clipmedia.net\/ficheros\/2014\/05_may\/dr822.pdf\" target=\"_blank\">Coca-Cola contrata a temporales de Eulen con el ERE pendiente de juicio<\/a><\/td>\n<td align=\"right\" class=\"tfuente\">El Economista<\/td>\n<\/tr>\n<tr>\n<td class=\"tfecha\">12\/05\/2014 &#8211;<\/td>\n<td class=\"titem\"><a href=\"http:\/\/www.clipmedia.net\/ficheros\/2014\/05_may\/dr849.pdf\" target=\"_blank\">Es despido individual si se comunica antes de acabar la negociaci\u00f3n<\/a><\/td>\n<td align=\"right\" class=\"tfuente\">El Economista<\/td>\n<\/tr>\n<tr>\n<td class=\"tfecha\">12\/05\/2014 &#8211;<\/td>\n<td class=\"titem\"><a href=\"http:\/\/www.clipmedia.net\/ficheros\/2014\/05_may\/dr835.pdf\" target=\"_blank\">Las pymes han quitado ya los vales de comida a 42.000 empleados<\/a><\/td>\n<td align=\"right\" class=\"tfuente\">Cinco D\u00edas<\/td>\n<\/tr>\n<tr>\n<td class=\"tfecha\">12\/05\/2014 &#8211;<\/td>\n<td class=\"titem\"><a href=\"http:\/\/www.clipmedia.net\/ficheros\/2014\/05_may\/dr841.pdf\" target=\"_blank\">\u00bfQu\u00e9 ganas si tienes un apego excesivo por tu compa\u00f1\u00eda?<\/a><\/td>\n<td align=\"right\" class=\"tfuente\">Expansi\u00f3n<\/td>\n<\/tr>\n<tr>\n<td class=\"tfecha\">11\/05\/2014 &#8211;<\/td>\n<td class=\"titem\"><a href=\"http:\/\/www.clipmedia.net\/ficheros\/2014\/05_may\/dr843.pdf\" target=\"_blank\">Tres millones y mdio de vidas en la cola m\u00e1s larga del paro<\/a><\/td>\n<td align=\"right\" class=\"tfuente\">La Vanguardia &#8211; Dinero<\/td>\n<\/tr>\n<tr>\n<td class=\"tfecha\">11\/05\/2014 &#8211;<\/td>\n<td class=\"titem\"><a href=\"http:\/\/www.clipmedia.net\/ficheros\/2014\/05_may\/dr844.pdf\" target=\"_blank\">MailScanner ha detectado un posible intento de fraude desde \u00abwww.clipmedia.net\u00bb Josep Oliver, catedr\u00e1tico de Econom\u00eda Aplicada de la UAB: &quot;Volveremos a necesitar inmigrantes cualificados, como en los noventa&quot;<\/a><\/td>\n<td align=\"right\" class=\"tfuente\">La Vanguardia &#8211; Dinero<\/td>\n<\/tr>\n<tr>\n<td class=\"tfecha\">10\/05\/2014 &#8211;<\/td>\n<td class=\"titem\"><a href=\"http:\/\/www.clipmedia.net\/ficheros\/2014\/05_may\/qk104.pdf\" target=\"_blank\">El Gobierno suaviza los l\u00edmites del &#8216;crowdfunding&#8217; para los profesionales<\/a><\/td>\n<td align=\"right\" class=\"tfuente\">El Pa\u00eds<\/td>\n<\/tr>\n<tr>\n<td class=\"tfecha\">10\/05\/2014 &#8211;<\/td>\n<td class=\"titem\"><a href=\"http:\/\/www.clipmedia.net\/ficheros\/2014\/05_may\/qk107.pdf\" target=\"_blank\">La creaci\u00f3n de empresas sube un 14,1% en marzo y suma 4 meses al alza<\/a><\/td>\n<td align=\"right\" class=\"tfuente\">El Economista<\/td>\n<\/tr>\n<tr>\n<td class=\"tfecha\">10\/05\/2014 &#8211;<\/td>\n<td class=\"titem\"><a href=\"http:\/\/www.clipmedia.net\/ficheros\/2014\/05_may\/qk109.pdf\" target=\"_blank\">Los comercios en Barcelona no podr\u00e1n abrir los festivos en verano<\/a><\/td>\n<td align=\"right\" class=\"tfuente\">Cinco D\u00edas<\/td>\n<\/tr>\n<tr>\n<td class=\"tfecha\">10\/05\/2014 &#8211;<\/td>\n<td class=\"titem\"><a href=\"http:\/\/www.clipmedia.net\/ficheros\/2014\/05_may\/qk125.pdf\" target=\"_blank\">Ya has encontrado un empleo&#8230; pero ahora empiezan tus desaf\u00edos<\/a><\/td>\n<td align=\"right\" class=\"tfuente\">Expansi\u00f3n<\/td>\n<\/tr>\n<tr>\n<td class=\"tfecha\">10\/05\/2014 &#8211;<\/td>\n<td class=\"titem\"><a href=\"http:\/\/www.clipmedia.net\/ficheros\/2014\/05_may\/qk128.pdf\" target=\"_blank\">\u00bfPuedes superar una entrevista de trabajo?<\/a><\/td>\n<td align=\"right\" class=\"tfuente\">Expansi\u00f3n &#8211; Empleo<\/td>\n<\/tr>\n<tr>\n<td class=\"tfecha\">12\/05\/2014 &#8211;<\/td>\n<td class=\"titem\"><a href=\"http:\/\/www.clipmedia.net\/ficheros\/2014\/05_may\/dr854.pdf\" target=\"_blank\">El Grupo Ibosa pujar\u00e1 por solares c\u00e9ntricos para hacer pisos en Madrid<\/a><\/td>\n<td align=\"right\" class=\"tfuente\">El Economista<\/td>\n<\/tr>\n<tr>\n<td class=\"tfecha\">12\/05\/2014 &#8211;<\/td>\n<td class=\"titem\"><a href=\"http:\/\/www.clipmedia.net\/ficheros\/2014\/05_may\/dr837.pdf\" target=\"_blank\">El Fondo Social de Vivienda acoger\u00e1 a los mayores que avalen la deuda a sus hijos<\/a><\/td>\n<td align=\"right\" class=\"tfuente\">Cinco D\u00edas<\/td>\n<\/tr>\n<tr>\n<td class=\"tfecha\">12\/05\/2014 &#8211;<\/td>\n<td class=\"titem\"><a href=\"http:\/\/www.clipmedia.net\/ficheros\/2014\/05_may\/dr838.pdf\" target=\"_blank\">C\u00f3mo incrementar el valor de su casa un 24%<\/a><\/td>\n<td align=\"right\" class=\"tfuente\">Cinco D\u00edas<\/td>\n<\/tr>\n<tr>\n<td class=\"tfecha\">12\/05\/2014 &#8211;<\/td>\n<td class=\"titem\"><a href=\"http:\/\/www.clipmedia.net\/ficheros\/2014\/05_may\/dr839.pdf\" target=\"_blank\">La inmobiliaria Gmp ficha a JPMorgan para buscar un socio<\/a><\/td>\n<td align=\"right\" class=\"tfuente\">Expansi\u00f3n<\/td>\n<\/tr>\n<tr>\n<td class=\"tfecha\">12\/05\/2014 &#8211;<\/td>\n<td class=\"titem\"><a href=\"http:\/\/www.clipmedia.net\/ficheros\/2014\/05_may\/qk106.pdf\" target=\"_blank\">Guindos confirma que la vivienda habitual no computar\u00e1 como renta<\/a><\/td>\n<td align=\"right\" class=\"tfuente\">El Economista<\/td>\n<\/tr>\n<tr>\n<td class=\"tfecha\">11\/05\/2014 &#8211;<\/td>\n<td class=\"titem\"><a href=\"http:\/\/www.clipmedia.net\/ficheros\/2014\/05_may\/dr842.pdf\" target=\"_blank\">Otra grieta en Marina d&#8217;Or<\/a><\/td>\n<td align=\"right\" class=\"tfuente\">El Peri\u00f3dico de Catalunya<\/td>\n<\/tr>\n<tr>\n<td class=\"tfecha\">11\/05\/2014 &#8211;<\/td>\n<td class=\"titem\"><a href=\"http:\/\/www.clipmedia.net\/ficheros\/2014\/05_may\/dr848.pdf\" target=\"_blank\">Pisos en Espa\u00f1a. Una ganga para los chinos ricos<\/a><\/td>\n<td align=\"right\" class=\"tfuente\">ABC<\/td>\n<\/tr>\n<tr>\n<td class=\"tfecha\">10\/05\/2014 &#8211;<\/td>\n<td class=\"titem\"><a href=\"http:\/\/www.clipmedia.net\/ficheros\/2014\/05_may\/qk105.pdf\" target=\"_blank\">La inmobiliaria Engel &amp; Volkers contratar\u00e1 a 200 consultores<\/a><\/td>\n<td align=\"right\" class=\"tfuente\">El Economista<\/td>\n<\/tr>\n<tr>\n<td class=\"tfecha\">10\/05\/2014 &#8211;<\/td>\n<td class=\"titem\"><a href=\"http:\/\/www.clipmedia.net\/ficheros\/2014\/05_may\/qk115.pdf\" target=\"_blank\">La recuperaci\u00f3n de la vivienda, m\u00e1s cerca<\/a><\/td>\n<td align=\"right\" class=\"tfuente\">Expansi\u00f3n<\/td>\n<\/tr>\n<tr>\n<td class=\"tfecha\">10\/05\/2014 &#8211;<\/td>\n<td class=\"titem\"><a href=\"http:\/\/www.clipmedia.net\/ficheros\/2014\/05_may\/qk120.pdf\" target=\"_blank\">El mercado de viviendas comienza a despegar<\/a><\/td>\n<td align=\"right\" class=\"tfuente\">Expansi\u00f3n<\/td>\n<\/tr>\n<tr>\n<td class=\"tfecha\">10\/05\/2014 &#8211;<\/td>\n<td class=\"titem\"><a href=\"http:\/\/www.clipmedia.net\/ficheros\/2014\/05_may\/qk095.pdf\" target=\"_blank\">El Barcelona Meeting Point regresa a los compradores cl\u00e1sicos<\/a><\/td>\n<td align=\"right\" class=\"tfuente\">La Vanguardia &#8211; Vivir<\/td>\n<\/tr>\n<tr>\n<td colspan=\"3\">&nbsp;<\/td>\n<\/tr>\n<tr>\n<td colspan=\"3\" class=\"tgrupo\"><img loading=\"lazy\" decoding=\"async\" src=\"http:\/\/www.gestoresalicante.org\/img\/newsletter\/picto.jpg\" width=\"20\" height=\"18\" align=\"absmiddle\" style=\"margin-right: 4px;\"> <strong>B.O.E<\/strong><\/td>\n<\/tr>\n<tr>\n<td colspan=\"3\">(No hay registros)<\/td>\n<\/tr>\n<\/table>\n<\/div>\n","protected":false},"excerpt":{"rendered":"<p>10\/05\/2014 &#8211; 12\/05\/2014 &nbsp; Consejo General de los Colegios de Gestores Administrativos (No hay registros) &nbsp; Sector Fiscal 12\/05\/2014 &#8211; Los jueces tratan de blindar las ventas de negocios concursales La Vanguardia 12\/05\/2014 &#8211; Hacienda inicia la atenci\u00f3n presencial para &hellip; <a href=\"https:\/\/www.gestoresalicante.org\/blog\/index.php\/2014\/05\/12\/resumen-de-prensa-10-05-2014\/\">Sigue leyendo <span class=\"meta-nav\">&rarr;<\/span><\/a><\/p>\n","protected":false},"author":4,"featured_media":0,"comment_status":"closed","ping_status":"closed","sticky":false,"template":"","format":"standard","meta":{"footnotes":""},"categories":[6],"tags":[],"class_list":["post-709","post","type-post","status-publish","format-standard","hentry","category-resumendeprensa"],"_links":{"self":[{"href":"https:\/\/www.gestoresalicante.org\/blog\/index.php\/wp-json\/wp\/v2\/posts\/709","targetHints":{"allow":["GET"]}}],"collection":[{"href":"https:\/\/www.gestoresalicante.org\/blog\/index.php\/wp-json\/wp\/v2\/posts"}],"about":[{"href":"https:\/\/www.gestoresalicante.org\/blog\/index.php\/wp-json\/wp\/v2\/types\/post"}],"author":[{"embeddable":true,"href":"https:\/\/www.gestoresalicante.org\/blog\/index.php\/wp-json\/wp\/v2\/users\/4"}],"replies":[{"embeddable":true,"href":"https:\/\/www.gestoresalicante.org\/blog\/index.php\/wp-json\/wp\/v2\/comments?post=709"}],"version-history":[{"count":0,"href":"https:\/\/www.gestoresalicante.org\/blog\/index.php\/wp-json\/wp\/v2\/posts\/709\/revisions"}],"wp:attachment":[{"href":"https:\/\/www.gestoresalicante.org\/blog\/index.php\/wp-json\/wp\/v2\/media?parent=709"}],"wp:term":[{"taxonomy":"category","embeddable":true,"href":"https:\/\/www.gestoresalicante.org\/blog\/index.php\/wp-json\/wp\/v2\/categories?post=709"},{"taxonomy":"post_tag","embeddable":true,"href":"https:\/\/www.gestoresalicante.org\/blog\/index.php\/wp-json\/wp\/v2\/tags?post=709"}],"curies":[{"name":"wp","href":"https:\/\/api.w.org\/{rel}","templated":true}]}}