{"id":730,"date":"2014-06-02T09:00:00","date_gmt":"2014-06-02T08:00:00","guid":{"rendered":"http:\/\/www.gestoresalicante.org\/blog\/index.php\/2014\/06\/02\/resumen-de-prensa-24-05-2014\/"},"modified":"-0001-11-30T00:00:00","modified_gmt":"-0001-11-29T22:00:00","slug":"resumen-de-prensa-24-05-2014","status":"publish","type":"post","link":"https:\/\/www.gestoresalicante.org\/blog\/index.php\/2014\/06\/02\/resumen-de-prensa-24-05-2014\/","title":{"rendered":"Resumen de Prensa 24-05-2014"},"content":{"rendered":"<div class=\"nboletin\">\n<table width=\"90%\" cellpadding=\"4\">\n<tr>\n<td colspan=\"3\">\n<div style=\"background-color: #CCCCCC;padding: 4px 10px 4px 10px;width: 100%;border: 1px #414141 solid;\"><img decoding=\"async\" alt=\"Consejo de Gestores\" src=\"http:\/\/www.gestoresalicante.org\/img\/newsletter\/conges.jpg\" width=226 height=70><\/div>\n<\/td>\n<\/tr>\n<tr>\n<td align=\"right\" colspan=\"3\"><strong>24\/05\/2014 &#8211; 26\/05\/2014 <\/strong><\/td>\n<\/tr>\n<tr>\n<td colspan=\"3\">&nbsp;<\/td>\n<\/tr>\n<tr>\n<td colspan=\"3\" class=\"tgrupo\"><img loading=\"lazy\" decoding=\"async\" src=\"http:\/\/www.gestoresalicante.org\/img\/newsletter\/picto.jpg\" width=\"20\" height=\"18\" align=\"absmiddle\" style=\"margin-right: 4px;\"> <strong>Consejo General de los Colegios de Gestores Administrativos<\/strong><\/td>\n<\/tr>\n<tr>\n<td class=\"tfecha\">25\/05\/2014 &#8211;<\/td>\n<td class=\"titem\"><a href=\"http:\/\/www.clipmedia.net\/ficheros\/2014\/05_may\/dq584.pdf\" target=\"_blank\">En abril crece un 10% las matriculaciones<\/a><\/td>\n<td align=\"right\" class=\"tfuente\">Ideal<\/td>\n<\/tr>\n<tr>\n<td class=\"tfecha\">25\/05\/2014 &#8211;<\/td>\n<td class=\"titem\"><a href=\"http:\/\/www.clipmedia.net\/ficheros\/2014\/05_may\/dq585.pdf\" target=\"_blank\">Los gestores administrativos celebran su fiesta en Lleida<\/a><\/td>\n<td align=\"right\" class=\"tfuente\">Segre<\/td>\n<\/tr>\n<tr>\n<td class=\"tfecha\">25\/05\/2014 &#8211;<\/td>\n<td class=\"titem\"><a href=\"http:\/\/www.clipmedia.net\/ficheros\/2014\/05_may\/dq586.pdf\" target=\"_blank\">Els gestors administratius celebren la seva festa a Lleida<\/a>Los gestores administrativos celebran su fiesta en Lleida<\/td>\n<td align=\"right\" class=\"tfuente\">Lleida.com<\/td>\n<\/tr>\n<tr>\n<td class=\"tfecha\">25\/05\/2014 &#8211;<\/td>\n<td class=\"titem\"><a href=\"http:\/\/www.clipmedia.net\/ficheros\/2014\/05_may\/dq587.pdf\" target=\"_blank\">Els gestors administratius celebren la seva festa a Lleida<\/a>Los gestores administrativos celebran su fiesta en Lleida<\/td>\n<td align=\"right\" class=\"tfuente\">Segre<\/td>\n<\/tr>\n<tr>\n<td class=\"tfecha\">26\/05\/2014 &#8211;<\/td>\n<td class=\"titem\"><a href=\"http:\/\/www.clipmedia.net\/ficheros\/2014\/05_may\/dq588.pdf\" target=\"_blank\">Francesc Romeu Olivella, Gestor administrativo. Col\u00b7legi de Gestors Administratius de Catalunya: &quot;M\u00e1s flexibilidad, mayor empleabilialidad&quot;<\/a><\/td>\n<td align=\"right\" class=\"tfuente\">La Vanguardia<\/td>\n<\/tr>\n<tr>\n<td class=\"tfecha\">24\/05\/2014 &#8211;<\/td>\n<td class=\"titem\"><a href=\"http:\/\/www.clipmedia.net\/ficheros\/2014\/05_may\/qk237.pdf\" target=\"_blank\">Sanidad pagar\u00e1 1,5 millones a la firma Ordesa por da\u00f1ar su imagen<\/a><\/td>\n<td align=\"right\" class=\"tfuente\">El Economista<\/td>\n<\/tr>\n<tr>\n<td class=\"tfecha\">26\/05\/2014 &#8211;<\/td>\n<td class=\"titem\"><a href=\"http:\/\/www.clipmedia.net\/ficheros\/2014\/05_may\/dq553.pdf\" target=\"_blank\">Enojo en las cortes arbitrales por el futuro C\u00f3digo Mercantil<\/a><\/td>\n<td align=\"right\" class=\"tfuente\">El Economista<\/td>\n<\/tr>\n<tr>\n<td class=\"tfecha\">26\/05\/2014 &#8211;<\/td>\n<td class=\"titem\"><a href=\"http:\/\/www.clipmedia.net\/ficheros\/2014\/05_may\/dq554.pdf\" target=\"_blank\">El TC admite un recurso contra el sistema para fijar las costas judiciales<\/a><\/td>\n<td align=\"right\" class=\"tfuente\">El Economista<\/td>\n<\/tr>\n<tr>\n<td class=\"tfecha\">24\/05\/2014 &#8211;<\/td>\n<td class=\"titem\"><a href=\"http:\/\/www.clipmedia.net\/ficheros\/2014\/05_may\/qk277.pdf\" target=\"_blank\">Guindos rebate a Montoro y advierte de que es \u00bbdif\u00edcil\u00bb sancionar a empresas morosas<\/a><\/td>\n<td align=\"right\" class=\"tfuente\">El Economista<\/td>\n<\/tr>\n<tr>\n<td class=\"tfecha\">24\/05\/2014 &#8211;<\/td>\n<td class=\"titem\"><a href=\"http:\/\/www.clipmedia.net\/ficheros\/2014\/05_may\/qk278.pdf\" target=\"_blank\">Pymes y aut\u00f3nomos exigen sanciones disuasorias ya<\/a><\/td>\n<td align=\"right\" class=\"tfuente\">El Economista<\/td>\n<\/tr>\n<tr>\n<td class=\"tfecha\">26\/05\/2014 &#8211;<\/td>\n<td class=\"titem\"><a href=\"http:\/\/www.clipmedia.net\/ficheros\/2014\/05_may\/dq582.pdf\" target=\"_blank\">Baltasar Garz\u00f3n, exmagistrado de la Audiencia Nacional: &quot;Las reformas legislativas est\u00e1n restringiendo nuestros derechos&quot;<\/a><\/td>\n<td align=\"right\" class=\"tfuente\">Expansi\u00f3n<\/td>\n<\/tr>\n<tr>\n<td class=\"tfecha\">24\/05\/2014 &#8211;<\/td>\n<td class=\"titem\"><a href=\"http:\/\/www.clipmedia.net\/ficheros\/2014\/05_may\/dq545.pdf\" target=\"_blank\">Dacia y Renault: 10 a\u00f1os de uni\u00f3n<\/a><\/td>\n<td align=\"right\" class=\"tfuente\">El Mundo<\/td>\n<\/tr>\n<tr>\n<td class=\"tfecha\">24\/05\/2014 &#8211;<\/td>\n<td class=\"titem\"><a href=\"http:\/\/www.clipmedia.net\/ficheros\/2014\/05_may\/dq546.pdf\" target=\"_blank\">Toyota y Honda paran la producci\u00f3n en Tailandia<\/a><\/td>\n<td align=\"right\" class=\"tfuente\">El Mundo<\/td>\n<\/tr>\n<tr>\n<td class=\"tfecha\">26\/05\/2014 &#8211;<\/td>\n<td class=\"titem\"><a href=\"http:\/\/www.clipmedia.net\/ficheros\/2014\/05_may\/dq576.pdf\" target=\"_blank\">La crisis de GM se agrava al admitir nuevos accidentes por sus fallos<\/a><\/td>\n<td align=\"right\" class=\"tfuente\">El Pa\u00eds<\/td>\n<\/tr>\n<tr>\n<td class=\"tfecha\">24\/05\/2014 &#8211;<\/td>\n<td class=\"titem\"><a href=\"http:\/\/www.clipmedia.net\/ficheros\/2014\/05_may\/qk283.pdf\" target=\"_blank\">Skoda ya trabaja para adaptar su planta de Kvasiny al SUV de Seat<\/a><\/td>\n<td align=\"right\" class=\"tfuente\">Expansi\u00f3n<\/td>\n<\/tr>\n<tr>\n<td class=\"tfecha\">26\/05\/2014 &#8211;<\/td>\n<td class=\"titem\"><a href=\"http:\/\/www.clipmedia.net\/ficheros\/2014\/05_may\/dq581.pdf\" target=\"_blank\">Albert Gallegos, Director de relaciones internacionales de NADA, la patronal de concesionarios de EEUU: &quot;Internet es el gran reto de los concesionarios&quot;<\/a><\/td>\n<td align=\"right\" class=\"tfuente\">Cinco D\u00edas<\/td>\n<\/tr>\n<tr>\n<td class=\"tfecha\">25\/05\/2014 &#8211;<\/td>\n<td class=\"titem\"><a href=\"http:\/\/www.clipmedia.net\/ficheros\/2014\/05_may\/dq583.pdf\" target=\"_blank\">Mark Templin, director general de Lexus International: &quot;La tecnolog\u00eda da seguridad, pero no permite soltar el volante&quot;<\/a><\/td>\n<td align=\"right\" class=\"tfuente\">El Pa\u00eds &#8211; Negocios<\/td>\n<\/tr>\n<tr>\n<td class=\"tfecha\">24\/05\/2014 &#8211;<\/td>\n<td class=\"titem\"><a href=\"http:\/\/www.clipmedia.net\/ficheros\/2014\/05_may\/qk288.pdf\" target=\"_blank\">\u00bfConsentir\u00edas que te espiaran en Facebook?<\/a><\/td>\n<td align=\"right\" class=\"tfuente\">Expansi\u00f3n &#8211; Empleo<\/td>\n<\/tr>\n<tr>\n<td class=\"tfecha\">26\/05\/2014 &#8211;<\/td>\n<td class=\"titem\"><a href=\"http:\/\/www.clipmedia.net\/ficheros\/2014\/05_may\/dq579.pdf\" target=\"_blank\">Art\u00edculo de opini\u00f3n: Josep Maria Garrell &#8211; Nuevas tecnolog\u00edas y universidad<\/a><\/td>\n<td align=\"right\" class=\"tfuente\">El Peri\u00f3dico de Catalunya<\/td>\n<\/tr>\n<tr>\n<td class=\"tfecha\">24\/05\/2014 &#8211;<\/td>\n<td class=\"titem\"><a href=\"http:\/\/www.clipmedia.net\/ficheros\/2014\/05_may\/qk239.pdf\" target=\"_blank\">Soria destina 695 millones a ayudas a reindustrializaci\u00f3n<\/a><\/td>\n<td align=\"right\" class=\"tfuente\">El Economista<\/td>\n<\/tr>\n<tr>\n<td class=\"tfecha\">26\/05\/2014 &#8211;<\/td>\n<td class=\"titem\"><a href=\"http:\/\/www.clipmedia.net\/ficheros\/2014\/05_may\/dq552.pdf\" target=\"_blank\">El ICO lanza los fondos de incubaci\u00f3n para financiar la creaci\u00f3n de pymes <\/a><\/td>\n<td align=\"right\" class=\"tfuente\">El Economista<\/td>\n<\/tr>\n<tr>\n<td class=\"tfecha\">26\/05\/2014 &#8211;<\/td>\n<td class=\"titem\"><a href=\"http:\/\/www.clipmedia.net\/ficheros\/2014\/05_may\/dq556.pdf\" target=\"_blank\">250 catedr\u00e1ticos y profesores de universidad ven peligrar sus plazas<\/a><\/td>\n<td align=\"right\" class=\"tfuente\">El Pa\u00eds<\/td>\n<\/tr>\n<tr>\n<td class=\"tfecha\">26\/05\/2014 &#8211;<\/td>\n<td class=\"titem\"><a href=\"http:\/\/www.clipmedia.net\/ficheros\/2014\/05_may\/qk255.pdf\" target=\"_blank\">Los lugares de trabajo m\u00e1s saludables y eficientes<\/a><\/td>\n<td align=\"right\" class=\"tfuente\">Cinco D\u00edas<\/td>\n<\/tr>\n<tr>\n<td class=\"tfecha\">24\/05\/2014 &#8211;<\/td>\n<td class=\"titem\"><a href=\"http:\/\/www.clipmedia.net\/ficheros\/2014\/05_may\/qk260.pdf\" target=\"_blank\">Standard&amp;Poor&#8217;s eleva la nota de Espa\u00f1a por primera vez desde el 2009<\/a><\/td>\n<td align=\"right\" class=\"tfuente\">La Vanguardia<\/td>\n<\/tr>\n<tr>\n<td class=\"tfecha\">24\/05\/2014 &#8211;<\/td>\n<td class=\"titem\"><a href=\"http:\/\/www.clipmedia.net\/ficheros\/2014\/05_may\/qk261.pdf\" target=\"_blank\">Matem\u00e1ticos y bi\u00f3logos, profesiones con menos paro<\/a><\/td>\n<td align=\"right\" class=\"tfuente\">La Vanguardia<\/td>\n<\/tr>\n<tr>\n<td class=\"tfecha\">24\/05\/2014 &#8211;<\/td>\n<td class=\"titem\"><a href=\"http:\/\/www.clipmedia.net\/ficheros\/2014\/05_may\/qk262.pdf\" target=\"_blank\">La mejor nota de S&amp;P a Espa\u00f1a avala la incipiente recuperaci\u00f3n<\/a><\/td>\n<td align=\"right\" class=\"tfuente\">El Peri\u00f3dico de Catalunya<\/td>\n<\/tr>\n<tr>\n<td class=\"tfecha\">24\/05\/2014 &#8211;<\/td>\n<td class=\"titem\"><a href=\"http:\/\/www.clipmedia.net\/ficheros\/2014\/05_may\/qk263.pdf\" target=\"_blank\">El Gobierno invita a las empresas a fichar a mujeres para sus consejos<\/a><\/td>\n<td align=\"right\" class=\"tfuente\">El Peri\u00f3dico de Catalunya<\/td>\n<\/tr>\n<tr>\n<td class=\"tfecha\">24\/05\/2014 &#8211;<\/td>\n<td class=\"titem\"><a href=\"http:\/\/www.clipmedia.net\/ficheros\/2014\/05_may\/qk265.pdf\" target=\"_blank\">Bizbarcelona pondr\u00e1 en contacto a pymes con inversores privados<\/a><\/td>\n<td align=\"right\" class=\"tfuente\">El Peri\u00f3dico de Catalunya<\/td>\n<\/tr>\n<tr>\n<td class=\"tfecha\">25\/05\/2014 &#8211;<\/td>\n<td class=\"titem\"><a href=\"http:\/\/www.clipmedia.net\/ficheros\/2014\/05_may\/dq569.pdf\" target=\"_blank\">Los grandes bancos suman una plantilla de 240.000 personas en el exterior<\/a><\/td>\n<td align=\"right\" class=\"tfuente\">La Vanguardia<\/td>\n<\/tr>\n<tr>\n<td class=\"tfecha\">24\/05\/2014 &#8211;<\/td>\n<td class=\"titem\"><a href=\"http:\/\/www.clipmedia.net\/ficheros\/2014\/05_may\/qk271.pdf\" target=\"_blank\">El paro de larga duraci\u00f3n se enquista<\/a><\/td>\n<td align=\"right\" class=\"tfuente\">El Pa\u00eds<\/td>\n<\/tr>\n<tr>\n<td class=\"tfecha\">25\/05\/2014 &#8211;<\/td>\n<td class=\"titem\"><a href=\"http:\/\/www.clipmedia.net\/ficheros\/2014\/05_may\/dq573.pdf\" target=\"_blank\">El tal\u00f3n de Aquiles de las pymes<\/a><\/td>\n<td align=\"right\" class=\"tfuente\">La Vanguardia &#8211; Dinero<\/td>\n<\/tr>\n<tr>\n<td class=\"tfecha\">24\/05\/2014 &#8211;<\/td>\n<td class=\"titem\"><a href=\"http:\/\/www.clipmedia.net\/ficheros\/2014\/05_may\/qk275.pdf\" target=\"_blank\">HP suprimir\u00e1 otros 16.000 puestos de trabajo<\/a><\/td>\n<td align=\"right\" class=\"tfuente\">El Economista<\/td>\n<\/tr>\n<tr>\n<td class=\"tfecha\">25\/05\/2014 &#8211;<\/td>\n<td class=\"titem\"><a href=\"http:\/\/www.clipmedia.net\/ficheros\/2014\/05_may\/dq575.pdf\" target=\"_blank\">225 d\u00edas y la huelga de Panrico sigue<\/a><\/td>\n<td align=\"right\" class=\"tfuente\">El Pa\u00eds<\/td>\n<\/tr>\n<tr>\n<td class=\"tfecha\">24\/05\/2014 &#8211;<\/td>\n<td class=\"titem\"><a href=\"http:\/\/www.clipmedia.net\/ficheros\/2014\/05_may\/qk280.pdf\" target=\"_blank\">La limitaci\u00f3n salarial no afecta a empresas que lo hab\u00edan pactado antes<\/a><\/td>\n<td align=\"right\" class=\"tfuente\">El Economista<\/td>\n<\/tr>\n<tr>\n<td class=\"tfecha\">26\/05\/2014 &#8211;<\/td>\n<td class=\"titem\"><a href=\"http:\/\/www.clipmedia.net\/ficheros\/2014\/05_may\/dq577.pdf\" target=\"_blank\">S\u00f3lo Irlanda y Grecia han rebajado m\u00e1s los costes laborales que Espa\u00f1a<\/a><\/td>\n<td align=\"right\" class=\"tfuente\">La Vanguardia<\/td>\n<\/tr>\n<tr>\n<td class=\"tfecha\">24\/05\/2014 &#8211;<\/td>\n<td class=\"titem\"><a href=\"http:\/\/www.clipmedia.net\/ficheros\/2014\/05_may\/qk281.pdf\" target=\"_blank\">El sueldo de los directivos deber\u00e1 ser acorde con la situaci\u00f3n de las empresas<\/a><\/td>\n<td align=\"right\" class=\"tfuente\">Cinco D\u00edas<\/td>\n<\/tr>\n<tr>\n<td class=\"tfecha\">26\/05\/2014 &#8211;<\/td>\n<td class=\"titem\"><a href=\"http:\/\/www.clipmedia.net\/ficheros\/2014\/05_may\/dq578.pdf\" target=\"_blank\">El Constitucional inicia una tensa deliberaci\u00f3n de la reforma laboral<\/a><\/td>\n<td align=\"right\" class=\"tfuente\">El Peri\u00f3dico de Catalunya<\/td>\n<\/tr>\n<tr>\n<td class=\"tfecha\">24\/05\/2014 &#8211;<\/td>\n<td class=\"titem\"><a href=\"http:\/\/www.clipmedia.net\/ficheros\/2014\/05_may\/qk286.pdf\" target=\"_blank\">Evita los peores errores en tu trabajo<\/a><\/td>\n<td align=\"right\" class=\"tfuente\">Expansi\u00f3n &#8211; Empleo<\/td>\n<\/tr>\n<tr>\n<td class=\"tfecha\">24\/05\/2014 &#8211;<\/td>\n<td class=\"titem\"><a href=\"http:\/\/www.clipmedia.net\/ficheros\/2014\/05_may\/qk264.pdf\" target=\"_blank\">Propietarios piden la legalizaci\u00f3n del alquiler de habitaciones a turistas<\/a><\/td>\n<td align=\"right\" class=\"tfuente\">El Peri\u00f3dico de Catalunya<\/td>\n<\/tr>\n<tr>\n<td class=\"tfecha\">25\/05\/2014 &#8211;<\/td>\n<td class=\"titem\"><a href=\"http:\/\/www.clipmedia.net\/ficheros\/2014\/05_may\/dq570.pdf\" target=\"_blank\">Editorial &#8211; El ajuste inmobiliario toca fondo<\/a><\/td>\n<td align=\"right\" class=\"tfuente\">La Vanguardia<\/td>\n<\/tr>\n<tr>\n<td class=\"tfecha\">25\/05\/2014 &#8211;<\/td>\n<td class=\"titem\"><a href=\"http:\/\/www.clipmedia.net\/ficheros\/2014\/05_may\/dq571.pdf\" target=\"_blank\">Alquiler: el mito de tirar el dinero<\/a><\/td>\n<td align=\"right\" class=\"tfuente\">La Vanguardia &#8211; Dinero<\/td>\n<\/tr>\n<tr>\n<td class=\"tfecha\">25\/05\/2014 &#8211;<\/td>\n<td class=\"titem\"><a href=\"http:\/\/www.clipmedia.net\/ficheros\/2014\/05_may\/dq572.pdf\" target=\"_blank\">La vivienda se despereza y se prepara para la recuperaci\u00f3n <\/a><\/td>\n<td align=\"right\" class=\"tfuente\">La Vanguardia &#8211; Dinero<\/td>\n<\/tr>\n<tr>\n<td class=\"tfecha\">24\/05\/2014 &#8211;<\/td>\n<td class=\"titem\"><a href=\"http:\/\/www.clipmedia.net\/ficheros\/2014\/05_may\/qk272.pdf\" target=\"_blank\">Inmobiliarias ahogadas por la deuda<\/a><\/td>\n<td align=\"right\" class=\"tfuente\">El Economista<\/td>\n<\/tr>\n<tr>\n<td class=\"tfecha\">24\/05\/2014 &#8211;<\/td>\n<td class=\"titem\"><a href=\"http:\/\/www.clipmedia.net\/ficheros\/2014\/05_may\/qk273.pdf\" target=\"_blank\">Las inmobiliarias siguen en apuros: arrastran deuda por 13.225millones<\/a><\/td>\n<td align=\"right\" class=\"tfuente\">El Economista<\/td>\n<\/tr>\n<tr>\n<td class=\"tfecha\">25\/05\/2014 &#8211;<\/td>\n<td class=\"titem\"><a href=\"http:\/\/www.clipmedia.net\/ficheros\/2014\/05_may\/dq574.pdf\" target=\"_blank\">En pareja se reducen los riesgos<\/a><\/td>\n<td align=\"right\" class=\"tfuente\">El Peri\u00f3dico de Catalunya<\/td>\n<\/tr>\n<tr>\n<td class=\"tfecha\">24\/05\/2014 &#8211;<\/td>\n<td class=\"titem\"><a href=\"http:\/\/www.clipmedia.net\/ficheros\/2014\/05_may\/qk276.pdf\" target=\"_blank\">El saldo hipotecario se recorta un 1,7% en el primer trimestre del a\u00f1o<\/a><\/td>\n<td align=\"right\" class=\"tfuente\">El Economista<\/td>\n<\/tr>\n<tr>\n<td class=\"tfecha\">24\/05\/2014 &#8211;<\/td>\n<td class=\"titem\"><a href=\"http:\/\/www.clipmedia.net\/ficheros\/2014\/05_may\/qk279.pdf\" target=\"_blank\">El Notariado rechazan que la subasta notarial est\u00e9 anulada<\/a><\/td>\n<td align=\"right\" class=\"tfuente\">El Economista<\/td>\n<\/tr>\n<tr>\n<td class=\"tfecha\">26\/05\/2014 &#8211;<\/td>\n<td class=\"titem\"><a href=\"http:\/\/www.clipmedia.net\/ficheros\/2014\/05_may\/dq580.pdf\" target=\"_blank\">Los fondos invierten 6.566 millones en inmobiliario espa\u00f1ol desde junio<\/a><\/td>\n<td align=\"right\" class=\"tfuente\">Cinco D\u00edas<\/td>\n<\/tr>\n<tr>\n<td colspan=\"3\">&nbsp;<\/td>\n<\/tr>\n<tr>\n<td colspan=\"3\" class=\"tgrupo\"><img loading=\"lazy\" decoding=\"async\" src=\"http:\/\/www.gestoresalicante.org\/img\/newsletter\/picto.jpg\" width=\"20\" height=\"18\" align=\"absmiddle\" style=\"margin-right: 4px;\"> <strong>B.O.E<\/strong><\/td>\n<\/tr>\n<tr>\n<td colspan=\"3\">(No hay registros)<\/td>\n<\/tr>\n<\/table>\n<\/div>\n","protected":false},"excerpt":{"rendered":"<p>24\/05\/2014 &#8211; 26\/05\/2014 &nbsp; Consejo General de los Colegios de Gestores Administrativos 25\/05\/2014 &#8211; En abril crece un 10% las matriculaciones Ideal 25\/05\/2014 &#8211; Los gestores administrativos celebran su fiesta en Lleida Segre 25\/05\/2014 &#8211; Els gestors administratius celebren la &hellip; <a href=\"https:\/\/www.gestoresalicante.org\/blog\/index.php\/2014\/06\/02\/resumen-de-prensa-24-05-2014\/\">Sigue leyendo <span class=\"meta-nav\">&rarr;<\/span><\/a><\/p>\n","protected":false},"author":4,"featured_media":0,"comment_status":"closed","ping_status":"closed","sticky":false,"template":"","format":"standard","meta":{"footnotes":""},"categories":[6],"tags":[],"class_list":["post-730","post","type-post","status-publish","format-standard","hentry","category-resumendeprensa"],"_links":{"self":[{"href":"https:\/\/www.gestoresalicante.org\/blog\/index.php\/wp-json\/wp\/v2\/posts\/730","targetHints":{"allow":["GET"]}}],"collection":[{"href":"https:\/\/www.gestoresalicante.org\/blog\/index.php\/wp-json\/wp\/v2\/posts"}],"about":[{"href":"https:\/\/www.gestoresalicante.org\/blog\/index.php\/wp-json\/wp\/v2\/types\/post"}],"author":[{"embeddable":true,"href":"https:\/\/www.gestoresalicante.org\/blog\/index.php\/wp-json\/wp\/v2\/users\/4"}],"replies":[{"embeddable":true,"href":"https:\/\/www.gestoresalicante.org\/blog\/index.php\/wp-json\/wp\/v2\/comments?post=730"}],"version-history":[{"count":0,"href":"https:\/\/www.gestoresalicante.org\/blog\/index.php\/wp-json\/wp\/v2\/posts\/730\/revisions"}],"wp:attachment":[{"href":"https:\/\/www.gestoresalicante.org\/blog\/index.php\/wp-json\/wp\/v2\/media?parent=730"}],"wp:term":[{"taxonomy":"category","embeddable":true,"href":"https:\/\/www.gestoresalicante.org\/blog\/index.php\/wp-json\/wp\/v2\/categories?post=730"},{"taxonomy":"post_tag","embeddable":true,"href":"https:\/\/www.gestoresalicante.org\/blog\/index.php\/wp-json\/wp\/v2\/tags?post=730"}],"curies":[{"name":"wp","href":"https:\/\/api.w.org\/{rel}","templated":true}]}}