{"id":750,"date":"2014-06-10T09:00:00","date_gmt":"2014-06-10T08:00:00","guid":{"rendered":"http:\/\/www.gestoresalicante.org\/blog\/index.php\/2014\/06\/10\/resumen-de-prensa-10-06-2014\/"},"modified":"-0001-11-30T00:00:00","modified_gmt":"-0001-11-29T22:00:00","slug":"resumen-de-prensa-10-06-2014","status":"publish","type":"post","link":"https:\/\/www.gestoresalicante.org\/blog\/index.php\/2014\/06\/10\/resumen-de-prensa-10-06-2014\/","title":{"rendered":"Resumen de Prensa 10-06-2014"},"content":{"rendered":"<div class=\"nboletin\">\n<table width=\"90%\" cellpadding=\"4\">\n<tr>\n<td colspan=\"3\">\n<div style=\"background-color: #CCCCCC;padding: 4px 10px 4px 10px;width: 100%;border: 1px #414141 solid;\"><img decoding=\"async\" alt=\"Consejo de Gestores\" src=\"http:\/\/www.gestoresalicante.org\/img\/newsletter\/conges.jpg\" width=226 height=70><\/div>\n<\/td>\n<\/tr>\n<tr>\n<td align=\"right\" colspan=\"3\"><strong>10\/06\/2014 <\/strong><\/td>\n<\/tr>\n<tr>\n<td colspan=\"3\">&nbsp;<\/td>\n<\/tr>\n<tr>\n<td colspan=\"3\" class=\"tgrupo\"><img loading=\"lazy\" decoding=\"async\" src=\"http:\/\/www.gestoresalicante.org\/img\/newsletter\/picto.jpg\" width=\"20\" height=\"18\" align=\"absmiddle\" style=\"margin-right: 4px;\"> <strong>Consejo General de los Colegios de Gestores Administrativos<\/strong><\/td>\n<\/tr>\n<tr>\n<td class=\"tfecha\">10\/06\/2014 &#8211;<\/td>\n<td class=\"titem\"><a href=\"http:\/\/www.clipmedia.net\/ficheros\/2014\/06_jun\/dp484.pdf\" target=\"_blank\">La econom\u00eda madrile\u00f1a creci\u00f3 un 1% en el primer trimestre<\/a><\/td>\n<td align=\"right\" class=\"tfuente\">Cinco D\u00edas<\/td>\n<\/tr>\n<tr>\n<td class=\"tfecha\">09\/06\/2014 &#8211;<\/td>\n<td class=\"titem\"><a href=\"http:\/\/www.clipmedia.net\/ficheros\/2014\/06_jun\/dp462.pdf\" target=\"_blank\">Gonz\u00e1lez anuncia que la econom\u00eda madrile\u00f1a podr\u00eda crecer el 1,7 por ciento este a\u00f1o<\/a><\/td>\n<td align=\"right\" class=\"tfuente\">El Economista<\/td>\n<\/tr>\n<tr>\n<td class=\"tfecha\">09\/06\/2014 &#8211;<\/td>\n<td class=\"titem\"><a href=\"http:\/\/www.clipmedia.net\/ficheros\/2014\/06_jun\/dp463.pdf\" target=\"_blank\">Gonz\u00e1lez anuncia que la econom\u00eda madrile\u00f1a podr\u00eda crecer el 1,7 por ciento este a\u00f1o<\/a><\/td>\n<td align=\"right\" class=\"tfuente\">Te interesa.com<\/td>\n<\/tr>\n<tr>\n<td class=\"tfecha\">09\/06\/2014 &#8211;<\/td>\n<td class=\"titem\"><a href=\"http:\/\/www.clipmedia.net\/ficheros\/2014\/06_jun\/dp464.pdf\" target=\"_blank\">Gonz\u00e1lez anuncia que la econom\u00eda madrile\u00f1a podr\u00eda crecer el 1,7 por ciento este a\u00f1o<\/a><\/td>\n<td align=\"right\" class=\"tfuente\">La Informaci\u00f3n Digital.com<\/td>\n<\/tr>\n<tr>\n<td class=\"tfecha\">09\/06\/2014 &#8211;<\/td>\n<td class=\"titem\"><a href=\"http:\/\/www.clipmedia.net\/ficheros\/2014\/06_jun\/dp465.pdf\" target=\"_blank\">Gonz\u00e1lez anuncia que la econom\u00eda madrile\u00f1a podr\u00eda crecer el 1,7 por ciento este a\u00f1o<\/a><\/td>\n<td align=\"right\" class=\"tfuente\">Eldiario.es<\/td>\n<\/tr>\n<tr>\n<td class=\"tfecha\">09\/06\/2014 &#8211;<\/td>\n<td class=\"titem\"><a href=\"http:\/\/www.clipmedia.net\/ficheros\/2014\/06_jun\/dp466.pdf\" target=\"_blank\">Gonz\u00e1lez anuncia que la econom\u00eda madrile\u00f1a podr\u00eda crecer el 1,7 por ciento este a\u00f1o<\/a><\/td>\n<td align=\"right\" class=\"tfuente\">Yahoo! Not\u00edcies<\/td>\n<\/tr>\n<tr>\n<td class=\"tfecha\">09\/06\/2014 &#8211;<\/td>\n<td class=\"titem\"><a href=\"http:\/\/www.clipmedia.net\/ficheros\/2014\/06_jun\/dp467.pdf\" target=\"_blank\">Gonz\u00e1lez anuncia que la econom\u00eda madrile\u00f1a podr\u00eda crecer el 1,7 por ciento este a\u00f1o<\/a><\/td>\n<td align=\"right\" class=\"tfuente\">sumadiario.com<\/td>\n<\/tr>\n<tr>\n<td class=\"tfecha\">09\/06\/2014 &#8211;<\/td>\n<td class=\"titem\"><a href=\"http:\/\/www.clipmedia.net\/ficheros\/2014\/06_jun\/dp468.pdf\" target=\"_blank\">La Comunidad creci\u00f3 un 1% en el primer trimestre de 2014, el doble que Espa\u00f1a<\/a><\/td>\n<td align=\"right\" class=\"tfuente\">Madrid.org<\/td>\n<\/tr>\n<tr>\n<td class=\"tfecha\">09\/06\/2014 &#8211;<\/td>\n<td class=\"titem\"><a href=\"http:\/\/www.clipmedia.net\/ficheros\/2014\/06_jun\/dp469.pdf\" target=\"_blank\">Gonz\u00e1lez anuncia que la Comunidad creci\u00f3 un 1% en el primer trimestre de 2014 <\/a><\/td>\n<td align=\"right\" class=\"tfuente\">Gentedigital.es<\/td>\n<\/tr>\n<tr>\n<td class=\"tfecha\">09\/06\/2014 &#8211;<\/td>\n<td class=\"titem\"><a href=\"http:\/\/www.clipmedia.net\/ficheros\/2014\/06_jun\/dp470.pdf\" target=\"_blank\">Gonz\u00e1lez anuncia que la Comunidad creci\u00f3 un 1% en el primer trimestre de 2014<\/a><\/td>\n<td align=\"right\" class=\"tfuente\">Telemadrid<\/td>\n<\/tr>\n<tr>\n<td class=\"tfecha\">09\/06\/2014 &#8211;<\/td>\n<td class=\"titem\"><a href=\"http:\/\/www.clipmedia.net\/ficheros\/2014\/06_jun\/dp471.pdf\" target=\"_blank\">Gonz\u00e1lez anuncia que la Comunidad creci\u00f3 un 1% en el primer trimestre de 2014 <\/a><\/td>\n<td align=\"right\" class=\"tfuente\">Europa Press<\/td>\n<\/tr>\n<tr>\n<td class=\"tfecha\">09\/06\/2014 &#8211;<\/td>\n<td class=\"titem\"><a href=\"http:\/\/www.clipmedia.net\/ficheros\/2014\/06_jun\/dp472.pdf\" target=\"_blank\">La econom\u00eda madrile\u00f1a creci\u00f3 un 1 por ciento, el doble que la media espa\u00f1ola<\/a><\/td>\n<td align=\"right\" class=\"tfuente\">ABC<\/td>\n<\/tr>\n<tr>\n<td class=\"tfecha\">09\/06\/2014 &#8211;<\/td>\n<td class=\"titem\"><a href=\"http:\/\/www.clipmedia.net\/ficheros\/2014\/06_jun\/dp473.pdf\" target=\"_blank\">El PIB madrile\u00f1o creci\u00f3 un 1% en el primer trimestre del a\u00f1o<\/a><\/td>\n<td align=\"right\" class=\"tfuente\">Madridiario.com<\/td>\n<\/tr>\n<tr>\n<td class=\"tfecha\">09\/06\/2014 &#8211;<\/td>\n<td class=\"titem\"><a href=\"http:\/\/www.clipmedia.net\/ficheros\/2014\/06_jun\/dp474.pdf\" target=\"_blank\">Gonz\u00e1lez anuncia que la Comunidad creci\u00f3 un 1% en el primer trimestre de 2014<\/a><\/td>\n<td align=\"right\" class=\"tfuente\">La Vanguardia (digital)<\/td>\n<\/tr>\n<tr>\n<td class=\"tfecha\">09\/06\/2014 &#8211;<\/td>\n<td class=\"titem\"><a href=\"http:\/\/www.clipmedia.net\/ficheros\/2014\/06_jun\/dp475.pdf\" target=\"_blank\">Gonz\u00e1lez anuncia un crecimiento el PIB auton\u00f3mico del 1% en el primer trimestre del a\u00f1o<\/a><\/td>\n<td align=\"right\" class=\"tfuente\">cronicamadrid.com<\/td>\n<\/tr>\n<tr>\n<td class=\"tfecha\">09\/06\/2014 &#8211;<\/td>\n<td class=\"titem\"><a href=\"http:\/\/www.clipmedia.net\/ficheros\/2014\/06_jun\/dp476.pdf\" target=\"_blank\">El PIB regional creci\u00f3 un 1% en el primer trimestre <\/a><\/td>\n<td align=\"right\" class=\"tfuente\">Diarioabierto.es<\/td>\n<\/tr>\n<tr>\n<td class=\"tfecha\">09\/06\/2014 &#8211;<\/td>\n<td class=\"titem\"><a href=\"http:\/\/www.clipmedia.net\/ficheros\/2014\/06_jun\/dp477.pdf\" target=\"_blank\">Iberia, Ibercaja, Bankinter y Room Mate Hotels, entre las empresas premiadas en Madrid por la confianza de sus clientes <\/a><\/td>\n<td align=\"right\" class=\"tfuente\">RRHHpress<\/td>\n<\/tr>\n<tr>\n<td class=\"tfecha\">09\/06\/2014 &#8211;<\/td>\n<td class=\"titem\"><a href=\"http:\/\/www.clipmedia.net\/ficheros\/2014\/06_jun\/dp478.pdf\" target=\"_blank\">Los Premios Madrid Excelente a la Confianza de los Clientes se entregan en su octava edici\u00f3n <\/a><\/td>\n<td align=\"right\" class=\"tfuente\">Infocalidad.net<\/td>\n<\/tr>\n<tr>\n<td class=\"tfecha\">09\/06\/2014 &#8211;<\/td>\n<td class=\"titem\"><a href=\"http:\/\/www.clipmedia.net\/ficheros\/2014\/06_jun\/dp479.pdf\" target=\"_blank\">Gonz\u00e1lez vislumbra &#8216;un Madrid excelente&#8217; en 2015 <\/a><\/td>\n<td align=\"right\" class=\"tfuente\">madridactual.es<\/td>\n<\/tr>\n<tr>\n<td class=\"tfecha\">09\/06\/2014 &#8211;<\/td>\n<td class=\"titem\"><a href=\"http:\/\/www.clipmedia.net\/ficheros\/2014\/06_jun\/dp480.pdf\" target=\"_blank\">El PIB de la Comunidad creci\u00f3 un 1% en el primer trimestre de 2014 <\/a><\/td>\n<td align=\"right\" class=\"tfuente\">El digital de Madrid<\/td>\n<\/tr>\n<tr>\n<td class=\"tfecha\">09\/06\/2014 &#8211;<\/td>\n<td class=\"titem\"><a href=\"http:\/\/www.clipmedia.net\/ficheros\/2014\/06_jun\/dp481.pdf\" target=\"_blank\">ESPA\u00d1A: La econom\u00eda madrile\u00f1a creci\u00f3 un 1% en el primer trimestre <\/a><\/td>\n<td align=\"right\" class=\"tfuente\">Entornointeligente.com<\/td>\n<\/tr>\n<tr>\n<td class=\"tfecha\">10\/06\/2014 &#8211;<\/td>\n<td class=\"titem\"><a href=\"http:\/\/www.clipmedia.net\/ficheros\/2014\/06_jun\/dp490.pdf\" target=\"_blank\">El TS anula el despido de una cajera por grabarla sin saberlo<\/a><\/td>\n<td align=\"right\" class=\"tfuente\">El Economista<\/td>\n<\/tr>\n<tr>\n<td class=\"tfecha\">10\/06\/2014 &#8211;<\/td>\n<td class=\"titem\"><a href=\"http:\/\/www.clipmedia.net\/ficheros\/2014\/06_jun\/dp492.pdf\" target=\"_blank\">Estudia Derecho para ser &#8216;lobista&#8217; o agente del FBI<\/a><\/td>\n<td align=\"right\" class=\"tfuente\">Expansi\u00f3n<\/td>\n<\/tr>\n<tr>\n<td class=\"tfecha\">10\/06\/2014 &#8211;<\/td>\n<td class=\"titem\"><a href=\"http:\/\/www.clipmedia.net\/ficheros\/2014\/06_jun\/dp493.pdf\" target=\"_blank\">Los tribunales flexibilizan el uso del arbitraje<\/a><\/td>\n<td align=\"right\" class=\"tfuente\">Expansi\u00f3n<\/td>\n<\/tr>\n<tr>\n<td class=\"tfecha\">10\/06\/2014 &#8211;<\/td>\n<td class=\"titem\"><a href=\"http:\/\/www.clipmedia.net\/ficheros\/2014\/06_jun\/dp483.pdf\" target=\"_blank\">Fomento multar\u00e1 con 600 euros a quien pague por compartir un coche<\/a><\/td>\n<td align=\"right\" class=\"tfuente\">El Peri\u00f3dico de Catalunya<\/td>\n<\/tr>\n<tr>\n<td class=\"tfecha\">10\/06\/2014 &#8211;<\/td>\n<td class=\"titem\"><a href=\"http:\/\/www.clipmedia.net\/ficheros\/2014\/06_jun\/dp485.pdf\" target=\"_blank\">El Sal\u00f3n del Veh\u00edculo de Ocasi\u00f3n persigue vender m\u00e1s de 2.500 coches<\/a><\/td>\n<td align=\"right\" class=\"tfuente\">Cinco D\u00edas<\/td>\n<\/tr>\n<tr>\n<td class=\"tfecha\">10\/06\/2014 &#8211;<\/td>\n<td class=\"titem\"><a href=\"http:\/\/www.clipmedia.net\/ficheros\/2014\/06_jun\/dp488.pdf\" target=\"_blank\">Renault anuncia otras 450 contrataciones en Valladolid<\/a><\/td>\n<td align=\"right\" class=\"tfuente\">El Economista<\/td>\n<\/tr>\n<tr>\n<td colspan=\"3\">&nbsp;<\/td>\n<\/tr>\n<tr>\n<td colspan=\"3\" class=\"tgrupo\"><img loading=\"lazy\" decoding=\"async\" src=\"http:\/\/www.gestoresalicante.org\/img\/newsletter\/picto.jpg\" width=\"20\" height=\"18\" align=\"absmiddle\" style=\"margin-right: 4px;\"> <strong>Ventana Telem\u00e1tica<\/strong><\/td>\n<\/tr>\n<tr>\n<td colspan=\"3\">(No hay registros)<\/td>\n<\/tr>\n<tr>\n<td colspan=\"3\">&nbsp;<\/td>\n<\/tr>\n<tr>\n<td colspan=\"3\" class=\"tgrupo\"><img loading=\"lazy\" decoding=\"async\" src=\"http:\/\/www.gestoresalicante.org\/img\/newsletter\/picto.jpg\" width=\"20\" height=\"18\" align=\"absmiddle\" style=\"margin-right: 4px;\"> <strong> Sector de la formaci\u00f3n<\/strong><\/td>\n<\/tr>\n<tr>\n<td class=\"tfecha\">10\/06\/2014 &#8211;<\/td>\n<td class=\"titem\"><a href=\"http:\/\/www.clipmedia.net\/ficheros\/2014\/06_jun\/dp482.pdf\" target=\"_blank\">Una carrera de obst\u00e1culos<\/a><\/td>\n<td align=\"right\" class=\"tfuente\">La Vanguardia<\/td>\n<\/tr>\n<tr>\n<td class=\"tfecha\">10\/06\/2014 &#8211;<\/td>\n<td class=\"titem\"><a href=\"http:\/\/www.clipmedia.net\/ficheros\/2014\/06_jun\/dp448.pdf\" target=\"_blank\">PP, CiU e IU piden a Empleo m\u00e1s control sobre las bajas laborales<\/a><\/td>\n<td align=\"right\" class=\"tfuente\">Cinco D\u00edas<\/td>\n<\/tr>\n<tr>\n<td class=\"tfecha\">10\/06\/2014 &#8211;<\/td>\n<td class=\"titem\"><a href=\"http:\/\/www.clipmedia.net\/ficheros\/2014\/06_jun\/dp449.pdf\" target=\"_blank\">Impagos a farmacias: 300 boticas est\u00e1n en concurso<\/a><\/td>\n<td align=\"right\" class=\"tfuente\">El Economista<\/td>\n<\/tr>\n<tr>\n<td class=\"tfecha\">10\/06\/2014 &#8211;<\/td>\n<td class=\"titem\"><a href=\"http:\/\/www.clipmedia.net\/ficheros\/2014\/06_jun\/dp487.pdf\" target=\"_blank\">El INE publicar\u00e1 en 2015 la evoluci\u00f3n del salario real<\/a><\/td>\n<td align=\"right\" class=\"tfuente\">Cinco D\u00edas<\/td>\n<\/tr>\n<tr>\n<td class=\"tfecha\">10\/06\/2014 &#8211;<\/td>\n<td class=\"titem\"><a href=\"http:\/\/www.clipmedia.net\/ficheros\/2014\/06_jun\/dp489.pdf\" target=\"_blank\">Tres de cada cuatro espa\u00f1oles trabaja en el sector servicios<\/a><\/td>\n<td align=\"right\" class=\"tfuente\">El Economista<\/td>\n<\/tr>\n<tr>\n<td class=\"tfecha\">10\/06\/2014 &#8211;<\/td>\n<td class=\"titem\"><a href=\"http:\/\/www.clipmedia.net\/ficheros\/2014\/06_jun\/dp491.pdf\" target=\"_blank\">Denuncian al presidente de Cepyme antes de las elecciones en la patronal<\/a><\/td>\n<td align=\"right\" class=\"tfuente\">Expansi\u00f3n<\/td>\n<\/tr>\n<tr>\n<td class=\"tfecha\">10\/06\/2014 &#8211;<\/td>\n<td class=\"titem\"><a href=\"http:\/\/www.clipmedia.net\/ficheros\/2014\/06_jun\/dp446.pdf\" target=\"_blank\">Espa\u00f1a logra 45.000 millones de euros en licitaciones internacionales<\/a><\/td>\n<td align=\"right\" class=\"tfuente\">Expansi\u00f3n<\/td>\n<\/tr>\n<tr>\n<td class=\"tfecha\">10\/06\/2014 &#8211;<\/td>\n<td class=\"titem\"><a href=\"http:\/\/www.clipmedia.net\/ficheros\/2014\/06_jun\/dp460.pdf\" target=\"_blank\">La inversi\u00f3n inmobiliaria llegar\u00e1 a 1.500 millones este a\u00f1o en Catalunya<\/a><\/td>\n<td align=\"right\" class=\"tfuente\">El Peri\u00f3dico de Catalunya<\/td>\n<\/tr>\n<tr>\n<td class=\"tfecha\">10\/06\/2014 &#8211;<\/td>\n<td class=\"titem\"><a href=\"http:\/\/www.clipmedia.net\/ficheros\/2014\/06_jun\/dp486.pdf\" target=\"_blank\">La mejora de las ventas sit\u00faa el precio de la vivienda cerca de la estabilizaci\u00f3n<\/a><\/td>\n<td align=\"right\" class=\"tfuente\">Cinco D\u00edas<\/td>\n<\/tr>\n<tr>\n<td class=\"tfecha\">10\/06\/2014 &#8211;<\/td>\n<td class=\"titem\"><a href=\"http:\/\/www.clipmedia.net\/ficheros\/2014\/06_jun\/dp451.pdf\" target=\"_blank\">El precio de la vivienda frena la ca\u00edda al 1,6% y apunta a la estabilizaci\u00f3n<\/a><\/td>\n<td align=\"right\" class=\"tfuente\">El Pa\u00eds<\/td>\n<\/tr>\n<tr>\n<td colspan=\"3\">&nbsp;<\/td>\n<\/tr>\n<tr>\n<td colspan=\"3\" class=\"tgrupo\"><img loading=\"lazy\" decoding=\"async\" src=\"http:\/\/www.gestoresalicante.org\/img\/newsletter\/picto.jpg\" width=\"20\" height=\"18\" align=\"absmiddle\" style=\"margin-right: 4px;\"> <strong>B.O.E<\/strong><\/td>\n<\/tr>\n<tr>\n<td colspan=\"3\">(No hay registros)<\/td>\n<\/tr>\n<\/table>\n<\/div>\n","protected":false},"excerpt":{"rendered":"<p>10\/06\/2014 &nbsp; Consejo General de los Colegios de Gestores Administrativos 10\/06\/2014 &#8211; La econom\u00eda madrile\u00f1a creci\u00f3 un 1% en el primer trimestre Cinco D\u00edas 09\/06\/2014 &#8211; Gonz\u00e1lez anuncia que la econom\u00eda madrile\u00f1a podr\u00eda crecer el 1,7 por ciento este a\u00f1o &hellip; <a href=\"https:\/\/www.gestoresalicante.org\/blog\/index.php\/2014\/06\/10\/resumen-de-prensa-10-06-2014\/\">Sigue leyendo <span class=\"meta-nav\">&rarr;<\/span><\/a><\/p>\n","protected":false},"author":4,"featured_media":0,"comment_status":"closed","ping_status":"closed","sticky":false,"template":"","format":"standard","meta":{"footnotes":""},"categories":[6],"tags":[],"class_list":["post-750","post","type-post","status-publish","format-standard","hentry","category-resumendeprensa"],"_links":{"self":[{"href":"https:\/\/www.gestoresalicante.org\/blog\/index.php\/wp-json\/wp\/v2\/posts\/750","targetHints":{"allow":["GET"]}}],"collection":[{"href":"https:\/\/www.gestoresalicante.org\/blog\/index.php\/wp-json\/wp\/v2\/posts"}],"about":[{"href":"https:\/\/www.gestoresalicante.org\/blog\/index.php\/wp-json\/wp\/v2\/types\/post"}],"author":[{"embeddable":true,"href":"https:\/\/www.gestoresalicante.org\/blog\/index.php\/wp-json\/wp\/v2\/users\/4"}],"replies":[{"embeddable":true,"href":"https:\/\/www.gestoresalicante.org\/blog\/index.php\/wp-json\/wp\/v2\/comments?post=750"}],"version-history":[{"count":0,"href":"https:\/\/www.gestoresalicante.org\/blog\/index.php\/wp-json\/wp\/v2\/posts\/750\/revisions"}],"wp:attachment":[{"href":"https:\/\/www.gestoresalicante.org\/blog\/index.php\/wp-json\/wp\/v2\/media?parent=750"}],"wp:term":[{"taxonomy":"category","embeddable":true,"href":"https:\/\/www.gestoresalicante.org\/blog\/index.php\/wp-json\/wp\/v2\/categories?post=750"},{"taxonomy":"post_tag","embeddable":true,"href":"https:\/\/www.gestoresalicante.org\/blog\/index.php\/wp-json\/wp\/v2\/tags?post=750"}],"curies":[{"name":"wp","href":"https:\/\/api.w.org\/{rel}","templated":true}]}}