{"id":751,"date":"2014-06-11T09:00:00","date_gmt":"2014-06-11T08:00:00","guid":{"rendered":"http:\/\/www.gestoresalicante.org\/blog\/index.php\/2014\/06\/11\/resumen-de-prensa-11-06-2014\/"},"modified":"-0001-11-30T00:00:00","modified_gmt":"-0001-11-29T22:00:00","slug":"resumen-de-prensa-11-06-2014","status":"publish","type":"post","link":"https:\/\/www.gestoresalicante.org\/blog\/index.php\/2014\/06\/11\/resumen-de-prensa-11-06-2014\/","title":{"rendered":"Resumen de Prensa 11-06-2014"},"content":{"rendered":"<div class=\"nboletin\">\n<table width=\"90%\" cellpadding=\"4\">\n<tr>\n<td colspan=\"3\">\n<div style=\"background-color: #CCCCCC;padding: 4px 10px 4px 10px;width: 100%;border: 1px #414141 solid;\"><img decoding=\"async\" alt=\"Consejo de Gestores\" src=\"http:\/\/www.gestoresalicante.org\/img\/newsletter\/conges.jpg\" width=226 height=70><\/div>\n<\/td>\n<\/tr>\n<tr>\n<td align=\"right\" colspan=\"3\"><strong>11\/06\/2014 <\/strong><\/td>\n<\/tr>\n<tr>\n<td colspan=\"3\">&nbsp;<\/td>\n<\/tr>\n<tr>\n<td colspan=\"3\" class=\"tgrupo\"><img loading=\"lazy\" decoding=\"async\" src=\"http:\/\/www.gestoresalicante.org\/img\/newsletter\/picto.jpg\" width=\"20\" height=\"18\" align=\"absmiddle\" style=\"margin-right: 4px;\"> <strong>Consejo General de los Colegios de Gestores Administrativos<\/strong><\/td>\n<\/tr>\n<tr>\n<td class=\"tfecha\">11\/06\/2014 &#8211;<\/td>\n<td class=\"titem\"><a href=\"http:\/\/www.clipmedia.net\/ficheros\/2014\/06_jun\/dp568.pdf\" target=\"_blank\">El presidente de los gestores administrativos andaluces propone medidas simplificadoras <\/a><\/td>\n<td align=\"right\" class=\"tfuente\">El Economista<\/td>\n<\/tr>\n<tr>\n<td class=\"tfecha\">10\/06\/2014 &#8211;<\/td>\n<td class=\"titem\"><a href=\"http:\/\/www.clipmedia.net\/ficheros\/2014\/06_jun\/dp569.pdf\" target=\"_blank\">Gestores piden medidas para lograr la trazabilidad electr\u00f3nica de los procedimientos administrativos de la Junta<\/a><\/td>\n<td align=\"right\" class=\"tfuente\">La Informaci\u00f3n Digital.com<\/td>\n<\/tr>\n<tr>\n<td class=\"tfecha\">10\/06\/2014 &#8211;<\/td>\n<td class=\"titem\"><a href=\"http:\/\/www.clipmedia.net\/ficheros\/2014\/06_jun\/dp570.pdf\" target=\"_blank\">Gestores piden medidas para lograr la trazabilidad electr\u00f3nica de los procedimientos administrativos de la Junta <\/a><\/td>\n<td align=\"right\" class=\"tfuente\">La Vanguardia (digital)<\/td>\n<\/tr>\n<tr>\n<td class=\"tfecha\">10\/06\/2014 &#8211;<\/td>\n<td class=\"titem\"><a href=\"http:\/\/www.clipmedia.net\/ficheros\/2014\/06_jun\/dp571.pdf\" target=\"_blank\">Gestores piden medidas para lograr la trazabilidad electr\u00f3nica de los procedimientos administrativos de la Junta<\/a><\/td>\n<td align=\"right\" class=\"tfuente\">Gentedigital.es<\/td>\n<\/tr>\n<tr>\n<td class=\"tfecha\">10\/06\/2014 &#8211;<\/td>\n<td class=\"titem\"><a href=\"http:\/\/www.clipmedia.net\/ficheros\/2014\/06_jun\/dp572.pdf\" target=\"_blank\">Gestores piden medidas para lograr la trazabilidad electr\u00f3nica de los procedimientos administrativos de la Junta<\/a><\/td>\n<td align=\"right\" class=\"tfuente\">20 minutos (digital)<\/td>\n<\/tr>\n<tr>\n<td class=\"tfecha\">10\/06\/2014 &#8211;<\/td>\n<td class=\"titem\"><a href=\"http:\/\/www.clipmedia.net\/ficheros\/2014\/06_jun\/dp573.pdf\" target=\"_blank\">Gestores piden medidas para lograr la trazabilidad electr\u00f3nica de los procedimientos administrativos de la Junta <\/a><\/td>\n<td align=\"right\" class=\"tfuente\">Te interesa.com<\/td>\n<\/tr>\n<tr>\n<td class=\"tfecha\">10\/06\/2014 &#8211;<\/td>\n<td class=\"titem\"><a href=\"http:\/\/www.clipmedia.net\/ficheros\/2014\/06_jun\/dp565.pdf\" target=\"_blank\">Ibercaja galardonada en la VIII edici\u00f3n de Madrid Excelente <\/a><\/td>\n<td align=\"right\" class=\"tfuente\">Heraldo de Soria<\/td>\n<\/tr>\n<tr>\n<td class=\"tfecha\">11\/06\/2014 &#8211;<\/td>\n<td class=\"titem\"><a href=\"http:\/\/www.clipmedia.net\/ficheros\/2014\/06_jun\/dp566.pdf\" target=\"_blank\">Ibercaja, premiada por su gesti\u00f3n hacia los clientes en la VIII edici\u00f3n de los Premios Madrid Excelente<\/a><\/td>\n<td align=\"right\" class=\"tfuente\">Economiadehoy.com<\/td>\n<\/tr>\n<tr>\n<td class=\"tfecha\">11\/06\/2014 &#8211;<\/td>\n<td class=\"titem\"><a href=\"http:\/\/www.clipmedia.net\/ficheros\/2014\/06_jun\/dp567.pdf\" target=\"_blank\">Ibercaja, premiada por su gesti\u00f3n hacia los clientes en la VIII edici\u00f3n de los Premios Madrid Excelente<\/a><\/td>\n<td align=\"right\" class=\"tfuente\">mujerextremadura.es<\/td>\n<\/tr>\n<tr>\n<td class=\"tfecha\">10\/06\/2014 &#8211;<\/td>\n<td class=\"titem\"><a href=\"http:\/\/www.clipmedia.net\/ficheros\/2014\/06_jun\/dp561.pdf\" target=\"_blank\">Ibercaja, galardonada por su gesti\u00f3n hacia los clientes en la VIII edici\u00f3n de los Premios Madrid Excelente <\/a><\/td>\n<td align=\"right\" class=\"tfuente\">Periodico.com<\/td>\n<\/tr>\n<tr>\n<td class=\"tfecha\">10\/06\/2014 &#8211;<\/td>\n<td class=\"titem\"><a href=\"http:\/\/www.clipmedia.net\/ficheros\/2014\/06_jun\/dp562.pdf\" target=\"_blank\">Ibercaja, galardonada por su gesti\u00f3n hacia los clientes en la VIII edici\u00f3n de los Premios Madrid Excelente <\/a><\/td>\n<td align=\"right\" class=\"tfuente\">Arag\u00f3n Radio<\/td>\n<\/tr>\n<tr>\n<td class=\"tfecha\">10\/06\/2014 &#8211;<\/td>\n<td class=\"titem\"><a href=\"http:\/\/www.clipmedia.net\/ficheros\/2014\/06_jun\/dp563.pdf\" target=\"_blank\">Ibercaja, galardonada por su gesti\u00f3n hacia los clientes en la VIII edici\u00f3n de los Premios Madrid Excelente<\/a><\/td>\n<td align=\"right\" class=\"tfuente\">Heraldo de Arag\u00f3n<\/td>\n<\/tr>\n<tr>\n<td class=\"tfecha\">10\/06\/2014 &#8211;<\/td>\n<td class=\"titem\"><a href=\"http:\/\/www.clipmedia.net\/ficheros\/2014\/06_jun\/dp564.pdf\" target=\"_blank\">Ibercaja premiada en la VIII edici\u00f3n de &#8216;Madrid Excelente&#8217;<\/a><\/td>\n<td align=\"right\" class=\"tfuente\">Radio Huesca<\/td>\n<\/tr>\n<tr>\n<td class=\"tfecha\">10\/06\/2014 &#8211;<\/td>\n<td class=\"titem\"><a href=\"http:\/\/www.clipmedia.net\/ficheros\/2014\/06_jun\/dp574.pdf\" target=\"_blank\">El presidente regional entreg\u00f3 ayer los galardones de la VIII Edici\u00f3n de los Premios Madrid Excelente a la Confianza de los Clientes <\/a><\/td>\n<td align=\"right\" class=\"tfuente\">Ejecutivos.es<\/td>\n<\/tr>\n<tr>\n<td class=\"tfecha\">10\/06\/2014 &#8211;<\/td>\n<td class=\"titem\"><a href=\"http:\/\/www.clipmedia.net\/ficheros\/2014\/06_jun\/dp579.pdf\" target=\"_blank\">CEA valora normativa para reducir trabas administrativas y UGT dice que su efecto en creaci\u00f3n de empresas ser\u00e1 peque\u00f1o <\/a><\/td>\n<td align=\"right\" class=\"tfuente\">La Vanguardia (digital)<\/td>\n<\/tr>\n<tr>\n<td class=\"tfecha\">10\/06\/2014 &#8211;<\/td>\n<td class=\"titem\"><a href=\"http:\/\/www.clipmedia.net\/ficheros\/2014\/06_jun\/dp575.pdf\" target=\"_blank\">CEA valora normativa para reducir trabas administrativas y UGT dice que su efecto en creaci\u00f3n de empresas ser\u00e1 peque\u00f1o<\/a><\/td>\n<td align=\"right\" class=\"tfuente\">Gentedigital.es<\/td>\n<\/tr>\n<tr>\n<td class=\"tfecha\">10\/06\/2014 &#8211;<\/td>\n<td class=\"titem\"><a href=\"http:\/\/www.clipmedia.net\/ficheros\/2014\/06_jun\/dp576.pdf\" target=\"_blank\">CEA valora normativa para reducir trabas administrativas y UGT dice que su efecto en creaci\u00f3n de empresas ser\u00e1 peque\u00f1o<\/a><\/td>\n<td align=\"right\" class=\"tfuente\">Europa Press<\/td>\n<\/tr>\n<tr>\n<td class=\"tfecha\">10\/06\/2014 &#8211;<\/td>\n<td class=\"titem\"><a href=\"http:\/\/www.clipmedia.net\/ficheros\/2014\/06_jun\/dp577.pdf\" target=\"_blank\">CEA valora normativa para reducir trabas administrativas y UGT dice que su efecto en creaci\u00f3n de empresas ser\u00e1 peque\u00f1o<\/a><\/td>\n<td align=\"right\" class=\"tfuente\">Te interesa.com<\/td>\n<\/tr>\n<tr>\n<td class=\"tfecha\">10\/06\/2014 &#8211;<\/td>\n<td class=\"titem\"><a href=\"http:\/\/www.clipmedia.net\/ficheros\/2014\/06_jun\/dp578.pdf\" target=\"_blank\">CEA valora normativa para reducir trabas administrativas y UGT dice que su efecto en creaci\u00f3n de empresas ser\u00e1 peque\u00f1o <\/a><\/td>\n<td align=\"right\" class=\"tfuente\">20 minutos (digital)<\/td>\n<\/tr>\n<tr>\n<td class=\"tfecha\">10\/06\/2014 &#8211;<\/td>\n<td class=\"titem\"><a href=\"http:\/\/www.clipmedia.net\/ficheros\/2014\/06_jun\/dp580.pdf\" target=\"_blank\">CEA valora normativa para reducir trabas administrativas y UGT dice que su efecto en creaci\u00f3n de empresas ser\u00e1 peque\u00f1o <\/a><\/td>\n<td align=\"right\" class=\"tfuente\">La Informaci\u00f3n Digital.com<\/td>\n<\/tr>\n<tr>\n<td class=\"tfecha\">11\/06\/2014 &#8211;<\/td>\n<td class=\"titem\"><a href=\"http:\/\/www.clipmedia.net\/ficheros\/2014\/06_jun\/dp523.pdf\" target=\"_blank\">Justicia se compromete a evitar el cese de registradores<\/a><\/td>\n<td align=\"right\" class=\"tfuente\">Cinco D\u00edas<\/td>\n<\/tr>\n<tr>\n<td class=\"tfecha\">11\/06\/2014 &#8211;<\/td>\n<td class=\"titem\"><a href=\"http:\/\/www.clipmedia.net\/ficheros\/2014\/06_jun\/dp528.pdf\" target=\"_blank\">La CE redobla su ataque contra la elusi\u00f3n fiscal de las multinacionales<\/a><\/td>\n<td align=\"right\" class=\"tfuente\">Cinco D\u00edas<\/td>\n<\/tr>\n<tr>\n<td class=\"tfecha\">11\/06\/2014 &#8211;<\/td>\n<td class=\"titem\"><a href=\"http:\/\/www.clipmedia.net\/ficheros\/2014\/06_jun\/dp540.pdf\" target=\"_blank\">Los retos legales de las nuevas &#8216;apps&#8217; para compartir coche<\/a><\/td>\n<td align=\"right\" class=\"tfuente\">Expansi\u00f3n<\/td>\n<\/tr>\n<tr>\n<td class=\"tfecha\">11\/06\/2014 &#8211;<\/td>\n<td class=\"titem\"><a href=\"http:\/\/www.clipmedia.net\/ficheros\/2014\/06_jun\/dp583.pdf\" target=\"_blank\">El Gobierno pretende aprobar la reforma fiscal en dos etapas<\/a><\/td>\n<td align=\"right\" class=\"tfuente\">El Peri\u00f3dico de Catalunya<\/td>\n<\/tr>\n<tr>\n<td class=\"tfecha\">11\/06\/2014 &#8211;<\/td>\n<td class=\"titem\"><a href=\"http:\/\/www.clipmedia.net\/ficheros\/2014\/06_jun\/dp586.pdf\" target=\"_blank\">Iglesia Cat\u00f3lica: \u00bfsiempre est\u00e1 exenta del pago del IBI?<\/a><\/td>\n<td align=\"right\" class=\"tfuente\">El Economista<\/td>\n<\/tr>\n<tr>\n<td class=\"tfecha\">11\/06\/2014 &#8211;<\/td>\n<td class=\"titem\"><a href=\"http:\/\/www.clipmedia.net\/ficheros\/2014\/06_jun\/dp582.pdf\" target=\"_blank\">Art\u00edculo de opini\u00f3n: Antonio Dur\u00e1n-Sindreu Buxad\u00e9 &#8211; Ficci\u00f3n fiscal<\/a><\/td>\n<td align=\"right\" class=\"tfuente\">La Vanguardia<\/td>\n<\/tr>\n<tr>\n<td class=\"tfecha\">11\/06\/2014 &#8211;<\/td>\n<td class=\"titem\"><a href=\"http:\/\/www.clipmedia.net\/ficheros\/2014\/06_jun\/dp559.pdf\" target=\"_blank\">El Gobierno garantiza 300 millones m\u00e1s para el autom\u00f3vil a partir del 2015<\/a><\/td>\n<td align=\"right\" class=\"tfuente\">La Vanguardia<\/td>\n<\/tr>\n<tr>\n<td class=\"tfecha\">11\/06\/2014 &#8211;<\/td>\n<td class=\"titem\"><a href=\"http:\/\/www.clipmedia.net\/ficheros\/2014\/06_jun\/dp587.pdf\" target=\"_blank\">El lento despertar de las f\u00e1bricas<\/a><\/td>\n<td align=\"right\" class=\"tfuente\">El Mundo<\/td>\n<\/tr>\n<tr>\n<td class=\"tfecha\">11\/06\/2014 &#8211;<\/td>\n<td class=\"titem\"><a href=\"http:\/\/www.clipmedia.net\/ficheros\/2014\/06_jun\/dp520.pdf\" target=\"_blank\">Bruselas respalda el transporte alternativo<\/a><\/td>\n<td align=\"right\" class=\"tfuente\">El Mundo<\/td>\n<\/tr>\n<tr>\n<td class=\"tfecha\">11\/06\/2014 &#8211;<\/td>\n<td class=\"titem\"><a href=\"http:\/\/www.clipmedia.net\/ficheros\/2014\/06_jun\/dp529.pdf\" target=\"_blank\">\u00bfEs ilegal usar coches de Uber, Cabify o Blablacar?<\/a><\/td>\n<td align=\"right\" class=\"tfuente\">Cinco D\u00edas<\/td>\n<\/tr>\n<tr>\n<td class=\"tfecha\">11\/06\/2014 &#8211;<\/td>\n<td class=\"titem\"><a href=\"http:\/\/www.clipmedia.net\/ficheros\/2014\/06_jun\/dp531.pdf\" target=\"_blank\">GM asumir\u00e1 un coste por las revisiones de hasta 5.100 millones<\/a><\/td>\n<td align=\"right\" class=\"tfuente\">Expansi\u00f3n<\/td>\n<\/tr>\n<tr>\n<td colspan=\"3\">&nbsp;<\/td>\n<\/tr>\n<tr>\n<td colspan=\"3\" class=\"tgrupo\"><img loading=\"lazy\" decoding=\"async\" src=\"http:\/\/www.gestoresalicante.org\/img\/newsletter\/picto.jpg\" width=\"20\" height=\"18\" align=\"absmiddle\" style=\"margin-right: 4px;\"> <strong>Ventana Telem\u00e1tica<\/strong><\/td>\n<\/tr>\n<tr>\n<td colspan=\"3\">(No hay registros)<\/td>\n<\/tr>\n<tr>\n<td colspan=\"3\">&nbsp;<\/td>\n<\/tr>\n<tr>\n<td colspan=\"3\" class=\"tgrupo\"><img loading=\"lazy\" decoding=\"async\" src=\"http:\/\/www.gestoresalicante.org\/img\/newsletter\/picto.jpg\" width=\"20\" height=\"18\" align=\"absmiddle\" style=\"margin-right: 4px;\"> <strong> Sector de la formaci\u00f3n<\/strong><\/td>\n<\/tr>\n<tr>\n<td class=\"tfecha\">11\/06\/2014 &#8211;<\/td>\n<td class=\"titem\"><a href=\"http:\/\/www.clipmedia.net\/ficheros\/2014\/06_jun\/dp556.pdf\" target=\"_blank\">La selectividad supera 9 filtros para evitar pifias como las del a\u00f1o pasado<\/a><\/td>\n<td align=\"right\" class=\"tfuente\">El Peri\u00f3dico de Catalunya<\/td>\n<\/tr>\n<tr>\n<td class=\"tfecha\">11\/06\/2014 &#8211;<\/td>\n<td class=\"titem\"><a href=\"http:\/\/www.clipmedia.net\/ficheros\/2014\/06_jun\/dp581.pdf\" target=\"_blank\">El Ministerio de Educaci\u00f3n permitir\u00e1 grados de tres a\u00f1os<\/a><\/td>\n<td align=\"right\" class=\"tfuente\">La Vanguardia<\/td>\n<\/tr>\n<tr>\n<td class=\"tfecha\">11\/06\/2014 &#8211;<\/td>\n<td class=\"titem\"><a href=\"http:\/\/www.clipmedia.net\/ficheros\/2014\/06_jun\/dp527.pdf\" target=\"_blank\">Editorial &#8211; La formaci\u00f3n m\u00e1s eficiente<\/a><\/td>\n<td align=\"right\" class=\"tfuente\">Cinco D\u00edas<\/td>\n<\/tr>\n<tr>\n<td class=\"tfecha\">10\/06\/2014 &#8211;<\/td>\n<td class=\"titem\"><a href=\"http:\/\/www.clipmedia.net\/ficheros\/2014\/06_jun\/dp511.pdf\" target=\"_blank\">Europa quiere reabrir sus minas<\/a><\/td>\n<td align=\"right\" class=\"tfuente\">El Mundo<\/td>\n<\/tr>\n<tr>\n<td class=\"tfecha\">11\/06\/2014 &#8211;<\/td>\n<td class=\"titem\"><a href=\"http:\/\/www.clipmedia.net\/ficheros\/2014\/06_jun\/dp517.pdf\" target=\"_blank\">Los costes laborales caen un 1,6% hasta marzo por la Semana Santa<\/a><\/td>\n<td align=\"right\" class=\"tfuente\">La Raz\u00f3n<\/td>\n<\/tr>\n<tr>\n<td class=\"tfecha\">11\/06\/2014 &#8211;<\/td>\n<td class=\"titem\"><a href=\"http:\/\/www.clipmedia.net\/ficheros\/2014\/06_jun\/dp526.pdf\" target=\"_blank\">Inyecci\u00f3n de 2.790 millones con fondos de la UE para reducir el paro juvenil<\/a><\/td>\n<td align=\"right\" class=\"tfuente\">Cinco D\u00edas<\/td>\n<\/tr>\n<tr>\n<td class=\"tfecha\">11\/06\/2014 &#8211;<\/td>\n<td class=\"titem\"><a href=\"http:\/\/www.clipmedia.net\/ficheros\/2014\/06_jun\/dp543.pdf\" target=\"_blank\">El salario se congela en los convenios de empresa firmados este a\u00f1o<\/a><\/td>\n<td align=\"right\" class=\"tfuente\">El Pa\u00eds<\/td>\n<\/tr>\n<tr>\n<td class=\"tfecha\">11\/06\/2014 &#8211;<\/td>\n<td class=\"titem\"><a href=\"http:\/\/www.clipmedia.net\/ficheros\/2014\/06_jun\/dp585.pdf\" target=\"_blank\">El coste por hora trabajada baj\u00f3 un 1,6% hasta marzo<\/a><\/td>\n<td align=\"right\" class=\"tfuente\">El Economista<\/td>\n<\/tr>\n<tr>\n<td class=\"tfecha\">11\/06\/2014 &#8211;<\/td>\n<td class=\"titem\"><a href=\"http:\/\/www.clipmedia.net\/ficheros\/2014\/06_jun\/dp532.pdf\" target=\"_blank\">Las empresas reclaman a Guindos otra profunda reforma laboral<\/a><\/td>\n<td align=\"right\" class=\"tfuente\">Expansi\u00f3n<\/td>\n<\/tr>\n<tr>\n<td class=\"tfecha\">11\/06\/2014 &#8211;<\/td>\n<td class=\"titem\"><a href=\"http:\/\/www.clipmedia.net\/ficheros\/2014\/06_jun\/dp522.pdf\" target=\"_blank\">Madrid convoca la mayor oferta de empleo en el sector sanitario<\/a><\/td>\n<td align=\"right\" class=\"tfuente\">Cinco D\u00edas<\/td>\n<\/tr>\n<tr>\n<td class=\"tfecha\">11\/06\/2014 &#8211;<\/td>\n<td class=\"titem\"><a href=\"http:\/\/www.clipmedia.net\/ficheros\/2014\/06_jun\/dp524.pdf\" target=\"_blank\">Fomento constata una mejora del 8,8% en la venta de casas<\/a><\/td>\n<td align=\"right\" class=\"tfuente\">Cinco D\u00edas<\/td>\n<\/tr>\n<tr>\n<td class=\"tfecha\">11\/06\/2014 &#8211;<\/td>\n<td class=\"titem\"><a href=\"http:\/\/www.clipmedia.net\/ficheros\/2014\/06_jun\/dp537.pdf\" target=\"_blank\">Mas aprueba la propiedad temporal o compartida de hasta 99 a\u00f1os<\/a><\/td>\n<td align=\"right\" class=\"tfuente\">Expansi\u00f3n<\/td>\n<\/tr>\n<tr>\n<td class=\"tfecha\">11\/06\/2014 &#8211;<\/td>\n<td class=\"titem\"><a href=\"http:\/\/www.clipmedia.net\/ficheros\/2014\/06_jun\/dp584.pdf\" target=\"_blank\">Anticipa, la nueva inmobiliaria de CatalunyaCaixa<\/a><\/td>\n<td align=\"right\" class=\"tfuente\">El Economista<\/td>\n<\/tr>\n<tr>\n<td colspan=\"3\">&nbsp;<\/td>\n<\/tr>\n<tr>\n<td colspan=\"3\" class=\"tgrupo\"><img loading=\"lazy\" decoding=\"async\" src=\"http:\/\/www.gestoresalicante.org\/img\/newsletter\/picto.jpg\" width=\"20\" height=\"18\" align=\"absmiddle\" style=\"margin-right: 4px;\"> <strong>B.O.E<\/strong><\/td>\n<\/tr>\n<tr>\n<td colspan=\"3\">(No hay registros)<\/td>\n<\/tr>\n<\/table>\n<\/div>\n","protected":false},"excerpt":{"rendered":"<p>11\/06\/2014 &nbsp; Consejo General de los Colegios de Gestores Administrativos 11\/06\/2014 &#8211; El presidente de los gestores administrativos andaluces propone medidas simplificadoras El Economista 10\/06\/2014 &#8211; Gestores piden medidas para lograr la trazabilidad electr\u00f3nica de los procedimientos administrativos de la &hellip; <a href=\"https:\/\/www.gestoresalicante.org\/blog\/index.php\/2014\/06\/11\/resumen-de-prensa-11-06-2014\/\">Sigue leyendo <span class=\"meta-nav\">&rarr;<\/span><\/a><\/p>\n","protected":false},"author":4,"featured_media":0,"comment_status":"closed","ping_status":"closed","sticky":false,"template":"","format":"standard","meta":{"footnotes":""},"categories":[6],"tags":[],"class_list":["post-751","post","type-post","status-publish","format-standard","hentry","category-resumendeprensa"],"_links":{"self":[{"href":"https:\/\/www.gestoresalicante.org\/blog\/index.php\/wp-json\/wp\/v2\/posts\/751","targetHints":{"allow":["GET"]}}],"collection":[{"href":"https:\/\/www.gestoresalicante.org\/blog\/index.php\/wp-json\/wp\/v2\/posts"}],"about":[{"href":"https:\/\/www.gestoresalicante.org\/blog\/index.php\/wp-json\/wp\/v2\/types\/post"}],"author":[{"embeddable":true,"href":"https:\/\/www.gestoresalicante.org\/blog\/index.php\/wp-json\/wp\/v2\/users\/4"}],"replies":[{"embeddable":true,"href":"https:\/\/www.gestoresalicante.org\/blog\/index.php\/wp-json\/wp\/v2\/comments?post=751"}],"version-history":[{"count":0,"href":"https:\/\/www.gestoresalicante.org\/blog\/index.php\/wp-json\/wp\/v2\/posts\/751\/revisions"}],"wp:attachment":[{"href":"https:\/\/www.gestoresalicante.org\/blog\/index.php\/wp-json\/wp\/v2\/media?parent=751"}],"wp:term":[{"taxonomy":"category","embeddable":true,"href":"https:\/\/www.gestoresalicante.org\/blog\/index.php\/wp-json\/wp\/v2\/categories?post=751"},{"taxonomy":"post_tag","embeddable":true,"href":"https:\/\/www.gestoresalicante.org\/blog\/index.php\/wp-json\/wp\/v2\/tags?post=751"}],"curies":[{"name":"wp","href":"https:\/\/api.w.org\/{rel}","templated":true}]}}