{"id":762,"date":"2014-06-19T09:00:00","date_gmt":"2014-06-19T08:00:00","guid":{"rendered":"http:\/\/www.gestoresalicante.org\/blog\/index.php\/2014\/06\/19\/resumen-de-prensa-19-06-2014\/"},"modified":"-0001-11-30T00:00:00","modified_gmt":"-0001-11-29T22:00:00","slug":"resumen-de-prensa-19-06-2014","status":"publish","type":"post","link":"https:\/\/www.gestoresalicante.org\/blog\/index.php\/2014\/06\/19\/resumen-de-prensa-19-06-2014\/","title":{"rendered":"Resumen de Prensa 19-06-2014"},"content":{"rendered":"<div class=\"nboletin\">\n<table width=\"90%\" cellpadding=\"4\">\n<tr>\n<td colspan=\"3\">\n<div style=\"background-color: #CCCCCC;padding: 4px 10px 4px 10px;width: 100%;border: 1px #414141 solid;\"><img decoding=\"async\" alt=\"Consejo de Gestores\" src=\"http:\/\/www.gestoresalicante.org\/img\/newsletter\/conges.jpg\" width=226 height=70><\/div>\n<\/td>\n<\/tr>\n<tr>\n<td align=\"right\" colspan=\"3\"><strong>19\/06\/2014 <\/strong><\/td>\n<\/tr>\n<tr>\n<td colspan=\"3\">&nbsp;<\/td>\n<\/tr>\n<tr>\n<td colspan=\"3\" class=\"tgrupo\"><img loading=\"lazy\" decoding=\"async\" src=\"http:\/\/www.gestoresalicante.org\/img\/newsletter\/picto.jpg\" width=\"20\" height=\"18\" align=\"absmiddle\" style=\"margin-right: 4px;\"> <strong>Consejo General de los Colegios de Gestores Administrativos<\/strong><\/td>\n<\/tr>\n<tr>\n<td class=\"tfecha\">18\/06\/2014 &#8211;<\/td>\n<td class=\"titem\"><a href=\"http:\/\/www.clipmedia.net\/ficheros\/2014\/06_jun\/do018.pdf\" target=\"_blank\">Convenio entre economistas y gestores administrativos<\/a><\/td>\n<td align=\"right\" class=\"tfuente\">El Norte de Castilla Digital<\/td>\n<\/tr>\n<tr>\n<td class=\"tfecha\">18\/06\/2014 &#8211;<\/td>\n<td class=\"titem\"><a href=\"http:\/\/www.clipmedia.net\/ficheros\/2014\/06_jun\/do019.pdf\" target=\"_blank\">Economistas y gestores administrativos colaboran para mejorar su formaci\u00f3n<\/a><\/td>\n<td align=\"right\" class=\"tfuente\">castillayleoneconomica.es<\/td>\n<\/tr>\n<tr>\n<td class=\"tfecha\">19\/06\/2014 &#8211;<\/td>\n<td class=\"titem\"><a href=\"http:\/\/www.clipmedia.net\/ficheros\/2014\/06_jun\/do013.pdf\" target=\"_blank\">El Gobierno rebajar\u00e1 el tipo m\u00e1ximo en el IRPF hasta el 47%<\/a><\/td>\n<td align=\"right\" class=\"tfuente\">La Vanguardia<\/td>\n<\/tr>\n<tr>\n<td class=\"tfecha\">19\/06\/2014 &#8211;<\/td>\n<td class=\"titem\"><a href=\"http:\/\/www.clipmedia.net\/ficheros\/2014\/06_jun\/do014.pdf\" target=\"_blank\">Andorra se compromete a intercambiar informaci\u00f3n tributaria<\/a><\/td>\n<td align=\"right\" class=\"tfuente\">La Vanguardia<\/td>\n<\/tr>\n<tr>\n<td class=\"tfecha\">19\/06\/2014 &#8211;<\/td>\n<td class=\"titem\"><a href=\"http:\/\/www.clipmedia.net\/ficheros\/2014\/06_jun\/do020.pdf\" target=\"_blank\">La mayor tributaci\u00f3n de los despidos tensionar\u00e1 la negociaci\u00f3n de los ERE<\/a><\/td>\n<td align=\"right\" class=\"tfuente\">El Peri\u00f3dico de Catalunya<\/td>\n<\/tr>\n<tr>\n<td class=\"tfecha\">19\/06\/2014 &#8211;<\/td>\n<td class=\"titem\"><a href=\"http:\/\/www.clipmedia.net\/ficheros\/2014\/06_jun\/do028.pdf\" target=\"_blank\">El TC niega la pensi\u00f3n de viudedad a un homosexual<\/a><\/td>\n<td align=\"right\" class=\"tfuente\">El Economista<\/td>\n<\/tr>\n<tr>\n<td class=\"tfecha\">19\/06\/2014 &#8211;<\/td>\n<td class=\"titem\"><a href=\"http:\/\/www.clipmedia.net\/ficheros\/2014\/06_jun\/dp993.pdf\" target=\"_blank\">Las regiones presionan para salvar el impuesto sobre el patrimonio<\/a><\/td>\n<td align=\"right\" class=\"tfuente\">Cinco D\u00edas<\/td>\n<\/tr>\n<tr>\n<td class=\"tfecha\">19\/06\/2014 &#8211;<\/td>\n<td class=\"titem\"><a href=\"http:\/\/www.clipmedia.net\/ficheros\/2014\/06_jun\/do021.pdf\" target=\"_blank\">Sin remedio para las motos<\/a><\/td>\n<td align=\"right\" class=\"tfuente\">El Peri\u00f3dico de Catalunya<\/td>\n<\/tr>\n<tr>\n<td class=\"tfecha\">19\/06\/2014 &#8211;<\/td>\n<td class=\"titem\"><a href=\"http:\/\/www.clipmedia.net\/ficheros\/2014\/06_jun\/do022.pdf\" target=\"_blank\">Bridgestone aguanta en el liderazgo mundial del mercado de neum\u00e1ticos<\/a><\/td>\n<td align=\"right\" class=\"tfuente\">El Mundo<\/td>\n<\/tr>\n<tr>\n<td class=\"tfecha\">19\/06\/2014 &#8211;<\/td>\n<td class=\"titem\"><a href=\"http:\/\/www.clipmedia.net\/ficheros\/2014\/06_jun\/do023.pdf\" target=\"_blank\">Las f\u00e1bricas exportan cinco veces m\u00e1s a EEUU <\/a><\/td>\n<td align=\"right\" class=\"tfuente\">El Mundo<\/td>\n<\/tr>\n<tr>\n<td class=\"tfecha\">19\/06\/2014 &#8211;<\/td>\n<td class=\"titem\"><a href=\"http:\/\/www.clipmedia.net\/ficheros\/2014\/06_jun\/do033.pdf\" target=\"_blank\">\u00bfY por qu\u00e9 no comprar un coche procedente de r\u00e9nting?<\/a><\/td>\n<td align=\"right\" class=\"tfuente\">Expansi\u00f3n<\/td>\n<\/tr>\n<tr>\n<td colspan=\"3\">&nbsp;<\/td>\n<\/tr>\n<tr>\n<td colspan=\"3\" class=\"tgrupo\"><img loading=\"lazy\" decoding=\"async\" src=\"http:\/\/www.gestoresalicante.org\/img\/newsletter\/picto.jpg\" width=\"20\" height=\"18\" align=\"absmiddle\" style=\"margin-right: 4px;\"> <strong>Ventana Telem\u00e1tica<\/strong><\/td>\n<\/tr>\n<tr>\n<td colspan=\"3\">(No hay registros)<\/td>\n<\/tr>\n<tr>\n<td colspan=\"3\">&nbsp;<\/td>\n<\/tr>\n<tr>\n<td colspan=\"3\" class=\"tgrupo\"><img loading=\"lazy\" decoding=\"async\" src=\"http:\/\/www.gestoresalicante.org\/img\/newsletter\/picto.jpg\" width=\"20\" height=\"18\" align=\"absmiddle\" style=\"margin-right: 4px;\"> <strong> Sector de la formaci\u00f3n<\/strong><\/td>\n<\/tr>\n<tr>\n<td class=\"tfecha\">19\/06\/2014 &#8211;<\/td>\n<td class=\"titem\"><a href=\"http:\/\/www.clipmedia.net\/ficheros\/2014\/06_jun\/do025.pdf\" target=\"_blank\">Educaci\u00f3n elimina la prueba de Selectividad para los extranjeros<\/a><\/td>\n<td align=\"right\" class=\"tfuente\">El Pa\u00eds<\/td>\n<\/tr>\n<tr>\n<td class=\"tfecha\">18\/06\/2014 &#8211;<\/td>\n<td class=\"titem\"><a href=\"http:\/\/www.clipmedia.net\/ficheros\/2014\/06_jun\/do035.pdf\" target=\"_blank\">Los rectores esperan de Felipe VI un pacto nacional por la educaci\u00f3n <\/a><\/td>\n<td align=\"right\" class=\"tfuente\">El Economista<\/td>\n<\/tr>\n<tr>\n<td class=\"tfecha\">18\/06\/2014 &#8211;<\/td>\n<td class=\"titem\"><a href=\"http:\/\/www.clipmedia.net\/ficheros\/2014\/06_jun\/do036.pdf\" target=\"_blank\">Las universidades catalanas ense\u00f1an a conducir coches<\/a><\/td>\n<td align=\"right\" class=\"tfuente\">El Economista<\/td>\n<\/tr>\n<tr>\n<td class=\"tfecha\">18\/06\/2014 &#8211;<\/td>\n<td class=\"titem\"><a href=\"http:\/\/www.clipmedia.net\/ficheros\/2014\/06_jun\/do037.pdf\" target=\"_blank\">Art\u00edculo de opini\u00f3n: Judith Ruiz de Esquide &#8211; Del talento individual al talento colectivo<\/a><\/td>\n<td align=\"right\" class=\"tfuente\">El Economista<\/td>\n<\/tr>\n<tr>\n<td class=\"tfecha\">19\/06\/2014 &#8211;<\/td>\n<td class=\"titem\"><a href=\"http:\/\/www.clipmedia.net\/ficheros\/2014\/06_jun\/do001.pdf\" target=\"_blank\">El PIB &#8216;per capita&#8217; espa\u00f1ol retrocede 16 a\u00f1os en la comparaci\u00f3n con la UE<\/a><\/td>\n<td align=\"right\" class=\"tfuente\">El Pa\u00eds<\/td>\n<\/tr>\n<tr>\n<td class=\"tfecha\">19\/06\/2014 &#8211;<\/td>\n<td class=\"titem\"><a href=\"http:\/\/www.clipmedia.net\/ficheros\/2014\/06_jun\/do024.pdf\" target=\"_blank\">El boicot a Coca-Cola por los despidos hizo caer un 49% las ventas<\/a><\/td>\n<td align=\"right\" class=\"tfuente\">El Pa\u00eds<\/td>\n<\/tr>\n<tr>\n<td class=\"tfecha\">19\/06\/2014 &#8211;<\/td>\n<td class=\"titem\"><a href=\"http:\/\/www.clipmedia.net\/ficheros\/2014\/06_jun\/do026.pdf\" target=\"_blank\">Las ventas de la industria aumentaron un 3,9% en abril<\/a><\/td>\n<td align=\"right\" class=\"tfuente\">El Economista<\/td>\n<\/tr>\n<tr>\n<td class=\"tfecha\">19\/06\/2014 &#8211;<\/td>\n<td class=\"titem\"><a href=\"http:\/\/www.clipmedia.net\/ficheros\/2014\/06_jun\/do027.pdf\" target=\"_blank\">El sector servicios crea empleo por primera vez tras 34 meses de ca\u00eddas<\/a><\/td>\n<td align=\"right\" class=\"tfuente\">El Economista<\/td>\n<\/tr>\n<tr>\n<td class=\"tfecha\">19\/06\/2014 &#8211;<\/td>\n<td class=\"titem\"><a href=\"http:\/\/www.clipmedia.net\/ficheros\/2014\/06_jun\/do029.pdf\" target=\"_blank\">La universidad p\u00fablica debe usar el despido colectivo para interinos<\/a><\/td>\n<td align=\"right\" class=\"tfuente\">El Economista<\/td>\n<\/tr>\n<tr>\n<td class=\"tfecha\">19\/06\/2014 &#8211;<\/td>\n<td class=\"titem\"><a href=\"http:\/\/www.clipmedia.net\/ficheros\/2014\/06_jun\/do030.pdf\" target=\"_blank\">B\u00e1\u00f1ez paga la extra de junio con la &#8216;hucha&#8217; de las pensiones <\/a><\/td>\n<td align=\"right\" class=\"tfuente\">Expansi\u00f3n<\/td>\n<\/tr>\n<tr>\n<td class=\"tfecha\">19\/06\/2014 &#8211;<\/td>\n<td class=\"titem\"><a href=\"http:\/\/www.clipmedia.net\/ficheros\/2014\/06_jun\/dp999.pdf\" target=\"_blank\">El comercio de Barcelona abrir\u00e1 8 horas los festivos <\/a><\/td>\n<td align=\"right\" class=\"tfuente\">Expansi\u00f3n<\/td>\n<\/tr>\n<tr>\n<td class=\"tfecha\">19\/06\/2014 &#8211;<\/td>\n<td class=\"titem\"><a href=\"http:\/\/www.clipmedia.net\/ficheros\/2014\/06_jun\/dp994.pdf\" target=\"_blank\">El alquiler de vivienda espera ahora su oportunidad<\/a><\/td>\n<td align=\"right\" class=\"tfuente\">Cinco D\u00edas<\/td>\n<\/tr>\n<tr>\n<td class=\"tfecha\">19\/06\/2014 &#8211;<\/td>\n<td class=\"titem\"><a href=\"http:\/\/www.clipmedia.net\/ficheros\/2014\/06_jun\/do031.pdf\" target=\"_blank\">Los ayuntamientos tendr\u00e1n que indemnizar a 900.000 familias<\/a><\/td>\n<td align=\"right\" class=\"tfuente\">Expansi\u00f3n<\/td>\n<\/tr>\n<tr>\n<td class=\"tfecha\">19\/06\/2014 &#8211;<\/td>\n<td class=\"titem\"><a href=\"http:\/\/www.clipmedia.net\/ficheros\/2014\/06_jun\/do032.pdf\" target=\"_blank\">Art\u00edculo de opini\u00f3n: Luis Diaz-Ambrona Bardaj\u00ed y Antonio Hern\u00e1ndez Mancha &#8211; El drama de la valoraci\u00f3n del suelo urbano<\/a><\/td>\n<td align=\"right\" class=\"tfuente\">Expansi\u00f3n<\/td>\n<\/tr>\n<tr>\n<td class=\"tfecha\">19\/06\/2014 &#8211;<\/td>\n<td class=\"titem\"><a href=\"http:\/\/www.clipmedia.net\/ficheros\/2014\/06_jun\/do034.pdf\" target=\"_blank\">Oaktree cierra su primera compra inmobiliaria en Espa\u00f1a<\/a><\/td>\n<td align=\"right\" class=\"tfuente\">Expansi\u00f3n<\/td>\n<\/tr>\n<tr>\n<td colspan=\"3\">&nbsp;<\/td>\n<\/tr>\n<tr>\n<td colspan=\"3\" class=\"tgrupo\"><img loading=\"lazy\" decoding=\"async\" src=\"http:\/\/www.gestoresalicante.org\/img\/newsletter\/picto.jpg\" width=\"20\" height=\"18\" align=\"absmiddle\" style=\"margin-right: 4px;\"> <strong>B.O.E<\/strong><\/td>\n<\/tr>\n<tr>\n<td colspan=\"3\">(No hay registros)<\/td>\n<\/tr>\n<\/table>\n<\/div>\n","protected":false},"excerpt":{"rendered":"<p>19\/06\/2014 &nbsp; Consejo General de los Colegios de Gestores Administrativos 18\/06\/2014 &#8211; Convenio entre economistas y gestores administrativos El Norte de Castilla Digital 18\/06\/2014 &#8211; Economistas y gestores administrativos colaboran para mejorar su formaci\u00f3n castillayleoneconomica.es 19\/06\/2014 &#8211; El Gobierno rebajar\u00e1 &hellip; <a href=\"https:\/\/www.gestoresalicante.org\/blog\/index.php\/2014\/06\/19\/resumen-de-prensa-19-06-2014\/\">Sigue leyendo <span class=\"meta-nav\">&rarr;<\/span><\/a><\/p>\n","protected":false},"author":4,"featured_media":0,"comment_status":"closed","ping_status":"closed","sticky":false,"template":"","format":"standard","meta":{"footnotes":""},"categories":[6],"tags":[],"class_list":["post-762","post","type-post","status-publish","format-standard","hentry","category-resumendeprensa"],"_links":{"self":[{"href":"https:\/\/www.gestoresalicante.org\/blog\/index.php\/wp-json\/wp\/v2\/posts\/762","targetHints":{"allow":["GET"]}}],"collection":[{"href":"https:\/\/www.gestoresalicante.org\/blog\/index.php\/wp-json\/wp\/v2\/posts"}],"about":[{"href":"https:\/\/www.gestoresalicante.org\/blog\/index.php\/wp-json\/wp\/v2\/types\/post"}],"author":[{"embeddable":true,"href":"https:\/\/www.gestoresalicante.org\/blog\/index.php\/wp-json\/wp\/v2\/users\/4"}],"replies":[{"embeddable":true,"href":"https:\/\/www.gestoresalicante.org\/blog\/index.php\/wp-json\/wp\/v2\/comments?post=762"}],"version-history":[{"count":0,"href":"https:\/\/www.gestoresalicante.org\/blog\/index.php\/wp-json\/wp\/v2\/posts\/762\/revisions"}],"wp:attachment":[{"href":"https:\/\/www.gestoresalicante.org\/blog\/index.php\/wp-json\/wp\/v2\/media?parent=762"}],"wp:term":[{"taxonomy":"category","embeddable":true,"href":"https:\/\/www.gestoresalicante.org\/blog\/index.php\/wp-json\/wp\/v2\/categories?post=762"},{"taxonomy":"post_tag","embeddable":true,"href":"https:\/\/www.gestoresalicante.org\/blog\/index.php\/wp-json\/wp\/v2\/tags?post=762"}],"curies":[{"name":"wp","href":"https:\/\/api.w.org\/{rel}","templated":true}]}}