{"id":763,"date":"2014-06-20T09:00:00","date_gmt":"2014-06-20T08:00:00","guid":{"rendered":"http:\/\/www.gestoresalicante.org\/blog\/index.php\/2014\/06\/20\/resumen-de-prensa-20-06-2014\/"},"modified":"-0001-11-30T00:00:00","modified_gmt":"-0001-11-29T22:00:00","slug":"resumen-de-prensa-20-06-2014","status":"publish","type":"post","link":"https:\/\/www.gestoresalicante.org\/blog\/index.php\/2014\/06\/20\/resumen-de-prensa-20-06-2014\/","title":{"rendered":"Resumen de Prensa 20-06-2014"},"content":{"rendered":"<div class=\"nboletin\">\n<table width=\"90%\" cellpadding=\"4\">\n<tr>\n<td colspan=\"3\">\n<div style=\"background-color: #CCCCCC;padding: 4px 10px 4px 10px;width: 100%;border: 1px #414141 solid;\"><img decoding=\"async\" alt=\"Consejo de Gestores\" src=\"http:\/\/www.gestoresalicante.org\/img\/newsletter\/conges.jpg\" width=226 height=70><\/div>\n<\/td>\n<\/tr>\n<tr>\n<td align=\"right\" colspan=\"3\"><strong>20\/06\/2014 <\/strong><\/td>\n<\/tr>\n<tr>\n<td colspan=\"3\">&nbsp;<\/td>\n<\/tr>\n<tr>\n<td colspan=\"3\" class=\"tgrupo\"><img loading=\"lazy\" decoding=\"async\" src=\"http:\/\/www.gestoresalicante.org\/img\/newsletter\/picto.jpg\" width=\"20\" height=\"18\" align=\"absmiddle\" style=\"margin-right: 4px;\"> <strong>Consejo General de los Colegios de Gestores Administrativos<\/strong><\/td>\n<\/tr>\n<tr>\n<td colspan=\"3\">(No hay registros)<\/td>\n<\/tr>\n<tr>\n<td colspan=\"3\">&nbsp;<\/td>\n<\/tr>\n<tr>\n<td colspan=\"3\" class=\"tgrupo\"><img loading=\"lazy\" decoding=\"async\" src=\"http:\/\/www.gestoresalicante.org\/img\/newsletter\/picto.jpg\" width=\"20\" height=\"18\" align=\"absmiddle\" style=\"margin-right: 4px;\"> <strong>Sector Fiscal<\/strong><\/td>\n<\/tr>\n<tr>\n<td class=\"tfecha\">20\/06\/2014 &#8211;<\/td>\n<td class=\"titem\"><a href=\"http:\/\/www.clipmedia.net\/ficheros\/2014\/06_jun\/do093.pdf\" target=\"_blank\">La reforma fiscal mantiene el impuesto de sociedades a la banca en el 30%<\/a><\/td>\n<td align=\"right\" class=\"tfuente\">La Vanguardia<\/td>\n<\/tr>\n<tr>\n<td class=\"tfecha\">20\/06\/2014 &#8211;<\/td>\n<td class=\"titem\"><a href=\"http:\/\/www.clipmedia.net\/ficheros\/2014\/06_jun\/do095.pdf\" target=\"_blank\">El tipo marginal del IRPF quedar\u00e1 por debajo del 50% con la reforma fiscal<\/a><\/td>\n<td align=\"right\" class=\"tfuente\">El Economista<\/td>\n<\/tr>\n<tr>\n<td class=\"tfecha\">20\/06\/2014 &#8211;<\/td>\n<td class=\"titem\"><a href=\"http:\/\/www.clipmedia.net\/ficheros\/2014\/06_jun\/do097.pdf\" target=\"_blank\">Garant\u00eda entre empresas: el TS fija cu\u00e1ndo es rescindible<\/a><\/td>\n<td align=\"right\" class=\"tfuente\">El Economista<\/td>\n<\/tr>\n<tr>\n<td class=\"tfecha\">20\/06\/2014 &#8211;<\/td>\n<td class=\"titem\"><a href=\"http:\/\/www.clipmedia.net\/ficheros\/2014\/06_jun\/do098.pdf\" target=\"_blank\">La CNMC rehusa incluir IVA en los contratos si hay licitadores exentos<\/a><\/td>\n<td align=\"right\" class=\"tfuente\">El Economista<\/td>\n<\/tr>\n<tr>\n<td class=\"tfecha\">20\/06\/2014 &#8211;<\/td>\n<td class=\"titem\"><a href=\"http:\/\/www.clipmedia.net\/ficheros\/2014\/06_jun\/do101.pdf\" target=\"_blank\">Una reforma fiscal que elevar\u00e1 la renta disponible<\/a><\/td>\n<td align=\"right\" class=\"tfuente\">Cinco D\u00edas<\/td>\n<\/tr>\n<tr>\n<td class=\"tfecha\">20\/06\/2014 &#8211;<\/td>\n<td class=\"titem\"><a href=\"http:\/\/www.clipmedia.net\/ficheros\/2014\/06_jun\/do104.pdf\" target=\"_blank\">Multa a una empresa que represali\u00f3 al delator de un fraude<\/a><\/td>\n<td align=\"right\" class=\"tfuente\">Expansi\u00f3n<\/td>\n<\/tr>\n<tr>\n<td class=\"tfecha\">20\/06\/2014 &#8211;<\/td>\n<td class=\"titem\"><a href=\"http:\/\/www.clipmedia.net\/ficheros\/2014\/06_jun\/do111.pdf\" target=\"_blank\">Propuestas para desplazados e impatriados<\/a><\/td>\n<td align=\"right\" class=\"tfuente\">El Economista &#8211; Suplementos<\/td>\n<\/tr>\n<tr>\n<td class=\"tfecha\">20\/06\/2014 &#8211;<\/td>\n<td class=\"titem\"><a href=\"http:\/\/www.clipmedia.net\/ficheros\/2014\/06_jun\/do113.pdf\" target=\"_blank\">Heredar en la UE sin &#8216;morir&#8217; en el intento<\/a><\/td>\n<td align=\"right\" class=\"tfuente\">El Economista &#8211; Suplementos<\/td>\n<\/tr>\n<tr>\n<td class=\"tfecha\">20\/06\/2014 &#8211;<\/td>\n<td class=\"titem\"><a href=\"http:\/\/www.clipmedia.net\/ficheros\/2014\/06_jun\/do065.pdf\" target=\"_blank\">PSA no prev\u00e9 asignar otro Peugeot a Madrid<\/a><\/td>\n<td align=\"right\" class=\"tfuente\">El Mundo<\/td>\n<\/tr>\n<tr>\n<td class=\"tfecha\">20\/06\/2014 &#8211;<\/td>\n<td class=\"titem\"><a href=\"http:\/\/www.clipmedia.net\/ficheros\/2014\/06_jun\/do066.pdf\" target=\"_blank\">Indemnizan a un ni\u00f1o por el &#8216;susto&#8217; de un accidente<\/a><\/td>\n<td align=\"right\" class=\"tfuente\">El Mundo<\/td>\n<\/tr>\n<tr>\n<td class=\"tfecha\">20\/06\/2014 &#8211;<\/td>\n<td class=\"titem\"><a href=\"http:\/\/www.clipmedia.net\/ficheros\/2014\/06_jun\/do112.pdf\" target=\"_blank\">V\u00eda libre a la subasta electr\u00f3nica de vivienda<\/a><\/td>\n<td align=\"right\" class=\"tfuente\">El Economista &#8211; Suplementos<\/td>\n<\/tr>\n<tr>\n<td class=\"tfecha\">20\/06\/2014 &#8211;<\/td>\n<td class=\"titem\"><a href=\"http:\/\/www.clipmedia.net\/ficheros\/2014\/06_jun\/do102.pdf\" target=\"_blank\">Si el curr\u00edculo de siempre ya no sirve&#8230; \u00bfpara qu\u00e9 mentir?<\/a><\/td>\n<td align=\"right\" class=\"tfuente\">Expansi\u00f3n<\/td>\n<\/tr>\n<tr>\n<td class=\"tfecha\">20\/06\/2014 &#8211;<\/td>\n<td class=\"titem\"><a href=\"http:\/\/www.clipmedia.net\/ficheros\/2014\/06_jun\/do107.pdf\" target=\"_blank\">Padres y maestros logran que la escuela ense\u00f1e a programar<\/a><\/td>\n<td align=\"right\" class=\"tfuente\">El Peri\u00f3dico de Catalunya<\/td>\n<\/tr>\n<tr>\n<td class=\"tfecha\">19\/06\/2014 &#8211;<\/td>\n<td class=\"titem\"><a href=\"http:\/\/www.clipmedia.net\/ficheros\/2014\/06_jun\/do108.pdf\" target=\"_blank\">Ampliar el curr\u00edculum ya no es un plus, sino algo necesario<\/a><\/td>\n<td align=\"right\" class=\"tfuente\">Expansi\u00f3n &#8211; Suplemento Especial<\/td>\n<\/tr>\n<tr>\n<td class=\"tfecha\">19\/06\/2014 &#8211;<\/td>\n<td class=\"titem\"><a href=\"http:\/\/www.clipmedia.net\/ficheros\/2014\/06_jun\/do109.pdf\" target=\"_blank\">Preparados, listos&#8230;\u00a1a emprender!<\/a><\/td>\n<td align=\"right\" class=\"tfuente\">Expansi\u00f3n<\/td>\n<\/tr>\n<tr>\n<td class=\"tfecha\">19\/06\/2014 &#8211;<\/td>\n<td class=\"titem\"><a href=\"http:\/\/www.clipmedia.net\/ficheros\/2014\/06_jun\/do110.pdf\" target=\"_blank\">El nuevo camino hacia los tribunales<\/a><\/td>\n<td align=\"right\" class=\"tfuente\">Expansi\u00f3n &#8211; Suplemento Especial<\/td>\n<\/tr>\n<tr>\n<td class=\"tfecha\">20\/06\/2014 &#8211;<\/td>\n<td class=\"titem\"><a href=\"http:\/\/www.clipmedia.net\/ficheros\/2014\/06_jun\/do062.pdf\" target=\"_blank\">Los despidos de quienes ganen m\u00e1s de 20.000 euros al a\u00f1o pagar\u00e1n IRPF<\/a><\/td>\n<td align=\"right\" class=\"tfuente\">ABC<\/td>\n<\/tr>\n<tr>\n<td class=\"tfecha\">20\/06\/2014 &#8211;<\/td>\n<td class=\"titem\"><a href=\"http:\/\/www.clipmedia.net\/ficheros\/2014\/06_jun\/do094.pdf\" target=\"_blank\">Los Ferrero y los Ventura se separan y dividen Nutrexpa en dos grupos<\/a><\/td>\n<td align=\"right\" class=\"tfuente\">El Economista<\/td>\n<\/tr>\n<tr>\n<td class=\"tfecha\">20\/06\/2014 &#8211;<\/td>\n<td class=\"titem\"><a href=\"http:\/\/www.clipmedia.net\/ficheros\/2014\/06_jun\/do096.pdf\" target=\"_blank\">La OCDE denuncia la desigualdad salarial en Espa\u00f1a<\/a><\/td>\n<td align=\"right\" class=\"tfuente\">El Economista<\/td>\n<\/tr>\n<tr>\n<td class=\"tfecha\">20\/06\/2014 &#8211;<\/td>\n<td class=\"titem\"><a href=\"http:\/\/www.clipmedia.net\/ficheros\/2014\/06_jun\/do099.pdf\" target=\"_blank\">Acocex subraya la falta de mentalidad exportadora del empresario espa\u00f1ol <\/a><\/td>\n<td align=\"right\" class=\"tfuente\">El Economista<\/td>\n<\/tr>\n<tr>\n<td class=\"tfecha\">20\/06\/2014 &#8211;<\/td>\n<td class=\"titem\"><a href=\"http:\/\/www.clipmedia.net\/ficheros\/2014\/06_jun\/do114.pdf\" target=\"_blank\">Art\u00edculo de opini\u00f3n: Manuel Fern\u00e1ndez-Lomana &#8211; El rendimiento debido<\/a><\/td>\n<td align=\"right\" class=\"tfuente\">El Economista &#8211; Suplementos<\/td>\n<\/tr>\n<tr>\n<td class=\"tfecha\">20\/06\/2014 &#8211;<\/td>\n<td class=\"titem\"><a href=\"http:\/\/www.clipmedia.net\/ficheros\/2014\/06_jun\/do115.pdf\" target=\"_blank\">Las grandes empresas har\u00e1n otra gira para vender Espa\u00f1a<\/a><\/td>\n<td align=\"right\" class=\"tfuente\">La Vanguardia<\/td>\n<\/tr>\n<tr>\n<td class=\"tfecha\">20\/06\/2014 &#8211;<\/td>\n<td class=\"titem\"><a href=\"http:\/\/www.clipmedia.net\/ficheros\/2014\/06_jun\/do103.pdf\" target=\"_blank\">Sareb pone a la venta 220 millones en pr\u00e9stamos<\/a><\/td>\n<td align=\"right\" class=\"tfuente\">Expansi\u00f3n<\/td>\n<\/tr>\n<tr>\n<td class=\"tfecha\">20\/06\/2014 &#8211;<\/td>\n<td class=\"titem\"><a href=\"http:\/\/www.clipmedia.net\/ficheros\/2014\/06_jun\/do105.pdf\" target=\"_blank\">Londres, Hong Kong o Nueva York \u00bfd\u00f3nde comprar vivienda?<\/a><\/td>\n<td align=\"right\" class=\"tfuente\">Expansi\u00f3n<\/td>\n<\/tr>\n<tr>\n<td colspan=\"3\">&nbsp;<\/td>\n<\/tr>\n<tr>\n<td colspan=\"3\" class=\"tgrupo\"><img loading=\"lazy\" decoding=\"async\" src=\"http:\/\/www.gestoresalicante.org\/img\/newsletter\/picto.jpg\" width=\"20\" height=\"18\" align=\"absmiddle\" style=\"margin-right: 4px;\"> <strong>B.O.E<\/strong><\/td>\n<\/tr>\n<tr>\n<td colspan=\"3\">(No hay registros)<\/td>\n<\/tr>\n<\/table>\n<\/div>\n","protected":false},"excerpt":{"rendered":"<p>20\/06\/2014 &nbsp; Consejo General de los Colegios de Gestores Administrativos (No hay registros) &nbsp; Sector Fiscal 20\/06\/2014 &#8211; La reforma fiscal mantiene el impuesto de sociedades a la banca en el 30% La Vanguardia 20\/06\/2014 &#8211; El tipo marginal del &hellip; <a href=\"https:\/\/www.gestoresalicante.org\/blog\/index.php\/2014\/06\/20\/resumen-de-prensa-20-06-2014\/\">Sigue leyendo <span class=\"meta-nav\">&rarr;<\/span><\/a><\/p>\n","protected":false},"author":4,"featured_media":0,"comment_status":"closed","ping_status":"closed","sticky":false,"template":"","format":"standard","meta":{"footnotes":""},"categories":[6],"tags":[],"class_list":["post-763","post","type-post","status-publish","format-standard","hentry","category-resumendeprensa"],"_links":{"self":[{"href":"https:\/\/www.gestoresalicante.org\/blog\/index.php\/wp-json\/wp\/v2\/posts\/763","targetHints":{"allow":["GET"]}}],"collection":[{"href":"https:\/\/www.gestoresalicante.org\/blog\/index.php\/wp-json\/wp\/v2\/posts"}],"about":[{"href":"https:\/\/www.gestoresalicante.org\/blog\/index.php\/wp-json\/wp\/v2\/types\/post"}],"author":[{"embeddable":true,"href":"https:\/\/www.gestoresalicante.org\/blog\/index.php\/wp-json\/wp\/v2\/users\/4"}],"replies":[{"embeddable":true,"href":"https:\/\/www.gestoresalicante.org\/blog\/index.php\/wp-json\/wp\/v2\/comments?post=763"}],"version-history":[{"count":0,"href":"https:\/\/www.gestoresalicante.org\/blog\/index.php\/wp-json\/wp\/v2\/posts\/763\/revisions"}],"wp:attachment":[{"href":"https:\/\/www.gestoresalicante.org\/blog\/index.php\/wp-json\/wp\/v2\/media?parent=763"}],"wp:term":[{"taxonomy":"category","embeddable":true,"href":"https:\/\/www.gestoresalicante.org\/blog\/index.php\/wp-json\/wp\/v2\/categories?post=763"},{"taxonomy":"post_tag","embeddable":true,"href":"https:\/\/www.gestoresalicante.org\/blog\/index.php\/wp-json\/wp\/v2\/tags?post=763"}],"curies":[{"name":"wp","href":"https:\/\/api.w.org\/{rel}","templated":true}]}}