{"id":770,"date":"2014-07-02T09:00:00","date_gmt":"2014-07-02T08:00:00","guid":{"rendered":"http:\/\/www.gestoresalicante.org\/blog\/index.php\/2014\/07\/02\/resumen-de-prensa-02-07-2014\/"},"modified":"-0001-11-30T00:00:00","modified_gmt":"-0001-11-29T22:00:00","slug":"resumen-de-prensa-02-07-2014","status":"publish","type":"post","link":"https:\/\/www.gestoresalicante.org\/blog\/index.php\/2014\/07\/02\/resumen-de-prensa-02-07-2014\/","title":{"rendered":"Resumen de Prensa 02-07-2014"},"content":{"rendered":"<div class=\"nboletin\">\n<table width=\"90%\" cellpadding=\"4\">\n<tr>\n<td colspan=\"3\">\n<div style=\"background-color: #CCCCCC;padding: 4px 10px 4px 10px;width: 100%;border: 1px #414141 solid;\"><img decoding=\"async\" alt=\"Consejo de Gestores\" src=\"http:\/\/www.gestoresalicante.org\/img\/newsletter\/conges.jpg\" width=226 height=70><\/div>\n<\/td>\n<\/tr>\n<tr>\n<td align=\"right\" colspan=\"3\"><strong>02\/07\/2014 <\/strong><\/td>\n<\/tr>\n<tr>\n<td colspan=\"3\">&nbsp;<\/td>\n<\/tr>\n<tr>\n<td colspan=\"3\" class=\"tgrupo\"><img loading=\"lazy\" decoding=\"async\" src=\"http:\/\/www.gestoresalicante.org\/img\/newsletter\/picto.jpg\" width=\"20\" height=\"18\" align=\"absmiddle\" style=\"margin-right: 4px;\"> <strong>Consejo General de los Colegios de Gestores Administrativos<\/strong><\/td>\n<\/tr>\n<tr>\n<td colspan=\"3\">(No hay registros)<\/td>\n<\/tr>\n<tr>\n<td colspan=\"3\">&nbsp;<\/td>\n<\/tr>\n<tr>\n<td colspan=\"3\" class=\"tgrupo\"><img loading=\"lazy\" decoding=\"async\" src=\"http:\/\/www.gestoresalicante.org\/img\/newsletter\/picto.jpg\" width=\"20\" height=\"18\" align=\"absmiddle\" style=\"margin-right: 4px;\"> <strong>Sector Fiscal<\/strong><\/td>\n<\/tr>\n<tr>\n<td class=\"tfecha\">02\/07\/2014 &#8211;<\/td>\n<td class=\"titem\"><a href=\"http:\/\/www.clipmedia.net\/ficheros\/2014\/07_jul\/do554.pdf\" target=\"_blank\">La reforma fiscal no tendr\u00e1 efectos para el 30% de los contribuyentes<\/a><\/td>\n<td align=\"right\" class=\"tfuente\">El Pa\u00eds<\/td>\n<\/tr>\n<tr>\n<td class=\"tfecha\">02\/07\/2014 &#8211;<\/td>\n<td class=\"titem\"><a href=\"http:\/\/www.clipmedia.net\/ficheros\/2014\/07_jul\/do567.pdf\" target=\"_blank\">M\u00e1s de 613.300 contribuyentes pagar\u00e1n m\u00e1s con el nuevo IRPF<\/a><\/td>\n<td align=\"right\" class=\"tfuente\">El Peri\u00f3dico de Catalunya<\/td>\n<\/tr>\n<tr>\n<td class=\"tfecha\">02\/07\/2014 &#8211;<\/td>\n<td class=\"titem\"><a href=\"http:\/\/www.clipmedia.net\/ficheros\/2014\/07_jul\/do573.pdf\" target=\"_blank\">Las rentas de m\u00e1s de 42.000 euros copan el 27% de la rebaja fiscal, seg\u00fan Funcas<\/a><\/td>\n<td align=\"right\" class=\"tfuente\">La Vanguardia<\/td>\n<\/tr>\n<tr>\n<td class=\"tfecha\">02\/07\/2014 &#8211;<\/td>\n<td class=\"titem\"><a href=\"http:\/\/www.clipmedia.net\/ficheros\/2014\/07_jul\/do587.pdf\" target=\"_blank\">La Generalitat crea un impuesto a las operadoras de Internet<\/a><\/td>\n<td align=\"right\" class=\"tfuente\">El Economista<\/td>\n<\/tr>\n<tr>\n<td class=\"tfecha\">02\/07\/2014 &#8211;<\/td>\n<td class=\"titem\"><a href=\"http:\/\/www.clipmedia.net\/ficheros\/2014\/07_jul\/do591.pdf\" target=\"_blank\">El TJUE &#8216;calla&#8217; sobre c\u00f3mo los bancos se adjudican las casas<\/a><\/td>\n<td align=\"right\" class=\"tfuente\">El Economista<\/td>\n<\/tr>\n<tr>\n<td class=\"tfecha\">02\/07\/2014 &#8211;<\/td>\n<td class=\"titem\"><a href=\"http:\/\/www.clipmedia.net\/ficheros\/2014\/07_jul\/do592.pdf\" target=\"_blank\">Anulado un desahucio de alquiler social por no revisar a la baja la renta<\/a><\/td>\n<td align=\"right\" class=\"tfuente\">El Economista<\/td>\n<\/tr>\n<tr>\n<td class=\"tfecha\">02\/07\/2014 &#8211;<\/td>\n<td class=\"titem\"><a href=\"http:\/\/www.clipmedia.net\/ficheros\/2014\/07_jul\/do597.pdf\" target=\"_blank\">Los mejores casos de los despachos de negocios avalan la recuperaci\u00f3n<\/a><\/td>\n<td align=\"right\" class=\"tfuente\">Expansi\u00f3n<\/td>\n<\/tr>\n<tr>\n<td class=\"tfecha\">02\/07\/2014 &#8211;<\/td>\n<td class=\"titem\"><a href=\"http:\/\/www.clipmedia.net\/ficheros\/2014\/07_jul\/do595.pdf\" target=\"_blank\">Art\u00edculo de opini\u00f3n: Esa\u00fa Alarc\u00f3n &#8211; Una medida criticable<\/a><\/td>\n<td align=\"right\" class=\"tfuente\">Expansi\u00f3n<\/td>\n<\/tr>\n<tr>\n<td class=\"tfecha\">02\/07\/2014 &#8211;<\/td>\n<td class=\"titem\"><a href=\"http:\/\/www.clipmedia.net\/ficheros\/2014\/07_jul\/do549.pdf\" target=\"_blank\">Mitsubishi y Chrysler vuelven a colaborar<\/a><\/td>\n<td align=\"right\" class=\"tfuente\">El Mundo<\/td>\n<\/tr>\n<tr>\n<td class=\"tfecha\">02\/07\/2014 &#8211;<\/td>\n<td class=\"titem\"><a href=\"http:\/\/www.clipmedia.net\/ficheros\/2014\/07_jul\/do580.pdf\" target=\"_blank\">Las matriculaciones cierran su mejor cifra semestral desde 2010<\/a><\/td>\n<td align=\"right\" class=\"tfuente\">Cinco D\u00edas<\/td>\n<\/tr>\n<tr>\n<td class=\"tfecha\">02\/07\/2014 &#8211;<\/td>\n<td class=\"titem\"><a href=\"http:\/\/www.clipmedia.net\/ficheros\/2014\/07_jul\/do581.pdf\" target=\"_blank\">General Motors llama a revisi\u00f3n a otros 8,4 millones de veh\u00edculos<\/a><\/td>\n<td align=\"right\" class=\"tfuente\">Cinco D\u00edas<\/td>\n<\/tr>\n<tr>\n<td class=\"tfecha\">02\/07\/2014 &#8211;<\/td>\n<td class=\"titem\"><a href=\"http:\/\/www.clipmedia.net\/ficheros\/2014\/07_jul\/do548.pdf\" target=\"_blank\">Las ventas de coches crecen un 17,8% tras el mejor junio desde 2010<\/a><\/td>\n<td align=\"right\" class=\"tfuente\">El Mundo<\/td>\n<\/tr>\n<tr>\n<td colspan=\"3\">&nbsp;<\/td>\n<\/tr>\n<tr>\n<td colspan=\"3\" class=\"tgrupo\"><img loading=\"lazy\" decoding=\"async\" src=\"http:\/\/www.gestoresalicante.org\/img\/newsletter\/picto.jpg\" width=\"20\" height=\"18\" align=\"absmiddle\" style=\"margin-right: 4px;\"> <strong>Ventana Telem\u00e1tica<\/strong><\/td>\n<\/tr>\n<tr>\n<td colspan=\"3\">(No hay registros)<\/td>\n<\/tr>\n<tr>\n<td colspan=\"3\">&nbsp;<\/td>\n<\/tr>\n<tr>\n<td colspan=\"3\" class=\"tgrupo\"><img loading=\"lazy\" decoding=\"async\" src=\"http:\/\/www.gestoresalicante.org\/img\/newsletter\/picto.jpg\" width=\"20\" height=\"18\" align=\"absmiddle\" style=\"margin-right: 4px;\"> <strong> Sector de la formaci\u00f3n<\/strong><\/td>\n<\/tr>\n<tr>\n<td class=\"tfecha\">02\/07\/2014 &#8211;<\/td>\n<td class=\"titem\"><a href=\"http:\/\/www.clipmedia.net\/ficheros\/2014\/07_jul\/do571.pdf\" target=\"_blank\">La mayor\u00eda de los alumnos fall\u00f3 materias b\u00e1sicas en selectividad<\/a><\/td>\n<td align=\"right\" class=\"tfuente\">La Vanguardia<\/td>\n<\/tr>\n<tr>\n<td class=\"tfecha\">02\/07\/2014 &#8211;<\/td>\n<td class=\"titem\"><a href=\"http:\/\/www.clipmedia.net\/ficheros\/2014\/07_jul\/do572.pdf\" target=\"_blank\">Wert se suma a la defensa de los pr\u00e9stamos para universitarios<\/a><\/td>\n<td align=\"right\" class=\"tfuente\">La Vanguardia<\/td>\n<\/tr>\n<tr>\n<td class=\"tfecha\">02\/07\/2014 &#8211;<\/td>\n<td class=\"titem\"><a href=\"http:\/\/www.clipmedia.net\/ficheros\/2014\/07_jul\/do593.pdf\" target=\"_blank\">\u00bfQui\u00e9n ganar\u00e1 la guerra de generaciones y tecnolog\u00eda?<\/a><\/td>\n<td align=\"right\" class=\"tfuente\">Expansi\u00f3n<\/td>\n<\/tr>\n<tr>\n<td class=\"tfecha\">02\/07\/2014 &#8211;<\/td>\n<td class=\"titem\"><a href=\"http:\/\/www.clipmedia.net\/ficheros\/2014\/07_jul\/do555.pdf\" target=\"_blank\">La sanidad p\u00fablica pierde casi 28.500 empleos en dos a\u00f1os<\/a><\/td>\n<td align=\"right\" class=\"tfuente\">El Pa\u00eds<\/td>\n<\/tr>\n<tr>\n<td class=\"tfecha\">02\/07\/2014 &#8211;<\/td>\n<td class=\"titem\"><a href=\"http:\/\/www.clipmedia.net\/ficheros\/2014\/07_jul\/do577.pdf\" target=\"_blank\">Rosell dice que &quot;un mill\u00f3n de amas de casa se apuntan al paro&quot; para cobrar ayudas<\/a><\/td>\n<td align=\"right\" class=\"tfuente\">El Pa\u00eds<\/td>\n<\/tr>\n<tr>\n<td class=\"tfecha\">02\/07\/2014 &#8211;<\/td>\n<td class=\"titem\"><a href=\"http:\/\/www.clipmedia.net\/ficheros\/2014\/07_jul\/do578.pdf\" target=\"_blank\">Los comerciantes no pagar\u00e1n m\u00e1s por los &#8216;barrios premium&#8217;<\/a><\/td>\n<td align=\"right\" class=\"tfuente\">El Pa\u00eds<\/td>\n<\/tr>\n<tr>\n<td class=\"tfecha\">02\/07\/2014 &#8211;<\/td>\n<td class=\"titem\"><a href=\"http:\/\/www.clipmedia.net\/ficheros\/2014\/07_jul\/do583.pdf\" target=\"_blank\">La Seguridad Social encadena diez meses de incremento de cotizantes<\/a><\/td>\n<td align=\"right\" class=\"tfuente\">Cinco D\u00edas<\/td>\n<\/tr>\n<tr>\n<td class=\"tfecha\">02\/07\/2014 &#8211;<\/td>\n<td class=\"titem\"><a href=\"http:\/\/www.clipmedia.net\/ficheros\/2014\/07_jul\/do586.pdf\" target=\"_blank\">Madrid ampl\u00eda el &#8216;Tax Free&#8217; a m\u00e1s empresas<\/a><\/td>\n<td align=\"right\" class=\"tfuente\">El Economista<\/td>\n<\/tr>\n<tr>\n<td class=\"tfecha\">02\/07\/2014 &#8211;<\/td>\n<td class=\"titem\"><a href=\"http:\/\/www.clipmedia.net\/ficheros\/2014\/07_jul\/do588.pdf\" target=\"_blank\">Rosell pide convertir todos los contratos en indefinidos<\/a><\/td>\n<td align=\"right\" class=\"tfuente\">El Economista<\/td>\n<\/tr>\n<tr>\n<td class=\"tfecha\">02\/07\/2014 &#8211;<\/td>\n<td class=\"titem\"><a href=\"http:\/\/www.clipmedia.net\/ficheros\/2014\/07_jul\/do589.pdf\" target=\"_blank\">La actividad industrial alcanz\u00f3 en junio niveles de 2007<\/a><\/td>\n<td align=\"right\" class=\"tfuente\">El Economista<\/td>\n<\/tr>\n<tr>\n<td class=\"tfecha\">02\/07\/2014 &#8211;<\/td>\n<td class=\"titem\"><a href=\"http:\/\/www.clipmedia.net\/ficheros\/2014\/07_jul\/do590.pdf\" target=\"_blank\">El desempleo en la zona del euro se mantuvo en el 11,6% en mayo<\/a><\/td>\n<td align=\"right\" class=\"tfuente\">El Economista<\/td>\n<\/tr>\n<tr>\n<td class=\"tfecha\">02\/07\/2014 &#8211;<\/td>\n<td class=\"titem\"><a href=\"http:\/\/www.clipmedia.net\/ficheros\/2014\/07_jul\/do551.pdf\" target=\"_blank\">El consumo dom\u00e9stico despega por fin en Espa\u00f1a<\/a><\/td>\n<td align=\"right\" class=\"tfuente\">Expansi\u00f3n<\/td>\n<\/tr>\n<tr>\n<td class=\"tfecha\">02\/07\/2014 &#8211;<\/td>\n<td class=\"titem\"><a href=\"http:\/\/www.clipmedia.net\/ficheros\/2014\/07_jul\/do575.pdf\" target=\"_blank\">Fomento prepara una ley para centralizar la rehabilitaci\u00f3n<\/a><\/td>\n<td align=\"right\" class=\"tfuente\">El Peri\u00f3dico de Catalunya<\/td>\n<\/tr>\n<tr>\n<td class=\"tfecha\">02\/07\/2014 &#8211;<\/td>\n<td class=\"titem\"><a href=\"http:\/\/www.clipmedia.net\/ficheros\/2014\/07_jul\/do582.pdf\" target=\"_blank\">In Tempo, un rascacielos explosivo en el tejado de Sareb<\/a><\/td>\n<td align=\"right\" class=\"tfuente\">Cinco D\u00edas<\/td>\n<\/tr>\n<tr>\n<td class=\"tfecha\">02\/07\/2014 &#8211;<\/td>\n<td class=\"titem\"><a href=\"http:\/\/www.clipmedia.net\/ficheros\/2014\/07_jul\/do584.pdf\" target=\"_blank\">Los expertos prev\u00e9n subidas de precios de las casas en dos a\u00f1os<\/a><\/td>\n<td align=\"right\" class=\"tfuente\">Cinco D\u00edas<\/td>\n<\/tr>\n<tr>\n<td class=\"tfecha\">02\/07\/2014 &#8211;<\/td>\n<td class=\"titem\"><a href=\"http:\/\/www.clipmedia.net\/ficheros\/2014\/07_jul\/do585.pdf\" target=\"_blank\">Inmobiliarias y renovables lideran las subidas en bolsa<\/a><\/td>\n<td align=\"right\" class=\"tfuente\">El Economista<\/td>\n<\/tr>\n<tr>\n<td class=\"tfecha\">02\/07\/2014 &#8211;<\/td>\n<td class=\"titem\"><a href=\"http:\/\/www.clipmedia.net\/ficheros\/2014\/07_jul\/do594.pdf\" target=\"_blank\">Sareb pone a la venta 1.000 millones en pr\u00e9stamos<\/a><\/td>\n<td align=\"right\" class=\"tfuente\">Expansi\u00f3n<\/td>\n<\/tr>\n<tr>\n<td colspan=\"3\">&nbsp;<\/td>\n<\/tr>\n<tr>\n<td colspan=\"3\" class=\"tgrupo\"><img loading=\"lazy\" decoding=\"async\" src=\"http:\/\/www.gestoresalicante.org\/img\/newsletter\/picto.jpg\" width=\"20\" height=\"18\" align=\"absmiddle\" style=\"margin-right: 4px;\"> <strong>B.O.E<\/strong><\/td>\n<\/tr>\n<tr>\n<td colspan=\"3\">(No hay registros)<\/td>\n<\/tr>\n<\/table>\n<\/div>\n","protected":false},"excerpt":{"rendered":"<p>02\/07\/2014 &nbsp; Consejo General de los Colegios de Gestores Administrativos (No hay registros) &nbsp; Sector Fiscal 02\/07\/2014 &#8211; La reforma fiscal no tendr\u00e1 efectos para el 30% de los contribuyentes El Pa\u00eds 02\/07\/2014 &#8211; M\u00e1s de 613.300 contribuyentes pagar\u00e1n m\u00e1s &hellip; <a href=\"https:\/\/www.gestoresalicante.org\/blog\/index.php\/2014\/07\/02\/resumen-de-prensa-02-07-2014\/\">Sigue leyendo <span class=\"meta-nav\">&rarr;<\/span><\/a><\/p>\n","protected":false},"author":4,"featured_media":0,"comment_status":"closed","ping_status":"closed","sticky":false,"template":"","format":"standard","meta":{"footnotes":""},"categories":[6],"tags":[],"class_list":["post-770","post","type-post","status-publish","format-standard","hentry","category-resumendeprensa"],"_links":{"self":[{"href":"https:\/\/www.gestoresalicante.org\/blog\/index.php\/wp-json\/wp\/v2\/posts\/770","targetHints":{"allow":["GET"]}}],"collection":[{"href":"https:\/\/www.gestoresalicante.org\/blog\/index.php\/wp-json\/wp\/v2\/posts"}],"about":[{"href":"https:\/\/www.gestoresalicante.org\/blog\/index.php\/wp-json\/wp\/v2\/types\/post"}],"author":[{"embeddable":true,"href":"https:\/\/www.gestoresalicante.org\/blog\/index.php\/wp-json\/wp\/v2\/users\/4"}],"replies":[{"embeddable":true,"href":"https:\/\/www.gestoresalicante.org\/blog\/index.php\/wp-json\/wp\/v2\/comments?post=770"}],"version-history":[{"count":0,"href":"https:\/\/www.gestoresalicante.org\/blog\/index.php\/wp-json\/wp\/v2\/posts\/770\/revisions"}],"wp:attachment":[{"href":"https:\/\/www.gestoresalicante.org\/blog\/index.php\/wp-json\/wp\/v2\/media?parent=770"}],"wp:term":[{"taxonomy":"category","embeddable":true,"href":"https:\/\/www.gestoresalicante.org\/blog\/index.php\/wp-json\/wp\/v2\/categories?post=770"},{"taxonomy":"post_tag","embeddable":true,"href":"https:\/\/www.gestoresalicante.org\/blog\/index.php\/wp-json\/wp\/v2\/tags?post=770"}],"curies":[{"name":"wp","href":"https:\/\/api.w.org\/{rel}","templated":true}]}}