{"id":772,"date":"2014-07-03T09:00:00","date_gmt":"2014-07-03T08:00:00","guid":{"rendered":"http:\/\/www.gestoresalicante.org\/blog\/index.php\/2014\/07\/03\/resumen-de-prensa-03-07-2014-2\/"},"modified":"-0001-11-30T00:00:00","modified_gmt":"-0001-11-29T22:00:00","slug":"resumen-de-prensa-03-07-2014-2","status":"publish","type":"post","link":"https:\/\/www.gestoresalicante.org\/blog\/index.php\/2014\/07\/03\/resumen-de-prensa-03-07-2014-2\/","title":{"rendered":"Resumen de Prensa 03-07-2014 (2)"},"content":{"rendered":"<div class=\"nboletin\">\n<table width=\"90%\" cellpadding=\"4\">\n<tr>\n<td colspan=\"3\">\n<div style=\"background-color: #CCCCCC;padding: 4px 10px 4px 10px;width: 100%;border: 1px #414141 solid;\"><img decoding=\"async\" alt=\"Consejo de Gestores\" src=\"http:\/\/www.gestoresalicante.org\/img\/newsletter\/conges.jpg\" width=226 height=70><\/div>\n<\/td>\n<\/tr>\n<tr>\n<td align=\"right\" colspan=\"3\"><strong>03\/07\/2014 <\/strong><\/td>\n<\/tr>\n<tr>\n<td colspan=\"3\">&nbsp;<\/td>\n<\/tr>\n<tr>\n<td colspan=\"3\" class=\"tgrupo\"><img loading=\"lazy\" decoding=\"async\" src=\"http:\/\/www.gestoresalicante.org\/img\/newsletter\/picto.jpg\" width=\"20\" height=\"18\" align=\"absmiddle\" style=\"margin-right: 4px;\"> <strong>Consejo General de los Colegios de Gestores Administrativos<\/strong><\/td>\n<\/tr>\n<tr>\n<td colspan=\"3\">(No hay registros)<\/td>\n<\/tr>\n<tr>\n<td colspan=\"3\">&nbsp;<\/td>\n<\/tr>\n<tr>\n<td colspan=\"3\" class=\"tgrupo\"><img loading=\"lazy\" decoding=\"async\" src=\"http:\/\/www.gestoresalicante.org\/img\/newsletter\/picto.jpg\" width=\"20\" height=\"18\" align=\"absmiddle\" style=\"margin-right: 4px;\"> <strong>Sector Fiscal<\/strong><\/td>\n<\/tr>\n<tr>\n<td class=\"tfecha\">03\/07\/2014 &#8211;<\/td>\n<td class=\"titem\"><a href=\"http:\/\/www.clipmedia.net\/ficheros\/2014\/07_jul\/do650.pdf\" target=\"_blank\">El Gobierno acotar\u00e1 el papel del juez en la reforma concursal<\/a><\/td>\n<td align=\"right\" class=\"tfuente\">Expansi\u00f3n<\/td>\n<\/tr>\n<tr>\n<td class=\"tfecha\">03\/07\/2014 &#8211;<\/td>\n<td class=\"titem\"><a href=\"http:\/\/www.clipmedia.net\/ficheros\/2014\/07_jul\/do654.pdf\" target=\"_blank\">Gallard\u00f3n augura el fin del atasco de la justicia en cuatro a\u00f1os<\/a><\/td>\n<td align=\"right\" class=\"tfuente\">Cinco D\u00edas<\/td>\n<\/tr>\n<tr>\n<td class=\"tfecha\">03\/07\/2014 &#8211;<\/td>\n<td class=\"titem\"><a href=\"http:\/\/www.clipmedia.net\/ficheros\/2014\/07_jul\/do655.pdf\" target=\"_blank\">Fedea apuesta por fijar un tipo \u00fanico en el IVA del 21%<\/a><\/td>\n<td align=\"right\" class=\"tfuente\">Cinco D\u00edas<\/td>\n<\/tr>\n<tr>\n<td class=\"tfecha\">03\/07\/2014 &#8211;<\/td>\n<td class=\"titem\"><a href=\"http:\/\/www.clipmedia.net\/ficheros\/2014\/07_jul\/do659.pdf\" target=\"_blank\">Un decreto anticipar\u00e1 ya medidas de la reforma fiscal<\/a><\/td>\n<td align=\"right\" class=\"tfuente\">El Peri\u00f3dico de Catalunya<\/td>\n<\/tr>\n<tr>\n<td class=\"tfecha\">03\/07\/2014 &#8211;<\/td>\n<td class=\"titem\"><a href=\"http:\/\/www.clipmedia.net\/ficheros\/2014\/07_jul\/do617.pdf\" target=\"_blank\">Volkswagen asume el centro de I+D de Blackberry en Europa<\/a><\/td>\n<td align=\"right\" class=\"tfuente\">Expansi\u00f3n<\/td>\n<\/tr>\n<tr>\n<td class=\"tfecha\">03\/07\/2014 &#8211;<\/td>\n<td class=\"titem\"><a href=\"http:\/\/www.clipmedia.net\/ficheros\/2014\/07_jul\/do640.pdf\" target=\"_blank\">Europa sigue siendo el mercado m\u00e1s importante del mundo para Volvo<\/a><\/td>\n<td align=\"right\" class=\"tfuente\">El Mundo<\/td>\n<\/tr>\n<tr>\n<td class=\"tfecha\">03\/07\/2014 &#8211;<\/td>\n<td class=\"titem\"><a href=\"http:\/\/www.clipmedia.net\/ficheros\/2014\/07_jul\/do647.pdf\" target=\"_blank\">BlaBlaCar capta 73 millones para impulsar su crecimiento<\/a><\/td>\n<td align=\"right\" class=\"tfuente\">Expansi\u00f3n<\/td>\n<\/tr>\n<tr>\n<td class=\"tfecha\">03\/07\/2014 &#8211;<\/td>\n<td class=\"titem\"><a href=\"http:\/\/www.clipmedia.net\/ficheros\/2014\/07_jul\/do653.pdf\" target=\"_blank\">Gestamp facturar\u00e1 m\u00e1s de 6.000 millones este a\u00f1o al crecer un 7%<\/a><\/td>\n<td align=\"right\" class=\"tfuente\">Expansi\u00f3n<\/td>\n<\/tr>\n<tr>\n<td colspan=\"3\">&nbsp;<\/td>\n<\/tr>\n<tr>\n<td colspan=\"3\" class=\"tgrupo\"><img loading=\"lazy\" decoding=\"async\" src=\"http:\/\/www.gestoresalicante.org\/img\/newsletter\/picto.jpg\" width=\"20\" height=\"18\" align=\"absmiddle\" style=\"margin-right: 4px;\"> <strong>Ventana Telem\u00e1tica<\/strong><\/td>\n<\/tr>\n<tr>\n<td colspan=\"3\">(No hay registros)<\/td>\n<\/tr>\n<tr>\n<td colspan=\"3\">&nbsp;<\/td>\n<\/tr>\n<tr>\n<td colspan=\"3\" class=\"tgrupo\"><img loading=\"lazy\" decoding=\"async\" src=\"http:\/\/www.gestoresalicante.org\/img\/newsletter\/picto.jpg\" width=\"20\" height=\"18\" align=\"absmiddle\" style=\"margin-right: 4px;\"> <strong> Sector de la formaci\u00f3n<\/strong><\/td>\n<\/tr>\n<tr>\n<td class=\"tfecha\">03\/07\/2014 &#8211;<\/td>\n<td class=\"titem\"><a href=\"http:\/\/www.clipmedia.net\/ficheros\/2014\/07_jul\/do622.pdf\" target=\"_blank\">La ense\u00f1anza p\u00fablica pierde m\u00e1s de 24.000 profesores en dos a\u00f1os<\/a><\/td>\n<td align=\"right\" class=\"tfuente\">El Pa\u00eds<\/td>\n<\/tr>\n<tr>\n<td class=\"tfecha\">03\/07\/2014 &#8211;<\/td>\n<td class=\"titem\"><a href=\"http:\/\/www.clipmedia.net\/ficheros\/2014\/07_jul\/do649.pdf\" target=\"_blank\">\u00bfCu\u00e1ndo es el mejor momento para una ampliaci\u00f3n de capital?<\/a><\/td>\n<td align=\"right\" class=\"tfuente\">Expansi\u00f3n<\/td>\n<\/tr>\n<tr>\n<td class=\"tfecha\">03\/07\/2014 &#8211;<\/td>\n<td class=\"titem\"><a href=\"http:\/\/www.clipmedia.net\/ficheros\/2014\/07_jul\/do652.pdf\" target=\"_blank\">La FP internacional de Basf: clases en Tarragona y empleo en Alemania<\/a><\/td>\n<td align=\"right\" class=\"tfuente\">Expansi\u00f3n<\/td>\n<\/tr>\n<tr>\n<td class=\"tfecha\">03\/07\/2014 &#8211;<\/td>\n<td class=\"titem\"><a href=\"http:\/\/www.clipmedia.net\/ficheros\/2014\/07_jul\/do638.pdf\" target=\"_blank\">Comercio y hosteler\u00eda tiran de la contrataci\u00f3n a las puertas del verano <\/a><\/td>\n<td align=\"right\" class=\"tfuente\">La Vanguardia<\/td>\n<\/tr>\n<tr>\n<td class=\"tfecha\">03\/07\/2014 &#8211;<\/td>\n<td class=\"titem\"><a href=\"http:\/\/www.clipmedia.net\/ficheros\/2014\/07_jul\/do651.pdf\" target=\"_blank\">Catalunya lidera el descenso del paro en Espa\u00f1a en junio<\/a><\/td>\n<td align=\"right\" class=\"tfuente\">Expansi\u00f3n<\/td>\n<\/tr>\n<tr>\n<td class=\"tfecha\">03\/07\/2014 &#8211;<\/td>\n<td class=\"titem\"><a href=\"http:\/\/www.clipmedia.net\/ficheros\/2014\/07_jul\/do658.pdf\" target=\"_blank\">Los costes laborales vuelven a niveles de hace 16 a\u00f1os en Espa\u00f1a<\/a><\/td>\n<td align=\"right\" class=\"tfuente\">El Economista<\/td>\n<\/tr>\n<tr>\n<td class=\"tfecha\">03\/07\/2014 &#8211;<\/td>\n<td class=\"titem\"><a href=\"http:\/\/www.clipmedia.net\/ficheros\/2014\/07_jul\/do633.pdf\" target=\"_blank\">El paro baja en 122.000 personas por el turismo<\/a><\/td>\n<td align=\"right\" class=\"tfuente\">El Peri\u00f3dico de Catalunya<\/td>\n<\/tr>\n<tr>\n<td class=\"tfecha\">03\/07\/2014 &#8211;<\/td>\n<td class=\"titem\"><a href=\"http:\/\/www.clipmedia.net\/ficheros\/2014\/07_jul\/do619.pdf\" target=\"_blank\">Ofensiva liberalizadora en comercio, profesionales, transportes e ITV<\/a><\/td>\n<td align=\"right\" class=\"tfuente\">Expansi\u00f3n<\/td>\n<\/tr>\n<tr>\n<td class=\"tfecha\">03\/07\/2014 &#8211;<\/td>\n<td class=\"titem\"><a href=\"http:\/\/www.clipmedia.net\/ficheros\/2014\/07_jul\/do648.pdf\" target=\"_blank\">R\u00e9cord de inversi\u00f3n en inmuebles comerciales<\/a><\/td>\n<td align=\"right\" class=\"tfuente\">Expansi\u00f3n<\/td>\n<\/tr>\n<tr>\n<td class=\"tfecha\">03\/07\/2014 &#8211;<\/td>\n<td class=\"titem\"><a href=\"http:\/\/www.clipmedia.net\/ficheros\/2014\/07_jul\/do656.pdf\" target=\"_blank\">Un millonario de Miami, dispuesto a invertir en inmuebles 500 millones<\/a><\/td>\n<td align=\"right\" class=\"tfuente\">El Economista<\/td>\n<\/tr>\n<tr>\n<td class=\"tfecha\">03\/07\/2014 &#8211;<\/td>\n<td class=\"titem\"><a href=\"http:\/\/www.clipmedia.net\/ficheros\/2014\/07_jul\/do660.pdf\" target=\"_blank\">El Govern impone las primeras multas a pisos tur\u00edsticos ilegales<\/a><\/td>\n<td align=\"right\" class=\"tfuente\">El Peri\u00f3dico de Catalunya<\/td>\n<\/tr>\n<tr>\n<td class=\"tfecha\">03\/07\/2014 &#8211;<\/td>\n<td class=\"titem\"><a href=\"http:\/\/www.clipmedia.net\/ficheros\/2014\/07_jul\/do661.pdf\" target=\"_blank\">La crisis dispara la diferencia de precios de los pisos entre distritos<\/a><\/td>\n<td align=\"right\" class=\"tfuente\">El Peri\u00f3dico de Catalunya<\/td>\n<\/tr>\n<tr>\n<td class=\"tfecha\">03\/07\/2014 &#8211;<\/td>\n<td class=\"titem\"><a href=\"http:\/\/www.clipmedia.net\/ficheros\/2014\/07_jul\/do663.pdf\" target=\"_blank\">Barcelona es la provincia costera con mayor ca\u00edda del precio de la vivienda<\/a><\/td>\n<td align=\"right\" class=\"tfuente\">La Vanguardia<\/td>\n<\/tr>\n<tr>\n<td class=\"tfecha\">03\/07\/2014 &#8211;<\/td>\n<td class=\"titem\"><a href=\"http:\/\/www.clipmedia.net\/ficheros\/2014\/07_jul\/do637.pdf\" target=\"_blank\">La edificaci\u00f3n debe reducir un 77% sus emisiones el 2050<\/a><\/td>\n<td align=\"right\" class=\"tfuente\">La Vanguardia<\/td>\n<\/tr>\n<tr>\n<td colspan=\"3\">&nbsp;<\/td>\n<\/tr>\n<tr>\n<td colspan=\"3\" class=\"tgrupo\"><img loading=\"lazy\" decoding=\"async\" src=\"http:\/\/www.gestoresalicante.org\/img\/newsletter\/picto.jpg\" width=\"20\" height=\"18\" align=\"absmiddle\" style=\"margin-right: 4px;\"> <strong>B.O.E<\/strong><\/td>\n<\/tr>\n<tr>\n<td colspan=\"3\">(No hay registros)<\/td>\n<\/tr>\n<\/table>\n<\/div>\n","protected":false},"excerpt":{"rendered":"<p>03\/07\/2014 &nbsp; Consejo General de los Colegios de Gestores Administrativos (No hay registros) &nbsp; Sector Fiscal 03\/07\/2014 &#8211; El Gobierno acotar\u00e1 el papel del juez en la reforma concursal Expansi\u00f3n 03\/07\/2014 &#8211; Gallard\u00f3n augura el fin del atasco de la &hellip; <a href=\"https:\/\/www.gestoresalicante.org\/blog\/index.php\/2014\/07\/03\/resumen-de-prensa-03-07-2014-2\/\">Sigue leyendo <span class=\"meta-nav\">&rarr;<\/span><\/a><\/p>\n","protected":false},"author":4,"featured_media":0,"comment_status":"closed","ping_status":"closed","sticky":false,"template":"","format":"standard","meta":{"footnotes":""},"categories":[6],"tags":[],"class_list":["post-772","post","type-post","status-publish","format-standard","hentry","category-resumendeprensa"],"_links":{"self":[{"href":"https:\/\/www.gestoresalicante.org\/blog\/index.php\/wp-json\/wp\/v2\/posts\/772","targetHints":{"allow":["GET"]}}],"collection":[{"href":"https:\/\/www.gestoresalicante.org\/blog\/index.php\/wp-json\/wp\/v2\/posts"}],"about":[{"href":"https:\/\/www.gestoresalicante.org\/blog\/index.php\/wp-json\/wp\/v2\/types\/post"}],"author":[{"embeddable":true,"href":"https:\/\/www.gestoresalicante.org\/blog\/index.php\/wp-json\/wp\/v2\/users\/4"}],"replies":[{"embeddable":true,"href":"https:\/\/www.gestoresalicante.org\/blog\/index.php\/wp-json\/wp\/v2\/comments?post=772"}],"version-history":[{"count":0,"href":"https:\/\/www.gestoresalicante.org\/blog\/index.php\/wp-json\/wp\/v2\/posts\/772\/revisions"}],"wp:attachment":[{"href":"https:\/\/www.gestoresalicante.org\/blog\/index.php\/wp-json\/wp\/v2\/media?parent=772"}],"wp:term":[{"taxonomy":"category","embeddable":true,"href":"https:\/\/www.gestoresalicante.org\/blog\/index.php\/wp-json\/wp\/v2\/categories?post=772"},{"taxonomy":"post_tag","embeddable":true,"href":"https:\/\/www.gestoresalicante.org\/blog\/index.php\/wp-json\/wp\/v2\/tags?post=772"}],"curies":[{"name":"wp","href":"https:\/\/api.w.org\/{rel}","templated":true}]}}