{"id":816,"date":"2014-09-12T09:00:00","date_gmt":"2014-09-12T08:00:00","guid":{"rendered":"http:\/\/www.gestoresalicante.org\/blog\/index.php\/2014\/09\/12\/resumen-de-prensa-11-09-2014\/"},"modified":"-0001-11-30T00:00:00","modified_gmt":"-0001-11-29T22:00:00","slug":"resumen-de-prensa-11-09-2014","status":"publish","type":"post","link":"https:\/\/www.gestoresalicante.org\/blog\/index.php\/2014\/09\/12\/resumen-de-prensa-11-09-2014\/","title":{"rendered":"Resumen de Prensa 11-09-2014"},"content":{"rendered":"<div class=\"nboletin\">\n<table width=\"90%\" cellpadding=\"4\">\n<tr>\n<td colspan=\"3\">\n<div style=\"background-color: #CCCCCC;padding: 4px 10px 4px 10px;width: 100%;border: 1px #414141 solid;\"><img decoding=\"async\" alt=\"Consejo de Gestores\" src=\"http:\/\/www.gestoresalicante.org\/img\/newsletter\/conges.jpg\" width=226 height=70><\/div>\n<\/td>\n<\/tr>\n<tr>\n<td align=\"right\" colspan=\"3\"><strong>11\/09\/2014 &#8211; 12\/09\/2014 <\/strong><\/td>\n<\/tr>\n<tr>\n<td colspan=\"3\">&nbsp;<\/td>\n<\/tr>\n<tr>\n<td colspan=\"3\" class=\"tgrupo\"><img loading=\"lazy\" decoding=\"async\" src=\"http:\/\/www.gestoresalicante.org\/img\/newsletter\/picto.jpg\" width=\"20\" height=\"18\" align=\"absmiddle\" style=\"margin-right: 4px;\"> <strong>Consejo General de los Colegios de Gestores Administrativos<\/strong><\/td>\n<\/tr>\n<tr>\n<td class=\"tfecha\">12\/09\/2014 &#8211;<\/td>\n<td class=\"titem\"><a href=\"http:\/\/www.clipmedia.net\/ficheros\/2014\/09_sep\/dn491.pdf\" target=\"_blank\">Los asesores fiscales creen que Espa\u00f1a &quot;va a contracorriente&quot;<\/a><\/td>\n<td align=\"right\" class=\"tfuente\">El Economista &#8211; Iuris&amp;Lex<\/td>\n<\/tr>\n<tr>\n<td class=\"tfecha\">10\/09\/2014 &#8211;<\/td>\n<td class=\"titem\"><a href=\"http:\/\/www.clipmedia.net\/ficheros\/2014\/09_sep\/dn486.pdf\" target=\"_blank\">La Comunidad y los gestores administrativos trabajar\u00e1n juntos para promover la excelencia entre las pymes del sector<\/a><\/td>\n<td align=\"right\" class=\"tfuente\">Gentedigital.es<\/td>\n<\/tr>\n<tr>\n<td class=\"tfecha\">10\/09\/2014 &#8211;<\/td>\n<td class=\"titem\"><a href=\"http:\/\/www.clipmedia.net\/ficheros\/2014\/09_sep\/dn484.pdf\" target=\"_blank\">Comunidad y gestores administrativos impulsan una gesti\u00f3n de calidad entre pymes<\/a><\/td>\n<td align=\"right\" class=\"tfuente\">Madrid.org<\/td>\n<\/tr>\n<tr>\n<td class=\"tfecha\">10\/09\/2014 &#8211;<\/td>\n<td class=\"titem\"><a href=\"http:\/\/www.clipmedia.net\/ficheros\/2014\/09_sep\/dn485.pdf\" target=\"_blank\">Comunidad y gestores administrativos impulsan una gesti\u00f3n de calidad entre pymes <\/a><\/td>\n<td align=\"right\" class=\"tfuente\">El Derecho.com<\/td>\n<\/tr>\n<tr>\n<td class=\"tfecha\">10\/09\/2014 &#8211;<\/td>\n<td class=\"titem\"><a href=\"http:\/\/www.clipmedia.net\/ficheros\/2014\/09_sep\/dn487.pdf\" target=\"_blank\">Comunidad y gestores administrativos impulsan una gesti\u00f3n de calidad entre las pymes del sector<\/a><\/td>\n<td align=\"right\" class=\"tfuente\">La Quincena.es<\/td>\n<\/tr>\n<tr>\n<td class=\"tfecha\">10\/09\/2014 &#8211;<\/td>\n<td class=\"titem\"><a href=\"http:\/\/www.clipmedia.net\/ficheros\/2014\/09_sep\/dn488.pdf\" target=\"_blank\">Comunidad de Madrid e ICOGAM promover\u00e1n la calidad y la excelencia entre el colectivo de gestores administrativos <\/a><\/td>\n<td align=\"right\" class=\"tfuente\">RRHH Digital<\/td>\n<\/tr>\n<tr>\n<td class=\"tfecha\">11\/09\/2014 &#8211;<\/td>\n<td class=\"titem\"><a href=\"http:\/\/www.clipmedia.net\/ficheros\/2014\/09_sep\/dn490.pdf\" target=\"_blank\">Nace una plataforma para impedir los cierres por el fin de la renta antigua <\/a><\/td>\n<td align=\"right\" class=\"tfuente\">Eldiario.es<\/td>\n<\/tr>\n<tr>\n<td class=\"tfecha\">12\/09\/2014 &#8211;<\/td>\n<td class=\"titem\"><a href=\"http:\/\/www.clipmedia.net\/ficheros\/2014\/09_sep\/cy855.pdf\" target=\"_blank\">Los asesores fiscales piden la reforma dem\u00e1s impuestos<\/a><\/td>\n<td align=\"right\" class=\"tfuente\">El Economista<\/td>\n<\/tr>\n<tr>\n<td class=\"tfecha\">11\/09\/2014 &#8211;<\/td>\n<td class=\"titem\"><a href=\"http:\/\/www.clipmedia.net\/ficheros\/2014\/09_sep\/dn492.pdf\" target=\"_blank\">Montoro avanza que la recaudaci\u00f3n tributaria sube un 5,4% hasta agosto<\/a><\/td>\n<td align=\"right\" class=\"tfuente\">El Economista<\/td>\n<\/tr>\n<tr>\n<td class=\"tfecha\">11\/09\/2014 &#8211;<\/td>\n<td class=\"titem\"><a href=\"http:\/\/www.clipmedia.net\/ficheros\/2014\/09_sep\/dn493.pdf\" target=\"_blank\">El juez puede prohibir la ejecuci\u00f3n extrajudicial de una vivienda habitual<\/a><\/td>\n<td align=\"right\" class=\"tfuente\">El Economista<\/td>\n<\/tr>\n<tr>\n<td class=\"tfecha\">11\/09\/2014 &#8211;<\/td>\n<td class=\"titem\"><a href=\"http:\/\/www.clipmedia.net\/ficheros\/2014\/09_sep\/dn496.pdf\" target=\"_blank\">Lesmes destaca dos casos de orgullo para la Justicia espa\u00f1ola<\/a><\/td>\n<td align=\"right\" class=\"tfuente\">Expansi\u00f3n<\/td>\n<\/tr>\n<tr>\n<td class=\"tfecha\">12\/09\/2014 &#8211;<\/td>\n<td class=\"titem\"><a href=\"http:\/\/www.clipmedia.net\/ficheros\/2014\/09_sep\/dn455.pdf\" target=\"_blank\">Marchione: Ferrari producir\u00e1 m\u00e1s<\/a><\/td>\n<td align=\"right\" class=\"tfuente\">El Mundo<\/td>\n<\/tr>\n<tr>\n<td class=\"tfecha\">12\/09\/2014 &#8211;<\/td>\n<td class=\"titem\"><a href=\"http:\/\/www.clipmedia.net\/ficheros\/2014\/09_sep\/oe952.pdf\" target=\"_blank\">Renault abrir\u00e1 cuatro escuelas de formaci\u00f3n<\/a><\/td>\n<td align=\"right\" class=\"tfuente\">Cinco D\u00edas<\/td>\n<\/tr>\n<tr>\n<td class=\"tfecha\">12\/09\/2014 &#8211;<\/td>\n<td class=\"titem\"><a href=\"http:\/\/www.clipmedia.net\/ficheros\/2014\/09_sep\/oe953.pdf\" target=\"_blank\">Multa de 33 millones para Volkswagen y Chrysler en China<\/a><\/td>\n<td align=\"right\" class=\"tfuente\">Cinco D\u00edas<\/td>\n<\/tr>\n<tr>\n<td class=\"tfecha\">12\/09\/2014 &#8211;<\/td>\n<td class=\"titem\"><a href=\"http:\/\/www.clipmedia.net\/ficheros\/2014\/09_sep\/oe951.pdf\" target=\"_blank\">Citro\u00ebn sube su apuesta por la planta de Villaverde <\/a><\/td>\n<td align=\"right\" class=\"tfuente\">Cinco D\u00edas<\/td>\n<\/tr>\n<tr>\n<td class=\"tfecha\">12\/09\/2014 &#8211;<\/td>\n<td class=\"titem\"><a href=\"http:\/\/www.clipmedia.net\/ficheros\/2014\/09_sep\/oe955.pdf\" target=\"_blank\">Rusia se plantea vetar los coches y la ropa occidentales<\/a><\/td>\n<td align=\"right\" class=\"tfuente\">Cinco D\u00edas<\/td>\n<\/tr>\n<tr>\n<td class=\"tfecha\">11\/09\/2014 &#8211;<\/td>\n<td class=\"titem\"><a href=\"http:\/\/www.clipmedia.net\/ficheros\/2014\/09_sep\/dn495.pdf\" target=\"_blank\">M\u00e1s Q3 para Martorell<\/a><\/td>\n<td align=\"right\" class=\"tfuente\">El Peri\u00f3dico de Catalunya<\/td>\n<\/tr>\n<tr>\n<td class=\"tfecha\">12\/09\/2014 &#8211;<\/td>\n<td class=\"titem\"><a href=\"http:\/\/www.clipmedia.net\/ficheros\/2014\/09_sep\/dn454.pdf\" target=\"_blank\">El autom\u00f3vil sigue tirando de la industria <\/a><\/td>\n<td align=\"right\" class=\"tfuente\">El Mundo<\/td>\n<\/tr>\n<tr>\n<td colspan=\"3\">&nbsp;<\/td>\n<\/tr>\n<tr>\n<td colspan=\"3\" class=\"tgrupo\"><img loading=\"lazy\" decoding=\"async\" src=\"http:\/\/www.gestoresalicante.org\/img\/newsletter\/picto.jpg\" width=\"20\" height=\"18\" align=\"absmiddle\" style=\"margin-right: 4px;\"> <strong>Ventana Telem\u00e1tica<\/strong><\/td>\n<\/tr>\n<tr>\n<td colspan=\"3\">(No hay registros)<\/td>\n<\/tr>\n<tr>\n<td colspan=\"3\">&nbsp;<\/td>\n<\/tr>\n<tr>\n<td colspan=\"3\" class=\"tgrupo\"><img loading=\"lazy\" decoding=\"async\" src=\"http:\/\/www.gestoresalicante.org\/img\/newsletter\/picto.jpg\" width=\"20\" height=\"18\" align=\"absmiddle\" style=\"margin-right: 4px;\"> <strong> Sector de la formaci\u00f3n<\/strong><\/td>\n<\/tr>\n<tr>\n<td class=\"tfecha\">12\/09\/2014 &#8211;<\/td>\n<td class=\"titem\"><a href=\"http:\/\/www.clipmedia.net\/ficheros\/2014\/09_sep\/cy857.pdf\" target=\"_blank\">La tasa de abandono escolar cae al 22,7% con la crisis<\/a><\/td>\n<td align=\"right\" class=\"tfuente\">La Vanguardia<\/td>\n<\/tr>\n<tr>\n<td class=\"tfecha\">12\/09\/2014 &#8211;<\/td>\n<td class=\"titem\"><a href=\"http:\/\/www.clipmedia.net\/ficheros\/2014\/09_sep\/oe946.pdf\" target=\"_blank\">Trabajar con tu pareja: \u00bfen qu\u00e9 beneficia a la compa\u00f1\u00eda?<\/a><\/td>\n<td align=\"right\" class=\"tfuente\">Expansi\u00f3n<\/td>\n<\/tr>\n<tr>\n<td class=\"tfecha\">12\/09\/2014 &#8211;<\/td>\n<td class=\"titem\"><a href=\"http:\/\/www.clipmedia.net\/ficheros\/2014\/09_sep\/cy852.pdf\" target=\"_blank\">El Gobierno estudia una mejora de las condiciones de los funcionarios en 2015<\/a><\/td>\n<td align=\"right\" class=\"tfuente\">El Economista<\/td>\n<\/tr>\n<tr>\n<td class=\"tfecha\">12\/09\/2014 &#8211;<\/td>\n<td class=\"titem\"><a href=\"http:\/\/www.clipmedia.net\/ficheros\/2014\/09_sep\/cy853.pdf\" target=\"_blank\">La actividad exterior crece en siete de cada diez empresas familiares espa\u00f1olas<\/a><\/td>\n<td align=\"right\" class=\"tfuente\">El Economista<\/td>\n<\/tr>\n<tr>\n<td class=\"tfecha\">12\/09\/2014 &#8211;<\/td>\n<td class=\"titem\"><a href=\"http:\/\/www.clipmedia.net\/ficheros\/2014\/09_sep\/cy856.pdf\" target=\"_blank\">Nace el &#8216;\u00cdndice de RSC&#8217; para evaluar a las empresas espa\u00f1olas<\/a><\/td>\n<td align=\"right\" class=\"tfuente\">El Economista<\/td>\n<\/tr>\n<tr>\n<td class=\"tfecha\">12\/09\/2014 &#8211;<\/td>\n<td class=\"titem\"><a href=\"http:\/\/www.clipmedia.net\/ficheros\/2014\/09_sep\/oe954.pdf\" target=\"_blank\">Las ETT advierten de que la fuga de j\u00f3venes hace peligrar la recuperaci\u00f3n<\/a><\/td>\n<td align=\"right\" class=\"tfuente\">Cinco D\u00edas<\/td>\n<\/tr>\n<tr>\n<td class=\"tfecha\">11\/09\/2014 &#8211;<\/td>\n<td class=\"titem\"><a href=\"http:\/\/www.clipmedia.net\/ficheros\/2014\/09_sep\/dn494.pdf\" target=\"_blank\">El Govern destinar\u00e1 240 millones al paro juvenil<\/a><\/td>\n<td align=\"right\" class=\"tfuente\">El Peri\u00f3dico de Catalunya<\/td>\n<\/tr>\n<tr>\n<td class=\"tfecha\">11\/09\/2014 &#8211;<\/td>\n<td class=\"titem\"><a href=\"http:\/\/www.clipmedia.net\/ficheros\/2014\/09_sep\/dn497.pdf\" target=\"_blank\">El coste laboral por hora repunta hasta el 1,3% en el segundo trimestre<\/a><\/td>\n<td align=\"right\" class=\"tfuente\">El Pa\u00eds<\/td>\n<\/tr>\n<tr>\n<td class=\"tfecha\">12\/09\/2014 &#8211;<\/td>\n<td class=\"titem\"><a href=\"http:\/\/www.clipmedia.net\/ficheros\/2014\/09_sep\/dn456.pdf\" target=\"_blank\">Hay promociones que ya suben precios en Madrid<\/a><\/td>\n<td align=\"right\" class=\"tfuente\">El Mundo<\/td>\n<\/tr>\n<tr>\n<td class=\"tfecha\">12\/09\/2014 &#8211;<\/td>\n<td class=\"titem\"><a href=\"http:\/\/www.clipmedia.net\/ficheros\/2014\/09_sep\/dn457.pdf\" target=\"_blank\">Un mapa donde ver las viviendas m\u00e1s sostenibles<\/a><\/td>\n<td align=\"right\" class=\"tfuente\">El Mundo<\/td>\n<\/tr>\n<tr>\n<td class=\"tfecha\">12\/09\/2014 &#8211;<\/td>\n<td class=\"titem\"><a href=\"http:\/\/www.clipmedia.net\/ficheros\/2014\/09_sep\/cy851.pdf\" target=\"_blank\">KKR irrumpe en el sector inmobiliario con compras en Madrid y Zamora<\/a><\/td>\n<td align=\"right\" class=\"tfuente\">El Economista<\/td>\n<\/tr>\n<tr>\n<td class=\"tfecha\">12\/09\/2014 &#8211;<\/td>\n<td class=\"titem\"><a href=\"http:\/\/www.clipmedia.net\/ficheros\/2014\/09_sep\/oe947.pdf\" target=\"_blank\">La compraventa de viviendas ya crece en 12 autonom\u00edas<\/a><\/td>\n<td align=\"right\" class=\"tfuente\">Expansi\u00f3n<\/td>\n<\/tr>\n<tr>\n<td class=\"tfecha\">12\/09\/2014 &#8211;<\/td>\n<td class=\"titem\"><a href=\"http:\/\/www.clipmedia.net\/ficheros\/2014\/09_sep\/oe948.pdf\" target=\"_blank\">Fin a las rebajas <\/a><\/td>\n<td align=\"right\" class=\"tfuente\">Expansi\u00f3n<\/td>\n<\/tr>\n<tr>\n<td class=\"tfecha\">12\/09\/2014 &#8211;<\/td>\n<td class=\"titem\"><a href=\"http:\/\/www.clipmedia.net\/ficheros\/2014\/09_sep\/cy854.pdf\" target=\"_blank\">La compraventa de viviendas sube un 10,5% y encadena cincomeses al alza<\/a><\/td>\n<td align=\"right\" class=\"tfuente\">El Economista<\/td>\n<\/tr>\n<tr>\n<td colspan=\"3\">&nbsp;<\/td>\n<\/tr>\n<tr>\n<td colspan=\"3\" class=\"tgrupo\"><img loading=\"lazy\" decoding=\"async\" src=\"http:\/\/www.gestoresalicante.org\/img\/newsletter\/picto.jpg\" width=\"20\" height=\"18\" align=\"absmiddle\" style=\"margin-right: 4px;\"> <strong>B.O.E<\/strong><\/td>\n<\/tr>\n<tr>\n<td colspan=\"3\">(No hay registros)<\/td>\n<\/tr>\n<\/table>\n<\/div>\n","protected":false},"excerpt":{"rendered":"<p>11\/09\/2014 &#8211; 12\/09\/2014 &nbsp; Consejo General de los Colegios de Gestores Administrativos 12\/09\/2014 &#8211; Los asesores fiscales creen que Espa\u00f1a &quot;va a contracorriente&quot; El Economista &#8211; Iuris&amp;Lex 10\/09\/2014 &#8211; La Comunidad y los gestores administrativos trabajar\u00e1n juntos para promover la &hellip; <a href=\"https:\/\/www.gestoresalicante.org\/blog\/index.php\/2014\/09\/12\/resumen-de-prensa-11-09-2014\/\">Sigue leyendo <span class=\"meta-nav\">&rarr;<\/span><\/a><\/p>\n","protected":false},"author":4,"featured_media":0,"comment_status":"closed","ping_status":"closed","sticky":false,"template":"","format":"standard","meta":{"footnotes":""},"categories":[6],"tags":[],"class_list":["post-816","post","type-post","status-publish","format-standard","hentry","category-resumendeprensa"],"_links":{"self":[{"href":"https:\/\/www.gestoresalicante.org\/blog\/index.php\/wp-json\/wp\/v2\/posts\/816","targetHints":{"allow":["GET"]}}],"collection":[{"href":"https:\/\/www.gestoresalicante.org\/blog\/index.php\/wp-json\/wp\/v2\/posts"}],"about":[{"href":"https:\/\/www.gestoresalicante.org\/blog\/index.php\/wp-json\/wp\/v2\/types\/post"}],"author":[{"embeddable":true,"href":"https:\/\/www.gestoresalicante.org\/blog\/index.php\/wp-json\/wp\/v2\/users\/4"}],"replies":[{"embeddable":true,"href":"https:\/\/www.gestoresalicante.org\/blog\/index.php\/wp-json\/wp\/v2\/comments?post=816"}],"version-history":[{"count":0,"href":"https:\/\/www.gestoresalicante.org\/blog\/index.php\/wp-json\/wp\/v2\/posts\/816\/revisions"}],"wp:attachment":[{"href":"https:\/\/www.gestoresalicante.org\/blog\/index.php\/wp-json\/wp\/v2\/media?parent=816"}],"wp:term":[{"taxonomy":"category","embeddable":true,"href":"https:\/\/www.gestoresalicante.org\/blog\/index.php\/wp-json\/wp\/v2\/categories?post=816"},{"taxonomy":"post_tag","embeddable":true,"href":"https:\/\/www.gestoresalicante.org\/blog\/index.php\/wp-json\/wp\/v2\/tags?post=816"}],"curies":[{"name":"wp","href":"https:\/\/api.w.org\/{rel}","templated":true}]}}