{"id":821,"date":"2014-09-15T12:48:52","date_gmt":"2014-09-15T10:48:52","guid":{"rendered":"http:\/\/www.gestoresalicante.org\/blog\/?p=821"},"modified":"2017-03-16T12:28:54","modified_gmt":"2017-03-16T11:28:54","slug":"nuevo-sistema-de-cita-previa-para-nie-y-cue","status":"publish","type":"post","link":"https:\/\/www.gestoresalicante.org\/blog\/index.php\/2014\/09\/15\/nuevo-sistema-de-cita-previa-para-nie-y-cue\/","title":{"rendered":"Nuevo sistema de CITA PREVIA para NIE y CUE"},"content":{"rendered":"<p>Como una mejora m\u00e1s en la calidad de los servicios prestados a los ciudadanos, desde la Dependencia de Trabajo e Inmigraci\u00f3n nos complace comunicar la puesta en marcha de un sistema de cita previa on line para solicitar el N\u00famero de Identidad de Extranjero (NIE) y el certificado de registro de ciudadano de la Uni\u00f3n (CUE). En las p\u00e1ginas <a href=\"http:\/\/www.consultorga.com\/\">www.consultorga.com<\/a> y <a href=\"http:\/\/www.consultor.com\/oue\">www.consultor.com\/oue<\/a> encontrar\u00e1n la informaci\u00f3n y el detalle de los documentos necesarios para la realizaci\u00f3n del tr\u00e1mite cuya competencia corresponde a los servicios policiales adscritos a esta Oficina de Extranjer\u00eda.<\/p>\n<p>Desde el d\u00eda 15 de septiembre se podr\u00e1 solicitar la cita accediendo a la p\u00e1gina <a href=\"https:\/\/sede.administracionespublicas.gob.es\/icpplus\/citar\">https:\/\/sede.administracionespublicas.gob.es\/icpplus\/citar<\/a>. Los primeros usuarios ser\u00e1n atendidos a partir del pr\u00f3ximo 1 de octubre.<\/p>\n<p><span style=\"text-decoration: underline;\">Solamente las personas empadronadas en la demarcaci\u00f3n policial de \u00abAlicante ciudad\u00bb <\/span>(Alicante, Muchamiel, San Juan, San Vicente del Raspeig, Arenales del Sol y El Altet) podr\u00e1n acogerse a este sistema de cita . Los ciudadanos extranjeros domiciliados en cualquier otro t\u00e9rmino municipal deber\u00e1n presentar las solicitudes de NIE\u00a0 y de CUE en la Comisar\u00eda de Polic\u00eda correspondiente a su domicilio.<\/p>\n<p><a href=\"http:\/\/www.gestoresalicante.org\/blog\/wp-content\/uploads\/2014\/09\/cartelNIECUE.pdf\" target=\"_blank\">Adjuntamos cartel y d\u00edptico explicativo.<\/a><\/p>\n<p>Muchas gracias por vuestra colaboraci\u00f3n.<\/p>\n","protected":false},"excerpt":{"rendered":"<p>Como una mejora m\u00e1s en la calidad de los servicios prestados a los ciudadanos, desde la Dependencia de Trabajo e Inmigraci\u00f3n nos complace comunicar la puesta en marcha de un sistema de cita previa on line para solicitar el N\u00famero &hellip; <a href=\"https:\/\/www.gestoresalicante.org\/blog\/index.php\/2014\/09\/15\/nuevo-sistema-de-cita-previa-para-nie-y-cue\/\">Sigue leyendo <span class=\"meta-nav\">&rarr;<\/span><\/a><\/p>\n","protected":false},"author":4,"featured_media":0,"comment_status":"closed","ping_status":"closed","sticky":false,"template":"","format":"standard","meta":{"footnotes":""},"categories":[3],"tags":[],"class_list":["post-821","post","type-post","status-publish","format-standard","hentry","category-noticias-de-interes"],"_links":{"self":[{"href":"https:\/\/www.gestoresalicante.org\/blog\/index.php\/wp-json\/wp\/v2\/posts\/821","targetHints":{"allow":["GET"]}}],"collection":[{"href":"https:\/\/www.gestoresalicante.org\/blog\/index.php\/wp-json\/wp\/v2\/posts"}],"about":[{"href":"https:\/\/www.gestoresalicante.org\/blog\/index.php\/wp-json\/wp\/v2\/types\/post"}],"author":[{"embeddable":true,"href":"https:\/\/www.gestoresalicante.org\/blog\/index.php\/wp-json\/wp\/v2\/users\/4"}],"replies":[{"embeddable":true,"href":"https:\/\/www.gestoresalicante.org\/blog\/index.php\/wp-json\/wp\/v2\/comments?post=821"}],"version-history":[{"count":1,"href":"https:\/\/www.gestoresalicante.org\/blog\/index.php\/wp-json\/wp\/v2\/posts\/821\/revisions"}],"predecessor-version":[{"id":823,"href":"https:\/\/www.gestoresalicante.org\/blog\/index.php\/wp-json\/wp\/v2\/posts\/821\/revisions\/823"}],"wp:attachment":[{"href":"https:\/\/www.gestoresalicante.org\/blog\/index.php\/wp-json\/wp\/v2\/media?parent=821"}],"wp:term":[{"taxonomy":"category","embeddable":true,"href":"https:\/\/www.gestoresalicante.org\/blog\/index.php\/wp-json\/wp\/v2\/categories?post=821"},{"taxonomy":"post_tag","embeddable":true,"href":"https:\/\/www.gestoresalicante.org\/blog\/index.php\/wp-json\/wp\/v2\/tags?post=821"}],"curies":[{"name":"wp","href":"https:\/\/api.w.org\/{rel}","templated":true}]}}