{"id":824,"date":"2014-09-15T09:00:00","date_gmt":"2014-09-15T08:00:00","guid":{"rendered":"http:\/\/www.gestoresalicante.org\/blog\/index.php\/2014\/09\/15\/resumen-de-prensa-13-09-2014\/"},"modified":"-0001-11-30T00:00:00","modified_gmt":"-0001-11-29T22:00:00","slug":"resumen-de-prensa-13-09-2014","status":"publish","type":"post","link":"https:\/\/www.gestoresalicante.org\/blog\/index.php\/2014\/09\/15\/resumen-de-prensa-13-09-2014\/","title":{"rendered":"Resumen de Prensa 13-09-2014"},"content":{"rendered":"<div class=\"nboletin\">\n<table width=\"90%\" cellpadding=\"4\">\n<tr>\n<td colspan=\"3\">\n<div style=\"background-color: #CCCCCC;padding: 4px 10px 4px 10px;width: 100%;border: 1px #414141 solid;\"><img decoding=\"async\" alt=\"Consejo de Gestores\" src=\"http:\/\/www.gestoresalicante.org\/img\/newsletter\/conges.jpg\" width=226 height=70><\/div>\n<\/td>\n<\/tr>\n<tr>\n<td align=\"right\" colspan=\"3\"><strong>13\/09\/2014 &#8211; 15\/09\/2014 <\/strong><\/td>\n<\/tr>\n<tr>\n<td colspan=\"3\">&nbsp;<\/td>\n<\/tr>\n<tr>\n<td colspan=\"3\" class=\"tgrupo\"><img loading=\"lazy\" decoding=\"async\" src=\"http:\/\/www.gestoresalicante.org\/img\/newsletter\/picto.jpg\" width=\"20\" height=\"18\" align=\"absmiddle\" style=\"margin-right: 4px;\"> <strong>Consejo General de los Colegios de Gestores Administrativos<\/strong><\/td>\n<\/tr>\n<tr>\n<td class=\"tfecha\">14\/09\/2014 &#8211;<\/td>\n<td class=\"titem\"><a href=\"http:\/\/www.clipmedia.net\/ficheros\/2014\/09_sep\/dn558.pdf\" target=\"_blank\">\u00bfQu\u00e9 va a ser del Impuesto de Sucesiones? <\/a><\/td>\n<td align=\"right\" class=\"tfuente\">Dirigentesdigital.com<\/td>\n<\/tr>\n<tr>\n<td class=\"tfecha\">15\/09\/2014 &#8211;<\/td>\n<td class=\"titem\"><a href=\"http:\/\/www.clipmedia.net\/ficheros\/2014\/09_sep\/dn547.pdf\" target=\"_blank\">Hacienda ultima la devoluci\u00f3n millonaria del c\u00e9ntimo sanitario <\/a><\/td>\n<td align=\"right\" class=\"tfuente\">Expansi\u00f3n<\/td>\n<\/tr>\n<tr>\n<td class=\"tfecha\">13\/09\/2014 &#8211;<\/td>\n<td class=\"titem\"><a href=\"http:\/\/www.clipmedia.net\/ficheros\/2014\/09_sep\/cy864.pdf\" target=\"_blank\">Hacienda estudia llevar ante el juez al presidente de la Liga<\/a><\/td>\n<td align=\"right\" class=\"tfuente\">El Economista<\/td>\n<\/tr>\n<tr>\n<td class=\"tfecha\">15\/09\/2014 &#8211;<\/td>\n<td class=\"titem\"><a href=\"http:\/\/www.clipmedia.net\/ficheros\/2014\/09_sep\/dn553.pdf\" target=\"_blank\">El Supremo confirma que el interino por vacante debe negociar su despido<\/a><\/td>\n<td align=\"right\" class=\"tfuente\">El Economista<\/td>\n<\/tr>\n<tr>\n<td class=\"tfecha\">15\/09\/2014 &#8211;<\/td>\n<td class=\"titem\"><a href=\"http:\/\/www.clipmedia.net\/ficheros\/2014\/09_sep\/dn554.pdf\" target=\"_blank\">Anulado un desahucio por no notificarse en el domicilio real<\/a><\/td>\n<td align=\"right\" class=\"tfuente\">El Economista<\/td>\n<\/tr>\n<tr>\n<td class=\"tfecha\">15\/09\/2014 &#8211;<\/td>\n<td class=\"titem\"><a href=\"http:\/\/www.clipmedia.net\/ficheros\/2014\/09_sep\/dn556.pdf\" target=\"_blank\">Rebaja fiscal en un escenario de m\u00e1s ingresos<\/a><\/td>\n<td align=\"right\" class=\"tfuente\">Expansi\u00f3n<\/td>\n<\/tr>\n<tr>\n<td class=\"tfecha\">15\/09\/2014 &#8211;<\/td>\n<td class=\"titem\"><a href=\"http:\/\/www.clipmedia.net\/ficheros\/2014\/09_sep\/dn557.pdf\" target=\"_blank\">Art\u00edculo de opini\u00f3n: Juan Jos\u00e9 Rubio Guerrero &#8211; Menos carga fiscal para los ciudadanos<\/a><\/td>\n<td align=\"right\" class=\"tfuente\">Expansi\u00f3n<\/td>\n<\/tr>\n<tr>\n<td class=\"tfecha\">15\/09\/2014 &#8211;<\/td>\n<td class=\"titem\"><a href=\"http:\/\/www.clipmedia.net\/ficheros\/2014\/09_sep\/dn541.pdf\" target=\"_blank\">Los reventones se disparan porque los conductores ahorran en ruedas<\/a><\/td>\n<td align=\"right\" class=\"tfuente\">El Peri\u00f3dico de Catalunya<\/td>\n<\/tr>\n<tr>\n<td class=\"tfecha\">13\/09\/2014 &#8211;<\/td>\n<td class=\"titem\"><a href=\"http:\/\/www.clipmedia.net\/ficheros\/2014\/09_sep\/cy860.pdf\" target=\"_blank\">La industria espa\u00f1ola aprovecha el tir\u00f3n comercial de los todocamino<\/a><\/td>\n<td align=\"right\" class=\"tfuente\">El Peri\u00f3dico de Catalunya<\/td>\n<\/tr>\n<tr>\n<td class=\"tfecha\">13\/09\/2014 &#8211;<\/td>\n<td class=\"titem\"><a href=\"http:\/\/www.clipmedia.net\/ficheros\/2014\/09_sep\/cy863.pdf\" target=\"_blank\">Opel producir\u00e1 20.000 unidades del &#8216;Mokka&#8217; en su planta de Zaragoza<\/a><\/td>\n<td align=\"right\" class=\"tfuente\">El Economista<\/td>\n<\/tr>\n<tr>\n<td class=\"tfecha\">13\/09\/2014 &#8211;<\/td>\n<td class=\"titem\"><a href=\"http:\/\/www.clipmedia.net\/ficheros\/2014\/09_sep\/cy866.pdf\" target=\"_blank\">Los fabricantes de componentes salen reforzados de la crisis<\/a><\/td>\n<td align=\"right\" class=\"tfuente\">Expansi\u00f3n<\/td>\n<\/tr>\n<tr>\n<td class=\"tfecha\">13\/09\/2014 &#8211;<\/td>\n<td class=\"titem\"><a href=\"http:\/\/www.clipmedia.net\/ficheros\/2014\/09_sep\/cy869.pdf\" target=\"_blank\">Alejandro Agag da la salida a la F\u00f3rmula 1 del coche el\u00e9ctrico<\/a><\/td>\n<td align=\"right\" class=\"tfuente\">Expansi\u00f3n<\/td>\n<\/tr>\n<tr>\n<td class=\"tfecha\">15\/09\/2014 &#8211;<\/td>\n<td class=\"titem\"><a href=\"http:\/\/www.clipmedia.net\/ficheros\/2014\/09_sep\/dn545.pdf\" target=\"_blank\">\u00bfTienen valor la edad y la experiencia en la era digital?<\/a><\/td>\n<td align=\"right\" class=\"tfuente\">Expansi\u00f3n<\/td>\n<\/tr>\n<tr>\n<td class=\"tfecha\">13\/09\/2014 &#8211;<\/td>\n<td class=\"titem\"><a href=\"http:\/\/www.clipmedia.net\/ficheros\/2014\/09_sep\/cy862.pdf\" target=\"_blank\">Tecnolog\u00eda, conectividad y libertad<\/a><\/td>\n<td align=\"right\" class=\"tfuente\">El Economista<\/td>\n<\/tr>\n<tr>\n<td class=\"tfecha\">14\/09\/2014 &#8211;<\/td>\n<td class=\"titem\"><a href=\"http:\/\/www.clipmedia.net\/ficheros\/2014\/09_sep\/qm059.pdf\" target=\"_blank\">Aprender en Red<\/a><\/td>\n<td align=\"right\" class=\"tfuente\">El Pa\u00eds &#8211; Extra<\/td>\n<\/tr>\n<tr>\n<td class=\"tfecha\">14\/09\/2014 &#8211;<\/td>\n<td class=\"titem\"><a href=\"http:\/\/www.clipmedia.net\/ficheros\/2014\/09_sep\/qm062.pdf\" target=\"_blank\">Se abre la feria de las escuelas de negocios<\/a><\/td>\n<td align=\"right\" class=\"tfuente\">La Vanguardia<\/td>\n<\/tr>\n<tr>\n<td class=\"tfecha\">14\/09\/2014 &#8211;<\/td>\n<td class=\"titem\"><a href=\"http:\/\/www.clipmedia.net\/ficheros\/2014\/09_sep\/qm076.pdf\" target=\"_blank\">La universidad ante el desaf\u00edo tecnol\u00f3gico<\/a><\/td>\n<td align=\"right\" class=\"tfuente\">El Pa\u00eds &#8211; Extra<\/td>\n<\/tr>\n<tr>\n<td class=\"tfecha\">14\/09\/2014 &#8211;<\/td>\n<td class=\"titem\"><a href=\"http:\/\/www.clipmedia.net\/ficheros\/2014\/09_sep\/qm077.pdf\" target=\"_blank\">&#8216;Crowdfunding&#8217; para pagar la matr\u00edcula<\/a><\/td>\n<td align=\"right\" class=\"tfuente\">El Pa\u00eds &#8211; Extra<\/td>\n<\/tr>\n<tr>\n<td class=\"tfecha\">15\/09\/2014 &#8211;<\/td>\n<td class=\"titem\"><a href=\"http:\/\/www.clipmedia.net\/ficheros\/2014\/09_sep\/dn543.pdf\" target=\"_blank\">La Comunitat Valenciana estrena los pr\u00e9stamos universitarios<\/a><\/td>\n<td align=\"right\" class=\"tfuente\">El Pa\u00eds<\/td>\n<\/tr>\n<tr>\n<td class=\"tfecha\">15\/09\/2014 &#8211;<\/td>\n<td class=\"titem\"><a href=\"http:\/\/www.clipmedia.net\/ficheros\/2014\/09_sep\/dn544.pdf\" target=\"_blank\">Esade e IE, entre los diez mejores m\u00e1steres de gesti\u00f3n<\/a><\/td>\n<td align=\"right\" class=\"tfuente\">Expansi\u00f3n<\/td>\n<\/tr>\n<tr>\n<td class=\"tfecha\">15\/09\/2014 &#8211;<\/td>\n<td class=\"titem\"><a href=\"http:\/\/www.clipmedia.net\/ficheros\/2014\/09_sep\/dn548.pdf\" target=\"_blank\">CEOE quiere formar empresarios en Latinoam\u00e9rica contra el fraude<\/a><\/td>\n<td align=\"right\" class=\"tfuente\">Expansi\u00f3n<\/td>\n<\/tr>\n<tr>\n<td class=\"tfecha\">15\/09\/2014 &#8211;<\/td>\n<td class=\"titem\"><a href=\"http:\/\/www.clipmedia.net\/ficheros\/2014\/09_sep\/dn520.pdf\" target=\"_blank\">Una de cada tres carreras ser\u00e1 en ingl\u00e9s o biling\u00fce<\/a><\/td>\n<td align=\"right\" class=\"tfuente\">El Mundo<\/td>\n<\/tr>\n<tr>\n<td class=\"tfecha\">15\/09\/2014 &#8211;<\/td>\n<td class=\"titem\"><a href=\"http:\/\/www.clipmedia.net\/ficheros\/2014\/09_sep\/qm041.pdf\" target=\"_blank\">Muere el gran patr\u00f3n del comercio<\/a><\/td>\n<td align=\"right\" class=\"tfuente\">El Pa\u00eds<\/td>\n<\/tr>\n<tr>\n<td class=\"tfecha\">15\/09\/2014 &#8211;<\/td>\n<td class=\"titem\"><a href=\"http:\/\/www.clipmedia.net\/ficheros\/2014\/09_sep\/qm043.pdf\" target=\"_blank\">Guindos mete a las grandes del Ibex en la nueva C\u00e1mara de Comercio<\/a><\/td>\n<td align=\"right\" class=\"tfuente\">Expansi\u00f3n<\/td>\n<\/tr>\n<tr>\n<td class=\"tfecha\">14\/09\/2014 &#8211;<\/td>\n<td class=\"titem\"><a href=\"http:\/\/www.clipmedia.net\/ficheros\/2014\/09_sep\/qm054.pdf\" target=\"_blank\">Trastorno posvacacional: \u00bfmito o realidad?<\/a><\/td>\n<td align=\"right\" class=\"tfuente\">La Vanguardia &#8211; Diners<\/td>\n<\/tr>\n<tr>\n<td class=\"tfecha\">14\/09\/2014 &#8211;<\/td>\n<td class=\"titem\"><a href=\"http:\/\/www.clipmedia.net\/ficheros\/2014\/09_sep\/qm064.pdf\" target=\"_blank\">\u00a1Las empresas tambi\u00e9n enferman!<\/a><\/td>\n<td align=\"right\" class=\"tfuente\">La Vanguardia &#8211; Dinero<\/td>\n<\/tr>\n<tr>\n<td class=\"tfecha\">14\/09\/2014 &#8211;<\/td>\n<td class=\"titem\"><a href=\"http:\/\/www.clipmedia.net\/ficheros\/2014\/09_sep\/qm065.pdf\" target=\"_blank\">El empleo crecer\u00e1 m\u00e1s lento hasta final de a\u00f1o<\/a><\/td>\n<td align=\"right\" class=\"tfuente\">El Peri\u00f3dico de Catalunya<\/td>\n<\/tr>\n<tr>\n<td class=\"tfecha\">15\/09\/2014 &#8211;<\/td>\n<td class=\"titem\"><a href=\"http:\/\/www.clipmedia.net\/ficheros\/2014\/09_sep\/dn540.pdf\" target=\"_blank\">Las marcas de Mercadona generan 4.600 empleos<\/a><\/td>\n<td align=\"right\" class=\"tfuente\">El Peri\u00f3dico de Catalunya<\/td>\n<\/tr>\n<tr>\n<td class=\"tfecha\">13\/09\/2014 &#8211;<\/td>\n<td class=\"titem\"><a href=\"http:\/\/www.clipmedia.net\/ficheros\/2014\/09_sep\/cy858.pdf\" target=\"_blank\">La industria de la moda mejora resultados y vuelve a contratar<\/a><\/td>\n<td align=\"right\" class=\"tfuente\">La Vanguardia<\/td>\n<\/tr>\n<tr>\n<td class=\"tfecha\">13\/09\/2014 &#8211;<\/td>\n<td class=\"titem\"><a href=\"http:\/\/www.clipmedia.net\/ficheros\/2014\/09_sep\/cy859.pdf\" target=\"_blank\">Toxo advierte que no habr\u00e1 pacto social sin mejora salarial<\/a><\/td>\n<td align=\"right\" class=\"tfuente\">La Vanguardia<\/td>\n<\/tr>\n<tr>\n<td class=\"tfecha\">15\/09\/2014 &#8211;<\/td>\n<td class=\"titem\"><a href=\"http:\/\/www.clipmedia.net\/ficheros\/2014\/09_sep\/dn546.pdf\" target=\"_blank\">Arcano empezar\u00e1 a prestar a pymes espa\u00f1olas antes de finales de a\u00f1o<\/a><\/td>\n<td align=\"right\" class=\"tfuente\">Expansi\u00f3n<\/td>\n<\/tr>\n<tr>\n<td class=\"tfecha\">13\/09\/2014 &#8211;<\/td>\n<td class=\"titem\"><a href=\"http:\/\/www.clipmedia.net\/ficheros\/2014\/09_sep\/cy865.pdf\" target=\"_blank\">El cierre del centro de trabajo tras una huelga anula el ERE<\/a><\/td>\n<td align=\"right\" class=\"tfuente\">El Economista<\/td>\n<\/tr>\n<tr>\n<td class=\"tfecha\">15\/09\/2014 &#8211;<\/td>\n<td class=\"titem\"><a href=\"http:\/\/www.clipmedia.net\/ficheros\/2014\/09_sep\/dn550.pdf\" target=\"_blank\">Empleo ampliar\u00e1 la capitalizaci\u00f3n del paro y la tarifa plana a los aut\u00f3nomos<\/a><\/td>\n<td align=\"right\" class=\"tfuente\">El Economista<\/td>\n<\/tr>\n<tr>\n<td class=\"tfecha\">15\/09\/2014 &#8211;<\/td>\n<td class=\"titem\"><a href=\"http:\/\/www.clipmedia.net\/ficheros\/2014\/09_sep\/dn552.pdf\" target=\"_blank\">Catalu\u00f1a y Pa\u00eds Vasco limitan la liberalizaci\u00f3n comercial<\/a><\/td>\n<td align=\"right\" class=\"tfuente\">El Economista<\/td>\n<\/tr>\n<tr>\n<td class=\"tfecha\">15\/09\/2014 &#8211;<\/td>\n<td class=\"titem\"><a href=\"http:\/\/www.clipmedia.net\/ficheros\/2014\/09_sep\/dn542.pdf\" target=\"_blank\">Art\u00edculo de opini\u00f3n: Antoni Serra Ramoneda &#8211; El virus del ladrillo<\/a><\/td>\n<td align=\"right\" class=\"tfuente\">El Peri\u00f3dico de Catalunya<\/td>\n<\/tr>\n<tr>\n<td class=\"tfecha\">13\/09\/2014 &#8211;<\/td>\n<td class=\"titem\"><a href=\"http:\/\/www.clipmedia.net\/ficheros\/2014\/09_sep\/cy861.pdf\" target=\"_blank\">\u00bfSe est\u00e1 recuperando el mercado inmobiliario?<\/a><\/td>\n<td align=\"right\" class=\"tfuente\">El Economista<\/td>\n<\/tr>\n<tr>\n<td class=\"tfecha\">13\/09\/2014 &#8211;<\/td>\n<td class=\"titem\"><a href=\"http:\/\/www.clipmedia.net\/ficheros\/2014\/09_sep\/cy867.pdf\" target=\"_blank\">El momento de volver a invertir en vivienda<\/a><\/td>\n<td align=\"right\" class=\"tfuente\">Expansi\u00f3n<\/td>\n<\/tr>\n<tr>\n<td class=\"tfecha\">13\/09\/2014 &#8211;<\/td>\n<td class=\"titem\"><a href=\"http:\/\/www.clipmedia.net\/ficheros\/2014\/09_sep\/cy868.pdf\" target=\"_blank\">La estadounidense Fremont ultima la compra del 100% de Bluespace<\/a><\/td>\n<td align=\"right\" class=\"tfuente\">Expansi\u00f3n<\/td>\n<\/tr>\n<tr>\n<td colspan=\"3\">&nbsp;<\/td>\n<\/tr>\n<tr>\n<td colspan=\"3\" class=\"tgrupo\"><img loading=\"lazy\" decoding=\"async\" src=\"http:\/\/www.gestoresalicante.org\/img\/newsletter\/picto.jpg\" width=\"20\" height=\"18\" align=\"absmiddle\" style=\"margin-right: 4px;\"> <strong>B.O.E<\/strong><\/td>\n<\/tr>\n<tr>\n<td colspan=\"3\">(No hay registros)<\/td>\n<\/tr>\n<\/table>\n<\/div>\n","protected":false},"excerpt":{"rendered":"<p>13\/09\/2014 &#8211; 15\/09\/2014 &nbsp; Consejo General de los Colegios de Gestores Administrativos 14\/09\/2014 &#8211; \u00bfQu\u00e9 va a ser del Impuesto de Sucesiones? Dirigentesdigital.com 15\/09\/2014 &#8211; Hacienda ultima la devoluci\u00f3n millonaria del c\u00e9ntimo sanitario Expansi\u00f3n 13\/09\/2014 &#8211; Hacienda estudia llevar ante &hellip; <a href=\"https:\/\/www.gestoresalicante.org\/blog\/index.php\/2014\/09\/15\/resumen-de-prensa-13-09-2014\/\">Sigue leyendo <span class=\"meta-nav\">&rarr;<\/span><\/a><\/p>\n","protected":false},"author":4,"featured_media":0,"comment_status":"closed","ping_status":"closed","sticky":false,"template":"","format":"standard","meta":{"footnotes":""},"categories":[6],"tags":[],"class_list":["post-824","post","type-post","status-publish","format-standard","hentry","category-resumendeprensa"],"_links":{"self":[{"href":"https:\/\/www.gestoresalicante.org\/blog\/index.php\/wp-json\/wp\/v2\/posts\/824","targetHints":{"allow":["GET"]}}],"collection":[{"href":"https:\/\/www.gestoresalicante.org\/blog\/index.php\/wp-json\/wp\/v2\/posts"}],"about":[{"href":"https:\/\/www.gestoresalicante.org\/blog\/index.php\/wp-json\/wp\/v2\/types\/post"}],"author":[{"embeddable":true,"href":"https:\/\/www.gestoresalicante.org\/blog\/index.php\/wp-json\/wp\/v2\/users\/4"}],"replies":[{"embeddable":true,"href":"https:\/\/www.gestoresalicante.org\/blog\/index.php\/wp-json\/wp\/v2\/comments?post=824"}],"version-history":[{"count":0,"href":"https:\/\/www.gestoresalicante.org\/blog\/index.php\/wp-json\/wp\/v2\/posts\/824\/revisions"}],"wp:attachment":[{"href":"https:\/\/www.gestoresalicante.org\/blog\/index.php\/wp-json\/wp\/v2\/media?parent=824"}],"wp:term":[{"taxonomy":"category","embeddable":true,"href":"https:\/\/www.gestoresalicante.org\/blog\/index.php\/wp-json\/wp\/v2\/categories?post=824"},{"taxonomy":"post_tag","embeddable":true,"href":"https:\/\/www.gestoresalicante.org\/blog\/index.php\/wp-json\/wp\/v2\/tags?post=824"}],"curies":[{"name":"wp","href":"https:\/\/api.w.org\/{rel}","templated":true}]}}