{"id":83,"date":"2012-11-18T12:55:22","date_gmt":"2012-11-18T11:55:22","guid":{"rendered":"http:\/\/www.gestoresalicante.org\/blog\/?p=83"},"modified":"2012-11-18T12:57:17","modified_gmt":"2012-11-18T11:57:17","slug":"el-colegio-de-gestores-administrativos-de-alicante-celebra-su-40-aniversario","status":"publish","type":"post","link":"https:\/\/www.gestoresalicante.org\/blog\/index.php\/2012\/11\/18\/el-colegio-de-gestores-administrativos-de-alicante-celebra-su-40-aniversario\/","title":{"rendered":"El Colegio de Gestores Administrativos de Alicante Celebra su 40 Aniversario"},"content":{"rendered":"<p><strong>Viernes 16 de noviembre de 2012.-<\/strong><\/p>\n<p style=\"text-align: justify;\">El Colegio de Gestores Administrativos de Alicante conmemor\u00f3 su 40\u00ba aniversario, en la Casa de la M\u00fasica de Las Cigarreras de Alicante, con una asistencia masiva de profesionales, colegiados y amigos.<\/p>\n<p style=\"text-align: justify;\">En el acto, que fue clausurado oficialmente por la alcaldesa de Alicante, Sonia Castedo, se entregaron los t\u00edtulos a los nuevos gestores administrativos y menciones especiales a los colegiados que cumplen 25, 40 y 50 a\u00f1os de ejercicio profesional.<\/p>\n<p style=\"text-align: justify;\">En el mismo acto Francisco Candela Dur\u00e1, presidente del Colegio, recibi\u00f3 la Medalla de Oro con Cinta Azul y la Dignidad de Consejero de Honor, concedida por el Consejo General de Gestores Administrativos de Espa\u00f1a. Tambi\u00e9n se descubri\u00f3 la placa del sal\u00f3n de actos del Colegio Oficial, que lleva el nombre del actual vice-presidente del Colegio Jose Luis Tonda Mart\u00ednez.<\/p>\n<p><a href=\"http:\/\/www.gestoresalicante.org\/blog\/wp-content\/uploads\/2012\/11\/LasCigarreras_40Aniversario_COGAA1.jpg\"><img decoding=\"async\" class=\"aligncenter size-full wp-image-85\" title=\"LasCigarreras_40Aniversario_COGAA\" src=\"http:\/\/www.gestoresalicante.org\/blog\/wp-content\/uploads\/2012\/11\/LasCigarreras_40Aniversario_COGAA1.jpg\" alt=\"\" \/><\/a>La conmemoraci\u00f3n del 40 aniversario del Colegio alicantino concluy\u00f3 con un concierto solidario, a favor del Banco de Alimentos de Alicante, que es parte de la Federaci\u00f3n de Bancos de Alimentos, organizaci\u00f3n no gubernamental que recibi\u00f3 en 2012 el Premio Pr\u00edncipe de Asturias a la Concordia. En el concierto actuaron el tenor Antonio Llinares y\u00a0 la soprano, Pilar Matas,\u00a0 acompa\u00f1ados al piano por Florencio S\u00e1ez.<\/p>\n","protected":false},"excerpt":{"rendered":"<p>Viernes 16 de noviembre de 2012.- El Colegio de Gestores Administrativos de Alicante conmemor\u00f3 su 40\u00ba aniversario, en la Casa de la M\u00fasica de Las Cigarreras de Alicante, con una asistencia masiva de profesionales, colegiados y amigos. En el acto, &hellip; <a href=\"https:\/\/www.gestoresalicante.org\/blog\/index.php\/2012\/11\/18\/el-colegio-de-gestores-administrativos-de-alicante-celebra-su-40-aniversario\/\">Sigue leyendo <span class=\"meta-nav\">&rarr;<\/span><\/a><\/p>\n","protected":false},"author":4,"featured_media":0,"comment_status":"closed","ping_status":"closed","sticky":false,"template":"","format":"standard","meta":{"footnotes":""},"categories":[3],"tags":[],"class_list":["post-83","post","type-post","status-publish","format-standard","hentry","category-noticias-de-interes"],"_links":{"self":[{"href":"https:\/\/www.gestoresalicante.org\/blog\/index.php\/wp-json\/wp\/v2\/posts\/83","targetHints":{"allow":["GET"]}}],"collection":[{"href":"https:\/\/www.gestoresalicante.org\/blog\/index.php\/wp-json\/wp\/v2\/posts"}],"about":[{"href":"https:\/\/www.gestoresalicante.org\/blog\/index.php\/wp-json\/wp\/v2\/types\/post"}],"author":[{"embeddable":true,"href":"https:\/\/www.gestoresalicante.org\/blog\/index.php\/wp-json\/wp\/v2\/users\/4"}],"replies":[{"embeddable":true,"href":"https:\/\/www.gestoresalicante.org\/blog\/index.php\/wp-json\/wp\/v2\/comments?post=83"}],"version-history":[{"count":3,"href":"https:\/\/www.gestoresalicante.org\/blog\/index.php\/wp-json\/wp\/v2\/posts\/83\/revisions"}],"predecessor-version":[{"id":89,"href":"https:\/\/www.gestoresalicante.org\/blog\/index.php\/wp-json\/wp\/v2\/posts\/83\/revisions\/89"}],"wp:attachment":[{"href":"https:\/\/www.gestoresalicante.org\/blog\/index.php\/wp-json\/wp\/v2\/media?parent=83"}],"wp:term":[{"taxonomy":"category","embeddable":true,"href":"https:\/\/www.gestoresalicante.org\/blog\/index.php\/wp-json\/wp\/v2\/categories?post=83"},{"taxonomy":"post_tag","embeddable":true,"href":"https:\/\/www.gestoresalicante.org\/blog\/index.php\/wp-json\/wp\/v2\/tags?post=83"}],"curies":[{"name":"wp","href":"https:\/\/api.w.org\/{rel}","templated":true}]}}