{"id":836,"date":"2014-09-30T09:00:00","date_gmt":"2014-09-30T08:00:00","guid":{"rendered":"http:\/\/www.gestoresalicante.org\/blog\/index.php\/2014\/09\/30\/resumen-de-prensa-30-09-2014\/"},"modified":"-0001-11-30T00:00:00","modified_gmt":"-0001-11-29T22:00:00","slug":"resumen-de-prensa-30-09-2014","status":"publish","type":"post","link":"https:\/\/www.gestoresalicante.org\/blog\/index.php\/2014\/09\/30\/resumen-de-prensa-30-09-2014\/","title":{"rendered":"Resumen de Prensa 30-09-2014"},"content":{"rendered":"<div class=\"nboletin\">\n<table width=\"90%\" cellpadding=\"4\">\n<tr>\n<td colspan=\"3\">\n<div style=\"background-color: #CCCCCC;padding: 4px 10px 4px 10px;width: 100%;border: 1px #414141 solid;\"><img decoding=\"async\" alt=\"Consejo de Gestores\" src=\"http:\/\/www.gestoresalicante.org\/img\/newsletter\/conges.jpg\" width=226 height=70><\/div>\n<\/td>\n<\/tr>\n<tr>\n<td align=\"right\" colspan=\"3\"><strong>30\/09\/2014 <\/strong><\/td>\n<\/tr>\n<tr>\n<td colspan=\"3\">&nbsp;<\/td>\n<\/tr>\n<tr>\n<td colspan=\"3\" class=\"tgrupo\"><img loading=\"lazy\" decoding=\"async\" src=\"http:\/\/www.gestoresalicante.org\/img\/newsletter\/picto.jpg\" width=\"20\" height=\"18\" align=\"absmiddle\" style=\"margin-right: 4px;\"> <strong>Consejo General de los Colegios de Gestores Administrativos<\/strong><\/td>\n<\/tr>\n<tr>\n<td class=\"tfecha\">30\/09\/2014 &#8211;<\/td>\n<td class=\"titem\"><a href=\"http:\/\/www.clipmedia.net\/ficheros\/2014\/09_sep\/dm362.pdf\" target=\"_blank\">Agenda &#8211; IV Jornada d&#8217;Automoci\u00f3 a Barcelona&#8217;, amb experts i professionals del sector<\/a>Agenda &#8211; IV Jornada de &#8216;Automoci\u00f3n en Barcelona&#8217;, con expertos y profesionales del sector<\/td>\n<td align=\"right\" class=\"tfuente\">esade.edu<\/td>\n<\/tr>\n<tr>\n<td class=\"tfecha\">29\/09\/2014 &#8211;<\/td>\n<td class=\"titem\"><a href=\"http:\/\/www.clipmedia.net\/ficheros\/2014\/09_sep\/dm359.pdf\" target=\"_blank\">La once, premiada por el colegio de gestores administrativos de Madrid <\/a><\/td>\n<td align=\"right\" class=\"tfuente\">La Informaci\u00f3n Digital.com<\/td>\n<\/tr>\n<tr>\n<td class=\"tfecha\">29\/09\/2014 &#8211;<\/td>\n<td class=\"titem\"><a href=\"http:\/\/www.clipmedia.net\/ficheros\/2014\/09_sep\/dm360.pdf\" target=\"_blank\">La once, premiada por el colegio de gestores administrativos de Madrid <\/a><\/td>\n<td align=\"right\" class=\"tfuente\">El Economista (digital)<\/td>\n<\/tr>\n<tr>\n<td class=\"tfecha\">29\/09\/2014 &#8211;<\/td>\n<td class=\"titem\"><a href=\"http:\/\/www.clipmedia.net\/ficheros\/2014\/09_sep\/dm361.pdf\" target=\"_blank\">La Once, premiada por el Colegio de Gestores Administrativos de Madrid <\/a><\/td>\n<td align=\"right\" class=\"tfuente\">Discapnet<\/td>\n<\/tr>\n<tr>\n<td class=\"tfecha\">30\/09\/2014 &#8211;<\/td>\n<td class=\"titem\"><a href=\"http:\/\/www.clipmedia.net\/ficheros\/2014\/09_sep\/of245.pdf\" target=\"_blank\">Bruselas pone en jaque las pr\u00e1cticas de Apple para pagar menos impuestos<\/a><\/td>\n<td align=\"right\" class=\"tfuente\">Expansi\u00f3n<\/td>\n<\/tr>\n<tr>\n<td class=\"tfecha\">30\/09\/2014 &#8211;<\/td>\n<td class=\"titem\"><a href=\"http:\/\/www.clipmedia.net\/ficheros\/2014\/09_sep\/of255.pdf\" target=\"_blank\">Catal\u00e1 corrige el rumbo de Gallard\u00f3n y promete revisar el &#8216;tasazo&#8217; judicial<\/a><\/td>\n<td align=\"right\" class=\"tfuente\">El Peri\u00f3dico de Catalunya<\/td>\n<\/tr>\n<tr>\n<td class=\"tfecha\">30\/09\/2014 &#8211;<\/td>\n<td class=\"titem\"><a href=\"http:\/\/www.clipmedia.net\/ficheros\/2014\/09_sep\/dm353.pdf\" target=\"_blank\">No afecta a Hacienda la cesi\u00f3n del derecho de devoluci\u00f3n de IVA<\/a><\/td>\n<td align=\"right\" class=\"tfuente\">El Economista<\/td>\n<\/tr>\n<tr>\n<td class=\"tfecha\">30\/09\/2014 &#8211;<\/td>\n<td class=\"titem\"><a href=\"http:\/\/www.clipmedia.net\/ficheros\/2014\/09_sep\/dm357.pdf\" target=\"_blank\">Hacienda prev\u00e9 para 2015 la mayor recaudaci\u00f3n de IVA de la historia<\/a><\/td>\n<td align=\"right\" class=\"tfuente\">Cinco D\u00edas<\/td>\n<\/tr>\n<tr>\n<td class=\"tfecha\">30\/09\/2014 &#8211;<\/td>\n<td class=\"titem\"><a href=\"http:\/\/www.clipmedia.net\/ficheros\/2014\/09_sep\/dm331.pdf\" target=\"_blank\">Catal\u00e1 anuncia la revisi\u00f3n de las pol\u00e9micas tasas<\/a><\/td>\n<td align=\"right\" class=\"tfuente\">El Mundo<\/td>\n<\/tr>\n<tr>\n<td class=\"tfecha\">30\/09\/2014 &#8211;<\/td>\n<td class=\"titem\"><a href=\"http:\/\/www.clipmedia.net\/ficheros\/2014\/09_sep\/dm350.pdf\" target=\"_blank\">La DGT dota 1,5 millones en ayudas a la investigaci\u00f3n<\/a><\/td>\n<td align=\"right\" class=\"tfuente\">El Mundo<\/td>\n<\/tr>\n<tr>\n<td class=\"tfecha\">30\/09\/2014 &#8211;<\/td>\n<td class=\"titem\"><a href=\"http:\/\/www.clipmedia.net\/ficheros\/2014\/09_sep\/dm352.pdf\" target=\"_blank\">Citro\u00ebn, referente en prevenci\u00f3n de riesgos laborales del autom\u00f3vil<\/a><\/td>\n<td align=\"right\" class=\"tfuente\">El Economista<\/td>\n<\/tr>\n<tr>\n<td colspan=\"3\">&nbsp;<\/td>\n<\/tr>\n<tr>\n<td colspan=\"3\" class=\"tgrupo\"><img loading=\"lazy\" decoding=\"async\" src=\"http:\/\/www.gestoresalicante.org\/img\/newsletter\/picto.jpg\" width=\"20\" height=\"18\" align=\"absmiddle\" style=\"margin-right: 4px;\"> <strong>Ventana Telem\u00e1tica<\/strong><\/td>\n<\/tr>\n<tr>\n<td colspan=\"3\">(No hay registros)<\/td>\n<\/tr>\n<tr>\n<td colspan=\"3\">&nbsp;<\/td>\n<\/tr>\n<tr>\n<td colspan=\"3\" class=\"tgrupo\"><img loading=\"lazy\" decoding=\"async\" src=\"http:\/\/www.gestoresalicante.org\/img\/newsletter\/picto.jpg\" width=\"20\" height=\"18\" align=\"absmiddle\" style=\"margin-right: 4px;\"> <strong> Sector de la formaci\u00f3n<\/strong><\/td>\n<\/tr>\n<tr>\n<td class=\"tfecha\">30\/09\/2014 &#8211;<\/td>\n<td class=\"titem\"><a href=\"http:\/\/www.clipmedia.net\/ficheros\/2014\/09_sep\/dm358.pdf\" target=\"_blank\">Los secretos para salir fuera y hacer grande tu negocio<\/a><\/td>\n<td align=\"right\" class=\"tfuente\">Expansi\u00f3n<\/td>\n<\/tr>\n<tr>\n<td class=\"tfecha\">30\/09\/2014 &#8211;<\/td>\n<td class=\"titem\"><a href=\"http:\/\/www.clipmedia.net\/ficheros\/2014\/09_sep\/dm330.pdf\" target=\"_blank\">Sin un trabajo, nos falta el aire<\/a><\/td>\n<td align=\"right\" class=\"tfuente\">El Mundo<\/td>\n<\/tr>\n<tr>\n<td class=\"tfecha\">30\/09\/2014 &#8211;<\/td>\n<td class=\"titem\"><a href=\"http:\/\/www.clipmedia.net\/ficheros\/2014\/09_sep\/of247.pdf\" target=\"_blank\">La OIT reclama que los salarios vuelvan a subir en Espa\u00f1a<\/a><\/td>\n<td align=\"right\" class=\"tfuente\">El Pa\u00eds<\/td>\n<\/tr>\n<tr>\n<td class=\"tfecha\">30\/09\/2014 &#8211;<\/td>\n<td class=\"titem\"><a href=\"http:\/\/www.clipmedia.net\/ficheros\/2014\/09_sep\/dm349.pdf\" target=\"_blank\">B\u00e1\u00f1ez pide contenci\u00f3n salarial hasta que se cree m\u00e1s empleo<\/a><\/td>\n<td align=\"right\" class=\"tfuente\">La Raz\u00f3n<\/td>\n<\/tr>\n<tr>\n<td class=\"tfecha\">28\/09\/2014 &#8211;<\/td>\n<td class=\"titem\"><a href=\"http:\/\/www.clipmedia.net\/ficheros\/2014\/09_sep\/dm305.pdf\" target=\"_blank\">Las subastas de viviendas salen caras<\/a><\/td>\n<td align=\"right\" class=\"tfuente\">El Pa\u00eds &#8211; Negocios<\/td>\n<\/tr>\n<tr>\n<td class=\"tfecha\">28\/09\/2014 &#8211;<\/td>\n<td class=\"titem\"><a href=\"http:\/\/www.clipmedia.net\/ficheros\/2014\/09_sep\/dm306.pdf\" target=\"_blank\">Casa, derechos y pareja de hecho<\/a><\/td>\n<td align=\"right\" class=\"tfuente\">El Pa\u00eds &#8211; Negocios<\/td>\n<\/tr>\n<tr>\n<td class=\"tfecha\">30\/09\/2014 &#8211;<\/td>\n<td class=\"titem\"><a href=\"http:\/\/www.clipmedia.net\/ficheros\/2014\/09_sep\/dm355.pdf\" target=\"_blank\">Inditex compra un edificio en Palma por 39 millones<\/a><\/td>\n<td align=\"right\" class=\"tfuente\">Cinco D\u00edas<\/td>\n<\/tr>\n<tr>\n<td colspan=\"3\">&nbsp;<\/td>\n<\/tr>\n<tr>\n<td colspan=\"3\" class=\"tgrupo\"><img loading=\"lazy\" decoding=\"async\" src=\"http:\/\/www.gestoresalicante.org\/img\/newsletter\/picto.jpg\" width=\"20\" height=\"18\" align=\"absmiddle\" style=\"margin-right: 4px;\"> <strong>B.O.E<\/strong><\/td>\n<\/tr>\n<tr>\n<td colspan=\"3\">(No hay registros)<\/td>\n<\/tr>\n<\/table>\n<\/div>\n","protected":false},"excerpt":{"rendered":"<p>30\/09\/2014 &nbsp; Consejo General de los Colegios de Gestores Administrativos 30\/09\/2014 &#8211; Agenda &#8211; IV Jornada d&#8217;Automoci\u00f3 a Barcelona&#8217;, amb experts i professionals del sectorAgenda &#8211; IV Jornada de &#8216;Automoci\u00f3n en Barcelona&#8217;, con expertos y profesionales del sector esade.edu 29\/09\/2014 &hellip; <a href=\"https:\/\/www.gestoresalicante.org\/blog\/index.php\/2014\/09\/30\/resumen-de-prensa-30-09-2014\/\">Sigue leyendo <span class=\"meta-nav\">&rarr;<\/span><\/a><\/p>\n","protected":false},"author":4,"featured_media":0,"comment_status":"closed","ping_status":"closed","sticky":false,"template":"","format":"standard","meta":{"footnotes":""},"categories":[6],"tags":[],"class_list":["post-836","post","type-post","status-publish","format-standard","hentry","category-resumendeprensa"],"_links":{"self":[{"href":"https:\/\/www.gestoresalicante.org\/blog\/index.php\/wp-json\/wp\/v2\/posts\/836","targetHints":{"allow":["GET"]}}],"collection":[{"href":"https:\/\/www.gestoresalicante.org\/blog\/index.php\/wp-json\/wp\/v2\/posts"}],"about":[{"href":"https:\/\/www.gestoresalicante.org\/blog\/index.php\/wp-json\/wp\/v2\/types\/post"}],"author":[{"embeddable":true,"href":"https:\/\/www.gestoresalicante.org\/blog\/index.php\/wp-json\/wp\/v2\/users\/4"}],"replies":[{"embeddable":true,"href":"https:\/\/www.gestoresalicante.org\/blog\/index.php\/wp-json\/wp\/v2\/comments?post=836"}],"version-history":[{"count":0,"href":"https:\/\/www.gestoresalicante.org\/blog\/index.php\/wp-json\/wp\/v2\/posts\/836\/revisions"}],"wp:attachment":[{"href":"https:\/\/www.gestoresalicante.org\/blog\/index.php\/wp-json\/wp\/v2\/media?parent=836"}],"wp:term":[{"taxonomy":"category","embeddable":true,"href":"https:\/\/www.gestoresalicante.org\/blog\/index.php\/wp-json\/wp\/v2\/categories?post=836"},{"taxonomy":"post_tag","embeddable":true,"href":"https:\/\/www.gestoresalicante.org\/blog\/index.php\/wp-json\/wp\/v2\/tags?post=836"}],"curies":[{"name":"wp","href":"https:\/\/api.w.org\/{rel}","templated":true}]}}