{"id":844,"date":"2014-10-02T09:00:00","date_gmt":"2014-10-02T08:00:00","guid":{"rendered":"http:\/\/www.gestoresalicante.org\/blog\/index.php\/2014\/10\/02\/resumen-de-prensa-02-10-2014\/"},"modified":"-0001-11-30T00:00:00","modified_gmt":"-0001-11-29T22:00:00","slug":"resumen-de-prensa-02-10-2014","status":"publish","type":"post","link":"https:\/\/www.gestoresalicante.org\/blog\/index.php\/2014\/10\/02\/resumen-de-prensa-02-10-2014\/","title":{"rendered":"Resumen de Prensa 02-10-2014"},"content":{"rendered":"<div class=\"nboletin\">\n<div style=\"background-color: #CCCCCC;padding: 4px 10px 4px 10px;width: 100%;border: 1px #414141 solid;\"><img decoding=\"async\" alt=\"Consejo de Gestores\" src=\"http:\/\/www.gestoresalicante.org\/img\/newsletter\/conges.jpg\" width=226 height=70><\/div>\n<div style=\"text-align: right;margin: 10px;\"><strong>02-10-2014<\/strong><\/div>\n<div margin-left: 10px;clear: both\">\n<p class=\"MsoNormal\" style=\"background:rgb(217,217,217)\"><b><span style=\"font-size:14pt;color:black\">VEH\u00cdCULOS<\/span><\/b><span style=\"font-size:14pt;color:black\"><\/span><\/p>\n<div style=\"border-style:none none solid;border-bottom-color:windowtext;border-bottom-width:1pt;padding:0cm 0cm 1pt\">\n<p class=\"MsoNormal\" style=\"border:none;padding:0cm\"><b><span style=\"font-size:12pt;color:black\">Ventas<\/span><\/b><\/p>\n<\/div>\n<p class=\"MsoNormal\" style=\"margin-left:14.2pt\"><b><span style=\"color:black\">&#8226;    El Pa\u00eds <\/span><\/b><span style=\"color:black\">(02\/10\/2014)<br \/>\n<a href=\"http:\/\/213.194.150.29\/datos\/tmp-001\/00016482\/20141002_EL_PAIS_P29_nico9941.pdf\">La<br \/>\nventa de coches se dispar\u00f3 el 26% en septiembre<\/a> <\/span><\/p>\n<p class=\"MsoNormal\" style=\"margin-left:14.2pt\"><i><span style=\"color:black\">Noticia que informa de que en septiembre se<br \/>\nmatricularon en Espa\u00f1a 57.010 veh\u00edculos, seg\u00fan datos de las patronales de vendedores<br \/>\ny fabricantes, lo que supone un aumento del 26% con respecto al mismo periodo<br \/>\nde 2013. <\/span><\/i><\/p>\n<p class=\"MsoNormal\" style=\"margin-left:14.2pt\"><b><span style=\"color:black\">&#8226;    El Mundo <\/span><\/b><span style=\"color:black\">(02\/10\/2014) <a href=\"http:\/\/213.194.150.29\/datos\/tmp-001\/00016482\/20141002_EL_MUNDO-_P38_hous8468.pdf\">Las<br \/>\nventas de coches crecen un 26,2%<\/a> <\/span><\/p>\n<p class=\"MsoNormal\" style=\"margin-left:14.2pt\"><i><span style=\"color:black\">Noticia que informa de que en septiembre las<br \/>\nventas de coches aumentaron 26%, consiguiendo un crecimiento acumulado del<br \/>\n17,2%, el mayor en los mercados europeos. Sin embargo, la demanda sigue un 30%<br \/>\npor debajo del volumen considerado como razonable en Espa\u00f1a.<\/span><\/i><\/p>\n<p class=\"MsoNormal\" style=\"margin-left:14.2pt\"><b><span style=\"color:black\">&#8226;    ABC <\/span><\/b><span style=\"color:black\">(02\/10\/2014)<br \/>\n<a href=\"http:\/\/213.194.150.29\/datos\/tmp-001\/00016482\/20141002_ABC_P42_nico2527.pdf\">Las<br \/>\nventas de coches se disparan un 26% en septiembre<\/a> <\/span><\/p>\n<p class=\"MsoNormal\" style=\"margin-left:14.2pt\"><i><span style=\"color:black\">En septiembre se matricularon en Espa\u00f1a<br \/>\n57.010 veh\u00edculos, seg\u00fan datos de las patronales de vendedores y fabricantes, lo<br \/>\nque supone un aumento del 26% con respecto al mismo periodo de 2013. <\/span><\/i><\/p>\n<p class=\"MsoNormal\" style=\"margin-left:14.2pt\"><b><span style=\"color:black\">&#8226;    La Raz\u00f3n <\/span><\/b><span style=\"color:black\">(02\/10\/2014) <a href=\"http:\/\/213.194.150.29\/datos\/tmp-001\/00016482\/20141002_LA_RAZON-_P30_hous7425.pdf\">Las<br \/>\nventas de coches se disparan un 26,2% en septiembre gracias al Plan PIVE<\/a> <\/span><\/p>\n<p class=\"MsoNormal\" style=\"margin-left:14.2pt\"><i><span style=\"color:black\">En septiembre se matricularon en Espa\u00f1a<br \/>\n57.010 veh\u00edculos, seg\u00fan datos de las patronales de vendedores y fabricantes, lo<br \/>\nque supone un aumento del 26% con respecto al mismo periodo de 2013. El plan<br \/>\nPIVE 6, que ya ha consumido el 50% de los fondos, es uno de los protagonistas<br \/>\nde este incremento en las ventas.<\/span><\/i><\/p>\n<p class=\"MsoNormal\" style=\"margin-left:14.2pt\"><b><span style=\"color:black\">&#8226;    Cinco D\u00edas <\/span><\/b><span style=\"color:black\">(02\/10\/2014) <a href=\"http:\/\/213.194.150.29\/datos\/tmp-001\/00016482\/20141002_CINCO_DIAS_P8_nico5520.pdf\">Las<br \/>\nventas de coches crecen en Espa\u00f1a un 26% en septiembre<\/a> <\/span><\/p>\n<p class=\"MsoNormal\" style=\"margin-left:14.2pt\"><i><span style=\"color:black\">Noticia que informa de que en septiembre se<br \/>\nmatricularon en Espa\u00f1a 57.010 veh\u00edculos, seg\u00fan datos de las patronales de<br \/>\nvendedores y fabricantes, lo que supone un aumento del 26% con respecto al<br \/>\nmismo periodo de 2013. El plan PIVE 6, que ya ha consumido el 50% de los<br \/>\nfondos, es uno de los protagonistas de este incremento en las ventas.<\/span><\/i><\/p>\n<div style=\"border-style:none none solid;border-bottom-color:windowtext;border-bottom-width:1pt;padding:0cm 0cm 1pt\">\n<p class=\"MsoNormal\" style=\"border:none;padding:0cm\"><b><span style=\"font-size:12pt;color:black\">Estudio de la OCDE<\/span><\/b><\/p>\n<\/div>\n<p class=\"MsoNormal\" style=\"margin-left:14.2pt\"><b><span style=\"color:black\">&#8226;    El Mundo <\/span><\/b><span style=\"color:black\">(02\/10\/2014) <a href=\"http:\/\/213.194.150.29\/datos\/tmp-001\/00016482\/20141002_EL_MUNDO-_P38_hous1876.pdf\">La<br \/>\nOCDE estima baja la fiscalidad del autom\u00f3vil<\/a> <\/span><\/p>\n<p class=\"MsoNormal\" style=\"margin-left:14.2pt\"><i><span style=\"color:black\">La OCDE considera, en un estudio presentado<br \/>\nayer en Par\u00eds, que en sus pa\u00edses miembros las empresas automovil\u00edsticas est\u00e1n<br \/>\nsometidas a una fiscalidad muy baja, lo que supone un coste en incentivos indirectos<br \/>\nde un total de 26.800 millones de euros para los 28 pa\u00edses analizados.<\/span><\/i><\/p>\n<div style=\"border-style:none none solid;border-bottom-color:windowtext;border-bottom-width:1pt;padding:0cm 0cm 1pt\">\n<p class=\"MsoNormal\" style=\"border:none;padding:0cm\"><b><span style=\"font-size:12pt;color:black\">Ingresos por multas<\/span><\/b><\/p>\n<\/div>\n<p class=\"MsoNormal\" style=\"margin-left:14.2pt\"><b><span style=\"color:black\">&#8226;    Expansi\u00f3n <\/span><\/b><span style=\"color:black\">(02\/10\/2014) <a href=\"http:\/\/213.194.150.29\/datos\/tmp-001\/00016482\/20141002_EXPANSION_P26_hous5348.pdf\">Tr\u00e1fico<br \/>\nprev\u00e9 los menores ingresos por multas desde el a\u00f1o 2007<\/a> <\/span><\/p>\n<p class=\"MsoNormal\" style=\"margin-left:14.2pt\"><i><span style=\"color:black\">La DGT prev\u00e9 ingresar en multas alrededor de<br \/>\n361 millones de euros en 2015, la cantidad m\u00e1s baja desde 2007.<\/span><\/i><\/p>\n<p class=\"MsoNormal\" style=\"background:rgb(217,217,217)\"><b><span style=\"font-size:14pt;color:black\">FISCAL<\/span><\/b><span style=\"font-size:14pt;color:black\"><\/span><\/p>\n<div style=\"border-style:none none solid;border-bottom-color:windowtext;border-bottom-width:1pt;padding:0cm 0cm 1pt\">\n<p class=\"MsoNormal\" style=\"border:none;padding:0cm\"><b><span style=\"font-size:12pt;color:black\">Impuesto auton\u00f3mico a hipermercados<\/span><\/b><\/p>\n<\/div>\n<p class=\"MsoNormal\" style=\"margin-left:14.2pt\"><b><span style=\"color:black\">&#8226;    El Mundo <\/span><\/b><span style=\"color:black\">(02\/10\/2014) <a href=\"http:\/\/213.194.150.29\/datos\/tmp-001\/00016482\/20141002_EL_MUNDO-_P34_hous5943.pdf\">La<br \/>\nUE &#8216;revisa&#8217; el impuesto de grandes superficies<\/a> <\/span><\/p>\n<p class=\"MsoNormal\" style=\"margin-left:14.2pt\"><i><span style=\"color:black\">La Comisi\u00f3n Europea ha pedido informaci\u00f3n al<br \/>\nGobierno espa\u00f1ol sobre el impuesto que han puesto en marcha algunas comunidades<br \/>\naut\u00f3nomas para las grandes superficies exclusivamente. La raz\u00f3n es que lo<br \/>\nconsidera incompatible con el derecho comunitario.<\/span><\/i><\/p>\n<p class=\"MsoNormal\" style=\"margin-left:14.2pt\"><b><span style=\"color:black\">&#8226;    ABC <\/span><\/b><span style=\"color:black\">(02\/10\/2014)<br \/>\n<a href=\"http:\/\/213.194.150.29\/datos\/tmp-001\/00016482\/20141002_ABC_P41_nico1458.pdf\">La<br \/>\nCE considera que el impuesto auton\u00f3mico de los h\u00edper es ilegal<\/a> <\/span><\/p>\n<p class=\"MsoNormal\" style=\"margin-left:14.2pt\"><i><span style=\"color:black\">La Comisi\u00f3n Europea ha pedido informaci\u00f3n al<br \/>\nGobierno espa\u00f1ol sobre el impuesto que han puesto en marcha algunas comunidades<br \/>\naut\u00f3nomas para las grandes superficies exclusivamente. La raz\u00f3n es que lo<br \/>\nconsidera incompatible con el derecho comunitario.<\/span><\/i><\/p>\n<p class=\"MsoNormal\" style=\"margin-left:14.2pt\"><b><span style=\"color:black\">&#8226;    Expansi\u00f3n <\/span><\/b><span style=\"color:black\">(02\/10\/2014) <a href=\"http:\/\/213.194.150.29\/datos\/tmp-001\/00016482\/20141002_EXPANSION_P25..2_hous5248.pdf\">La<br \/>\nUE estudia prohibir los impuestos auton\u00f3micos a grandes superficies<\/a> <\/span><\/p>\n<p class=\"MsoNormal\" style=\"margin-left:14.2pt\"><i><span style=\"color:black\">La Comisi\u00f3n Europea ha pedido informaci\u00f3n al<br \/>\nGobierno espa\u00f1ol sobre el impuesto que han puesto en marcha algunas comunidades<br \/>\naut\u00f3nomas (Catalu\u00f1a, Arag\u00f3n, Asturias, Navarra, La Rioja y Canarias) para las<br \/>\ngrandes superficies exclusivamente. La raz\u00f3n es que lo considera incompatible<br \/>\ncon el derecho comunitario. La noticia incluye un editorial del peri\u00f3dico<br \/>\ntitulado &#8216;La UE ataca el impuesto a las grandes superficies&#8217;.<\/span><\/i><\/p>\n<p class=\"MsoNormal\" style=\"margin-left:14.2pt\"><b><span style=\"color:black\">&#8226;    Cinco D\u00edas <\/span><\/b><span style=\"color:black\">(02\/10\/2014) <a href=\"http:\/\/213.194.150.29\/datos\/tmp-001\/00016482\/20141002_CINCO_DIAS_P31_nico2219.pdf\">La<br \/>\nUE cuestiona aspectos del impuesto que grava a las grandes superficies<\/a> <\/span><\/p>\n<p class=\"MsoNormal\" style=\"margin-left:14.2pt\"><i><span style=\"color:black\">La Comisi\u00f3n Europea ha pedido informaci\u00f3n al<br \/>\nGobierno espa\u00f1ol sobre el impuesto que han puesto en marcha algunas comunidades<br \/>\naut\u00f3nomas (Catalu\u00f1a, Arag\u00f3n, Asturias, Navarra, La Rioja y Canarias) para las<br \/>\ngrandes superficies exclusivamente. La raz\u00f3n es que lo considera incompatible<br \/>\ncon el derecho comunitario.<\/span><\/i><\/p>\n<p class=\"MsoNormal\" style=\"margin-left:14.2pt\"><b><span style=\"color:black\">&#8226;    El Economista <\/span><\/b><span style=\"color:black\">(02\/10\/2014) <a href=\"http:\/\/213.194.150.29\/datos\/tmp-001\/00016482\/20141002_EL_ECONOMISTA_P12_niea2966.pdf\">Bruselas<br \/>\ninvestiga a varias autonom\u00edas por el impuesto a las grandes superficies<\/a> <\/span><\/p>\n<p class=\"MsoNormal\" style=\"margin-left:14.2pt\"><i><span style=\"color:black\">La Comisi\u00f3n Europea ha pedido informaci\u00f3n al<br \/>\nGobierno espa\u00f1ol sobre el impuesto que han puesto en marcha algunas comunidades<br \/>\naut\u00f3nomas para las grandes superficies exclusivamente. La raz\u00f3n es que lo<br \/>\nconsidera incompatible con el derecho comunitario. El sector, adem\u00e1s, encadena<br \/>\nseis a\u00f1os consecutivos de ca\u00eddas  y<br \/>\nreduce las ventas un 3%.<\/span><\/i><\/p>\n<div style=\"border-style:none none solid;border-bottom-color:windowtext;border-bottom-width:1pt;padding:0cm 0cm 1pt\">\n<p class=\"MsoNormal\" style=\"border:none;padding:0cm\"><b><span style=\"font-size:12pt;color:black\">Presupuestos Generales del Estado<\/span><\/b><\/p>\n<\/div>\n<p class=\"MsoNormal\" style=\"margin-left:14.2pt\"><b><span style=\"color:black\">&#8226;    Cinco D\u00edas <\/span><\/b><span style=\"color:black\">(02\/10\/2014) <a href=\"http:\/\/213.194.150.29\/datos\/tmp-001\/00016482\/20141002_CINCO_DIAS_P28..29_nico4268.pdf\">Linde<br \/>\notorga un notable alto a las cuentas, pero alerta de riesgos<\/a> <\/span><\/p>\n<p class=\"MsoNormal\" style=\"margin-left:14.2pt\"><i><span style=\"color:black\">El gobernador del Banco de Espa\u00f1a, Luis Mar\u00eda<br \/>\nLinde, ha considerado adecuados los nuevos Presupuestos Generales para 2015<br \/>\npero pidi\u00f3 vigilar de cerca el ajuste del d\u00e9ficit. Elogi\u00f3 tambi\u00e9n la<br \/>\ncongelaci\u00f3n del sueldo a los funcionarios y que subieran el m\u00ednimo las pensiones<br \/>\ncon el objetivo de contener el gasto.<\/span><\/i><\/p>\n<p class=\"MsoNormal\" style=\"margin-left:14.2pt\"><b><span style=\"color:black\">&#8226;    El Economista <\/span><\/b><span style=\"color:black\">(02\/10\/2014) <a href=\"http:\/\/213.194.150.29\/datos\/tmp-001\/00016482\/20141002_EL_ECONOMISTA_P37_nico4564.pdf\">Linde<br \/>\navisa: la reforma fiscal no avala el d\u00e9ficit ni el crecimiento en 2015<\/a> <\/span><\/p>\n<p class=\"MsoNormal\" style=\"margin-left:14.2pt\"><i><span style=\"color:black\">El gobernador del Banco de Espa\u00f1a, Luis Mar\u00eda<br \/>\nLinde, ha considerado adecuados los nuevos Presupuestos Generales para 2015<br \/>\npero afirma que el cuadro macroecon\u00f3mico &#8216;no est\u00e1 asegurado&#8217;.<\/span><\/i><\/p>\n<div style=\"border-style:none none solid;border-bottom-color:windowtext;border-bottom-width:1pt;padding:0cm 0cm 1pt\">\n<p class=\"MsoNormal\" style=\"border:none;padding:0cm\"><b><span style=\"font-size:12pt;color:black\">D\u00e9ficit auton\u00f3mico<\/span><\/b><\/p>\n<\/div>\n<p class=\"MsoNormal\" style=\"margin-left:14.2pt\"><b><span style=\"color:black\">&#8226;    La Raz\u00f3n <\/span><\/b><span style=\"color:black\">(02\/10\/2014) <a href=\"http:\/\/213.194.150.29\/datos\/tmp-001\/00016482\/20141002_LA_RAZON-_P28_hous1922.pdf\">Alarma<br \/>\nen Hacienda: catorce autonom\u00edas disparan su d\u00e9ficit<\/a> <\/span><\/p>\n<p class=\"MsoNormal\" style=\"margin-left:14.2pt\"><i><span style=\"color:black\">Noticia que recoge los \u00faltimos datos del<br \/>\nMinisterio de Hacienda en relaci\u00f3n a las cuentas de las comunidades aut\u00f3nomas,<br \/>\nque muestran el elevado riesgo de incumplimiento del objetivo de d\u00e9ficit. En<br \/>\ntotal, el desv\u00edo presupuestario se dispar\u00f3 un 30,3% interanual entre enero y julio,<br \/>\nalcanzando casi un 1% del PIB.<\/span><\/i><\/p>\n<p class=\"MsoNormal\" style=\"margin-left:14.2pt\"><b><span style=\"color:black\">&#8226;    Expansi\u00f3n <\/span><\/b><span style=\"color:black\">(02\/10\/2014) <a href=\"http:\/\/213.194.150.29\/datos\/tmp-001\/00016482\/20141002_EXPANSION_P26_hous1954.pdf\">Las<br \/>\nautonom\u00edas agotan en julio su margen de d\u00e9ficit para todo el a\u00f1o<\/a> <\/span><\/p>\n<p class=\"MsoNormal\" style=\"margin-left:14.2pt\"><i><span style=\"color:black\">Noticia que recoge los \u00faltimos datos del<br \/>\nMinisterio de Hacienda en relaci\u00f3n a las cuentas de las comunidades aut\u00f3nomas,<br \/>\nque muestran el elevado riesgo de incumplimiento del objetivo de d\u00e9ficit. As\u00ed,<br \/>\nNavarra, Extremadura, Murcia, Castilla-La Mancha, Andaluc\u00eda y Catalu\u00f1a, ya lo<br \/>\nhabr\u00edan incumplido. S\u00f3lo Baleares mantiene el equilibrio presupuestario.<\/span><\/i><\/p>\n<p class=\"MsoNormal\" style=\"margin-left:14.2pt\"><b><span style=\"color:black\">&#8226;    Cinco D\u00edas <\/span><\/b><span style=\"color:black\">(02\/10\/2014) <a href=\"http:\/\/213.194.150.29\/datos\/tmp-001\/00016482\/20141002_CINCO_DIAS_P30_nico3260.pdf\">El<br \/>\nd\u00e9ficit auton\u00f3mico alcanza ya en julio el objetivo de todo el a\u00f1o<\/a> <\/span><\/p>\n<p class=\"MsoNormal\" style=\"margin-left:14.2pt\"><i><span style=\"color:black\">Noticia que recoge los \u00faltimos datos del<br \/>\nMinisterio de Hacienda en relaci\u00f3n a las cuentas de las comunidades aut\u00f3nomas,<br \/>\nque muestran el elevado riesgo de incumplimiento del objetivo de d\u00e9ficit. As\u00ed,<br \/>\nNavarra, Extremadura, Murcia, Castilla-La Mancha, Andaluc\u00eda y Catalu\u00f1a, ya lo<br \/>\nhabr\u00edan incumplido. <\/span><\/i><\/p>\n<div style=\"border-style:none none solid;border-bottom-color:windowtext;border-bottom-width:1pt;padding:0cm 0cm 1pt\">\n<p class=\"MsoNormal\" style=\"border:none;padding:0cm\"><b><span style=\"font-size:12pt;color:black\">IVA para hospitales y cl\u00ednicas<\/span><\/b><\/p>\n<\/div>\n<p class=\"MsoNormal\" style=\"margin-left:14.2pt\"><b><span style=\"color:black\">&#8226;    El Economista <\/span><\/b><span style=\"color:black\">(02\/10\/2014) <a href=\"http:\/\/213.194.150.29\/datos\/tmp-001\/00016482\/20141002_EL_ECONOMISTA_P12_niea9059.pdf\">Las<br \/>\ncl\u00ednicas pagar\u00e1n 80 millones m\u00e1s de IVA<\/a> <\/span><\/p>\n<p class=\"MsoNormal\" style=\"margin-left:14.2pt\"><i><span style=\"color:black\">El impuesto sanitario al 21% entrar\u00e1 en vigor<br \/>\nel pr\u00f3ximo mes de enero y supondr\u00e1 un desembolso de 80 millones de euros para<br \/>\nhospitales y cl\u00ednicas privadas, seg\u00fan la estimaci\u00f3n del Instituto para el<br \/>\nDesarrollo e Integraci\u00f3n de la Sanidad.<\/span><\/i><\/p>\n<div style=\"border-style:none none solid;border-bottom-color:windowtext;border-bottom-width:1pt;padding:0cm 0cm 1pt\">\n<p class=\"MsoNormal\" style=\"border:none;padding:0cm\"><b><span style=\"font-size:12pt;color:black\">Presupuesto para la Agencia Tributaria<\/span><\/b><\/p>\n<\/div>\n<p class=\"MsoNormal\" style=\"margin-left:14.2pt\"><b><span style=\"color:black\">&#8226;    Cinco D\u00edas <\/span><\/b><span style=\"color:black\">(02\/10\/2014) <a href=\"http:\/\/213.194.150.29\/datos\/tmp-001\/00016482\/20141002_CINCO_DIAS_P30_nico4068.pdf\">M\u00e1s<br \/>\ndinero para luchar contra el fraude, pero menos plantilla<\/a> <\/span><\/p>\n<p class=\"MsoNormal\" style=\"margin-left:14.2pt\"><i><span style=\"color:black\">Noticia de media p\u00e1gina sobre el presupuesto<br \/>\ndedicado, desde los Presupuestos Generales del Estado, a la Agencia Tributaria,<br \/>\nque contar\u00e1 con 1.380 millones, un 5% m\u00e1s. Sin embargo, cuenta con casi 100<br \/>\npersonas menos que en 2013 para luchar contra la evasi\u00f3n fiscal.<\/span><\/i><\/p>\n<p class=\"MsoNormal\" style=\"background:rgb(217,217,217)\"><b><span style=\"font-size:14pt;color:black\">INMOBILIARIO<\/span><\/b><span style=\"font-size:14pt;color:black\"><\/span><\/p>\n<div style=\"border-style:none none solid;border-bottom-color:windowtext;border-bottom-width:1pt;padding:0cm 0cm 1pt\">\n<p class=\"MsoNormal\" style=\"border:none;padding:0cm\"><b><span style=\"font-size:12pt;color:black\">Precio de la vivienda<\/span><\/b><\/p>\n<\/div>\n<p class=\"MsoNormal\"><b><span style=\"color:black\">&#8226;    20 Minutos <\/span><\/b><span style=\"color:black\">(02\/10\/2014) <a href=\"http:\/\/213.194.150.29\/datos\/tmp-001\/00016482\/20141002_20_MINUTOS_P4_nico1383.pdf\">Baja<br \/>\nel precio de la vivienda de segunda mano<\/a> <\/span><\/p>\n<p class=\"MsoNormal\" style=\"margin-left:14.2pt\"><i><span style=\"color:black\">Breve informando de que la vivienda de<br \/>\nsegunda mano en Madrid registr\u00f3 en septiembre un descenso de un 2,95% frente al<br \/>\nmes de agosto.<\/span><\/i><\/p>\n<div style=\"border-style:none none solid;border-bottom-color:windowtext;border-bottom-width:1pt;padding:0cm 0cm 1pt\">\n<p class=\"MsoNormal\" style=\"border:none;padding:0cm\"><b><span style=\"font-size:12pt;color:black\">Inversi\u00f3n en construcci\u00f3n<\/span><\/b><\/p>\n<\/div>\n<p class=\"MsoNormal\" style=\"margin-left:14.2pt\"><b><span style=\"color:black\">&#8226;    Expansi\u00f3n <\/span><\/b><span style=\"color:black\">(02\/10\/2014) <a href=\"http:\/\/213.194.150.29\/datos\/tmp-001\/00016482\/20141002_EXPANSION_P13_hous2871.pdf\">Los<br \/>\ninversores se lanzan al mercado residencial<\/a> <\/span><\/p>\n<p class=\"MsoNormal\" style=\"margin-left:14.2pt\"><i><span style=\"color:black\">Seg\u00fan el nuevo director de residencial de<br \/>\nJJL, Dar\u00edo Fern\u00e1ndez, los fondos de inversi\u00f3n cuentan con 3.000 millones para<br \/>\ngastar en el mercado inmobiliario espa\u00f1ol antes de que acabe 2014. Fern\u00e1ndez<br \/>\nse\u00f1ala tambi\u00e9n que &#8216;la novedad de este verano es la b\u00fasqueda de suelo triple A<br \/>\nen Madrid, Barcelona y Costa del Sol por parte de fondos extranjeros para<br \/>\npromover con socios locales&#8217;.<\/span><\/i><\/p>\n<p class=\"MsoNormal\" style=\"margin-left:14.2pt\"><b><span style=\"color:black\">&#8226;    El Economista <\/span><\/b><span style=\"color:black\">(02\/10\/2014) <a href=\"http:\/\/213.194.150.29\/datos\/tmp-001\/00016482\/20141002_EL_ECONOMISTA_P44_nico4391.pdf\">Tras<br \/>\ndos a\u00f1os de par\u00e1lisis en la construcci\u00f3n vuelven las inversiones<\/a> <\/span><\/p>\n<p class=\"MsoNormal\" style=\"margin-left:14.2pt\"><i><span style=\"color:black\">Los visados de obra p\u00fablica crecieron en<br \/>\nagosto por primera vez desde 2011. Seg\u00fan Hacienda, los cr\u00e9ditos asignados a las<br \/>\npol\u00edticas de infraestructuras suponen un 12,6% m\u00e1s que hace un a\u00f1o, y el<br \/>\nGobierno conf\u00eda en que la inversi\u00f3n en construcci\u00f3n suba m\u00e1s de seis puntos en<br \/>\ntan s\u00f3lo doce meses.<\/span><\/i><\/p>\n<p class=\"MsoNormal\" style=\"margin-left:14.2pt\"><b><span style=\"color:black\">&#8226;    El Economista <\/span><\/b><span style=\"color:black\">(02\/10\/2014) <a href=\"http:\/\/213.194.150.29\/datos\/tmp-001\/00016482\/20141002_EL_ECONOMISTA_P8_niea3155.pdf\">Los<br \/>\nfondos tienen 3.000 millones para gastar en Espa\u00f1a<\/a> <\/span><\/p>\n<p class=\"MsoNormal\" style=\"margin-left:14.2pt\"><i><span style=\"color:black\">Seg\u00fan el nuevo director de residencial de<br \/>\nJJL, Dar\u00edo Fern\u00e1ndez, los fondos de inversi\u00f3n cuentan con 3.000 millones para<br \/>\ngastar en el mercado inmobiliario espa\u00f1ol antes de que acabe 2014. Fern\u00e1ndez<br \/>\nse\u00f1ala tambi\u00e9n que lo importante no es el incremento de los precios de la<br \/>\nvivienda, sino que aumento del n\u00famero de operaciones.<\/span><\/i><\/p>\n<div style=\"border-style:none none solid;border-bottom-color:windowtext;border-bottom-width:1pt;padding:0cm 0cm 1pt\">\n<p class=\"MsoNormal\" style=\"border:none;padding:0cm\"><b><span style=\"font-size:12pt;color:black\">Valor catastral<\/span><\/b><\/p>\n<\/div>\n<p class=\"MsoNormal\" style=\"margin-left:14.2pt\"><b><span style=\"color:black\">&#8226;    Expansi\u00f3n <\/span><\/b><span style=\"color:black\">(02\/10\/2014) <a href=\"http:\/\/213.194.150.29\/datos\/tmp-001\/00016482\/20141002_EXPANSION_P27_hous2642.pdf\">El<br \/>\nGobierno eleva el valor catastral de 7,4 millones de inmuebles<\/a> <\/span><\/p>\n<p class=\"MsoNormal\" style=\"margin-left:14.2pt\"><i><span style=\"color:black\">Noticia informando de que el Ministerio de<br \/>\nHacienda prev\u00e9 la aplicaci\u00f3n de coeficientes de actualizaci\u00f3n para aumentar el<br \/>\nvalor catastral en 7,4 millones de inmuebles, y reducirlo en 1,9 millones.<\/span><\/i><\/p>\n<p class=\"MsoNormal\" style=\"margin-left:14.2pt\"><b><span style=\"color:black\">&#8226;    La Opini\u00f3n de A Coru\u00f1a <\/span><\/b><span style=\"color:black\">(02\/10\/2014) <a href=\"http:\/\/213.194.150.29\/datos\/tmp-001\/00016482\/20141002_LA_OPINION_DE_LA_CORUNA_P22_nico2585.pdf\">Los<br \/>\n&#8216;catastrazos&#8217; disparan m\u00e1s del 50% los ingresos por IBI en la mitad de los<br \/>\nconcellos<\/a> <\/span><\/p>\n<p class=\"MsoNormal\" style=\"margin-left:14.2pt\"><i><span style=\"color:black\">El aumento de la recaudaci\u00f3n por la subida de<br \/>\ntipos y el rastreo de construcciones que no estaban dadas de alta, supera<br \/>\nincluso el 100% en 40 municipios gallegos. La recaudaci\u00f3n del IBI aument\u00f3 un<br \/>\n37,4% en A Coru\u00f1a, un 40,4% en Ferrol y un 41,9% en Compostela. <\/span><\/i><\/p>\n<div><\/div>\n<\/div>\n","protected":false},"excerpt":{"rendered":"<p>02-10-2014<\/p>\n","protected":false},"author":4,"featured_media":0,"comment_status":"closed","ping_status":"closed","sticky":false,"template":"","format":"standard","meta":{"footnotes":""},"categories":[6],"tags":[],"class_list":["post-844","post","type-post","status-publish","format-standard","hentry","category-resumendeprensa"],"_links":{"self":[{"href":"https:\/\/www.gestoresalicante.org\/blog\/index.php\/wp-json\/wp\/v2\/posts\/844","targetHints":{"allow":["GET"]}}],"collection":[{"href":"https:\/\/www.gestoresalicante.org\/blog\/index.php\/wp-json\/wp\/v2\/posts"}],"about":[{"href":"https:\/\/www.gestoresalicante.org\/blog\/index.php\/wp-json\/wp\/v2\/types\/post"}],"author":[{"embeddable":true,"href":"https:\/\/www.gestoresalicante.org\/blog\/index.php\/wp-json\/wp\/v2\/users\/4"}],"replies":[{"embeddable":true,"href":"https:\/\/www.gestoresalicante.org\/blog\/index.php\/wp-json\/wp\/v2\/comments?post=844"}],"version-history":[{"count":0,"href":"https:\/\/www.gestoresalicante.org\/blog\/index.php\/wp-json\/wp\/v2\/posts\/844\/revisions"}],"wp:attachment":[{"href":"https:\/\/www.gestoresalicante.org\/blog\/index.php\/wp-json\/wp\/v2\/media?parent=844"}],"wp:term":[{"taxonomy":"category","embeddable":true,"href":"https:\/\/www.gestoresalicante.org\/blog\/index.php\/wp-json\/wp\/v2\/categories?post=844"},{"taxonomy":"post_tag","embeddable":true,"href":"https:\/\/www.gestoresalicante.org\/blog\/index.php\/wp-json\/wp\/v2\/tags?post=844"}],"curies":[{"name":"wp","href":"https:\/\/api.w.org\/{rel}","templated":true}]}}