{"id":845,"date":"2014-10-03T09:00:00","date_gmt":"2014-10-03T08:00:00","guid":{"rendered":"http:\/\/www.gestoresalicante.org\/blog\/index.php\/2014\/10\/03\/resumen-de-prensa-03-10-2014\/"},"modified":"-0001-11-30T00:00:00","modified_gmt":"-0001-11-29T22:00:00","slug":"resumen-de-prensa-03-10-2014","status":"publish","type":"post","link":"https:\/\/www.gestoresalicante.org\/blog\/index.php\/2014\/10\/03\/resumen-de-prensa-03-10-2014\/","title":{"rendered":"Resumen de Prensa 03-10-2014"},"content":{"rendered":"<div class=\"nboletin\">\n<div style=\"background-color: #CCCCCC;padding: 4px 10px 4px 10px;width: 100%;border: 1px #414141 solid;\"><img decoding=\"async\" alt=\"Consejo de Gestores\" src=\"http:\/\/www.gestoresalicante.org\/img\/newsletter\/conges.jpg\" width=226 height=70><\/div>\n<div style=\"text-align: right;margin: 10px;\"><strong>03-10-2014<\/strong><\/div>\n<div margin-left: 10px;clear: both\">\n<p class=\"MsoNormal\" style=\"background:rgb(217,217,217)\"><b><span style=\"font-size:14pt;color:black\">COLEGIOS OFICIALES DE GESTORES<br \/>\nADMINISTRATIVOS<\/span><\/b><span style=\"font-size:14pt;color:black\"><\/span><\/p>\n<div style=\"border-style:none none solid;border-bottom-color:windowtext;border-bottom-width:1pt;padding:0cm 0cm 1pt\">\n<p class=\"MsoNormal\" style=\"border:none;padding:0cm\"><b><span style=\"font-size:12pt;color:black\">Colegio de Galicia<\/span><\/b><\/p>\n<\/div>\n<p class=\"MsoNormal\" style=\"margin-left:14.2pt\"><b><span style=\"color:black\">&#8226;    La Voz de Galicia <\/span><\/b><span style=\"color:black\">(03\/10\/2014) <a href=\"http:\/\/www.presscuttingservice.com\/Noticias\/20141003_LA_VOZ_DE_GALICIA-_P28_hous4351.pdf\">Hacienda<br \/>\ndeja a miles de gallegos emigrados sin las deducciones para pagar herencias<\/a><br \/>\n<\/span><\/p>\n<p class=\"MsoNormal\" style=\"margin-left:14.2pt;background-image:initial;background-repeat:initial\"><i><span style=\"color:black\">Noticia que<br \/>\nanaliza la situaci\u00f3n tras la sentencia del Tribunal de Justicia Europeo, que<br \/>\ncambia el impuesto de sucesiones, que dejar\u00eda a la mayor parte de los emigrados<br \/>\ngallegos sin deducciones. Se recoge parte del comunicado enviado por el Colegio<br \/>\nde Gestores Administrativos de Galicia.<\/span><\/i><\/p>\n<p class=\"MsoNormal\" style=\"background:rgb(217,217,217)\"><b><span style=\"font-size:14pt;color:black\">VEH\u00cdCULOS<\/span><\/b><span style=\"font-size:14pt;color:black\"><\/span><\/p>\n<div style=\"border-style:none none solid;border-bottom-color:windowtext;border-bottom-width:1pt;padding:0cm 0cm 1pt\">\n<p class=\"MsoNormal\" style=\"border:none;padding:0cm\"><b><span style=\"font-size:12pt;color:black\">Sal\u00f3n del Autom\u00f3vil de Par\u00eds<\/span><\/b><\/p>\n<\/div>\n<p class=\"MsoNormal\" style=\"margin-left:14.2pt\"><b><span style=\"color:black\">&#8226;    El Mundo <\/span><\/b><span style=\"color:black\">(03\/10\/2014) <a href=\"http:\/\/213.194.150.29\/datos\/tmp-001\/00016485\/20141003_EL_MUNDO-_P30_hous2717.pdf\">El<br \/>\nsector del autom\u00f3vil responde<\/a> <\/span><\/p>\n<p class=\"MsoNormal\" style=\"margin-left:14.2pt\"><i><span style=\"color:black\">Estos d\u00edas se ha celebrado en Par\u00eds el Sal\u00f3n<br \/>\ndel Autom\u00f3vil, en el que algunos fabricantes, como Volkswagen, han respondido a<br \/>\nlas cr\u00edticas vertidas \u00faltimamente contra el sector. En especial, han respondido<br \/>\nal comunicado de la OCDE, que criticaba el trato de favor con este sector y el<br \/>\nimpacto en el medio ambiente.<\/span><\/i><\/p>\n<p class=\"MsoNormal\" style=\"margin-left:14.2pt\"><b><span style=\"color:black\">&#8226;    Cinco D\u00edas <\/span><\/b><span style=\"color:black\">(03\/10\/2014) <a href=\"http:\/\/213.194.150.29\/datos\/tmp-001\/00016484\/20141003_CINCO_DIAS_P10..11_nico5459.pdf\">El<br \/>\nautom\u00f3vil europeo rueda lento hacia la recuperaci\u00f3n<\/a> <\/span><\/p>\n<p class=\"MsoNormal\" style=\"margin-left:14.2pt\"><i><span style=\"color:black\">Reportaje de dos p\u00e1ginas sobre el Sal\u00f3n del<br \/>\nAutom\u00f3vil de Par\u00eds, que recoge las principales conclusiones de esta cita. Los fabricantes<br \/>\nse han concentrado en reducir las emisiones de CO2 y esperan un crecimiento<br \/>\nanual del 3% durante los pr\u00f3ximos a\u00f1os. <\/span><\/i><\/p>\n<p class=\"MsoNormal\" style=\"margin-left:14.2pt\"><b><span style=\"color:black\">&#8226;    Expansi\u00f3n <\/span><\/b><span style=\"color:black\">(03\/10\/2014) <a href=\"http:\/\/213.194.150.29\/datos\/tmp-001\/00016485\/20141003_EXPANSION_P9..2_hous6344.pdf\">Seat<br \/>\nse apoya en el &#8216;Le\u00f3n&#8217; para volver a beneficios<\/a> <\/span><\/p>\n<p class=\"MsoNormal\" style=\"margin-left:14.2pt\"><i><span style=\"color:black\">Noticia que recoge la intervenci\u00f3n de Jurgen<br \/>\nStackmann, presidente de Seat, en el Sal\u00f3n del Autom\u00f3vil de Par\u00eds. Entre otras<br \/>\ncosas, Stackmann dijo que la confianza ha vuelto a Espa\u00f1a, un mercado que crece<br \/>\nal 11%, y que supone el segundo pa\u00eds para la compa\u00f1\u00eda. La noticia se acompa\u00f1a<br \/>\ncon un editorial (&#8216;Espa\u00f1a, motor del autom\u00f3vil&#8217;) en el diario.<\/span><\/i><\/p>\n<p class=\"MsoNormal\" style=\"background:rgb(217,217,217)\"><b><span style=\"font-size:14pt;color:black\">FISCAL<\/span><\/b><span style=\"font-size:14pt;color:black\"><\/span><\/p>\n<div style=\"border-style:none none solid;border-bottom-color:windowtext;border-bottom-width:1pt;padding:0cm 0cm 1pt\">\n<p class=\"MsoNormal\" style=\"border:none;padding:0cm\"><b><span style=\"font-size:12pt;color:black\">Reforma fiscal<\/span><\/b><\/p>\n<\/div>\n<p class=\"MsoNormal\" style=\"margin-left:14.2pt\"><b><span style=\"color:black\">&#8226;    Expansi\u00f3n <\/span><\/b><span style=\"color:black\">(03\/10\/2014) <a href=\"http:\/\/213.194.150.29\/datos\/tmp-001\/00016484\/20141003_EXPANSION_P30_hous4765.pdf\">Los<br \/>\nbufetes cuestionan la rebaja de la reforma fiscal<\/a> <\/span><\/p>\n<p class=\"MsoNormal\" style=\"margin-left:14.2pt\"><i><span style=\"color:black\">La Fundaci\u00f3n Impuestos y Competitividad, que<br \/>\nagrupa a los ocho grandes bufetes de la abogac\u00eda de los negocios en Espa\u00f1a,<br \/>\nduda del efecto de la rebaja de tipos de IRPF que propone la reforma fiscal, y<br \/>\ncree que son medidas insuficientes.<\/span><\/i><\/p>\n<p class=\"MsoNormal\" style=\"margin-left:14.2pt\"><b><span style=\"color:black\">&#8226;    Cinco D\u00edas <\/span><\/b><span style=\"color:black\">(03\/10\/2014) <a href=\"http:\/\/213.194.150.29\/datos\/tmp-001\/00016484\/20141003_CINCO_DIAS_P31_nico4819.pdf\">Los<br \/>\ndespachos recelan de la letra peque\u00f1a de la reforma fiscal<\/a> <\/span><\/p>\n<p class=\"MsoNormal\" style=\"margin-left:14.2pt\"><i><span style=\"color:black\">La Fundaci\u00f3n Impuestos y Competitividad<br \/>\nanaliz\u00f3 ayer la reforma fiscal del Gobierno y la calific\u00f3 de &#8216;medianamente<br \/>\npositiva&#8217;. La asociaci\u00f3n celebra la rebaja de tipos en el IRPF y el impuesto<br \/>\nsobre sociedades, aunque creen que estas medidas son insuficientes.<\/span><\/i><\/p>\n<p class=\"MsoNormal\" style=\"margin-left:14.2pt\"><b><span style=\"color:black\">&#8226;    El Economista <\/span><\/b><span style=\"color:black\">(03\/10\/2014) <a href=\"http:\/\/213.194.150.29\/datos\/tmp-001\/00016484\/20141003_EL_ECONOMISTA_P29_niea5481.pdf\">Los<br \/>\nexpertos ven demasiada interpretaci\u00f3n en la reforma<\/a> <\/span><\/p>\n<p class=\"MsoNormal\" style=\"margin-left:14.2pt\"><i><span style=\"color:black\">La Fundaci\u00f3n Impuestos y Competitividad<br \/>\nanaliz\u00f3 ayer la reforma fiscal del Gobierno y creen que puede hacer que se<br \/>\nincremente la conflictividad judicial frente a Hacienda ya que &#8216;hay aspectos<br \/>\nparciales de la reforma con un alto potencial de dificultad interpretativa&#8217;.<\/span><\/i><\/p>\n<div style=\"border-style:none none solid;border-bottom-color:windowtext;border-bottom-width:1pt;padding:0cm 0cm 1pt\">\n<p class=\"MsoNormal\" style=\"border:none;padding:0cm\"><b><span style=\"font-size:12pt;color:black\">Presupuestos Generales del Estado<\/span><\/b><\/p>\n<\/div>\n<p class=\"MsoNormal\" style=\"margin-left:14.2pt\"><b><span style=\"color:black\">&#8226;    Cinco D\u00edas <\/span><\/b><span style=\"color:black\">(03\/10\/2014) <a href=\"http:\/\/213.194.150.29\/datos\/tmp-001\/00016484\/20141003_CINCO_DIAS_P16_nico4169.pdf\">Impacto<br \/>\npresupuestario y reforma fiscal<\/a> <\/span><\/p>\n<p class=\"MsoNormal\" style=\"margin-left:14.2pt\"><i><span style=\"color:black\">Tribuna de opini\u00f3n de Ricardo G\u00f3mez-Acebo,<br \/>\nsocio de Deloitte abogados, sobre el proyecto de Ley de Presupuestos para 2015.<br \/>\nG\u00f3mez-Acebo cree que alcanzar los objetivos de recaudaci\u00f3n depender\u00e1 de si la<br \/>\nrecuperaci\u00f3n econ\u00f3mica contin\u00faa ganando fuerza.<\/span><\/i><\/p>\n<div style=\"border-style:none none solid;border-bottom-color:windowtext;border-bottom-width:1pt;padding:0cm 0cm 1pt\">\n<p class=\"MsoNormal\" style=\"border:none;padding:0cm\"><b><span style=\"font-size:12pt;color:black\">Comercio il\u00edcito<\/span><\/b><\/p>\n<\/div>\n<p class=\"MsoNormal\" style=\"margin-left:14.2pt\"><b><span style=\"color:black\">&#8226;    El Economista <\/span><\/b><span style=\"color:black\">(03\/10\/2014) <a href=\"http:\/\/213.194.150.29\/datos\/tmp-001\/00016484\/20141003_EL_ECONOMISTA_P4_niea3195.pdf\">Control<br \/>\nfiscal contra el comercio il\u00edcito<\/a> <\/span><\/p>\n<p class=\"MsoNormal\" style=\"margin-left:14.2pt\"><i><span style=\"color:black\">Opini\u00f3n de Andr\u00e9s Fern\u00e1ndez D\u00edaz, catedr\u00e1tico<br \/>\nde Econom\u00eda de la UCM, en la que reflexiona sobre los controles necesarios<br \/>\nsobre la proliferaci\u00f3n del comercio il\u00edcito, que perjudica la econom\u00eda en<br \/>\nsectores como la medicina, la alimentaci\u00f3n o el textil.<\/span><\/i><\/p>\n<div style=\"border-style:none none solid;border-bottom-color:windowtext;border-bottom-width:1pt;padding:0cm 0cm 1pt\">\n<p class=\"MsoNormal\" style=\"border:none;padding:0cm\"><b><span style=\"font-size:12pt;color:black\">Retribuci\u00f3n variable para funcionarios<\/span><\/b><\/p>\n<\/div>\n<p class=\"MsoNormal\" style=\"margin-left:14.2pt\"><b><span style=\"color:black\">&#8226;    Expansi\u00f3n <\/span><\/b><span style=\"color:black\">(03\/10\/2014) <a href=\"http:\/\/213.194.150.29\/datos\/tmp-001\/00016484\/20141003_EXPANSION_P28_hous6495.pdf\">Hacienda<br \/>\nabre la puerta al variable tras una &#8216;evaluaci\u00f3n del desempe\u00f1o&#8217;<\/a> <\/span><\/p>\n<p class=\"MsoNormal\" style=\"margin-left:14.2pt\"><i><span style=\"color:black\">El Ministerio de Hacienda quiere recuperar la<br \/>\npropuesta de aplicar una retribuci\u00f3n variable para empleados p\u00fablicos con el<br \/>\nEstatuto del Directivo mediante una evaluaci\u00f3n del desempe\u00f1o de los<br \/>\nfuncionarios.<\/span><\/i><\/p>\n<p class=\"MsoNormal\" style=\"background:rgb(217,217,217)\"><b><span style=\"font-size:14pt;color:black\">LABORAL<\/span><\/b><span style=\"font-size:14pt;color:black\"><\/span><\/p>\n<div style=\"border-style:none none solid;border-bottom-color:windowtext;border-bottom-width:1pt;padding:0cm 0cm 1pt\">\n<p class=\"MsoNormal\" style=\"border:none;padding:0cm\"><b><span style=\"font-size:12pt;color:black\">Datos del paro<\/span><\/b><\/p>\n<\/div>\n<p class=\"MsoNormal\" style=\"margin-left:14.2pt\"><b><span style=\"color:black\">&#8226;   El Pa\u00eds <\/span><\/b><span style=\"color:black\">(03\/10\/2014)<br \/>\n<a href=\"http:\/\/213.194.150.29\/datos\/tmp-001\/00016484\/20141003_EL_PAIS_P26_nico9442.pdf\">La<br \/>\neducaci\u00f3n y la vendimia sostienen el mercado laboral en septiembre<\/a><\/span><\/p>\n<p class=\"MsoNormal\" style=\"margin-left:14.2pt\"><i><span style=\"color:black\">El Ministerio de Empleo public\u00f3 ayer los<br \/>\ndatos relativos al paro y la afiliaci\u00f3n a la Seguridad Social, seg\u00fan los cuales<br \/>\nha sido el mejor mes de septiembre desde 2006. La afiliaci\u00f3n ha aumentado en<br \/>\n12.182 cotizantes, aunque el paro registrado ha crecido en 20.000 personas. <\/span><\/i><\/p>\n<p class=\"MsoNormal\" style=\"margin-left:14.2pt\"><b><span style=\"color:black\">&#8226;   El Mundo <\/span><\/b><span style=\"color:black\">(03\/10\/2014)<br \/>\n<a href=\"http:\/\/213.194.150.29\/datos\/tmp-001\/00016485\/20141003_EL_MUNDO-_P32_hous1449.pdf\">La<br \/>\nagricultura salva el empleo<\/a> <\/span><\/p>\n<p class=\"MsoNormal\" style=\"margin-left:14.2pt\"><i><span style=\"color:black\">De entre los datos presentados por el<br \/>\nMinisterio de Empleo, se deduce que la agricultura, con cerca de 40.000 nuevos<br \/>\nafiliados temporales ha conseguido salvar las cifras de trabajo en septiembre.<br \/>\nAl campo se ha sumado la contrataci\u00f3n alegal de casi 55.000 profesores en<br \/>\ncentros privados.<\/span><\/i><\/p>\n<p class=\"MsoNormal\" style=\"margin-left:14.2pt\"><b><span style=\"color:black\">&#8226;   ABC <\/span><\/b><span style=\"color:black\">(03\/10\/2014)<br \/>\n<a href=\"http:\/\/213.194.150.29\/datos\/tmp-001\/00016485\/20141003_ABC_P44_niea1042.pdf\">El<br \/>\nmejor septiembre desde 2006 sum\u00f3 12.182 nuevos empleos<\/a> <\/span><\/p>\n<p class=\"MsoNormal\" style=\"margin-left:14.2pt\"><i><span style=\"color:black\">El Ministerio de Empleo public\u00f3 ayer los<br \/>\ndatos relativos al paro y la afiliaci\u00f3n a la Seguridad Social, seg\u00fan los cuales<br \/>\nha sido el mejor mes de septiembre desde 2006. Tambi\u00e9n hay casi dos millones de<br \/>\nparados que no cobra prestaci\u00f3n.<\/span><\/i><\/p>\n<p class=\"MsoNormal\" style=\"margin-left:14.2pt\"><b><span style=\"color:black\">&#8226;   La Raz\u00f3n <\/span><\/b><span style=\"color:black\">(03\/10\/2014)<br \/>\n<a href=\"http:\/\/213.194.150.29\/datos\/tmp-001\/00016485\/20141003_LA_RAZON-_P28_hous4088.pdf\">Paro:<br \/>\nel mejor septiembre desde 2007<\/a> <\/span><\/p>\n<p class=\"MsoNormal\" style=\"margin-left:14.2pt\"><i><span style=\"color:black\">El diario analiza los datos relativos al paro<br \/>\ny la afiliaci\u00f3n a la Seguridad Social publicados ayer por el Ministerio de<br \/>\nEmpleo. Incluye tambi\u00e9n una opini\u00f3n de Iv\u00e1n Gayarre (&#8216;Mejora la afiliaci\u00f3n,<br \/>\nmejoramos todos&#8217;), socio de Sagardoy Abogados.<\/span><\/i><\/p>\n<p class=\"MsoNormal\" style=\"margin-left:14.2pt\"><b><span style=\"color:black\">&#8226;   La Vanguardia <\/span><\/b><span style=\"color:black\">(03\/10\/2014) <a href=\"http:\/\/213.194.150.29\/datos\/tmp-001\/00016485\/20141003_LA_VANGUARDIA_P64_niea4026.pdf\">El<br \/>\nparo sube por segundo mes consecutivo y crece en 19.000 personas<\/a> <\/span><\/p>\n<p class=\"MsoNormal\" style=\"margin-left:14.2pt\"><i><span style=\"color:black\">El Ministerio de Empleo public\u00f3 ayer los<br \/>\ndatos relativos al paro y la afiliaci\u00f3n a la Seguridad Social, seg\u00fan los cuales<br \/>\nha sido el mejor mes de septiembre desde 2006, aunque los sindicatos ven una<br \/>\nralentizaci\u00f3n.<\/span><\/i><\/p>\n<p class=\"MsoNormal\" style=\"margin-left:14.2pt\"><b><span style=\"color:black\">&#8226;   El Peri\u00f3dico de Catalunya <\/span><\/b><span style=\"color:black\">(03\/10\/2014) <a href=\"http:\/\/213.194.150.29\/datos\/tmp-001\/00016485\/20141003_EL_P_DE_CATALUNA_P24..25_niea4657.pdf\">Septiembre<br \/>\nconfirma que el paro se resiste a bajar<\/a> <\/span><\/p>\n<p class=\"MsoNormal\" style=\"margin-left:14.2pt\"><i><span style=\"color:black\">El desempleo crece en 19.720 personas, el<br \/>\nmenor aumento en 7 a\u00f1os, mientras que el inicio del curso escolar hace subir la<br \/>\nafiliaci\u00f3n a la Seguridad Social.<\/span><\/i><\/p>\n<p class=\"MsoNormal\" style=\"margin-left:14.2pt\"><b><span style=\"color:black\">&#8226;   Expansi\u00f3n <\/span><\/b><span style=\"color:black\">(03\/10\/2014) <a href=\"http:\/\/213.194.150.29\/datos\/tmp-001\/00016484\/20141003_EXPANSION_P29_hous4870.pdf\">Espa\u00f1a<br \/>\ncrea empleo en septiembre por primera vez desde el a\u00f1o 2006<\/a> <\/span><\/p>\n<p class=\"MsoNormal\" style=\"margin-left:14.2pt\"><i><span style=\"color:black\">El Ministerio de Empleo public\u00f3 ayer los<br \/>\ndatos relativos al paro y la afiliaci\u00f3n a la Seguridad Social, reflejando que este<br \/>\nseptiembre ha sido el mejor desde 2006, a pesar de que el paro ha aumentado en<br \/>\n19.700 personas. El desempleo ha bajado en un a\u00f1o en 277.000 trabajadores.<\/span><\/i><\/p>\n<p class=\"MsoNormal\" style=\"margin-left:14.2pt\"><b><span style=\"color:black\">&#8226;   Cinco D\u00edas <\/span><\/b><span style=\"color:black\">(03\/10\/2014) <a href=\"http:\/\/213.194.150.29\/datos\/tmp-001\/00016485\/20141003_CINCO_DIAS_P28..29_nico6349.pdf\">El<br \/>\nEmpleo crece por encima del 2% por primera vez desde 2007<\/a> <\/span><\/p>\n<p class=\"MsoNormal\" style=\"margin-left:14.2pt\"><i><span style=\"color:black\">El mercado laboral parece haber retomado la<br \/>\nrecuperaci\u00f3n en el mes de septiembre, seg\u00fan los datos presentados por el<br \/>\nMinisterio de Empleo. As\u00ed, 16,61 millones de personas cotizaban a la Seguridad<br \/>\nSocial en septiembre, el mejor dato de los \u00faltimos dos a\u00f1os. El diario analiza<br \/>\npormenorizadamente las cifras con una &#8216;radiograf\u00eda del mercado laboral&#8217;.<\/span><\/i><\/p>\n<p class=\"MsoNormal\" style=\"margin-left:14.2pt\"><b><span style=\"color:black\">&#8226;   Cinco D\u00edas <\/span><\/b><span style=\"color:black\">(03\/10\/2014) <a href=\"http:\/\/213.194.150.29\/datos\/tmp-001\/00016484\/20141003_CINCO_DIAS_P16_nico8126.pdf\">Un<br \/>\nmercado de trabajo que no se detiene<\/a> <\/span><\/p>\n<p class=\"MsoNormal\" style=\"margin-left:14.2pt\"><i><span style=\"color:black\">Editorial que analiza las cifras del paro y<br \/>\nafiliaci\u00f3n a la Seguridad Social presentadas ayer por el Ministerio de Empleo.<\/span><\/i><\/p>\n<p class=\"MsoNormal\" style=\"margin-left:14.2pt\"><b><span style=\"color:black\">&#8226;   El Economista <\/span><\/b><span style=\"color:black\">(03\/10\/2014) <a href=\"http:\/\/213.194.150.29\/datos\/tmp-001\/00016484\/20141003_EL_ECONOMISTA_P25_niea7321.pdf\">Septiembre<br \/>\nlogra ocupar a 12.182 personas, cifra r\u00e9cord desde 2006<\/a> <\/span><\/p>\n<p class=\"MsoNormal\" style=\"margin-left:14.2pt\"><i><span style=\"color:black\">El Ministerio de Empleo public\u00f3 ayer los<br \/>\ndatos relativos al paro y la afiliaci\u00f3n a la Seguridad Social, seg\u00fan los cuales<br \/>\nha sido el mejor mes de septiembre desde 2006. La afiliaci\u00f3n ha aumentado en<br \/>\n12.182 cotizantes, aunque el paro registrado ha crecido en 20.000 personas. <\/span><\/i><\/p>\n<p class=\"MsoNormal\" style=\"background:rgb(217,217,217)\"><b><span style=\"font-size:14pt;color:black\">FORMACI\u00d3N<\/span><\/b><span style=\"font-size:14pt;color:black\"><\/span><\/p>\n<div style=\"border-style:none none solid;border-bottom-color:windowtext;border-bottom-width:1pt;padding:0cm 0cm 1pt\">\n<p class=\"MsoNormal\" style=\"border:none;padding:0cm\"><b><span style=\"font-size:12pt;color:black\">Reforma del sistema educativo<\/span><\/b><\/p>\n<\/div>\n<p class=\"MsoNormal\" style=\"margin-left:14.2pt\"><b><span style=\"color:black\">&#8226;   El Economista <\/span><\/b><span style=\"color:black\">(03\/10\/2014) <a href=\"http:\/\/213.194.150.29\/datos\/tmp-001\/00016484\/20141003_EL_ECONOMISTA_P30..31_niea3033.pdf\">Un<br \/>\n&#8216;Plan Marshall&#8217; de formaci\u00f3n<\/a><\/span><\/p>\n<p class=\"MsoNormal\" style=\"margin-left:14.2pt\"><i><span style=\"color:black\">Cr\u00f3nica de dos p\u00e1ginas sobre el Observatorio<br \/>\nelEconomista-Escuela de Empresarios CEOE-CEPYME Formaci\u00f3n, en el que varios<br \/>\nexpertos debatieron sobre la necesidad de reformar el sistema educativo y de<br \/>\nformaci\u00f3n por considerarlos &#8216;ineficaces para el tejido empresarial de nuestro<br \/>\npa\u00eds, compuesto en un 99% por pymes&#8217;.<\/span><\/i><\/p>\n<\/div>\n","protected":false},"excerpt":{"rendered":"<p>03-10-2014<\/p>\n","protected":false},"author":4,"featured_media":0,"comment_status":"closed","ping_status":"closed","sticky":false,"template":"","format":"standard","meta":{"footnotes":""},"categories":[6],"tags":[],"class_list":["post-845","post","type-post","status-publish","format-standard","hentry","category-resumendeprensa"],"_links":{"self":[{"href":"https:\/\/www.gestoresalicante.org\/blog\/index.php\/wp-json\/wp\/v2\/posts\/845","targetHints":{"allow":["GET"]}}],"collection":[{"href":"https:\/\/www.gestoresalicante.org\/blog\/index.php\/wp-json\/wp\/v2\/posts"}],"about":[{"href":"https:\/\/www.gestoresalicante.org\/blog\/index.php\/wp-json\/wp\/v2\/types\/post"}],"author":[{"embeddable":true,"href":"https:\/\/www.gestoresalicante.org\/blog\/index.php\/wp-json\/wp\/v2\/users\/4"}],"replies":[{"embeddable":true,"href":"https:\/\/www.gestoresalicante.org\/blog\/index.php\/wp-json\/wp\/v2\/comments?post=845"}],"version-history":[{"count":0,"href":"https:\/\/www.gestoresalicante.org\/blog\/index.php\/wp-json\/wp\/v2\/posts\/845\/revisions"}],"wp:attachment":[{"href":"https:\/\/www.gestoresalicante.org\/blog\/index.php\/wp-json\/wp\/v2\/media?parent=845"}],"wp:term":[{"taxonomy":"category","embeddable":true,"href":"https:\/\/www.gestoresalicante.org\/blog\/index.php\/wp-json\/wp\/v2\/categories?post=845"},{"taxonomy":"post_tag","embeddable":true,"href":"https:\/\/www.gestoresalicante.org\/blog\/index.php\/wp-json\/wp\/v2\/tags?post=845"}],"curies":[{"name":"wp","href":"https:\/\/api.w.org\/{rel}","templated":true}]}}