{"id":853,"date":"2014-10-07T09:00:00","date_gmt":"2014-10-07T08:00:00","guid":{"rendered":"http:\/\/www.gestoresalicante.org\/blog\/index.php\/2014\/10\/07\/resumen-de-prensa-07-10-2014\/"},"modified":"-0001-11-30T00:00:00","modified_gmt":"-0001-11-29T22:00:00","slug":"resumen-de-prensa-07-10-2014","status":"publish","type":"post","link":"https:\/\/www.gestoresalicante.org\/blog\/index.php\/2014\/10\/07\/resumen-de-prensa-07-10-2014\/","title":{"rendered":"Resumen de Prensa 07-10-2014"},"content":{"rendered":"<div class=\"nboletin\">\n<div style=\"background-color: #CCCCCC;padding: 4px 10px 4px 10px;width: 100%;border: 1px #414141 solid;\"><img decoding=\"async\" alt=\"Consejo de Gestores\" src=\"http:\/\/www.gestoresalicante.org\/img\/newsletter\/conges.jpg\" width=226 height=70><\/div>\n<div style=\"text-align: right;margin: 10px;\"><strong>07-10-2014<\/strong><\/div>\n<div margin-left: 10px;clear: both\">\n<p class=\"MsoNormal\" style=\"background:rgb(217,217,217)\"><b><span style=\"font-size:14pt;color:black\">COLEGIOS OFICIALES DE GESTORES<br \/>\nADMINISTRATIVOS<\/span><\/b><span style=\"font-size:14pt;color:black\"><\/span><\/p>\n<div style=\"border-style:none none solid;border-bottom-color:windowtext;border-bottom-width:1pt;padding:0cm 0cm 1pt\">\n<p class=\"MsoNormal\" style=\"border:none;padding:0cm\"><b><span style=\"font-size:12pt;color:black\">Colegio de Toledo<\/span><\/b><\/p>\n<\/div>\n<p class=\"MsoNormal\" style=\"margin-left:14.2pt\"><b><span style=\"color:black\">&#8226;    El Economista <\/span><\/b><span style=\"color:black\">(03\/10\/2014) <a href=\"http:\/\/www.presscuttingservice.com\/Noticias\/20141003_ELECONOMISTA.ES_P23_prin2500.pdf\">Roman\u00ed<br \/>\nno aclara si su nombre se encuentra en las encuestas que maneja el PP para la<br \/>\nAlcald\u00eda de Toledo<\/a> <\/span><\/p>\n<p class=\"MsoNormal\" style=\"margin-left:14.2pt;background-image:initial;background-repeat:initial\"><i><span style=\"color:black\">Noticia que recoge<br \/>\nlas declaraciones del consejero de Hacienda de Castilla-La Mancha, Arturo<br \/>\nRoman\u00ed, sobre si ser\u00e1 el nuevo candidato a alcalde de Toledo. Estas palabras<br \/>\nlas pronunci\u00f3 en las jornadas &#8216;Modernizaci\u00f3n administrativa y administraci\u00f3n<br \/>\nelectr\u00f3nica&#8217; organizadas por el Colegio Oficial de Gestores Administrativos de<br \/>\nToledo.<br \/>\nTambi\u00e9n en: <a href=\"http:\/\/www.presscuttingservice.com\/Noticias\/20141003_LAVANGUARDIA.COM_P17_prin1413.pdf\">La<br \/>\nVanguardia<\/a>, <a href=\"http:\/\/www.presscuttingservice.com\/Noticias\/20141003_EUROPAPRESS_P16_prin1760.pdf\">Europa<br \/>\nPress<\/a>, <a href=\"http:\/\/213.194.150.29\/datos\/tmp-001\/00016490\/20141003_20MINUTOS.ES_P14_prin2333.pdf\">20<br \/>\nMinutos<\/a><\/span><\/i><\/p>\n<p class=\"MsoNormal\" style=\"margin-left:14.2pt\"><b><span style=\"color:black\">&#8226;    El Digital Actualidad <\/span><\/b><span style=\"color:black\">(04\/10\/2014) <a href=\"http:\/\/www.eldigitalcastillalamancha.es\/reconocimiento-de-honor-para-un-consejero-de-cospedal-169454.htm\">Reconocimiento<br \/>\nde honor para un consejero de Cospedal<\/a> <\/span><\/p>\n<p class=\"MsoNormal\" style=\"margin-left:14.2pt;background-image:initial;background-repeat:initial\"><i><span style=\"color:black\">El consejero de<br \/>\nHacienda de Castilla-La Mancha, Arturo Roman\u00ed, fue nombrado consejero de Honor<br \/>\npor el Colegio de Toledo durante la cena de San Cayetano celebrada el pasado<br \/>\nviernes.<\/span><\/i><\/p>\n<p class=\"MsoNormal\" style=\"margin-left:14.2pt\"><b><span style=\"color:black\">&#8226;    La Tribuna de Toledo <\/span><\/b><span style=\"color:black\">(04\/10\/2014) <a href=\"http:\/\/www.latribunadetoledo.es\/noticia\/Z640703C6-DCE9-713C-0C928157C290C2A8\/20141004\/administracion\/electronica\/regional\/supera\/herencia\/lamentable\">La<br \/>\nAdministraci\u00f3n Electr\u00f3nica regional supera su herencia &#8216;lamentable&#8217;<\/a> <\/span><\/p>\n<p class=\"MsoNormal\" style=\"margin-left:14.2pt;background-image:initial;background-repeat:initial\"><i><span style=\"color:black\">Noticia que recoge<br \/>\nlas conclusiones de la jornada sobre &#8216;Modernizaci\u00f3n administrativa y<br \/>\nadministraci\u00f3n electr\u00f3nica&#8217; organizada por el Colegio Oficial de Gestores<br \/>\nAdministrativos de Toledo. Incluye declaraciones de Jos\u00e9 Ram\u00f3n Jarones.<\/span><\/i><\/p>\n<p class=\"MsoNormal\" style=\"margin-left:14.2pt\"><b><span style=\"color:black\">&#8226;    Andaluc\u00eda de <a href=\"http:\/\/hoy.com\">hoy.com<\/a> <\/span><\/b><span style=\"color:black\">(06\/10\/2014) <a href=\"http:\/\/www.andaluciadehoy.com\/noticias\/nacional\/60991-romani-resalta-los-avances-del-gobierno-de-cospedal-en-la-implantacion-de-la-administracion-tributaria-electronica.html\">Roman\u00ed<br \/>\nresalta los avances del Gobierno de Cospedal en la implantaci\u00f3n de la<br \/>\nAdministraci\u00f3n tributaria electr\u00f3nica<\/a> <\/span><\/p>\n<p class=\"MsoNormal\" style=\"margin-left:14.2pt;background-image:initial;background-repeat:initial\"><i><span style=\"color:black\">Noticia que recoge<br \/>\nlas conclusiones de la jornada sobre &#8216;Modernizaci\u00f3n administrativa y<br \/>\nadministraci\u00f3n electr\u00f3nica&#8217; organizada por el Colegio Oficial de Gestores<br \/>\nAdministrativos de Toledo. <\/span><\/i><\/p>\n<p class=\"MsoNormal\" style=\"margin-left:14.2pt\"><b><span style=\"color:black\">&#8226;    El D\u00eda Digital.es <\/span><\/b><span style=\"color:black\">(04\/10\/2014) <a href=\"http:\/\/eldiadigital.es\/not\/114501\/el-colegio-oficial-de-gestores-administrativos-celebra-su-cena-de-hermandad-en-honor-a-san-cayetano-thienne\/\">El<br \/>\nColegio Oficial de Gestores Administrativos celebra su cena de Hermandad en<br \/>\nhonor a San Cayetano Thienne<\/a> <\/span><\/p>\n<p class=\"MsoNormal\" style=\"margin-left:14.2pt;background-image:initial;background-repeat:initial\"><i><span style=\"color:black\">Noticia sobre la<br \/>\ncelebraci\u00f3n de la fiesta en honor a San Cayetano organizada el pasado fin de<br \/>\nsemana por el Colegio de Gestores Administrativos de Toledo.<\/span><\/i><\/p>\n<p class=\"MsoNormal\" style=\"background:rgb(217,217,217)\"><b><span style=\"font-size:14pt;color:black\">VEH\u00cdCULOS<\/span><\/b><span style=\"font-size:14pt;color:black\"><\/span><\/p>\n<div style=\"border-style:none none solid;border-bottom-color:windowtext;border-bottom-width:1pt;padding:0cm 0cm 1pt\">\n<p class=\"MsoNormal\" style=\"border:none;padding:0cm\"><b><span style=\"font-size:12pt;color:black\">Declaraciones Acea<\/span><\/b><\/p>\n<\/div>\n<p class=\"MsoNormal\" style=\"margin-left:14.2pt\"><b><span style=\"color:black\">&#8226;    El Mundo <\/span><\/b><span style=\"color:black\">(07\/10\/2014) <a href=\"http:\/\/213.194.150.29\/datos\/tmp-001\/00016492\/20141007_EL_MUNDO-_P25_prin8328.pdf\">Acea<br \/>\npide normas m\u00e1s equilibradas para el sector<\/a> <\/span><\/p>\n<p class=\"MsoNormal\" style=\"margin-left:14.2pt\"><i><span style=\"color:black\">El presidente de la Asociaci\u00f3n de<br \/>\nConstructores Europeos de Autom\u00f3viles (Acea), Carlos Ghosn, ha solicitado un<br \/>\nmarco regulatorio m\u00e1s equilibrado en el mercado europeo, que permita al sector<br \/>\nmantener la competitividad y conservar unos costes asumibles.<\/span><\/i><\/p>\n<p class=\"MsoNormal\" style=\"background:rgb(217,217,217)\"><b><span style=\"font-size:14pt;color:black\">FISCAL<\/span><\/b><span style=\"font-size:14pt;color:black\"><\/span><\/p>\n<div style=\"border-style:none none solid;border-bottom-color:windowtext;border-bottom-width:1pt;padding:0cm 0cm 1pt\">\n<p class=\"MsoNormal\" style=\"border:none;padding:0cm\"><b><span style=\"font-size:12pt;color:black\">Impuestos<\/span><\/b><\/p>\n<\/div>\n<p class=\"MsoNormal\" style=\"margin-left:14.2pt\"><b><span style=\"color:black\">&#8226;    Cinco D\u00edas <\/span><\/b><span style=\"color:black\">(07\/10\/2014) <a href=\"http:\/\/213.194.150.29\/datos\/tmp-001\/00016492\/20141007_CINCO_DIAS_P30_nico3753.pdf\">Los<br \/>\nexpertos piden m\u00e1s bajadas de impuestos para luchar contra el fraude<\/a> <\/span><\/p>\n<p class=\"MsoNormal\" style=\"margin-left:14.2pt\"><i><span style=\"color:black\">Expertos del Instituto de Estudios<br \/>\nEcon\u00f3micos, ligado a la CEOE, reclaman suprimir impuestos como el de donaciones<br \/>\no el de patrimonio, as\u00ed como bajar los tramos del IRPF, para que las cuentas<br \/>\np\u00fablicas cuadren. Proponen, entre otras cosas, tres \u00fanicos tramos en el IRPF y<br \/>\nun marginal que no supere el 40%.<\/span><\/i><\/p>\n<p class=\"MsoNormal\" style=\"margin-left:14.2pt\"><b><span style=\"color:black\">&#8226;    El<br \/>\nEconomista <\/span><\/b><span style=\"color:black\">(07\/10\/2014) <a href=\"http:\/\/213.194.150.29\/datos\/tmp-001\/00016492\/20141007_EL_ECONOMISTA_P25_nico8200.pdf\">Espa\u00f1a<br \/>\ntiene por delante al menos otros dos a\u00f1os de reformas fiscales<\/a> <\/span><\/p>\n<p class=\"MsoNormal\" style=\"margin-left:14.2pt\"><i><span style=\"color:black\">Expertos del Instituto de Estudios<br \/>\nEcon\u00f3micos, ligado a la CEOE, consideran que los cambios tributarios ejecutados<br \/>\nen Espa\u00f1a son &#8216;s\u00f3lo el principio&#8217; y que al menos &#8216;nos esperan dos a\u00f1os m\u00e1s&#8217; de<br \/>\nreformas. Reclaman suprimir impuestos como el de donaciones o el de patrimonio<br \/>\ny simplificar las normas tributarias.<\/span><\/i><\/p>\n<div style=\"border-style:none none solid;border-bottom-color:windowtext;border-bottom-width:1pt;padding:0cm 0cm 1pt\">\n<p class=\"MsoNormal\" style=\"border:none;padding:0cm\"><b><span style=\"font-size:12pt;color:black\">Declaraciones de los auditores de cuentas<\/span><\/b><\/p>\n<\/div>\n<p class=\"MsoNormal\" style=\"margin-left:14.2pt\"><b><span style=\"color:black\">&#8226;    El Economista <\/span><\/b><span style=\"color:black\">(07\/10\/2014) <a href=\"http:\/\/213.194.150.29\/datos\/tmp-001\/00016492\/20141007_EL_ECONOMISTA_P30_niea7211.pdf\">Los<br \/>\nauditores reclaman poder seguir con la consultor\u00eda fiscal<\/a> <\/span><\/p>\n<p class=\"MsoNormal\" style=\"margin-left:14.2pt\"><i><span style=\"color:black\">Mario Alonso, presidente del Instituto de<br \/>\nCensores Jurados de Cuentas de Espa\u00f1a, pidi\u00f3 ayer poder seguir con la<br \/>\nconsultor\u00eda fiscal, ya que consideran que no han existido conflictos de inter\u00e9s<br \/>\nni sanciones para que proh\u00edba esta actividad en la futura Ley de Auditor\u00eda.<\/span><\/i><\/p>\n<div style=\"border-style:none none solid;border-bottom-color:windowtext;border-bottom-width:1pt;padding:0cm 0cm 1pt\">\n<p class=\"MsoNormal\" style=\"border:none;padding:0cm\"><b><span style=\"font-size:12pt;color:black\">Deuda tributaria<\/span><\/b><\/p>\n<\/div>\n<p class=\"MsoNormal\" style=\"margin-left:14.2pt\"><b><span style=\"color:black\">&#8226;    El Economista <\/span><\/b><span style=\"color:black\">(07\/10\/2014) <a href=\"http:\/\/213.194.150.29\/datos\/tmp-001\/00016492\/20141007_EL_ECONOMISTA_P24_nico9715.pdf\">Hacienda<br \/>\ns\u00f3lo cobra uno de cada seis euros de la deuda tributaria pendiente<\/a> <\/span><\/p>\n<p class=\"MsoNormal\" style=\"margin-left:14.2pt\"><i><span style=\"color:black\">Seg\u00fan el \u00faltimo informe de Gestha, el importe<br \/>\nacumulado sin recaudar supera los 51.000 millones y se incrementa a\u00f1o a a\u00f1o.<br \/>\nAdem\u00e1s, la AEAT pierde la mitad de las reclamaciones en los tribunales, donde<br \/>\nacumula 11.000 millones.<\/span><\/i><\/p>\n<div style=\"border-style:none none solid;border-bottom-color:windowtext;border-bottom-width:1pt;padding:0cm 0cm 1pt\">\n<p class=\"MsoNormal\" style=\"border:none;padding:0cm\"><b><span style=\"font-size:12pt;color:black\">C\u00e9ntimo sanitario<\/span><\/b><\/p>\n<\/div>\n<p class=\"MsoNormal\" style=\"margin-left:14.2pt\"><b><span style=\"color:black\">&#8226;    El Economista <\/span><\/b><span style=\"color:black\">(07\/10\/2014) <a href=\"http:\/\/213.194.150.29\/datos\/tmp-001\/00016492\/20141007_EL_ECONOMISTA_P15_nico4698.pdf\">Hacienda<br \/>\ndevolver\u00e1 s\u00f3lo &#8216;una parte&#8217; del c\u00e9ntimo sanitario<\/a> <\/span><\/p>\n<p class=\"MsoNormal\" style=\"margin-left:14.2pt\"><i><span style=\"color:black\">El Fisco devolver\u00e1 2.000 millones de euros<br \/>\nfrente a los 13.000 ingresados durante una d\u00e9cada. La Comisi\u00f3n Europa sostiene<br \/>\nque debe mantenerse el tipo m\u00ednimo, ya que lo contrario supondr\u00eda ir en contra<br \/>\nde la directiva comunitaria.<\/span><\/i><\/p>\n<p class=\"MsoNormal\" style=\"background:rgb(217,217,217)\"><b><span style=\"font-size:14pt;color:black\">LABORAL<\/span><\/b><span style=\"font-size:14pt;color:black\"><\/span><\/p>\n<div style=\"border-style:none none solid;border-bottom-color:windowtext;border-bottom-width:1pt;padding:0cm 0cm 1pt\">\n<p class=\"MsoNormal\" style=\"border:none;padding:0cm\"><b><span style=\"font-size:12pt;color:black\">Empleo juvenil<\/span><\/b><\/p>\n<\/div>\n<p class=\"MsoNormal\" style=\"margin-left:14.2pt\"><b><span style=\"color:black\">&#8226;   El Economista <\/span><\/b><span style=\"color:black\">(07\/10\/2014) <a href=\"http:\/\/213.194.150.29\/datos\/tmp-001\/00016492\/20141007_EL_ECONOMISTA_P26_nico3722.pdf\">Espa\u00f1a<br \/>\nes el tercer pa\u00eds donde cae m\u00e1s el paro, sin resolver el juvenil<\/a> <i><\/i><\/span><\/p>\n<p class=\"MsoNormal\" style=\"margin-left:14.2pt\"><i><span style=\"color:black\">Ayer se present\u00f3 el informe trimestral sobre<br \/>\nla situaci\u00f3n social y del empleo en la UE. En el caso de Espa\u00f1a, casi el 65% de<br \/>\nlos j\u00f3venes ten\u00edan un contrato temporal al cierre de 2013, la tercera tasa m\u00e1s<br \/>\nalta de la Uni\u00f3n Europea. <\/span><\/i><\/p>\n<p class=\"MsoNormal\" style=\"margin-left:14.2pt\"><b><span style=\"color:black\">&#8226;   20 Minutos <\/span><\/b><span style=\"color:black\">(07\/10\/2014) <a href=\"http:\/\/213.194.150.29\/datos\/tmp-001\/00016492\/20141007_20_MINUTOS_P13_nico3779.pdf\">Los<br \/>\nj\u00f3venes, el colectivo de la incertidumbre<\/a> <i><\/i><\/span><\/p>\n<p class=\"MsoNormal\" style=\"margin-left:14.2pt\"><i><span style=\"color:black\">Casi el 65% de los j\u00f3venes espa\u00f1oles ten\u00edan<br \/>\nun contrato temporal al cierre de 2013, la tercera tasa m\u00e1s alta de la Uni\u00f3n<br \/>\nEuropea. Desde 2010, la temporalidad entre este colectivo ha crecido 6 puntos<br \/>\nporcentuales.<\/span><\/i><\/p>\n<div style=\"border-style:none none solid;border-bottom-color:windowtext;border-bottom-width:1pt;padding:0cm 0cm 1pt\">\n<p class=\"MsoNormal\" style=\"border:none;padding:0cm\"><b><span style=\"font-size:12pt;color:black\">Subvenciones para aut\u00f3nomos<\/span><\/b><\/p>\n<\/div>\n<p class=\"MsoNormal\" style=\"margin-left:14.2pt\"><b><span style=\"color:black\">&#8226;   Expansi\u00f3n <\/span><\/b><span style=\"color:black\">(07\/10\/2014) <a href=\"http:\/\/213.194.150.29\/datos\/tmp-001\/00016492\/20141007_EXPANSION_P27_niea3260.pdf\">Los<br \/>\naut\u00f3nomos madrile\u00f1os recibir\u00e1n 2.500 euros para iniciar su actividad<\/a> <\/span><\/p>\n<p class=\"MsoNormal\" style=\"margin-left:14.2pt\"><i><span style=\"color:black\">La Comunidad de Madrid public\u00f3 ayer en el<br \/>\nBOCAM un nuevo paquete de ayudas para los aut\u00f3nomos, a los que se han dedicado<br \/>\ncerca de 16 millones de euros durante los pr\u00f3ximos dos a\u00f1os. Las nuevas<br \/>\nsubvenciones pueden solicitarse desde hoy e incluyen, entre otras cosas, una<br \/>\nayuda de 5.500 euros por contratar un parado.<\/span><\/i><\/p>\n<p class=\"MsoNormal\" style=\"margin-left:14.2pt\"><b><span style=\"color:black\">&#8226;   Cinco D\u00edas <\/span><\/b><span style=\"color:black\">(07\/10\/2014) <a href=\"http:\/\/213.194.150.29\/datos\/tmp-001\/00016492\/20141007_CINCO_DIAS_P31_nico8948.pdf\">Madrid<br \/>\npagar\u00e1 2.500 euros a unos 3.000 nuevos aut\u00f3nomos<\/a> <\/span><\/p>\n<p class=\"MsoNormal\" style=\"margin-left:14.2pt\"><i><span style=\"color:black\">La Comunidad de Madrid public\u00f3 ayer en el<br \/>\nBOCAM un nuevo paquete de ayudas para los aut\u00f3nomos, a los que se han dedicado<br \/>\ncerca de 16 millones de euros durante los pr\u00f3ximos dos a\u00f1os. Las nuevas<br \/>\nsubvenciones pueden solicitarse desde hoy.<\/span><\/i><\/p>\n<p class=\"MsoNormal\" style=\"background:rgb(217,217,217)\"><b><span style=\"font-size:14pt;color:black\">INMOBILIARIO<\/span><\/b><span style=\"font-size:14pt;color:black\"><\/span><\/p>\n<div style=\"border-style:none none solid;border-bottom-color:windowtext;border-bottom-width:1pt;padding:0cm 0cm 1pt\">\n<p class=\"MsoNormal\" style=\"border:none;padding:0cm\"><b><span style=\"font-size:12pt;color:black\">Eur\u00edbor<\/span><\/b><\/p>\n<\/div>\n<p class=\"MsoNormal\" style=\"margin-left:14.2pt\"><b><span style=\"color:black\">&#8226;   Cinco D\u00edas <\/span><\/b><span style=\"color:black\">(07\/10\/2014) <a href=\"http:\/\/213.194.150.29\/datos\/tmp-001\/00016492\/20141007_CINCO_DIAS_P21_nico4043.pdf\">El<br \/>\neur\u00edbor enfila el 0% para el final de a\u00f1o<\/a> <\/span><\/p>\n<p class=\"MsoNormal\" style=\"margin-left:14.2pt\"><i><span style=\"color:black\">El inesperado recorte de los tipos de inter\u00e9s<br \/>\nal 0% en septiembre ha supuesto un nuevo horizonte para el eur\u00edbor, que ha<br \/>\nemprendido una tendencia bajista que podr\u00eda llevarle a situarse en el cero a<br \/>\nfinales de este a\u00f1o.<\/span><\/i><\/p>\n<p class=\"MsoNormal\" style=\"background:rgb(217,217,217)\"><b><span style=\"font-size:14pt;color:black\">E-ADMINISTRACI\u00d3N<\/span><\/b><span style=\"font-size:14pt;color:black\"><\/span><\/p>\n<div style=\"border-style:none none solid;border-bottom-color:windowtext;border-bottom-width:1pt;padding:0cm 0cm 1pt\">\n<p class=\"MsoNormal\" style=\"border:none;padding:0cm\"><b><span style=\"font-size:12pt;color:black\">Ventanilla \u00danica del IVA<\/span><\/b><\/p>\n<\/div>\n<p class=\"MsoNormal\" style=\"margin-left:14.2pt\"><b><span style=\"color:black\">&#8226;   Expansi\u00f3n <\/span><\/b><span style=\"color:black\">(07\/10\/2014) <a href=\"http:\/\/213.194.150.29\/datos\/tmp-001\/00016492\/20141007_EXPANSION_P28_nico1883.pdf\">La<br \/>\nAgencia Tributaria compite en la UE por la Ventanilla \u00danica del IVA<\/a> <\/span><\/p>\n<p class=\"MsoNormal\" style=\"margin-left:14.2pt\"><i><span style=\"color:black\">La AEAT lanz\u00f3 el mi\u00e9rcoles la Ventanilla<br \/>\n\u00danica del IVA para empresas de telecomunicaciones, radiotelevisi\u00f3n y servicios<br \/>\nelectr\u00f3nicos para particulares. Este nuevo sistema permite a los operados<br \/>\npresentar las declaraciones e ingresar el IVA en cada uno de los Estados<br \/>\nmiembros donde residan los consumidores de sus servicios, lo que facilita que<br \/>\nla Agencia Tributaria entre en la competici\u00f3n para atraer empresas de estos<br \/>\nsectores a Espa\u00f1a.<\/span><\/i><\/p>\n<div><\/div>\n<\/div>\n","protected":false},"excerpt":{"rendered":"<p>07-10-2014<\/p>\n","protected":false},"author":4,"featured_media":0,"comment_status":"closed","ping_status":"closed","sticky":false,"template":"","format":"standard","meta":{"footnotes":""},"categories":[6],"tags":[],"class_list":["post-853","post","type-post","status-publish","format-standard","hentry","category-resumendeprensa"],"_links":{"self":[{"href":"https:\/\/www.gestoresalicante.org\/blog\/index.php\/wp-json\/wp\/v2\/posts\/853","targetHints":{"allow":["GET"]}}],"collection":[{"href":"https:\/\/www.gestoresalicante.org\/blog\/index.php\/wp-json\/wp\/v2\/posts"}],"about":[{"href":"https:\/\/www.gestoresalicante.org\/blog\/index.php\/wp-json\/wp\/v2\/types\/post"}],"author":[{"embeddable":true,"href":"https:\/\/www.gestoresalicante.org\/blog\/index.php\/wp-json\/wp\/v2\/users\/4"}],"replies":[{"embeddable":true,"href":"https:\/\/www.gestoresalicante.org\/blog\/index.php\/wp-json\/wp\/v2\/comments?post=853"}],"version-history":[{"count":0,"href":"https:\/\/www.gestoresalicante.org\/blog\/index.php\/wp-json\/wp\/v2\/posts\/853\/revisions"}],"wp:attachment":[{"href":"https:\/\/www.gestoresalicante.org\/blog\/index.php\/wp-json\/wp\/v2\/media?parent=853"}],"wp:term":[{"taxonomy":"category","embeddable":true,"href":"https:\/\/www.gestoresalicante.org\/blog\/index.php\/wp-json\/wp\/v2\/categories?post=853"},{"taxonomy":"post_tag","embeddable":true,"href":"https:\/\/www.gestoresalicante.org\/blog\/index.php\/wp-json\/wp\/v2\/tags?post=853"}],"curies":[{"name":"wp","href":"https:\/\/api.w.org\/{rel}","templated":true}]}}