{"id":859,"date":"2014-10-13T09:00:00","date_gmt":"2014-10-13T08:00:00","guid":{"rendered":"http:\/\/www.gestoresalicante.org\/blog\/index.php\/2014\/10\/13\/resumen-de-prensa-13-10-2014\/"},"modified":"-0001-11-30T00:00:00","modified_gmt":"-0001-11-29T22:00:00","slug":"resumen-de-prensa-13-10-2014","status":"publish","type":"post","link":"https:\/\/www.gestoresalicante.org\/blog\/index.php\/2014\/10\/13\/resumen-de-prensa-13-10-2014\/","title":{"rendered":"Resumen de Prensa 13-10-2014"},"content":{"rendered":"<div class=\"nboletin\">\n<div style=\"background-color: #CCCCCC;padding: 4px 10px 4px 10px;width: 100%;border: 1px #414141 solid;\"><img decoding=\"async\" alt=\"Consejo de Gestores\" src=\"http:\/\/www.gestoresalicante.org\/img\/newsletter\/conges.jpg\" width=226 height=70><\/div>\n<div style=\"text-align: right;margin: 10px;\"><strong>13-10-2014<\/strong><\/div>\n<div margin-left: 10px;clear: both\">\n<p class=\"MsoNormal\" style=\"background:rgb(217,217,217)\"><b><span style=\"font-size:14pt;color:black\">COLEGIOS OFICIALES DE GESTORES<br \/>\nADMINISTRATIVOS<\/span><\/b><span style=\"font-size:14pt;color:black\"><\/span><\/p>\n<div style=\"border-style:none none solid;border-bottom-color:windowtext;border-bottom-width:1pt;padding:0cm 0cm 1pt\">\n<p class=\"MsoNormal\" style=\"border:none;padding:0cm\"><b><span style=\"font-family:Arial;color:black\"> <\/span><\/b><b><span style=\"font-size:12pt;color:black\">Colegio de Galicia<\/span><\/b><\/p>\n<\/div>\n<p class=\"MsoNormal\" style=\"margin-left:14.2pt\"><b><span style=\"color:black\">&#8226;    Diario de Pontevedra <\/span><\/b><span style=\"color:black\">(10\/10\/2014) <a href=\"http:\/\/diariodepontevedra.galiciae.com\/nova\/364738.html\">Pontevedra<br \/>\nemprende a ritmo de 3.0 con la Asociaci\u00f3n de J\u00f3venes Empresarios<\/a> <\/span><\/p>\n<p class=\"MsoNormal\" style=\"margin-left:14.2pt;background-image:initial;background-repeat:initial\"><i><span style=\"color:black\">Luc\u00eda Pedroso,<br \/>\npresidenta de la Asociaci\u00f3n de J\u00f3venes Empresarios de Pontevedra, ha firmado un<br \/>\nacuerdo con el Colegio de Gestores Administrativos de Galicia para poner en<br \/>\nmarcha la plataforma Gestaje, a trav\u00e9s de la cual, el gestor ofrecer\u00e1 3<br \/>\ngestiones gratuitas al empresario. Incluye declaraciones de Jos\u00e9 Ram\u00f3n Carril.<\/span><\/i><\/p>\n<p class=\"MsoNormal\" style=\"margin-left:14.2pt\"><b><span style=\"color:black\">&#8226;    La Voz de Pontevedra <\/span><\/b><span style=\"color:black\">(10\/10\/2014) <a href=\"http:\/\/www.lavozdegalicia.es\/noticia\/pontevedra\/2014\/10\/11\/aje-pone-marcha-emprende-30-plan-pionero-ayuda-integral-emprendedor\/0003_201410P11C3992.htm\">AJE<br \/>\npone en marcha Emprende 3.0 un plan pionero de ayuda integral al emprendedor<\/a><br \/>\n<\/span><\/p>\n<p class=\"MsoNormal\" style=\"margin-left:14.2pt;background-image:initial;background-repeat:initial\"><i><span style=\"color:black\">Luc\u00eda Pedroso,<br \/>\npresidenta de la Asociaci\u00f3n de J\u00f3venes Empresarios de Pontevedra, ha firmado un<br \/>\nacuerdo con el Colegio de Gestores Administrativos de Galicia para poner en<br \/>\nmarcha la plataforma Gestaje, a trav\u00e9s de la cual, el gestor ofrecer\u00e1 3<br \/>\ngestiones gratuitas al empresario. Incluye declaraciones de Jos\u00e9 Ram\u00f3n Carril.<\/span><\/i><\/p>\n<p class=\"MsoNormal\" style=\"background:rgb(217,217,217)\"><b><span style=\"font-size:14pt;color:black\">FISCAL<\/span><\/b><span style=\"font-size:14pt;color:black\"><\/span><\/p>\n<div style=\"border-style:none none solid;border-bottom-color:windowtext;border-bottom-width:1pt;padding:0cm 0cm 1pt\">\n<p class=\"MsoNormal\" style=\"border:none;padding:0cm\"><b><span style=\"font-size:12pt;color:black\">Plan General de Contabilidad<\/span><\/b><\/p>\n<\/div>\n<p class=\"MsoNormal\" style=\"margin-left:14.2pt\"><b><span style=\"color:black\">&#8226;    Cinco D\u00edas <\/span><\/b><span style=\"color:black\">(13\/10\/2014) <a href=\"http:\/\/213.194.150.29\/datos\/tmp-001\/00016503\/20141013_CINCO_DIAS_P12_nico7591.pdf\">La<br \/>\ndelgada l\u00ednea entra la creatividad y la irregularidad<\/a> <\/span><\/p>\n<p class=\"MsoNormal\" style=\"margin-left:14.2pt\"><i><span style=\"color:black\">Noticia sobre los procesos contables en las<br \/>\nempresas y su regulaci\u00f3n por parte del Plan General de Contabilidad. Se<br \/>\nincluyen declaraciones del Consejo General de Economistas.<\/span><\/i><\/p>\n<div style=\"border-style:none none solid;border-bottom-color:windowtext;border-bottom-width:1pt;padding:0cm 0cm 1pt\">\n<p class=\"MsoNormal\" style=\"border:none;padding:0cm\"><b><span style=\"font-size:12pt;color:black\">Impuesto para grandes superficies<\/span><\/b><\/p>\n<\/div>\n<p class=\"MsoNormal\" style=\"margin-left:14.2pt\"><b><span style=\"color:black\">&#8226;    Cinco D\u00edas <\/span><\/b><span style=\"color:black\">(13\/10\/2014) <a href=\"http:\/\/213.194.150.29\/datos\/tmp-001\/00016504\/20141013_CINCO_DIAS_P28_nico4923.pdf\">Las<br \/>\nautonom\u00edas perder\u00e1n 250 millones si la UE anula el tributo a grandes<br \/>\nsuperficies<\/a> <\/span><\/p>\n<p class=\"MsoNormal\" style=\"margin-left:14.2pt\"><i><span style=\"color:black\">El posible veto comunitario al tributo que<br \/>\ngrava a este tipo de comercios podr\u00eda dificultar la rebaja del d\u00e9ficit prevista<br \/>\npara 2015 y que las seis autonom\u00edas que lo aplican pierdan 250 millones de<br \/>\ningresos.<\/span><\/i><\/p>\n<div style=\"border-style:none none solid;border-bottom-color:windowtext;border-bottom-width:1pt;padding:0cm 0cm 1pt\">\n<p class=\"MsoNormal\" style=\"border:none;padding:0cm\"><b><span style=\"font-size:12pt;color:black\">Entrevista con Herv\u00e9 Falciani<\/span><\/b><\/p>\n<\/div>\n<p class=\"MsoNormal\" style=\"margin-left:14.2pt\"><b><span style=\"color:black\">&#8226;    Expansi\u00f3n <\/span><\/b><span style=\"color:black\">(13\/10\/2014) <a href=\"http:\/\/213.194.150.29\/datos\/tmp-001\/00016503\/20141013_EXPANSION_P28_hous5344.pdf\">&#8216;Los<br \/>\nEstados gastan 50 veces menos contra el fraude que la banca suiza en<br \/>\nincentivarlo&#8217;<\/a> <\/span><\/p>\n<p class=\"MsoNormal\" style=\"margin-left:14.2pt\"><i><span style=\"color:black\">Entrevista con el exempleado de HSBC Suiza<br \/>\nque sustrajo datos de 135.000 evasores fiscales. Dice, entre otras cosas, que<br \/>\nempresas como Apple manejan a los Gobiernos para mantener leyes que les<br \/>\npermiten no pagar impuestos, y habla tambi\u00e9n de la herencia del padre de Pujol.<\/span><\/i><\/p>\n<p class=\"MsoNormal\" style=\"background:rgb(217,217,217)\"><b><span style=\"font-size:14pt;color:black\">LABORAL<\/span><\/b><span style=\"font-size:14pt;color:black\"><\/span><\/p>\n<div style=\"border-style:none none solid;border-bottom-color:windowtext;border-bottom-width:1pt;padding:0cm 0cm 1pt\">\n<p class=\"MsoNormal\" style=\"border:none;padding:0cm\"><b><span style=\"font-size:12pt;color:black\">Empleo p\u00fablico<\/span><\/b><\/p>\n<\/div>\n<p class=\"MsoNormal\" style=\"margin-left:14.2pt\"><b><span style=\"color:black\">&#8226;   20 Minutos <\/span><\/b><span style=\"color:black\">(13\/10\/2014) <a href=\"http:\/\/213.194.150.29\/datos\/tmp-001\/00016504\/20141013_20_MINUTOS_P10_nico3701.pdf\">Polic\u00eda<br \/>\ny Guardia Civil pierden desde 2011 6.700 funcionarios<\/a> <i><\/i><\/span><\/p>\n<p class=\"MsoNormal\" style=\"margin-left:14.2pt\"><i><span style=\"color:black\">Los recortes en las plantillas del sector<br \/>\np\u00fablico han llevado a la p\u00e9rdida de 6.700 agentes de Polic\u00eda y Guardia Civil,<br \/>\nque prev\u00e9n perder otros 5.600 empleados en 2015. El censo interno refleja<br \/>\nadem\u00e1s un d\u00e9ficit de 13.400 agentes.<\/span><\/i><\/p>\n<div style=\"border-style:none none solid;border-bottom-color:windowtext;border-bottom-width:1pt;padding:0cm 0cm 1pt\">\n<p class=\"MsoNormal\" style=\"border:none;padding:0cm\"><b><span style=\"font-size:12pt;color:black\">Compliance Officer<\/span><\/b><\/p>\n<\/div>\n<p class=\"MsoNormal\" style=\"margin-left:14.2pt\"><b><span style=\"color:black\">&#8226;   Cinco D\u00edas <\/span><\/b><span style=\"color:black\">(13\/10\/2014) <a href=\"http:\/\/213.194.150.29\/datos\/tmp-001\/00016503\/20141013_CINCO_DIAS_P14..15_nico9633.pdf\">El<br \/>\n&#8216;compliance&#8217;, un nuevo marco para las empresas<\/a> <\/span><\/p>\n<p class=\"MsoNormal\" style=\"margin-left:14.2pt\"><i><span style=\"color:black\">Reportaje de dos p\u00e1ginas sobre la nueva<br \/>\nfigura del director de cumplimiento normativo, o &#8216;compliance officer&#8217;, que<br \/>\nasesora a las empresas para que no infrinjan la ley ni la \u00e9tica de la compa\u00f1\u00eda,<br \/>\ny    que cada vez est\u00e1 m\u00e1s extendido en<br \/>\nEspa\u00f1a. <\/span><\/i><\/p>\n<div style=\"border-style:none none solid;border-bottom-color:windowtext;border-bottom-width:1pt;padding:0cm 0cm 1pt\">\n<p class=\"MsoNormal\" style=\"border:none;padding:0cm\"><b><span style=\"font-size:12pt;color:black\">Infracciones en desempleo<\/span><\/b><\/p>\n<\/div>\n<p class=\"MsoNormal\" style=\"margin-left:14.2pt\"><b><span style=\"color:black\">&#8226;   Expansi\u00f3n <\/span><\/b><span style=\"color:black\">(13\/10\/2014) <a href=\"http:\/\/213.194.150.29\/datos\/tmp-001\/00016503\/20141013_EXPANSION_P24..2_hous6687.pdf\">Empleo<br \/>\ndar\u00e1 de baja por fraude a 400.000 demandantes de prestaci\u00f3n<\/a> <\/span><\/p>\n<p class=\"MsoNormal\" style=\"margin-left:14.2pt\"><i><span style=\"color:black\">El Gobierno espera ahorrar 2.100 millones de<br \/>\neuros el pr\u00f3ximo a\u00f1o por combatir las infracciones en el desempleo. As\u00ed, el<br \/>\nministerio de Empleo se ha propuesto para 2015 dar de baja por fraude a 400.000<br \/>\ndemandantes de prestaciones. Sobre este tema, el diario publica el editorial<br \/>\n&#8216;Al acecho del fraude en las ayudas a parados&#8217;.<\/span><\/i><\/p>\n<div style=\"border-style:none none solid;border-bottom-color:windowtext;border-bottom-width:1pt;padding:0cm 0cm 1pt\">\n<p class=\"MsoNormal\" style=\"border:none;padding:0cm\"><b><span style=\"font-size:12pt;color:black\">Restricci\u00f3n salarial<\/span><\/b><\/p>\n<\/div>\n<p class=\"MsoNormal\" style=\"margin-left:14.2pt\"><b><span style=\"color:black\">&#8226;   Expansi\u00f3n <\/span><\/b><span style=\"color:black\">(13\/10\/2014) <a href=\"http:\/\/213.194.150.29\/datos\/tmp-001\/00016503\/20141013_EXPANSION_P28_hous1929.pdf\">Tiempos<br \/>\nde restricciones salariales<\/a> <\/span><\/p>\n<p class=\"MsoNormal\" style=\"margin-left:14.2pt\"><i><span style=\"color:black\">Tribuna de Miguel Valverde sobre la<br \/>\nrestricci\u00f3n salarial. Valverde defiende que el Gobierno no puede intervenir en<br \/>\nlos convenios y que se debe aplicar un acuerdo que garantice un incremento muy<br \/>\nmoderado de los sueldos con el fin de no incurrir en la precariedad salarial.<\/span><\/i><\/p>\n<div style=\"border-style:none none solid;border-bottom-color:windowtext;border-bottom-width:1pt;padding:0cm 0cm 1pt\">\n<p class=\"MsoNormal\" style=\"border:none;padding:0cm\"><b><span style=\"font-size:12pt;color:black\">Informe Tebex<\/span><\/b><\/p>\n<\/div>\n<p class=\"MsoNormal\" style=\"margin-left:14.2pt\"><b><span style=\"color:black\">&#8226;   ABC \/ Empresa <\/span><\/b><span style=\"color:black\">(12\/10\/2014) <a href=\"http:\/\/213.194.150.29\/datos\/tmp-001\/00016503\/20141012_ABC_EMPRESA_P10_prin7082.pdf\">Absentismo<br \/>\nlaboral: volvemos a las andadas<\/a> <\/span><\/p>\n<p class=\"MsoNormal\" style=\"margin-left:14.2pt\"><i><span style=\"color:black\">Seg\u00fan el informe de la firma Tebex, l\u00edder en<br \/>\nEspa\u00f1a en gesti\u00f3n y control del absentismo laboral, las bajas laborales han<br \/>\nrepuntado en el primer semestre de 2014. En concreto, el absentismo creci\u00f3 un<br \/>\n8,99% con respecto a 2013.<\/span><\/i><\/p>\n<div style=\"border-style:none none solid;border-bottom-color:windowtext;border-bottom-width:1pt;padding:0cm 0cm 1pt\">\n<p class=\"MsoNormal\" style=\"border:none;padding:0cm\"><b><span style=\"font-size:12pt;color:black\">Aut\u00f3nomos<\/span><\/b><\/p>\n<\/div>\n<p class=\"MsoNormal\" style=\"margin-left:14.2pt\"><b><span style=\"color:black\">&#8226;   La Raz\u00f3n \/ Tu Econom\u00eda <\/span><\/b><span style=\"color:black\">(12\/10\/2014) <a href=\"http:\/\/213.194.150.29\/datos\/tmp-001\/00016503\/20141012_LA_RAZON_TU_ECONOMIA_P8..9_prin2548.pdf\">Los<br \/>\naut\u00f3nomos ganan terreno en el mercado laboral<\/a> <\/span><\/p>\n<p class=\"MsoNormal\" style=\"margin-left:14.2pt\"><i><span style=\"color:black\">A ra\u00edz de la implantaci\u00f3n de la tarifa plana<br \/>\nde 50 euros para aut\u00f3nomos, m\u00e1s de 267.000 personas se han apuntado como tales<br \/>\na la Seguridad Social. El Gobierno estudia ya ampliar la capitalizaci\u00f3n del<br \/>\nparo y el mantenimiento de la propia tarifa plana.<\/span><\/i><\/p>\n<p class=\"MsoNormal\" style=\"background:rgb(217,217,217)\"><b><span style=\"font-size:14pt;color:black\">INMOBILIARIO<\/span><\/b><span style=\"font-size:14pt;color:black\"><\/span><\/p>\n<div style=\"border-style:none none solid;border-bottom-color:windowtext;border-bottom-width:1pt;padding:0cm 0cm 1pt\">\n<p class=\"MsoNormal\" style=\"border:none;padding:0cm\"><b><span style=\"font-size:12pt;color:black\">Reactivaci\u00f3n de la construcci\u00f3n<\/span><\/b><\/p>\n<\/div>\n<p class=\"MsoNormal\" style=\"margin-left:14.2pt\"><b><span style=\"color:black\">&#8226;   Cinco D\u00edas <\/span><\/b><span style=\"color:black\">(13\/10\/2014) <a href=\"http:\/\/213.194.150.29\/datos\/tmp-001\/00016503\/20141013_CINCO_DIAS_P6..7_nico4939.pdf\">Madrid<br \/>\nse adelanta en el lento retorno de la construcci\u00f3n<\/a> <\/span><\/p>\n<p class=\"MsoNormal\" style=\"margin-left:14.2pt\"><i><span style=\"color:black\">Aparte de la futura sede del BBVA o el Banco<br \/>\nPopular, o el Museo de las Colecciones Reales, en Madrid se est\u00e1n construyendo<br \/>\nde nuevo edificios y promociones que indican una reactivaci\u00f3n de la<br \/>\nconstrucci\u00f3n en la capital.<\/span><\/i><\/p>\n<p class=\"MsoNormal\" style=\"background:rgb(217,217,217)\"><b><span style=\"font-size:14pt;color:black\">E-ADMINISTRACI\u00d3N<\/span><\/b><span style=\"font-size:14pt;color:black\"><\/span><\/p>\n<div style=\"border-style:none none solid;border-bottom-color:windowtext;border-bottom-width:1pt;padding:0cm 0cm 1pt\">\n<p class=\"MsoNormal\" style=\"border:none;padding:0cm\"><b><span style=\"font-size:12pt;color:black\">Gestiones telem\u00e1ticas<\/span><\/b><\/p>\n<\/div>\n<p class=\"MsoNormal\" style=\"margin-left:14.2pt\"><b><span style=\"color:black\">&#8226;   Cinco D\u00edas <\/span><\/b><span style=\"color:black\">(13\/10\/2014) <a href=\"http:\/\/213.194.150.29\/datos\/tmp-001\/00016504\/20141013_CINCO_DIAS_P30_nico2615.pdf\">Adi\u00f3s<br \/>\na la ventanilla, hola a los tr\u00e1mites en &#8216;la nube&#8217;<\/a> <\/span><\/p>\n<p class=\"MsoNormal\" style=\"margin-left:14.2pt\"><i><span style=\"color:black\">Noticia sobre la modernizaci\u00f3n de los<br \/>\ntr\u00e1mites administrativos y las gestiones que se pueden realizar ya de manera<br \/>\ntelem\u00e1tica.<\/span><\/i><\/p>\n<div style=\"border-style:none none solid;border-bottom-color:windowtext;border-bottom-width:1pt;padding:0cm 0cm 1pt\">\n<p class=\"MsoNormal\" style=\"border:none;padding:0cm\"><b><span style=\"font-size:12pt;color:black\">Factura electr\u00f3nica<\/span><\/b><\/p>\n<\/div>\n<p class=\"MsoNormal\" style=\"margin-left:14.2pt\"><b><span style=\"color:black\">&#8226;   El Economista <\/span><\/b><span style=\"color:black\">(13\/10\/2014) <a href=\"http:\/\/213.194.150.29\/datos\/tmp-001\/00016503\/20141013_EL_ECONOMISTA_P3_prin2064.pdf\">La<br \/>\nfactura electr\u00f3nica llega tarde y mal<\/a> <\/span><\/p>\n<p class=\"MsoNormal\" style=\"margin-left:14.2pt\"><i><span style=\"color:black\">Opini\u00f3n sobre la entrada en vigor de la<br \/>\nfactura electr\u00f3nica en Espa\u00f1a, para la cual a\u00fan no est\u00e1n preparadas las<br \/>\nempresas.<\/span><\/i><\/p>\n<p class=\"MsoNormal\" style=\"margin-left:14.2pt\"><b><span style=\"color:black\">&#8226;   El Economista <\/span><\/b><span style=\"color:black\">(13\/10\/2014)<a href=\"http:\/\/213.194.150.29\/datos\/tmp-001\/00016503\/20141013_EL_ECONOMISTA_P32_prin3530.pdf\"><br \/>\nEl 54% de los proveedores p\u00fablicos a\u00fan no est\u00e1 preparado para la factura electr\u00f3nica<\/a><br \/>\n<\/span><\/p>\n<p class=\"MsoNormal\" style=\"margin-left:14.2pt\"><i><span style=\"color:black\">Seg\u00fan un estudio de Seres, la mayor parte de<br \/>\nlas empresas proveedores de la Administraci\u00f3n que tienen que aplicar la factura<br \/>\nelectr\u00f3nica en enero de 2015, a\u00fan no est\u00e1n preparados o desconocen el<br \/>\nprocedimiento. <\/span><\/i><\/p>\n<div><\/div>\n<\/div>\n","protected":false},"excerpt":{"rendered":"<p>13-10-2014<\/p>\n","protected":false},"author":4,"featured_media":0,"comment_status":"closed","ping_status":"closed","sticky":false,"template":"","format":"standard","meta":{"footnotes":""},"categories":[6],"tags":[],"class_list":["post-859","post","type-post","status-publish","format-standard","hentry","category-resumendeprensa"],"_links":{"self":[{"href":"https:\/\/www.gestoresalicante.org\/blog\/index.php\/wp-json\/wp\/v2\/posts\/859","targetHints":{"allow":["GET"]}}],"collection":[{"href":"https:\/\/www.gestoresalicante.org\/blog\/index.php\/wp-json\/wp\/v2\/posts"}],"about":[{"href":"https:\/\/www.gestoresalicante.org\/blog\/index.php\/wp-json\/wp\/v2\/types\/post"}],"author":[{"embeddable":true,"href":"https:\/\/www.gestoresalicante.org\/blog\/index.php\/wp-json\/wp\/v2\/users\/4"}],"replies":[{"embeddable":true,"href":"https:\/\/www.gestoresalicante.org\/blog\/index.php\/wp-json\/wp\/v2\/comments?post=859"}],"version-history":[{"count":0,"href":"https:\/\/www.gestoresalicante.org\/blog\/index.php\/wp-json\/wp\/v2\/posts\/859\/revisions"}],"wp:attachment":[{"href":"https:\/\/www.gestoresalicante.org\/blog\/index.php\/wp-json\/wp\/v2\/media?parent=859"}],"wp:term":[{"taxonomy":"category","embeddable":true,"href":"https:\/\/www.gestoresalicante.org\/blog\/index.php\/wp-json\/wp\/v2\/categories?post=859"},{"taxonomy":"post_tag","embeddable":true,"href":"https:\/\/www.gestoresalicante.org\/blog\/index.php\/wp-json\/wp\/v2\/tags?post=859"}],"curies":[{"name":"wp","href":"https:\/\/api.w.org\/{rel}","templated":true}]}}