{"id":860,"date":"2014-10-14T09:00:00","date_gmt":"2014-10-14T08:00:00","guid":{"rendered":"http:\/\/www.gestoresalicante.org\/blog\/index.php\/2014\/10\/14\/resumen-de-prensa-14-10-2014\/"},"modified":"-0001-11-30T00:00:00","modified_gmt":"-0001-11-29T22:00:00","slug":"resumen-de-prensa-14-10-2014","status":"publish","type":"post","link":"https:\/\/www.gestoresalicante.org\/blog\/index.php\/2014\/10\/14\/resumen-de-prensa-14-10-2014\/","title":{"rendered":"Resumen de Prensa 14-10-2014"},"content":{"rendered":"<div class=\"nboletin\">\n<div style=\"background-color: #CCCCCC;padding: 4px 10px 4px 10px;width: 100%;border: 1px #414141 solid;\"><img decoding=\"async\" alt=\"Consejo de Gestores\" src=\"http:\/\/www.gestoresalicante.org\/img\/newsletter\/conges.jpg\" width=226 height=70><\/div>\n<div style=\"text-align: right;margin: 10px;\"><strong>14-10-2014<\/strong><\/div>\n<div margin-left: 10px;clear: both\">\n<p class=\"MsoNormal\" style=\"background:rgb(217,217,217)\"><b><span style=\"font-size:14pt;color:black\">GESTORES ADMINISTRATIVOS<\/span><\/b><span style=\"font-size:14pt;color:black\"><\/span><\/p>\n<div style=\"border-style:none none solid;border-bottom-color:windowtext;border-bottom-width:1pt;padding:0cm 0cm 1pt\">\n<p class=\"MsoNormal\" style=\"border:none;padding:0cm\"><b><span style=\"font-family:Arial;color:black\"> <\/span><\/b><b><span style=\"font-size:12pt;color:black\">Ley de colegiaci\u00f3n<\/span><\/b><\/p>\n<\/div>\n<p class=\"MsoNormal\" style=\"margin-left:14.2pt\"><b><span style=\"color:black\">&#8226;    Hoy <\/span><\/b><span style=\"color:black\">(14\/10\/2014)<br \/>\n<a href=\"http:\/\/213.194.150.29\/datos\/tmp-001\/00016506\/20141014_HOY_BADAJOZ_P2_prin8958.pdf\">\u00bfAfecta<br \/>\na mi oficio la nueva ley de colegios profesionales?<\/a> <\/span><\/p>\n<p class=\"MsoNormal\" style=\"margin-left:14.2pt;background-image:initial;background-repeat:initial\"><i><span style=\"color:black\">Noticia sobre la<br \/>\nley de colegiaci\u00f3n profesional y c\u00f3mo afecta a las distintas profesiones. Si se<br \/>\naprueba en el Congreso, el n\u00famero de profesiones con colegiaci\u00f3n obligatoria<br \/>\nser\u00e1 de 38 cuando antes era de 80. Se menciona que la de gestor administrativo<br \/>\nno ser\u00e1 una de ellas.<\/span><\/i><\/p>\n<p class=\"MsoNormal\" style=\"background:rgb(217,217,217)\"><b><span style=\"font-size:14pt;color:black\">VEH\u00cdCULOS<\/span><\/b><span style=\"font-size:14pt;color:black\"><\/span><\/p>\n<div style=\"border-style:none none solid;border-bottom-color:windowtext;border-bottom-width:1pt;padding:0cm 0cm 1pt\">\n<p class=\"MsoNormal\" style=\"border:none;padding:0cm\"><b><span style=\"font-size:12pt;color:black\">Renting<\/span><\/b><\/p>\n<\/div>\n<p class=\"MsoNormal\" style=\"margin-left:14.2pt\"><b><span style=\"color:black\">&#8226;   Expansi\u00f3n <\/span><\/b><span style=\"color:black\">(14\/10\/2014) <a href=\"http:\/\/213.194.150.29\/datos\/tmp-001\/00016506\/20141014_EXPANSION_P1..18_hous7470.pdf\">Una<br \/>\nperspectiva alentadora<\/a><\/span><\/p>\n<p class=\"MsoNormal\" style=\"margin-left:14.2pt;background-image:initial;background-repeat:initial\"><i><span style=\"color:black\">Reportaje especial<br \/>\nsobre el negocio del renting en Espa\u00f1a.<\/span><\/i><\/p>\n<p class=\"MsoNormal\" style=\"background:rgb(217,217,217)\"><b><span style=\"font-size:14pt;color:black\">FISCAL<\/span><\/b><span style=\"font-size:14pt;color:black\"><\/span><\/p>\n<div style=\"border-style:none none solid;border-bottom-color:windowtext;border-bottom-width:1pt;padding:0cm 0cm 1pt\">\n<p class=\"MsoNormal\" style=\"border:none;padding:0cm\"><b><span style=\"font-size:12pt;color:black\">Estudio IEB<\/span><\/b><\/p>\n<\/div>\n<p class=\"MsoNormal\" style=\"margin-left:14.2pt\"><b><span style=\"color:black\">&#8226;    Cinco D\u00edas <\/span><\/b><span style=\"color:black\">(14\/10\/2014) <a href=\"http:\/\/213.194.150.29\/datos\/tmp-001\/00016506\/20141014_CINCO_DIAS_P29_nico2882.pdf\">Lograr<br \/>\n6.000 millones m\u00e1s en tributos<\/a><\/span><\/p>\n<p class=\"MsoNormal\" style=\"margin-left:14.2pt\"><i><span style=\"color:black\">El Instituto de Econom\u00eda de Barcelona ha<br \/>\nelaborado un estudio que aboga por sacar m\u00e1s partido de llamada fiscalidad<br \/>\nverde, que son los impuestos que gravan los productos y consumos contaminantes,<br \/>\nen los cuales Espa\u00f1a est\u00e1 por debajo de la media europea.<\/span><\/i><\/p>\n<div style=\"border-style:none none solid;border-bottom-color:windowtext;border-bottom-width:1pt;padding:0cm 0cm 1pt\">\n<p class=\"MsoNormal\" style=\"border:none;padding:0cm\"><b><span style=\"font-size:12pt;color:black\">Fondo de Liquidez Auton\u00f3mico<\/span><\/b><\/p>\n<\/div>\n<p class=\"MsoNormal\" style=\"margin-left:14.2pt\"><b><span style=\"color:black\">&#8226;    El Pa\u00eds <\/span><\/b><span style=\"color:black\">(14\/10\/2014)<br \/>\n<a href=\"http:\/\/213.194.150.29\/datos\/tmp-001\/00016506\/20141014_EL_PAIS_P28_nico6924.pdf\">Las<br \/>\nautonom\u00edas reciben 17.047 millones en cr\u00e9ditos de Hacienda en nueve meses<\/a><\/span><\/p>\n<p class=\"MsoNormal\" style=\"margin-left:14.2pt\"><i><span style=\"color:black\">El Fondo de Liquidez Auton\u00f3mico ha inyectado<br \/>\nya 17.047 millones de euros a las autonom\u00edas en lo que va de a\u00f1o. De esa<br \/>\ncantidad, el 44% ha ido destinada al pago de proveedores regionales.<\/span><\/i><\/p>\n<div style=\"border-style:none none solid;border-bottom-color:windowtext;border-bottom-width:1pt;padding:0cm 0cm 1pt\">\n<p class=\"MsoNormal\" style=\"border:none;padding:0cm\"><b><span style=\"font-size:12pt;color:black\">Ley General Tributaria<\/span><\/b><\/p>\n<\/div>\n<p class=\"MsoNormal\" style=\"margin-left:14.2pt\"><b><span style=\"color:black\">&#8226;    Expansi\u00f3n <\/span><\/b><span style=\"color:black\">(14\/10\/2014) <a href=\"http:\/\/213.194.150.29\/datos\/tmp-001\/00016506\/20141014_EXPANSION_P27_hous2677.pdf\">El<br \/>\nPoder Judicial, contrario a la lista de grandes morosos de Montoro<\/a> <\/span><\/p>\n<p class=\"MsoNormal\" style=\"margin-left:14.2pt\"><i><span style=\"color:black\">El Consejo General del Poder Judicial ha<br \/>\nconsiderado que la reforma de la Ley General Tributaria que prepara Montoro<br \/>\ndeja en situaci\u00f3n de desventaja al contribuyente frente a Hacienda. La raz\u00f3n es<br \/>\nque se pretende publicar una lista de grandes morosos mientras que se cay\u00f3 del<br \/>\nproyecto la lista de defraudadores que estaba prevista.<\/span><\/i><\/p>\n<p class=\"MsoNormal\" style=\"background:rgb(217,217,217)\"><b><span style=\"font-size:14pt;color:black\">LABORAL<\/span><\/b><span style=\"font-size:14pt;color:black\"><\/span><\/p>\n<div style=\"border-style:none none solid;border-bottom-color:windowtext;border-bottom-width:1pt;padding:0cm 0cm 1pt\">\n<p class=\"MsoNormal\" style=\"border:none;padding:0cm\"><b><span style=\"font-size:12pt;color:black\">Empresas en concurso de acreedores<\/span><\/b><\/p>\n<\/div>\n<p class=\"MsoNormal\" style=\"margin-left:14.2pt\"><b><span style=\"color:black\">&#8226;   Cinco D\u00edas <\/span><\/b><span style=\"color:black\">(14\/10\/2014) <a href=\"http:\/\/213.194.150.29\/datos\/tmp-001\/00016506\/20141014_CINCO_DIAS_P6_nico9919.pdf\">Los<br \/>\nconcursos encadenan cuatro trimestres de ca\u00eddas<\/a> <i><\/i><\/span><\/p>\n<p class=\"MsoNormal\" style=\"margin-left:14.2pt\"><i><span style=\"color:black\">En los nueve primeros meses de 2014 han<br \/>\ndescendido un 27% los procedimientos de empresas en concurso de acreedores, al<br \/>\npublicarse 4.766 concursos.<\/span><\/i><\/p>\n<div style=\"border-style:none none solid;border-bottom-color:windowtext;border-bottom-width:1pt;padding:0cm 0cm 1pt\">\n<p class=\"MsoNormal\" style=\"border:none;padding:0cm\"><b><span style=\"font-size:12pt;color:black\">Reforma laboral<\/span><\/b><\/p>\n<\/div>\n<p class=\"MsoNormal\" style=\"margin-left:14.2pt\"><b><span style=\"color:black\">&#8226;   El Economista <\/span><\/b><span style=\"color:black\">(14\/10\/2014) <a href=\"http:\/\/213.194.150.29\/datos\/tmp-001\/00016506\/20141014_EL_ECONOMISTA_P26_prin4522.pdf\">F\u00e1tima<br \/>\nB\u00e1\u00f1ez promete una segunda tanda de reformas<\/a> <\/span><\/p>\n<p class=\"MsoNormal\" style=\"margin-left:14.2pt\"><i><span style=\"color:black\">La ministra de Empleo F\u00e1tima B\u00e1\u00f1ez dijo ayer<br \/>\nque &#8216;Espa\u00f1a no va a competir en salarios bajos&#8217; y que se est\u00e1 valorando emprender<br \/>\nuna segunda tanda de reformas que profundicen en la calidad del mercado<br \/>\nlaboral.<\/span><\/i><\/p>\n<div style=\"border-style:none none solid;border-bottom-color:windowtext;border-bottom-width:1pt;padding:0cm 0cm 1pt\">\n<p class=\"MsoNormal\" style=\"border:none;padding:0cm\"><b><span style=\"font-size:12pt;color:black\">Informe Global Adecco 2014<\/span><\/b><\/p>\n<\/div>\n<p class=\"MsoNormal\" style=\"margin-left:14.2pt\"><b><span style=\"color:black\">&#8226;   Expansi\u00f3n <\/span><\/b><span style=\"color:black\">(14\/10\/2014) <a href=\"http:\/\/213.194.150.29\/datos\/tmp-001\/00016506\/20141014_EXPANSION_P14_hous5461.pdf\">Por<br \/>\nqu\u00e9 los espa\u00f1oles conf\u00edan en Twitter para encontrar empleo<\/a> <\/span><\/p>\n<p class=\"MsoNormal\" style=\"margin-left:14.2pt\"><i><span style=\"color:black\">El estudio Global Adecco 2014, de nivel<br \/>\ninternacional, revela que cada vez confiamos m\u00e1s en las redes sociales para<br \/>\nencontrar trabajo. En Espa\u00f1a, Twitter es la red preferida despu\u00e9s de LinkedIn.<\/span><\/i><\/p>\n<div style=\"border-style:none none solid;border-bottom-color:windowtext;border-bottom-width:1pt;padding:0cm 0cm 1pt\">\n<p class=\"MsoNormal\" style=\"border:none;padding:0cm\"><b><span style=\"font-size:12pt;color:black\">Contratos laborales<\/span><\/b><\/p>\n<\/div>\n<p class=\"MsoNormal\" style=\"margin-left:14.2pt\"><b><span style=\"color:black\">&#8226;   Expansi\u00f3n <\/span><\/b><span style=\"color:black\">(14\/10\/2014) <a href=\"http:\/\/213.194.150.29\/datos\/tmp-001\/00016506\/20141014_EXPANSION_P33_hous4594.pdf\">El<br \/>\nindefinido no fijo, una figura en transici\u00f3n<\/a> <\/span><\/p>\n<p class=\"MsoNormal\" style=\"margin-left:14.2pt\"><i><span style=\"color:black\">Opini\u00f3n de Marta Alam\u00e1n, socia de PwC, sobre<br \/>\nlos contratos en Espa\u00f1a. Habla en concreto del indefinido no fijo, de c\u00f3mo se<br \/>\nha desarrollado y de c\u00f3mo deber\u00eda evolucionar.<\/span><\/i><\/p>\n<p class=\"MsoNormal\" style=\"background:rgb(217,217,217)\"><b><span style=\"font-size:14pt;color:black\">INMOBILIARIO<\/span><\/b><span style=\"font-size:14pt;color:black\"><\/span><\/p>\n<div style=\"border-style:none none solid;border-bottom-color:windowtext;border-bottom-width:1pt;padding:0cm 0cm 1pt\">\n<p class=\"MsoNormal\" style=\"border:none;padding:0cm\"><b><span style=\"font-size:12pt;color:black\">Sector inmobiliario en Barcelona<\/span><\/b><\/p>\n<\/div>\n<p class=\"MsoNormal\" style=\"margin-left:14.2pt\"><b><span style=\"color:black\">&#8226;   El Peri\u00f3dico de Catalunya <\/span><\/b><span style=\"color:black\">(14\/10\/2014) <a href=\"http:\/\/213.194.150.29\/datos\/tmp-001\/00016506\/20141014_EL_P_DE_CATALUNA_P28_nico1918.pdf\">Atracci\u00f3n<br \/>\ninmobiliaria<\/a> <\/span><\/p>\n<p class=\"MsoNormal\" style=\"margin-left:14.2pt\"><i><span style=\"color:black\">Noticia que recoge las declaraciones de la<br \/>\ninmobiliaria Aguirre Newman, que calcula que Barcelona recibir\u00e1 inversiones<br \/>\nglobales de 1.600 millones en 2014, sobre todo en los sectores de oficinas,<br \/>\nhotelero y comercial.<\/span><\/i><\/p>\n<\/div>\n","protected":false},"excerpt":{"rendered":"<p>14-10-2014<\/p>\n","protected":false},"author":4,"featured_media":0,"comment_status":"closed","ping_status":"closed","sticky":false,"template":"","format":"standard","meta":{"footnotes":""},"categories":[6],"tags":[],"class_list":["post-860","post","type-post","status-publish","format-standard","hentry","category-resumendeprensa"],"_links":{"self":[{"href":"https:\/\/www.gestoresalicante.org\/blog\/index.php\/wp-json\/wp\/v2\/posts\/860","targetHints":{"allow":["GET"]}}],"collection":[{"href":"https:\/\/www.gestoresalicante.org\/blog\/index.php\/wp-json\/wp\/v2\/posts"}],"about":[{"href":"https:\/\/www.gestoresalicante.org\/blog\/index.php\/wp-json\/wp\/v2\/types\/post"}],"author":[{"embeddable":true,"href":"https:\/\/www.gestoresalicante.org\/blog\/index.php\/wp-json\/wp\/v2\/users\/4"}],"replies":[{"embeddable":true,"href":"https:\/\/www.gestoresalicante.org\/blog\/index.php\/wp-json\/wp\/v2\/comments?post=860"}],"version-history":[{"count":0,"href":"https:\/\/www.gestoresalicante.org\/blog\/index.php\/wp-json\/wp\/v2\/posts\/860\/revisions"}],"wp:attachment":[{"href":"https:\/\/www.gestoresalicante.org\/blog\/index.php\/wp-json\/wp\/v2\/media?parent=860"}],"wp:term":[{"taxonomy":"category","embeddable":true,"href":"https:\/\/www.gestoresalicante.org\/blog\/index.php\/wp-json\/wp\/v2\/categories?post=860"},{"taxonomy":"post_tag","embeddable":true,"href":"https:\/\/www.gestoresalicante.org\/blog\/index.php\/wp-json\/wp\/v2\/tags?post=860"}],"curies":[{"name":"wp","href":"https:\/\/api.w.org\/{rel}","templated":true}]}}