{"id":861,"date":"2014-10-15T09:00:00","date_gmt":"2014-10-15T08:00:00","guid":{"rendered":"http:\/\/www.gestoresalicante.org\/blog\/index.php\/2014\/10\/15\/resumen-de-prensa-15-10-2014\/"},"modified":"-0001-11-30T00:00:00","modified_gmt":"-0001-11-29T22:00:00","slug":"resumen-de-prensa-15-10-2014","status":"publish","type":"post","link":"https:\/\/www.gestoresalicante.org\/blog\/index.php\/2014\/10\/15\/resumen-de-prensa-15-10-2014\/","title":{"rendered":"Resumen de Prensa 15-10-2014"},"content":{"rendered":"<div class=\"nboletin\">\n<div style=\"background-color: #CCCCCC;padding: 4px 10px 4px 10px;width: 100%;border: 1px #414141 solid;\"><img decoding=\"async\" alt=\"Consejo de Gestores\" src=\"http:\/\/www.gestoresalicante.org\/img\/newsletter\/conges.jpg\" width=226 height=70><\/div>\n<div style=\"text-align: right;margin: 10px;\"><strong>15-10-2014<\/strong><\/div>\n<div margin-left: 10px;clear: both\">\n<p class=\"MsoNormal\" style=\"background:rgb(217,217,217)\"><b><span style=\"font-size:14pt;color:black\">VEH\u00cdCULOS<\/span><\/b><span style=\"font-size:14pt;color:black\"><\/span><\/p>\n<div style=\"border-style:none none solid;border-bottom-color:windowtext;border-bottom-width:1pt;padding:0cm 0cm 1pt\">\n<p class=\"MsoNormal\" style=\"border:none;padding:0cm\"><b><span style=\"font-size:12pt;color:black\">Inversi\u00f3n en el sector<\/span><\/b><\/p>\n<\/div>\n<p class=\"MsoNormal\" style=\"margin-left:14.2pt\"><b><span style=\"color:black\">&#8226;   Cinco D\u00edas <\/span><\/b><span style=\"color:black\">(15\/10\/2014) <a href=\"http:\/\/213.194.150.29\/datos\/tmp-001\/00016508\/20141015_CINCO_DIAS_P6_nico4460.pdf\">Las<br \/>\nfabricas de coches en Espa\u00f1a logran 5.000 millones en inversi\u00f3n<\/a> <\/span><\/p>\n<p class=\"MsoNormal\" style=\"margin-left:14.2pt;background-image:initial;background-repeat:initial\"><i><span style=\"color:black\">Los fabricantes de<br \/>\ncoches instalados en Espa\u00f1a invertir\u00e1n, en los pr\u00f3ximos 5 a\u00f1os, 5.000 millones<br \/>\nen las plantas que tienen instaladas en el pa\u00eds, lo que provocar\u00e1 la creaci\u00f3n<br \/>\nde 6.000 puestos de trabajo.<\/span><\/i><\/p>\n<p class=\"MsoNormal\" style=\"margin-left:14.2pt\"><b><span style=\"color:black\">&#8226;   El Economista <\/span><\/b><span style=\"color:black\">(15\/10\/2014) <a href=\"http:\/\/213.194.150.29\/datos\/tmp-001\/00016508\/20141015_EL_ECONOMISTA_P8_prin7680.pdf\">Los<br \/>\nfabricantes de autom\u00f3viles invertir\u00e1n 5.000 millones en Espa\u00f1a<\/a> <\/span><\/p>\n<p class=\"MsoNormal\" style=\"margin-left:14.2pt;background-image:initial;background-repeat:initial\"><i><span style=\"color:black\">Los fabricantes de<br \/>\ncoches instalados en Espa\u00f1a invertir\u00e1n, en los pr\u00f3ximos 5 a\u00f1os, 5.000 millones<br \/>\nen las plantas que tienen instaladas en el pa\u00eds, lo que provocar\u00e1 la creaci\u00f3n<br \/>\nde 6.000 puestos de trabajo directos y 25.000 indirectos.<\/span><\/i><\/p>\n<div style=\"border-style:none none solid;border-bottom-color:windowtext;border-bottom-width:1pt;padding:0cm 0cm 1pt\">\n<p class=\"MsoNormal\" style=\"border:none;padding:0cm\"><b><span style=\"font-size:12pt;color:black\">Plan Pive<\/span><\/b><\/p>\n<\/div>\n<p class=\"MsoNormal\" style=\"margin-left:14.2pt\"><b><span style=\"color:black\">&#8226;   El Economista <\/span><\/b><span style=\"color:black\">(15\/10\/2014) <a href=\"http:\/\/213.194.150.29\/datos\/tmp-001\/00016508\/20141015_EL_MUNDO-_P27_hous3323.pdf\">El<br \/>\nPive6 se agotar\u00e1 a mediados de noviembre<\/a> <\/span><\/p>\n<p class=\"MsoNormal\" style=\"margin-left:14.2pt;background-image:initial;background-repeat:initial\"><i><span style=\"color:black\">De seguir al ritmo<br \/>\nactual, los 175 millones que componen el Plan Pive6 se agotar\u00e1n el pr\u00f3ximo mes.<br \/>\nCitro\u00ebn es la marca que acumula un mayor n\u00famero de peticiones.<\/span><\/i><\/p>\n<p class=\"MsoNormal\" style=\"background:rgb(217,217,217)\"><b><span style=\"font-size:14pt;color:black\">FISCAL<\/span><\/b><span style=\"font-size:14pt;color:black\"><\/span><\/p>\n<div style=\"border-style:none none solid;border-bottom-color:windowtext;border-bottom-width:1pt;padding:0cm 0cm 1pt\">\n<p class=\"MsoNormal\" style=\"border:none;padding:0cm\"><b><span style=\"font-size:12pt;color:black\">Liquidaci\u00f3n directa de cuotas<\/span><\/b><\/p>\n<\/div>\n<p class=\"MsoNormal\" style=\"margin-left:14.2pt\"><b><span style=\"color:black\">&#8226;    Cinco D\u00edas <\/span><\/b><span style=\"color:black\">(15\/10\/2014) <a href=\"http:\/\/213.194.150.29\/datos\/tmp-001\/00016508\/20141015_CINCO_DIAS_P31_nico2121.pdf\">La<br \/>\nliquidaci\u00f3n directa de las cuotas reduce el fraude fiscal a la Seguridad Social<\/a><br \/>\n<\/span><\/p>\n<p class=\"MsoNormal\" style=\"margin-left:14.2pt\"><i><span style=\"color:black\">El Secretario de Estado de Seguridad Social,<br \/>\nTom\u00e1s Burgos, dijo ayer que el proyecto para la implantaci\u00f3n de la liquidaci\u00f3n directa<br \/>\nde cuotas en empresas ha permitido elevar el n\u00famero de cotizaciones sociales<br \/>\ncorrectas del 68% al 94% desde octubre de 2013.<\/span><\/i><\/p>\n<p class=\"MsoNormal\" style=\"margin-left:14.2pt\"><b><span style=\"color:black\">&#8226;    El Economista <\/span><\/b><span style=\"color:black\">(15\/10\/2014) <a href=\"http:\/\/213.194.150.29\/datos\/tmp-001\/00016508\/20141015_EL_ECONOMISTA_P33_prin1125.pdf\">La<br \/>\nSeguridad Social liquidar\u00e1 las cuotas de los empleados en 2015<\/a> <\/span><\/p>\n<p class=\"MsoNormal\" style=\"margin-left:14.2pt\"><i><span style=\"color:black\">El Secretario de Estado de Seguridad Social,<br \/>\nTom\u00e1s Burgos, dijo ayer que el proyecto para la implantaci\u00f3n de la liquidaci\u00f3n<br \/>\ndirecta de cuotas en empresas ha permitido elevar el n\u00famero de cotizaciones<br \/>\nsociales correctas del 68% al 94% desde octubre de 2013. Con este sistema se<br \/>\npretende ahorrar 130 millones de euros.<\/span><\/i><\/p>\n<div style=\"border-style:none none solid;border-bottom-color:windowtext;border-bottom-width:1pt;padding:0cm 0cm 1pt\">\n<p class=\"MsoNormal\" style=\"border:none;padding:0cm\"><b><span style=\"font-size:12pt;color:black\">Ayudas fiscales a grandes empresas<\/span><\/b><\/p>\n<\/div>\n<p class=\"MsoNormal\" style=\"margin-left:14.2pt\"><b><span style=\"color:black\">&#8226;    El Pa\u00eds <\/span><\/b><span style=\"color:black\">(15\/10\/2014)<br \/>\n<a href=\"http:\/\/213.194.150.29\/datos\/tmp-001\/00016508\/20141015_EL_PAIS_P25_nico4300.pdf\">Las<br \/>\nempresas batallar\u00e1n por las ayudas del fondo de comercio<\/a> <\/span><\/p>\n<p class=\"MsoNormal\" style=\"margin-left:14.2pt\"><i><span style=\"color:black\">La Comisi\u00f3n Europea cerrar\u00e1 hoy un severo<br \/>\nexpediente contra Espa\u00f1a por considerar ilegales las ayudas fiscales a las<br \/>\ngrandes empresas. El Gobierno se plantea recurrir al tribunal europeo y las<br \/>\ncompa\u00f1\u00edas intentar\u00e1n defender estas deducciones.<\/span><\/i><\/p>\n<p class=\"MsoNormal\" style=\"margin-left:14.2pt\"><b><span style=\"color:black\">&#8226;    Expansi\u00f3n <\/span><\/b><span style=\"color:black\">(15\/10\/2014) <a href=\"http:\/\/213.194.150.29\/datos\/tmp-001\/00016508\/20141015_EXPANSION_P5..2_hous9161.pdf\">Espa\u00f1a<br \/>\ntrata de salvar &#8216;in extremis&#8217; las ayudas fiscales a multinacionales<\/a> <\/span><\/p>\n<p class=\"MsoNormal\" style=\"margin-left:14.2pt\"><i><span style=\"color:black\">La Comisi\u00f3n Europea cerrar\u00e1 hoy un severo<br \/>\nexpediente contra Espa\u00f1a por considerar ilegales las ayudas fiscales a las<br \/>\ngrandes empresas. Hacienda, por su parte, defiende ante el Tribunal de<br \/>\nLuxemburgo los beneficios impositivos. Almunia podr\u00eda obligar a devolver las<br \/>\nayudas concedidas a Telef\u00f3nica, Iberdrola, Abertis y Banco Santander. La<br \/>\nnoticia incluye un editorial en el peri\u00f3dico bajo el t\u00edtulo &#8216;Coto a las ayudas<br \/>\nfiscales&#8217;.<\/span><\/i><\/p>\n<p class=\"MsoNormal\" style=\"margin-left:14.2pt\"><b><span style=\"color:black\">&#8226;    Cinco D\u00edas <\/span><\/b><span style=\"color:black\">(15\/10\/2014) <a href=\"http:\/\/213.194.150.29\/datos\/tmp-001\/00016508\/20141015_CINCO_DIAS_P4_nico6143.pdf\">Almunia<br \/>\npone en peligro la deducci\u00f3n fiscal de las fusiones transfronterizas<\/a> <\/span><\/p>\n<p class=\"MsoNormal\" style=\"margin-left:14.2pt\"><i><span style=\"color:black\">La Comisi\u00f3n Europea cerrar\u00e1 hoy un severo<br \/>\nexpediente contra Espa\u00f1a por considerar ilegales las ayudas fiscales a las<br \/>\ngrandes empresas. Hacienda, por su parte, defiende ante el Tribunal de<br \/>\nLuxemburgo los beneficios impositivos. Bruselas cuestiona ahora la autorizaci\u00f3n<br \/>\nretroactiva concedida en 2009 y 2011.<\/span><\/i><b><span style=\"color:black\"><\/span><\/b><\/p>\n<p class=\"MsoNormal\" style=\"margin-left:14.2pt\"><b><span style=\"color:black\">&#8226;    El Economista <\/span><\/b><span style=\"color:black\">(15\/10\/2014) <a href=\"http:\/\/213.194.150.29\/datos\/tmp-001\/00016508\/20141015_EL_ECONOMISTA_P10_prin4736.pdf\">Telef\u00f3nica,<br \/>\nSantander e Iberdrola, sin ayudas<\/a> <\/span><\/p>\n<p class=\"MsoNormal\" style=\"margin-left:14.2pt\"><i><span style=\"color:black\">La Comisi\u00f3n Europea cerrar\u00e1 hoy un severo<br \/>\nexpediente contra Espa\u00f1a por considerar ilegales las ayudas fiscales a las<br \/>\ngrandes empresas. Est\u00e1 previsto que Joaqu\u00edn Almunia exija a Hacienda que se<br \/>\nrecupere el dinero y se anulen todas las deducciones que facilitaron la compra<br \/>\nde compa\u00f1\u00edas extranjeras por parte de empresas espa\u00f1olas.<\/span><\/i><\/p>\n<p class=\"MsoNormal\" style=\"background:rgb(217,217,217)\"><b><span style=\"font-size:14pt;color:black\">INMOBILIARIO<\/span><\/b><span style=\"font-size:14pt;color:black\"><\/span><\/p>\n<div style=\"border-style:none none solid;border-bottom-color:windowtext;border-bottom-width:1pt;padding:0cm 0cm 1pt\">\n<p class=\"MsoNormal\" style=\"border:none;padding:0cm\"><b><span style=\"font-size:12pt;color:black\">Impuestos en el sector<\/span><\/b><\/p>\n<\/div>\n<p class=\"MsoNormal\" style=\"margin-left:14.2pt\"><b><span style=\"color:black\">&#8226;   ABC <\/span><\/b><span style=\"color:black\">(15\/10\/2014)<br \/>\n<a href=\"http:\/\/213.194.150.29\/datos\/tmp-001\/00016508\/20141015_ABC_P38..39_prin6438.pdf\">La<br \/>\nsubida de impuestos en 2015 a la venta de pisos usados dispara las operaciones<\/a><br \/>\n<\/span><\/p>\n<p class=\"MsoNormal\" style=\"margin-left:14.2pt\"><i><span style=\"color:black\">Ante la subida de impuestos que gravar\u00e1n las<br \/>\ntransacciones el a\u00f1o que viene, se han multiplicado las operaciones de compraventa.<br \/>\nEn agosto concretamente crecieron un 22,6%. Se explica adem\u00e1s c\u00f3mo afecta la<br \/>\nreforma fiscal.<\/span><\/i><\/p>\n<div style=\"border-style:none none solid;border-bottom-color:windowtext;border-bottom-width:1pt;padding:0cm 0cm 1pt\">\n<p class=\"MsoNormal\" style=\"border:none;padding:0cm\"><b><span style=\"font-size:12pt;color:black\">Burbuja inmobiliaria<\/span><\/b><\/p>\n<\/div>\n<p class=\"MsoNormal\" style=\"margin-left:14.2pt\"><b><span style=\"color:black\">&#8226;   20 Minutos <\/span><\/b><span style=\"color:black\">(15\/10\/2014) <a href=\"http:\/\/213.194.150.29\/datos\/tmp-001\/00016508\/20141015_20_MINUTOS_P14_nico4760.pdf\">Las<br \/>\nburbujas que podr\u00edan venir<\/a> <\/span><\/p>\n<p class=\"MsoNormal\" style=\"margin-left:14.2pt\"><i><span style=\"color:black\">El aumento de precios y el exceso de stock en<br \/>\nmercados como el de Reino Unido, China, Canad\u00e1 o Brasil podr\u00edan provocar una<br \/>\nnueva crisis inmobiliaria en el corto plazo.<\/span><\/i><\/p>\n<div style=\"border-style:none none solid;border-bottom-color:windowtext;border-bottom-width:1pt;padding:0cm 0cm 1pt\">\n<p class=\"MsoNormal\" style=\"border:none;padding:0cm\"><b><span style=\"font-size:12pt;color:black\">Ventas<\/span><\/b><\/p>\n<\/div>\n<p class=\"MsoNormal\" style=\"margin-left:14.2pt\"><b><span style=\"color:black\">&#8226;   El Pa\u00eds <\/span><\/b><span style=\"color:black\">(15\/10\/2014)<br \/>\n<a href=\"http:\/\/213.194.150.29\/datos\/tmp-001\/00016508\/20141015_EL_PAIS_P27_nico2592.pdf\">La<br \/>\ncompra de viviendas se dispar\u00f3 un 14% en agosto<\/a> <\/span><\/p>\n<p class=\"MsoNormal\" style=\"margin-left:14.2pt\"><i><span style=\"color:black\">La compraventa de viviendas repunt\u00f3 casi un<br \/>\n14% el pasado mes de agosto con respecto al mismo periodo de 2013, mientras que<br \/>\nel precio del metro cuadrado descendi\u00f3 un 8,6%.<br clear=\"all\"><\/span><\/i><\/p>\n<div><i><br \/><\/i><\/div>\n<p><i><\/div>\n","protected":false},"excerpt":{"rendered":"<p>15-10-2014<\/p>\n","protected":false},"author":4,"featured_media":0,"comment_status":"closed","ping_status":"closed","sticky":false,"template":"","format":"standard","meta":{"footnotes":""},"categories":[6],"tags":[],"class_list":["post-861","post","type-post","status-publish","format-standard","hentry","category-resumendeprensa"],"_links":{"self":[{"href":"https:\/\/www.gestoresalicante.org\/blog\/index.php\/wp-json\/wp\/v2\/posts\/861","targetHints":{"allow":["GET"]}}],"collection":[{"href":"https:\/\/www.gestoresalicante.org\/blog\/index.php\/wp-json\/wp\/v2\/posts"}],"about":[{"href":"https:\/\/www.gestoresalicante.org\/blog\/index.php\/wp-json\/wp\/v2\/types\/post"}],"author":[{"embeddable":true,"href":"https:\/\/www.gestoresalicante.org\/blog\/index.php\/wp-json\/wp\/v2\/users\/4"}],"replies":[{"embeddable":true,"href":"https:\/\/www.gestoresalicante.org\/blog\/index.php\/wp-json\/wp\/v2\/comments?post=861"}],"version-history":[{"count":0,"href":"https:\/\/www.gestoresalicante.org\/blog\/index.php\/wp-json\/wp\/v2\/posts\/861\/revisions"}],"wp:attachment":[{"href":"https:\/\/www.gestoresalicante.org\/blog\/index.php\/wp-json\/wp\/v2\/media?parent=861"}],"wp:term":[{"taxonomy":"category","embeddable":true,"href":"https:\/\/www.gestoresalicante.org\/blog\/index.php\/wp-json\/wp\/v2\/categories?post=861"},{"taxonomy":"post_tag","embeddable":true,"href":"https:\/\/www.gestoresalicante.org\/blog\/index.php\/wp-json\/wp\/v2\/tags?post=861"}],"curies":[{"name":"wp","href":"https:\/\/api.w.org\/{rel}","templated":true}]}}