{"id":863,"date":"2014-10-17T09:00:00","date_gmt":"2014-10-17T08:00:00","guid":{"rendered":"http:\/\/www.gestoresalicante.org\/blog\/index.php\/2014\/10\/17\/resumen-de-prensa-17-10-2014\/"},"modified":"-0001-11-30T00:00:00","modified_gmt":"-0001-11-29T22:00:00","slug":"resumen-de-prensa-17-10-2014","status":"publish","type":"post","link":"https:\/\/www.gestoresalicante.org\/blog\/index.php\/2014\/10\/17\/resumen-de-prensa-17-10-2014\/","title":{"rendered":"Resumen de Prensa 17-10-2014"},"content":{"rendered":"<div class=\"nboletin\">\n<div style=\"background-color: #CCCCCC;padding: 4px 10px 4px 10px;width: 100%;border: 1px #414141 solid;\"><img decoding=\"async\" alt=\"Consejo de Gestores\" src=\"http:\/\/www.gestoresalicante.org\/img\/newsletter\/conges.jpg\" width=226 height=70><\/div>\n<div style=\"text-align: right;margin: 10px;\"><strong>17-10-2014<\/strong><\/div>\n<div margin-left: 10px;clear: both\">\n<p class=\"MsoNormal\" style=\"background:rgb(217,217,217)\"><b><span style=\"font-size:14pt;color:black\">VEH\u00cdCULOS<\/span><\/b><span style=\"font-size:14pt;color:black\"><\/span><\/p>\n<div style=\"border-style:none none solid;border-bottom-color:windowtext;border-bottom-width:1pt;padding:0cm 0cm 1pt\">\n<p class=\"MsoNormal\" style=\"border:none;padding:0cm\"><b><span style=\"font-size:12pt;color:black\">Ayudas al sector<\/span><\/b><\/p>\n<\/div>\n<p class=\"MsoNormal\" style=\"margin-left:14.2pt\"><b><span style=\"color:black\">&#8226;   El Pa\u00eds <\/span><\/b><span style=\"color:black\">(17\/10\/2014)<br \/>\n<a href=\"http:\/\/213.194.150.29\/datos\/tmp-001\/00016513\/20141017_EL_PAIS_P31_nico1427.pdf\">El<br \/>\nGobierno lanza un plan para renovar flotas profesionales<\/a> <\/span><\/p>\n<p class=\"MsoNormal\" style=\"margin-left:14.2pt\"><i><span style=\"color:black\">Los planes PIMA Aire y Transporte de est\u00edmulo<br \/>\na la renovaci\u00f3n del parque de veh\u00edculos comerciales e industriales se pondr\u00e1n<br \/>\nen marcha en las pr\u00f3ximas semanas seg\u00fan anunciaron ayer los ministros de Medio<br \/>\nAmbiente y Fomento.<\/span><\/i><\/p>\n<p class=\"MsoNormal\" style=\"margin-left:14.2pt\"><b><span style=\"color:black\">&#8226;   El Mundo <\/span><\/b><span style=\"color:black\">(17\/10\/2014)<br \/>\n<a href=\"http:\/\/213.194.150.29\/datos\/tmp-001\/00016513\/20141017_EL_MUNDO-_P38_hous9618.pdf\">El<br \/>\nGobierno promete m\u00e1s ayudas al sector, pero sin fecha concreta<\/a> <\/span><\/p>\n<p class=\"MsoNormal\" style=\"margin-left:14.2pt;background-image:initial;background-repeat:initial\"><i><span style=\"color:black\">Los planes PIMA<br \/>\nAire y Transporte de est\u00edmulo a la renovaci\u00f3n del parque de veh\u00edculos<br \/>\ncomerciales e industriales se pondr\u00e1n en marcha en las pr\u00f3ximas semanas seg\u00fan<br \/>\nanunciaron ayer los ministros de Medio Ambiente y Fomento. Las marcas, por su<br \/>\nparte, piden 85 millones para alargar el plan Pive6 y evitar que se pare el<br \/>\nmercado.<\/span><\/i><\/p>\n<p class=\"MsoNormal\" style=\"margin-left:14.2pt\"><b><span style=\"color:black\">&#8226;   Cinco D\u00edas <\/span><\/b><span style=\"color:black\">(17\/10\/2014) <a href=\"http:\/\/213.194.150.29\/datos\/tmp-001\/00016513\/20141017_CINCO_DIAS_P3_nico9864.pdf\">El<br \/>\nGobierno desbloquea las ayudas al veh\u00edculo comercial e industrial<\/a> <\/span><\/p>\n<p class=\"MsoNormal\" style=\"margin-left:14.2pt;background-image:initial;background-repeat:initial\"><i><span style=\"color:black\">Los planes PIMA<br \/>\nAire y Transporte de est\u00edmulo a la renovaci\u00f3n del parque de veh\u00edculos<br \/>\ncomerciales e industriales se pondr\u00e1n en marcha en las pr\u00f3ximas semanas seg\u00fan<br \/>\nanunciaron ayer los ministros de Medio Ambiente y Fomento.<\/span><\/i><\/p>\n<div style=\"border-style:none none solid;border-bottom-color:windowtext;border-bottom-width:1pt;padding:0cm 0cm 1pt\">\n<p class=\"MsoNormal\" style=\"border:none;padding:0cm\"><b><span style=\"font-size:12pt;color:black\">Impuesto de matriculaci\u00f3n<\/span><\/b><\/p>\n<\/div>\n<p class=\"MsoNormal\" style=\"margin-left:14.2pt\"><b><span style=\"color:black\">&#8226;   Expansi\u00f3n <\/span><\/b><span style=\"color:black\">(17\/10\/2014) <a href=\"http:\/\/213.194.150.29\/datos\/tmp-001\/00016513\/20141017_EXPANSION_P34_hous1936.pdf\">Hacienda<br \/>\ndeja en el aire modificar el impuesto de matriculaci\u00f3n<\/a> <\/span><\/p>\n<p class=\"MsoNormal\" style=\"margin-left:14.2pt;background-image:initial;background-repeat:initial\"><i><span style=\"color:black\">El ministerio de<br \/>\nHacienda ha decidido paralizar la modificaci\u00f3n del impuesto de matriculaci\u00f3n<br \/>\nhasta que se ponga en marcha un nuevo sistema de financiaci\u00f3n auton\u00f3mica, seg\u00fan<br \/>\nasegur\u00f3 ayer Miguel Ferr\u00e9, secretario de Estado de Hacienda.<\/span><\/i><\/p>\n<p class=\"MsoNormal\" style=\"margin-left:14.2pt\"><b><span style=\"color:black\">&#8226;   Cinco D\u00edas <\/span><\/b><span style=\"color:black\">(17\/10\/2014) <a href=\"http:\/\/213.194.150.29\/datos\/tmp-001\/00016513\/20141017_CINCO_DIAS_P29_nico8361.pdf\">Hacienda<br \/>\nno cambiar\u00e1 el impuesto de matriculaci\u00f3n sin pactarlo con las regiones<\/a> <\/span><\/p>\n<p class=\"MsoNormal\" style=\"margin-left:14.2pt;background-image:initial;background-repeat:initial\"><i><span style=\"color:black\">El ministerio de<br \/>\nHacienda ha decidido paralizar la modificaci\u00f3n del impuesto de matriculaci\u00f3n<br \/>\nhasta que se ponga en marcha un nuevo sistema de financiaci\u00f3n auton\u00f3mica, seg\u00fan<br \/>\nasegur\u00f3 ayer Miguel Ferr\u00e9, secretario de Estado de Hacienda.<\/span><\/i><\/p>\n<p class=\"MsoNormal\" style=\"background:rgb(217,217,217)\"><b><span style=\"font-size:14pt;color:black\">FISCAL<\/span><\/b><span style=\"font-size:14pt;color:black\"><\/span><\/p>\n<div style=\"border-style:none none solid;border-bottom-color:windowtext;border-bottom-width:1pt;padding:0cm 0cm 1pt\">\n<p class=\"MsoNormal\" style=\"border:none;padding:0cm\"><b><span style=\"font-size:12pt;color:black\">XXIV Congreso de la Organizaci\u00f3n de<br \/>\nInspectores de Hacienda<\/span><\/b><\/p>\n<\/div>\n<p class=\"MsoNormal\" style=\"margin-left:14.2pt\"><b><span style=\"color:black\">&#8226;    Expansi\u00f3n <\/span><\/b><span style=\"color:black\">(17\/10\/2014) <a href=\"http:\/\/213.194.150.29\/datos\/tmp-001\/00016513\/20141017_EXPANSION_P34_hous2244.pdf\">El<br \/>\nmapa de la corrupci\u00f3n fiscal espa\u00f1ola<\/a> <\/span><\/p>\n<p class=\"MsoNormal\" style=\"margin-left:14.2pt\"><i><span style=\"color:black\">La Organizaci\u00f3n de Inspectores de Hacienda<br \/>\ndel Estado present\u00f3 ayer el mapa de la corrupci\u00f3n en Espa\u00f1a y detect\u00f3 tres<br \/>\nproblemas a la hora de combatirla: la dificultad de investigaci\u00f3n, la falta de<br \/>\ncondena y la escasa recuperaci\u00f3n del dinero.<\/span><\/i><\/p>\n<p class=\"MsoNormal\" style=\"margin-left:14.2pt\"><b><span style=\"color:black\">&#8226;    Cinco D\u00edas <\/span><\/b><span style=\"color:black\">(17\/10\/2014) <a href=\"http:\/\/213.194.150.29\/datos\/tmp-001\/00016513\/20141017_CINCO_DIAS_P29_nico3011.pdf\">Los<br \/>\ninspectores piden publicar el IRPF de pol\u00edticos y empresarios<\/a> <\/span><\/p>\n<p class=\"MsoNormal\" style=\"margin-left:14.2pt\"><i><span style=\"color:black\">La Organizaci\u00f3n de Inspectores de Hacienda<br \/>\ndel Estado reclam\u00f3 ayer que se publiquen las declaraciones de IRPF de todos los<br \/>\ncontribuyentes, empezando por los datos fiscales de pol\u00edticos y empresarios. El<br \/>\nobjetivo de esta medida es el de reducir el fraude y los delitos fiscales.<\/span><\/i><\/p>\n<p class=\"MsoNormal\" style=\"background:rgb(217,217,217)\"><b><span style=\"font-size:14pt;color:black\">INMOBILIARIO<\/span><\/b><span style=\"font-size:14pt;color:black\"><\/span><\/p>\n<div style=\"border-style:none none solid;border-bottom-color:windowtext;border-bottom-width:1pt;padding:0cm 0cm 1pt\">\n<p class=\"MsoNormal\" style=\"border:none;padding:0cm\"><b><span style=\"font-size:12pt;color:black\">Tendencias del mercado<\/span><\/b><\/p>\n<\/div>\n<p class=\"MsoNormal\" style=\"margin-left:14.2pt\"><b><span style=\"color:black\">&#8226;   El Mundo \/ Su Vivienda <\/span><\/b><span style=\"color:black\">(17\/10\/2014) <a href=\"http:\/\/213.194.150.29\/datos\/tmp-001\/00016514\/20141017_EL_MUNDO_SU_VIVIENDA_P1..3_hous9887.pdf\">La<br \/>\nvivienda usada toma el mando<\/a> <\/span><\/p>\n<p class=\"MsoNormal\" style=\"margin-left:14.2pt\"><i><span style=\"color:black\">Las casas de segunda mano copan el 85% de las<br \/>\ncompraventas. La escasez del cr\u00e9dito y el bajo precio favorecen esta situaci\u00f3n<br \/>\ny los expertos avisan de los riesgos de la decadencia de obra nueva.<\/span><\/i><\/p>\n<p class=\"MsoNormal\" style=\"margin-left:14.2pt\"><b><span style=\"color:black\">&#8226;   El Mundo \/ Su Vivienda <\/span><\/b><span style=\"color:black\">(17\/10\/2014) <a href=\"http:\/\/213.194.150.29\/datos\/tmp-001\/00016514\/20141017_EL_MUNDO_SU_VIVIENDA_P4_hous9951.pdf\">S\u00f3lo<br \/>\nel 3% de las casas de Madrid est\u00e1n en venta<\/a> <\/span><\/p>\n<p class=\"MsoNormal\" style=\"margin-left:14.2pt\"><i><span style=\"color:black\">Del mill\u00f3n y medio de viviendas que hay en<br \/>\nMadrid, s\u00f3lo el 3% est\u00e1n en venta y el 2,3% en alquiler. El stock en la<br \/>\ncomunidad podr\u00eda bajar de las 12.000 unidades en 2015.<\/span><\/i><\/p>\n<p class=\"MsoNormal\" style=\"background:rgb(217,217,217)\"><b><span style=\"font-size:14pt;color:black\">LABORAL<\/span><\/b><span style=\"font-size:14pt;color:black\"><\/span><\/p>\n<div style=\"border-style:none none solid;border-bottom-color:windowtext;border-bottom-width:1pt;padding:0cm 0cm 1pt\">\n<p class=\"MsoNormal\" style=\"border:none;padding:0cm\"><b><span style=\"font-size:12pt;color:black\">Responsabilidad social<\/span><\/b><\/p>\n<\/div>\n<p class=\"MsoNormal\" style=\"margin-left:14.2pt\"><b><span style=\"color:black\">&#8226;   Cinco D\u00edas <\/span><\/b><span style=\"color:black\">(17\/10\/2014) <a href=\"http:\/\/213.194.150.29\/datos\/tmp-001\/00016513\/20141017_CINCO_DIAS_P19_nico4707.pdf\">Responsabilidad<br \/>\nsocial y paro<\/a> <\/span><\/p>\n<p class=\"MsoNormal\" style=\"margin-left:14.2pt\"><i><span style=\"color:black\">Tribuna de Manuel Escudero, director del<br \/>\nCentro Global de Negocios Sostenibles Deusto Business School, en la que<br \/>\nsostiene que el concepto de responsabilidad social empresarial debe evolucionar<br \/>\nhacia acciones colectivas para poder dar respuesta a los grandes retos que ha<br \/>\ntra\u00eddo la crisis, como el desempleo.<\/span><\/i><\/p>\n<div style=\"border-style:none none solid;border-bottom-color:windowtext;border-bottom-width:1pt;padding:0cm 0cm 1pt\">\n<p class=\"MsoNormal\" style=\"border:none;padding:0cm\"><b><span style=\"font-size:12pt;color:black\">Datos del paro<\/span><\/b><\/p>\n<\/div>\n<p class=\"MsoNormal\" style=\"margin-left:14.2pt\"><b><span style=\"color:black\">&#8226;   Cinco D\u00edas <\/span><\/b><span style=\"color:black\">(17\/10\/2014) <a href=\"http:\/\/213.194.150.29\/datos\/tmp-001\/00016513\/20141017_CINCO_DIAS_P28_nico4951.pdf\">El<br \/>\nparo de larga duraci\u00f3n subi\u00f3 el doble en Espa\u00f1a que en la UE<\/a> <\/span><\/p>\n<p class=\"MsoNormal\" style=\"margin-left:14.2pt\"><i><span style=\"color:black\">El ritmo del crecimiento del paro de larga<br \/>\nduraci\u00f3n en Espa\u00f1a duplic\u00f3 al de la Uni\u00f3n Europea entre 2010 y 2013, seg\u00fan<br \/>\ndatos del Instituto de Estudios Econ\u00f3micos.<\/span><\/i><\/p>\n<p class=\"MsoNormal\"><\/p>\n<\/div>\n","protected":false},"excerpt":{"rendered":"<p>17-10-2014<\/p>\n","protected":false},"author":4,"featured_media":0,"comment_status":"closed","ping_status":"closed","sticky":false,"template":"","format":"standard","meta":{"footnotes":""},"categories":[6],"tags":[],"class_list":["post-863","post","type-post","status-publish","format-standard","hentry","category-resumendeprensa"],"_links":{"self":[{"href":"https:\/\/www.gestoresalicante.org\/blog\/index.php\/wp-json\/wp\/v2\/posts\/863","targetHints":{"allow":["GET"]}}],"collection":[{"href":"https:\/\/www.gestoresalicante.org\/blog\/index.php\/wp-json\/wp\/v2\/posts"}],"about":[{"href":"https:\/\/www.gestoresalicante.org\/blog\/index.php\/wp-json\/wp\/v2\/types\/post"}],"author":[{"embeddable":true,"href":"https:\/\/www.gestoresalicante.org\/blog\/index.php\/wp-json\/wp\/v2\/users\/4"}],"replies":[{"embeddable":true,"href":"https:\/\/www.gestoresalicante.org\/blog\/index.php\/wp-json\/wp\/v2\/comments?post=863"}],"version-history":[{"count":0,"href":"https:\/\/www.gestoresalicante.org\/blog\/index.php\/wp-json\/wp\/v2\/posts\/863\/revisions"}],"wp:attachment":[{"href":"https:\/\/www.gestoresalicante.org\/blog\/index.php\/wp-json\/wp\/v2\/media?parent=863"}],"wp:term":[{"taxonomy":"category","embeddable":true,"href":"https:\/\/www.gestoresalicante.org\/blog\/index.php\/wp-json\/wp\/v2\/categories?post=863"},{"taxonomy":"post_tag","embeddable":true,"href":"https:\/\/www.gestoresalicante.org\/blog\/index.php\/wp-json\/wp\/v2\/tags?post=863"}],"curies":[{"name":"wp","href":"https:\/\/api.w.org\/{rel}","templated":true}]}}