{"id":864,"date":"2014-10-20T09:00:00","date_gmt":"2014-10-20T08:00:00","guid":{"rendered":"http:\/\/www.gestoresalicante.org\/blog\/index.php\/2014\/10\/20\/resumen-de-prensa-20-10-2014\/"},"modified":"-0001-11-30T00:00:00","modified_gmt":"-0001-11-29T22:00:00","slug":"resumen-de-prensa-20-10-2014","status":"publish","type":"post","link":"https:\/\/www.gestoresalicante.org\/blog\/index.php\/2014\/10\/20\/resumen-de-prensa-20-10-2014\/","title":{"rendered":"Resumen de Prensa 20-10-2014"},"content":{"rendered":"<div class=\"nboletin\">\n<div style=\"background-color: #CCCCCC;padding: 4px 10px 4px 10px;width: 100%;border: 1px #414141 solid;\"><img decoding=\"async\" alt=\"Consejo de Gestores\" src=\"http:\/\/www.gestoresalicante.org\/img\/newsletter\/conges.jpg\" width=226 height=70><\/div>\n<div style=\"text-align: right;margin: 10px;\"><strong>20-10-2014<\/strong><\/div>\n<div margin-left: 10px;clear: both\">\n<p class=\"MsoNormal\" style=\"background:rgb(217,217,217)\"><b><span style=\"font-size:14pt;color:black\">VEH\u00cdCULOS<\/span><\/b><span style=\"font-size:14pt;color:black\"><\/span><\/p>\n<div style=\"border-style:none none solid;border-bottom-color:windowtext;border-bottom-width:1pt;padding:0cm 0cm 1pt\">\n<p class=\"MsoNormal\" style=\"border:none;padding:0cm\"><b><span style=\"font-size:12pt;color:black\">Coche el\u00e9ctrico<\/span><\/b><\/p>\n<\/div>\n<p class=\"MsoNormal\" style=\"margin-left:14.2pt\"><b><span style=\"color:black\">&#8226;   El Peri\u00f3dico de Catalunya <\/span><\/b><span style=\"color:black\">(19\/10\/2014) <a href=\"http:\/\/213.194.150.29\/datos\/tmp-001\/00016516\/20141019_EL_P_DE_CATALUNA_P26..27_nico3985.pdf\">Las<br \/>\nayudas reactivan el coche el\u00e9ctrico<\/a> <\/span><\/p>\n<p class=\"MsoNormal\" style=\"margin-left:14.2pt\"><i><span style=\"color:black\">Tras la nueva inyecci\u00f3n de ayuda p\u00fablica a<br \/>\nlos coches el\u00e9ctricos, las ventas se han disparado despu\u00e9s de desplomarse en el<br \/>\nprimer semestre. La subvenci\u00f3n por turismo puede alcanzar un m\u00e1ximo de 9.700<br \/>\neuros.<\/span><\/i><\/p>\n<p class=\"MsoNormal\" style=\"background:rgb(217,217,217)\"><b><span style=\"font-size:14pt;color:black\">FISCAL<\/span><\/b><span style=\"font-size:14pt;color:black\"><\/span><\/p>\n<div style=\"border-style:none none solid;border-bottom-color:windowtext;border-bottom-width:1pt;padding:0cm 0cm 1pt\">\n<p class=\"MsoNormal\" style=\"border:none;padding:0cm\"><b><span style=\"font-size:12pt;color:black\">Concurso acreedores Nozar<\/span><\/b><\/p>\n<\/div>\n<p class=\"MsoNormal\" style=\"margin-left:14.2pt\"><b><span style=\"color:black\">&#8226;    Cinco D\u00edas <\/span><\/b><span style=\"color:black\">(20\/10\/2014) <a href=\"http:\/\/213.194.150.29\/datos\/tmp-001\/00016517\/20141020_CINCO_DIAS_P11_nico8133.pdf\">Hacienda<br \/>\n&#8216;regala&#8217; 88 millones a Nozar en una postura in\u00e9dita<\/a> <\/span><\/p>\n<p class=\"MsoNormal\" style=\"margin-left:14.2pt\"><i><span style=\"color:black\">Hacienda, el principal acreedor de Nozar en<br \/>\nel concurso de la promotora con 176 millones, ha aprobado el convenio propuesto<br \/>\npor la inmobiliaria en un movimiento in\u00e9dito de la Agencia Tributaria en los<br \/>\nprocesos concursales.<\/span><\/i><\/p>\n<div style=\"border-style:none none solid;border-bottom-color:windowtext;border-bottom-width:1pt;padding:0cm 0cm 1pt\">\n<p class=\"MsoNormal\" style=\"border:none;padding:0cm\"><b><span style=\"font-size:12pt;color:black\">Planes de pensiones<\/span><\/b><\/p>\n<\/div>\n<p class=\"MsoNormal\" style=\"margin-left:14.2pt\"><b><span style=\"color:black\">&#8226;    Expansi\u00f3n <\/span><\/b><span style=\"color:black\">(20\/10\/2014) <a href=\"http:\/\/213.194.150.29\/datos\/tmp-001\/00016516\/20141020_EXPANSION_P1_hous5544.pdf\">El<br \/>\nGobierno pone punto final a la desgravaci\u00f3n del rescate de planes<\/a> <\/span><\/p>\n<p class=\"MsoNormal\" style=\"margin-left:14.2pt\"><i><span style=\"color:black\">Las gestoras temen que se acelere la salida<br \/>\nde patrimonio de los planes de pensiones con las modificaciones que pone en<br \/>\nmarcha la reforma fiscal relacionadas con las prestaciones a cobrar en forma de<br \/>\ncapital. <\/span><\/i><\/p>\n<div style=\"border-style:none none solid;border-bottom-color:windowtext;border-bottom-width:1pt;padding:0cm 0cm 1pt\">\n<p class=\"MsoNormal\" style=\"border:none;padding:0cm\"><b><span style=\"font-size:12pt;color:black\">Presi\u00f3n fiscal<\/span><\/b><\/p>\n<\/div>\n<p class=\"MsoNormal\" style=\"margin-left:14.2pt\"><b><span style=\"color:black\">&#8226;    Expansi\u00f3n <\/span><\/b><span style=\"color:black\">(20\/10\/2014) <a href=\"http:\/\/213.194.150.29\/datos\/tmp-001\/00016517\/20141020_EXPANSION_P24_hous4152.pdf\">La<br \/>\npresi\u00f3n fiscal crecer\u00e1 medio punto en 2015, al 34,1% del PIB<\/a> <\/span><\/p>\n<p class=\"MsoNormal\" style=\"margin-left:14.2pt\"><i><span style=\"color:black\">En 2015 la presi\u00f3n fiscal que soportar\u00e1n los<br \/>\ncontribuyentes repuntar\u00e1 al 34,1%, medio punto m\u00e1s que este a\u00f1o, a pesar de la<br \/>\nrebaja del IRPF y del Impuesto de Sociedades.<\/span><\/i><\/p>\n<div style=\"border-style:none none solid;border-bottom-color:windowtext;border-bottom-width:1pt;padding:0cm 0cm 1pt\">\n<p class=\"MsoNormal\" style=\"border:none;padding:0cm\"><b><span style=\"font-size:12pt;color:black\">Lucha contra el fraude<\/span><\/b><\/p>\n<\/div>\n<p class=\"MsoNormal\" style=\"margin-left:14.2pt\"><b><span style=\"color:black\">&#8226;    Expansi\u00f3n <\/span><\/b><span style=\"color:black\">(19\/10\/2014) <a href=\"http:\/\/213.194.150.29\/datos\/tmp-001\/00016516\/20141019_EL_MUNDO_MERCADOS_P12_nico5199.pdf\">Bruselas<br \/>\nse pone seria con los impuestos<\/a> <\/span><\/p>\n<p class=\"MsoNormal\" style=\"margin-left:14.2pt\"><i><span style=\"color:black\">La Comisi\u00f3n Europea lanza una ofensiva fiscal<br \/>\ncon el fin de evitar que las grandes empresas, como Google, Facebook o Amazon,<br \/>\npaguen menos en ciertos pa\u00edses de la UE.<\/span><\/i><b><span style=\"color:black\"><\/span><\/b><\/p>\n<p class=\"MsoNormal\" style=\"background:rgb(217,217,217)\"><b><span style=\"font-size:14pt;color:black\">INMOBILIARIO<\/span><\/b><span style=\"font-size:14pt;color:black\"><\/span><\/p>\n<div style=\"border-style:none none solid;border-bottom-color:windowtext;border-bottom-width:1pt;padding:0cm 0cm 1pt\">\n<p class=\"MsoNormal\" style=\"border:none;padding:0cm\"><b><span style=\"font-size:12pt;color:black\">Impuestos ligados a vivienda<\/span><\/b><\/p>\n<\/div>\n<p class=\"MsoNormal\" style=\"margin-left:14.2pt\"><b><span style=\"color:black\">&#8226;   Cinco D\u00edas <\/span><\/b><span style=\"color:black\">(20\/10\/2014) <a href=\"http:\/\/213.194.150.29\/datos\/tmp-001\/00016517\/20141020_CINCO_DIAS_P22..23_nico2366.pdf\">La<br \/>\nrecaudaci\u00f3n de impuestos ligados a la vivienda crece siete a\u00f1os despu\u00e9s<\/a> <\/span><\/p>\n<p class=\"MsoNormal\" style=\"margin-left:14.2pt\"><i><span style=\"color:black\">La recaudaci\u00f3n del impuesto sobre<br \/>\ntransmisiones patrimoniales y actos jur\u00eddicos documentados alcanz\u00f3 entre enero<br \/>\ny julia los 3.479 millones, un 5,9% m\u00e1s que en el ejercicio anterior.<\/span><\/i><\/p>\n<p class=\"MsoNormal\" style=\"margin-left:14.2pt\"><b><span style=\"color:black\">&#8226;   Cinco D\u00edas <\/span><\/b><span style=\"color:black\">(20\/10\/2014) <a href=\"http:\/\/213.194.150.29\/datos\/tmp-001\/00016517\/20141020_CINCO_DIAS_P14_nico3791.pdf\">Un<br \/>\nsector inmobiliario que despierta<\/a> <\/span><\/p>\n<p class=\"MsoNormal\" style=\"margin-left:14.2pt\"><i><span style=\"color:black\">Editorial sobre los s\u00edntomas de mejora del<br \/>\nmercado inmobiliario, desde la evoluci\u00f3n de los precios hasta el repunte de la<br \/>\nrecaudaci\u00f3n de impuestos ligados a la vivienda.<\/span><\/i><\/p>\n<p class=\"MsoNormal\" style=\"background:rgb(217,217,217)\"><b><span style=\"font-size:14pt;color:black\">LABORAL<\/span><\/b><span style=\"font-size:14pt;color:black\"><\/span><\/p>\n<div style=\"border-style:none none solid;border-bottom-color:windowtext;border-bottom-width:1pt;padding:0cm 0cm 1pt\">\n<p class=\"MsoNormal\" style=\"border:none;padding:0cm\"><b><span style=\"font-size:12pt;color:black\">Informe &#8216;Pobreza y trabajadores pobres en Espa\u00f1a&#8217;<\/span><\/b><\/p>\n<\/div>\n<p class=\"MsoNormal\" style=\"margin-left:14.2pt\"><b><span style=\"color:black\">&#8226;   El Mundo <\/span><\/b><span style=\"color:black\">(20\/10\/2014)<br \/>\n<a href=\"http:\/\/213.194.150.29\/datos\/tmp-001\/00016517\/20141020_EL_MUNDO-_P38_hous6788.pdf\">El<br \/>\ntrabajo ya no evita ser pobre<\/a> <\/span><\/p>\n<p class=\"MsoNormal\" style=\"margin-left:14.2pt\"><i><span style=\"color:black\">El informe &#8216;Pobreza y trabajadores pobres en<br \/>\nEspa\u00f1a&#8217;, elaborado por la Fundaci\u00f3n 1\u00ba de Mayo, afirma que el volumen de<br \/>\npersonas que vive en una situaci\u00f3n de pobreza en Espa\u00f1a se ha incrementado<br \/>\nentre 2009 y 2012 a un mayor ritmo que en el resto de la UE y que los<br \/>\ntrabajadores espa\u00f1oles figuran entre los m\u00e1s pobres.<\/span><\/i><\/p>\n<\/div>\n","protected":false},"excerpt":{"rendered":"<p>20-10-2014<\/p>\n","protected":false},"author":4,"featured_media":0,"comment_status":"closed","ping_status":"closed","sticky":false,"template":"","format":"standard","meta":{"footnotes":""},"categories":[6],"tags":[],"class_list":["post-864","post","type-post","status-publish","format-standard","hentry","category-resumendeprensa"],"_links":{"self":[{"href":"https:\/\/www.gestoresalicante.org\/blog\/index.php\/wp-json\/wp\/v2\/posts\/864","targetHints":{"allow":["GET"]}}],"collection":[{"href":"https:\/\/www.gestoresalicante.org\/blog\/index.php\/wp-json\/wp\/v2\/posts"}],"about":[{"href":"https:\/\/www.gestoresalicante.org\/blog\/index.php\/wp-json\/wp\/v2\/types\/post"}],"author":[{"embeddable":true,"href":"https:\/\/www.gestoresalicante.org\/blog\/index.php\/wp-json\/wp\/v2\/users\/4"}],"replies":[{"embeddable":true,"href":"https:\/\/www.gestoresalicante.org\/blog\/index.php\/wp-json\/wp\/v2\/comments?post=864"}],"version-history":[{"count":0,"href":"https:\/\/www.gestoresalicante.org\/blog\/index.php\/wp-json\/wp\/v2\/posts\/864\/revisions"}],"wp:attachment":[{"href":"https:\/\/www.gestoresalicante.org\/blog\/index.php\/wp-json\/wp\/v2\/media?parent=864"}],"wp:term":[{"taxonomy":"category","embeddable":true,"href":"https:\/\/www.gestoresalicante.org\/blog\/index.php\/wp-json\/wp\/v2\/categories?post=864"},{"taxonomy":"post_tag","embeddable":true,"href":"https:\/\/www.gestoresalicante.org\/blog\/index.php\/wp-json\/wp\/v2\/tags?post=864"}],"curies":[{"name":"wp","href":"https:\/\/api.w.org\/{rel}","templated":true}]}}